{"id":222519,"date":"2026-02-23T06:51:52","date_gmt":"2026-02-23T09:51:52","guid":{"rendered":"https:\/\/portaltela.pt\/noticias\/2026\/02\/23\/campanha-alerta-para-o-perigo-de-usar-telemovel-ao-volante\/"},"modified":"2026-02-23T06:51:52","modified_gmt":"2026-02-23T09:51:52","slug":"campanha-alerta-para-o-perigo-de-usar-telemovel-ao-volante","status":"publish","type":"post","link":"https:\/\/portaltela.pt\/noticias\/2026\/02\/23\/campanha-alerta-para-o-perigo-de-usar-telemovel-ao-volante\/","title":{"rendered":"Campanha alerta para o perigo de usar telem\u00f3vel ao volante"},"content":{"rendered":"<p>A Autoridade Nacional de Seguran\u00e7a Rodovi\u00e1ria (ANSR), a GNR e a PSP anunciaram uma campanha para alertar os condutores sobre os riscos de usar o telem\u00f3vel durante a condu\u00e7\u00e3o. O lan\u00e7amento ocorreu na ter\u00e7a-feira e abrange os distritos de Braga, Santar\u00e9m e Aveiro.<\/p>\n<p>A campanha, denominada Ligue-se \u00e0 vida, n\u00e3o ao telem\u00f3vel, decorre at\u00e9 2 de mar\u00e7o e inclui a\u00e7\u00f5es de sensibiliza\u00e7\u00e3o e opera\u00e7\u00f5es de fiscaliza\u00e7\u00e3o. As tr\u00eas entidades destacam que o uso do telem\u00f3vel multiplica por quatro o risco de acidente.<\/p>\n<p>Segundo as autoridades, a distra\u00e7\u00e3o aumenta o tempo de rea\u00e7\u00e3o em situa\u00e7\u00f5es imprevistas, superior ao efeito de uma taxa de \u00e1lcool no sangue de 0,8 g\/l. O custo humano e social \u00e9 enfatizado pela campanha.<\/p>\n<p>A 50 km\/h, desviar o olhar para o telem\u00f3vel durante tr\u00eas segundos permite percorrer cerca de 42 metros sem ver a estrada, o equivalente ao comprimento de uma fila de 10 autom\u00f3veis. Este dado ilustra a gravidade da distra\u00e7\u00e3o.<\/p>\n<p>Entre 1 de janeiro de 2023 e 31 de dezembro de 2025, a distra\u00e7\u00e3o ao volante \u2014 incluindo o uso do telem\u00f3vel \u2014 esteve na origem de 12 215 acidentes em que pelo menos um condutor circulava distra\u00eddo.<\/p>\n<p>As penaliza\u00e7\u00f5es previstas pela lei incluem coimas entre 250 e 1 250 euros, perda de tr\u00eas pontos na carta de condu\u00e7\u00e3o e a inibi\u00e7\u00e3o de conduzir por um per\u00edodo entre um a 12 meses.<\/p>\n","protected":false},"excerpt":{"rendered":"<ul>\n<li>A ANSR, a GNR e a PSP lan\u00e7am, na ter\u00e7a-feira, nos distritos de Braga, Santar\u00e9m e Aveiro, uma campanha de sensibiliza\u00e7\u00e3o sobre o perigo de usar o telem\u00f3vel ao volante, que se prolonga at\u00e9 2 de mar\u00e7o.<\/li>\n<li>A iniciativa \u201cLigue-se \u00e0 vida, n\u00e3o ao telem\u00f3vel\u201d junta a\u00e7\u00f5es de sensibiliza\u00e7\u00e3o e opera\u00e7\u00f5es de fiscaliza\u00e7\u00e3o.<\/li>\n<li>O uso do telem\u00f3vel durante a condu\u00e7\u00e3o aumenta o risco de acidente em quatro vezes e retarda a rea\u00e7\u00e3o mais do que uma taxa de \u00e1lcool no sangue de 0,8 g\/l.<\/li>\n<li>A 50 km\/h, desviar o olhar para o telem\u00f3vel durante tr\u00eas segundos faz percorrer cerca de 42 metros sem ver a estrada, o que equivale ao comprimento de uma fila de 10 carros.<\/li>\n<li>Entre 01 de janeiro de 2023 e 31 de dezembro de 2025, a distra\u00e7\u00e3o ao volante esteve na origem de 12.215 acidentes; as penaliza\u00e7\u00f5es incluem coima de 250 a 1.250 euros, perda de tr\u00eas pontos na carta e inibi\u00e7\u00e3o de conduzir entre um a 12 meses.<\/li>\n<\/ul>\n","protected":false},"author":2,"featured_media":222525,"comment_status":"closed","ping_status":"closed","sticky":false,"template":"","format":"standard","meta":{"footnotes":""},"categories":[1],"tags":[1059,1207,1124,898,1629,2267],"class_list":["post-222519","post","type-post","status-publish","format-standard","has-post-thumbnail","hentry","category-noticias","tag-aveiro","tag-braga","tag-infracoes-de-transito","tag-santarem","tag-transito","tag-uso-de-telemovel"],"yoast_head":"<!-- This site is optimized with the Yoast SEO plugin v27.2 - https:\/\/yoast.com\/product\/yoast-seo-wordpress\/ -->\n<title>Campanha alerta para o perigo de usar telem\u00f3vel ao volante - Portal Tela Portugal<\/title>\n<meta name=\"robots\" content=\"index, follow, max-snippet:-1, max-image-preview:large, max-video-preview:-1\" \/>\n<meta property=\"og:locale\" content=\"pt_PT\" \/>\n<meta property=\"og:type\" content=\"article\" \/>\n<meta property=\"og:title\" content=\"Campanha alerta para o perigo de usar telem\u00f3vel ao volante - Portal Tela Portugal\" \/>\n<meta property=\"og:description\" content=\"A ANSR, a GNR e a PSP lan\u00e7am, na ter\u00e7a-feira, nos distritos de Braga, Santar\u00e9m e Aveiro, uma campanha de sensibiliza\u00e7\u00e3o sobre o perigo de usar o telem\u00f3vel ao volante, que se prolonga at\u00e9 2 de mar\u00e7o. A iniciativa \u201cLigue-se \u00e0 vida, n\u00e3o ao telem\u00f3vel\u201d junta a\u00e7\u00f5es de sensibiliza\u00e7\u00e3o e opera\u00e7\u00f5es de fiscaliza\u00e7\u00e3o. O uso do telem\u00f3vel durante a condu\u00e7\u00e3o aumenta o risco de acidente em quatro vezes e retarda a rea\u00e7\u00e3o mais do que uma taxa de \u00e1lcool no sangue de 0,8 g\/l. A 50 km\/h, desviar o olhar para o telem\u00f3vel durante tr\u00eas segundos faz percorrer cerca de 42 metros sem ver a estrada, o que equivale ao comprimento de uma fila de 10 carros. Entre 01 de janeiro de 2023 e 31 de dezembro de 2025, a distra\u00e7\u00e3o ao volante esteve na origem de 12.215 acidentes; as penaliza\u00e7\u00f5es incluem coima de 250 a 1.250 euros, perda de tr\u00eas pontos na carta e inibi\u00e7\u00e3o de conduzir entre um a 12 meses.\" \/>\n<meta property=\"og:url\" content=\"https:\/\/portaltela.pt\/noticias\/2026\/02\/23\/campanha-alerta-para-o-perigo-de-usar-telemovel-ao-volante\/\" \/>\n<meta property=\"og:site_name\" content=\"Portal Tela Portugal\" \/>\n<meta property=\"article:published_time\" content=\"2026-02-23T09:51:52+00:00\" \/>\n<meta name=\"author\" content=\"Telinha\" \/>\n<meta name=\"twitter:card\" content=\"summary_large_image\" \/>\n<meta name=\"twitter:label1\" content=\"Escrito por\" \/>\n\t<meta name=\"twitter:data1\" content=\"Telinha\" \/>\n\t<meta name=\"twitter:label2\" content=\"Tempo estimado de leitura\" \/>\n\t<meta name=\"twitter:data2\" content=\"1 minuto\" \/>\n<script type=\"application\/ld+json\" class=\"yoast-schema-graph\">{\"@context\":\"https:\/\/schema.org\",\"@graph\":[{\"@type\":\"Article\",\"@id\":\"https:\/\/portaltela.pt\/noticias\/2026\/02\/23\/campanha-alerta-para-o-perigo-de-usar-telemovel-ao-volante\/#article\",\"isPartOf\":{\"@id\":\"https:\/\/portaltela.pt\/noticias\/2026\/02\/23\/campanha-alerta-para-o-perigo-de-usar-telemovel-ao-volante\/\"},\"author\":{\"name\":\"Telinha\",\"@id\":\"https:\/\/portaltela.pt\/#\/schema\/person\/c4278d4a6028830caff9ee44b42d32ed\"},\"headline\":\"Campanha alerta para o perigo de usar telem\u00f3vel ao volante\",\"datePublished\":\"2026-02-23T09:51:52+00:00\",\"mainEntityOfPage\":{\"@id\":\"https:\/\/portaltela.pt\/noticias\/2026\/02\/23\/campanha-alerta-para-o-perigo-de-usar-telemovel-ao-volante\/\"},\"wordCount\":253,\"image\":{\"@id\":\"https:\/\/portaltela.pt\/noticias\/2026\/02\/23\/campanha-alerta-para-o-perigo-de-usar-telemovel-ao-volante\/#primaryimage\"},\"thumbnailUrl\":\"https:\/\/portaltela.pt\/s.01k8rhncp4jt1\/2026\/02\/img_1280x721uu2022-10-02-19-52-08-1189595.jpg\",\"keywords\":[\"Aveiro\",\"Braga\",\"infra\u00e7\u00f5es de tr\u00e2nsito\",\"Santar\u00e9m\",\"tr\u00e2nsito\",\"uso de telem\u00f3vel\"],\"articleSection\":[\"Not\u00edcias\"],\"inLanguage\":\"pt-PT\"},{\"@type\":\"WebPage\",\"@id\":\"https:\/\/portaltela.pt\/noticias\/2026\/02\/23\/campanha-alerta-para-o-perigo-de-usar-telemovel-ao-volante\/\",\"url\":\"https:\/\/portaltela.pt\/noticias\/2026\/02\/23\/campanha-alerta-para-o-perigo-de-usar-telemovel-ao-volante\/\",\"name\":\"Campanha alerta para o perigo de usar telem\u00f3vel ao volante - Portal Tela Portugal\",\"isPartOf\":{\"@id\":\"https:\/\/portaltela.pt\/#website\"},\"primaryImageOfPage\":{\"@id\":\"https:\/\/portaltela.pt\/noticias\/2026\/02\/23\/campanha-alerta-para-o-perigo-de-usar-telemovel-ao-volante\/#primaryimage\"},\"image\":{\"@id\":\"https:\/\/portaltela.pt\/noticias\/2026\/02\/23\/campanha-alerta-para-o-perigo-de-usar-telemovel-ao-volante\/#primaryimage\"},\"thumbnailUrl\":\"https:\/\/portaltela.pt\/s.01k8rhncp4jt1\/2026\/02\/img_1280x721uu2022-10-02-19-52-08-1189595.jpg\",\"datePublished\":\"2026-02-23T09:51:52+00:00\",\"author\":{\"@id\":\"https:\/\/portaltela.pt\/#\/schema\/person\/c4278d4a6028830caff9ee44b42d32ed\"},\"breadcrumb\":{\"@id\":\"https:\/\/portaltela.pt\/noticias\/2026\/02\/23\/campanha-alerta-para-o-perigo-de-usar-telemovel-ao-volante\/#breadcrumb\"},\"inLanguage\":\"pt-PT\",\"potentialAction\":[{\"@type\":\"ReadAction\",\"target\":[\"https:\/\/portaltela.pt\/noticias\/2026\/02\/23\/campanha-alerta-para-o-perigo-de-usar-telemovel-ao-volante\/\"]}]},{\"@type\":\"ImageObject\",\"inLanguage\":\"pt-PT\",\"@id\":\"https:\/\/portaltela.pt\/noticias\/2026\/02\/23\/campanha-alerta-para-o-perigo-de-usar-telemovel-ao-volante\/#primaryimage\",\"url\":\"https:\/\/portaltela.pt\/s.01k8rhncp4jt1\/2026\/02\/img_1280x721uu2022-10-02-19-52-08-1189595.jpg\",\"contentUrl\":\"https:\/\/portaltela.pt\/s.01k8rhncp4jt1\/2026\/02\/img_1280x721uu2022-10-02-19-52-08-1189595.jpg\",\"width\":796,\"height\":448,\"caption\":\"Campanha de seguran\u00e7a rodovi\u00e1ria vai prolongar-se at\u00e9 2 de mar\u00e7o\"},{\"@type\":\"BreadcrumbList\",\"@id\":\"https:\/\/portaltela.pt\/noticias\/2026\/02\/23\/campanha-alerta-para-o-perigo-de-usar-telemovel-ao-volante\/#breadcrumb\",\"itemListElement\":[{\"@type\":\"ListItem\",\"position\":1,\"name\":\"In\u00edcio\",\"item\":\"https:\/\/portaltela.pt\/\"},{\"@type\":\"ListItem\",\"position\":2,\"name\":\"Campanha alerta para o perigo de usar telem\u00f3vel ao volante\"}]},{\"@type\":\"WebSite\",\"@id\":\"https:\/\/portaltela.pt\/#website\",\"url\":\"https:\/\/portaltela.pt\/\",\"name\":\"Portal Tela Portugal\",\"description\":\"\",\"potentialAction\":[{\"@type\":\"SearchAction\",\"target\":{\"@type\":\"EntryPoint\",\"urlTemplate\":\"https:\/\/portaltela.pt\/?s={search_term_string}\"},\"query-input\":{\"@type\":\"PropertyValueSpecification\",\"valueRequired\":true,\"valueName\":\"search_term_string\"}}],\"inLanguage\":\"pt-PT\"},{\"@type\":\"Person\",\"@id\":\"https:\/\/portaltela.pt\/#\/schema\/person\/c4278d4a6028830caff9ee44b42d32ed\",\"name\":\"Telinha\",\"image\":{\"@type\":\"ImageObject\",\"inLanguage\":\"pt-PT\",\"@id\":\"https:\/\/portaltela.pt\/s.01k8rhncp4jt1\/2025\/11\/talking-bot-125x125.png\",\"url\":\"https:\/\/portaltela.pt\/s.01k8rhncp4jt1\/2025\/11\/talking-bot-125x125.png\",\"contentUrl\":\"https:\/\/portaltela.pt\/s.01k8rhncp4jt1\/2025\/11\/talking-bot-125x125.png\",\"caption\":\"Telinha\"},\"sameAs\":[\"https:\/\/portaltela.pt\/\"],\"url\":\"https:\/\/portaltela.pt\/por\/367410592786\/\"}]}<\/script>\n<!-- \/ Yoast SEO plugin. -->","yoast_head_json":{"title":"Campanha alerta para o perigo de usar telem\u00f3vel ao volante - Portal Tela Portugal","robots":{"index":"index","follow":"follow","max-snippet":"max-snippet:-1","max-image-preview":"max-image-preview:large","max-video-preview":"max-video-preview:-1"},"og_locale":"pt_PT","og_type":"article","og_title":"Campanha alerta para o perigo de usar telem\u00f3vel ao volante - Portal Tela Portugal","og_description":"A ANSR, a GNR e a PSP lan\u00e7am, na ter\u00e7a-feira, nos distritos de Braga, Santar\u00e9m e Aveiro, uma campanha de sensibiliza\u00e7\u00e3o sobre o perigo de usar o telem\u00f3vel ao volante, que se prolonga at\u00e9 2 de mar\u00e7o. A iniciativa \u201cLigue-se \u00e0 vida, n\u00e3o ao telem\u00f3vel\u201d junta a\u00e7\u00f5es de sensibiliza\u00e7\u00e3o e opera\u00e7\u00f5es de fiscaliza\u00e7\u00e3o. O uso do telem\u00f3vel durante a condu\u00e7\u00e3o aumenta o risco de acidente em quatro vezes e retarda a rea\u00e7\u00e3o mais do que uma taxa de \u00e1lcool no sangue de 0,8 g\/l. A 50 km\/h, desviar o olhar para o telem\u00f3vel durante tr\u00eas segundos faz percorrer cerca de 42 metros sem ver a estrada, o que equivale ao comprimento de uma fila de 10 carros. Entre 01 de janeiro de 2023 e 31 de dezembro de 2025, a distra\u00e7\u00e3o ao volante esteve na origem de 12.215 acidentes; as penaliza\u00e7\u00f5es incluem coima de 250 a 1.250 euros, perda de tr\u00eas pontos na carta e inibi\u00e7\u00e3o de conduzir entre um a 12 meses.","og_url":"https:\/\/portaltela.pt\/noticias\/2026\/02\/23\/campanha-alerta-para-o-perigo-de-usar-telemovel-ao-volante\/","og_site_name":"Portal Tela Portugal","article_published_time":"2026-02-23T09:51:52+00:00","author":"Telinha","twitter_card":"summary_large_image","twitter_misc":{"Escrito por":"Telinha","Tempo estimado de leitura":"1 minuto"},"schema":{"@context":"https:\/\/schema.org","@graph":[{"@type":"Article","@id":"https:\/\/portaltela.pt\/noticias\/2026\/02\/23\/campanha-alerta-para-o-perigo-de-usar-telemovel-ao-volante\/#article","isPartOf":{"@id":"https:\/\/portaltela.pt\/noticias\/2026\/02\/23\/campanha-alerta-para-o-perigo-de-usar-telemovel-ao-volante\/"},"author":{"name":"Telinha","@id":"https:\/\/portaltela.pt\/#\/schema\/person\/c4278d4a6028830caff9ee44b42d32ed"},"headline":"Campanha alerta para o perigo de usar telem\u00f3vel ao volante","datePublished":"2026-02-23T09:51:52+00:00","mainEntityOfPage":{"@id":"https:\/\/portaltela.pt\/noticias\/2026\/02\/23\/campanha-alerta-para-o-perigo-de-usar-telemovel-ao-volante\/"},"wordCount":253,"image":{"@id":"https:\/\/portaltela.pt\/noticias\/2026\/02\/23\/campanha-alerta-para-o-perigo-de-usar-telemovel-ao-volante\/#primaryimage"},"thumbnailUrl":"https:\/\/portaltela.pt\/s.01k8rhncp4jt1\/2026\/02\/img_1280x721uu2022-10-02-19-52-08-1189595.jpg","keywords":["Aveiro","Braga","infra\u00e7\u00f5es de tr\u00e2nsito","Santar\u00e9m","tr\u00e2nsito","uso de telem\u00f3vel"],"articleSection":["Not\u00edcias"],"inLanguage":"pt-PT"},{"@type":"WebPage","@id":"https:\/\/portaltela.pt\/noticias\/2026\/02\/23\/campanha-alerta-para-o-perigo-de-usar-telemovel-ao-volante\/","url":"https:\/\/portaltela.pt\/noticias\/2026\/02\/23\/campanha-alerta-para-o-perigo-de-usar-telemovel-ao-volante\/","name":"Campanha alerta para o perigo de usar telem\u00f3vel ao volante - Portal Tela Portugal","isPartOf":{"@id":"https:\/\/portaltela.pt\/#website"},"primaryImageOfPage":{"@id":"https:\/\/portaltela.pt\/noticias\/2026\/02\/23\/campanha-alerta-para-o-perigo-de-usar-telemovel-ao-volante\/#primaryimage"},"image":{"@id":"https:\/\/portaltela.pt\/noticias\/2026\/02\/23\/campanha-alerta-para-o-perigo-de-usar-telemovel-ao-volante\/#primaryimage"},"thumbnailUrl":"https:\/\/portaltela.pt\/s.01k8rhncp4jt1\/2026\/02\/img_1280x721uu2022-10-02-19-52-08-1189595.jpg","datePublished":"2026-02-23T09:51:52+00:00","author":{"@id":"https:\/\/portaltela.pt\/#\/schema\/person\/c4278d4a6028830caff9ee44b42d32ed"},"breadcrumb":{"@id":"https:\/\/portaltela.pt\/noticias\/2026\/02\/23\/campanha-alerta-para-o-perigo-de-usar-telemovel-ao-volante\/#breadcrumb"},"inLanguage":"pt-PT","potentialAction":[{"@type":"ReadAction","target":["https:\/\/portaltela.pt\/noticias\/2026\/02\/23\/campanha-alerta-para-o-perigo-de-usar-telemovel-ao-volante\/"]}]},{"@type":"ImageObject","inLanguage":"pt-PT","@id":"https:\/\/portaltela.pt\/noticias\/2026\/02\/23\/campanha-alerta-para-o-perigo-de-usar-telemovel-ao-volante\/#primaryimage","url":"https:\/\/portaltela.pt\/s.01k8rhncp4jt1\/2026\/02\/img_1280x721uu2022-10-02-19-52-08-1189595.jpg","contentUrl":"https:\/\/portaltela.pt\/s.01k8rhncp4jt1\/2026\/02\/img_1280x721uu2022-10-02-19-52-08-1189595.jpg","width":796,"height":448,"caption":"Campanha de seguran\u00e7a rodovi\u00e1ria vai prolongar-se at\u00e9 2 de mar\u00e7o"},{"@type":"BreadcrumbList","@id":"https:\/\/portaltela.pt\/noticias\/2026\/02\/23\/campanha-alerta-para-o-perigo-de-usar-telemovel-ao-volante\/#breadcrumb","itemListElement":[{"@type":"ListItem","position":1,"name":"In\u00edcio","item":"https:\/\/portaltela.pt\/"},{"@type":"ListItem","position":2,"name":"Campanha alerta para o perigo de usar telem\u00f3vel ao volante"}]},{"@type":"WebSite","@id":"https:\/\/portaltela.pt\/#website","url":"https:\/\/portaltela.pt\/","name":"Portal Tela Portugal","description":"","potentialAction":[{"@type":"SearchAction","target":{"@type":"EntryPoint","urlTemplate":"https:\/\/portaltela.pt\/?s={search_term_string}"},"query-input":{"@type":"PropertyValueSpecification","valueRequired":true,"valueName":"search_term_string"}}],"inLanguage":"pt-PT"},{"@type":"Person","@id":"https:\/\/portaltela.pt\/#\/schema\/person\/c4278d4a6028830caff9ee44b42d32ed","name":"Telinha","image":{"@type":"ImageObject","inLanguage":"pt-PT","@id":"https:\/\/portaltela.pt\/s.01k8rhncp4jt1\/2025\/11\/talking-bot-125x125.png","url":"https:\/\/portaltela.pt\/s.01k8rhncp4jt1\/2025\/11\/talking-bot-125x125.png","contentUrl":"https:\/\/portaltela.pt\/s.01k8rhncp4jt1\/2025\/11\/talking-bot-125x125.png","caption":"Telinha"},"sameAs":["https:\/\/portaltela.pt\/"],"url":"https:\/\/portaltela.pt\/por\/367410592786\/"}]}},"_links":{"self":[{"href":"https:\/\/portaltela.pt\/api\/wp\/v2\/posts\/222519","targetHints":{"allow":["GET"]}}],"collection":[{"href":"https:\/\/portaltela.pt\/api\/wp\/v2\/posts"}],"about":[{"href":"https:\/\/portaltela.pt\/api\/wp\/v2\/types\/post"}],"author":[{"embeddable":true,"href":"https:\/\/portaltela.pt\/api\/wp\/v2\/users\/2"}],"replies":[{"embeddable":true,"href":"https:\/\/portaltela.pt\/api\/wp\/v2\/comments?post=222519"}],"version-history":[{"count":0,"href":"https:\/\/portaltela.pt\/api\/wp\/v2\/posts\/222519\/revisions"}],"wp:featuredmedia":[{"embeddable":true,"href":"https:\/\/portaltela.pt\/api\/wp\/v2\/media\/222525"}],"wp:attachment":[{"href":"https:\/\/portaltela.pt\/api\/wp\/v2\/media?parent=222519"}],"wp:term":[{"taxonomy":"category","embeddable":true,"href":"https:\/\/portaltela.pt\/api\/wp\/v2\/categories?post=222519"},{"taxonomy":"post_tag","embeddable":true,"href":"https:\/\/portaltela.pt\/api\/wp\/v2\/tags?post=222519"}],"curies":[{"name":"wp","href":"https:\/\/api.w.org\/{rel}","templated":true}]}}