{"id":222518,"date":"2026-02-23T06:55:00","date_gmt":"2026-02-23T09:55:00","guid":{"rendered":"https:\/\/portaltela.pt\/noticias\/2026\/02\/23\/diversas-linhas-ferroviarias-com-constrangimentos-devido-ao-mau-tempo\/"},"modified":"2026-02-23T06:55:00","modified_gmt":"2026-02-23T09:55:00","slug":"diversas-linhas-ferroviarias-com-constrangimentos-devido-ao-mau-tempo","status":"publish","type":"post","link":"https:\/\/portaltela.pt\/noticias\/2026\/02\/23\/diversas-linhas-ferroviarias-com-constrangimentos-devido-ao-mau-tempo\/","title":{"rendered":"Diversas linhas ferrovi\u00e1rias com constrangimentos devido ao mau tempo"},"content":{"rendered":"<p>V\u00e1rias linhas ferrovi\u00e1rias em Portugal continuam com constrangimentos ou suspensas quase um m\u00eas ap\u00f3s a passagem da tempestade Kristin. A situa\u00e7\u00e3o afeta a Beira Baixa, o Douro, o Oeste e os Urbanos de Coimbra. O mau tempo persiste de forma a comprometer a circula\u00e7\u00e3o e servi\u00e7os.<\/p>\n<h3>Atualiza\u00e7\u00e3o ferrovi\u00e1ria<\/h3>\n<p>A CP &#8211; Comboios de Portugal informou, via Facebook, que a Linha da Beira Baixa mant\u00e9m a circula\u00e7\u00e3o suspensa em grande parte do tra\u00e7ado. Apenas comboios Regionais ligam Castelo Branco a Guarda e Entroncamento a Abrantes.<\/p>\n<p>Os servi\u00e7os tamb\u00e9m permanecem interditos no Douro, entre R\u00e9gua e Pocinho, e na Linha do Oeste, segundo a CP. Os Urbanos de Coimbra circulam apenas entre Coimbra-B, Alfarelos e Coimbra-B.<\/p>\n<p>Mortes e consequ\u00eancias<\/p>\n<p>As autoridades indicam 18 \u00f3bitos em Portugal devido \u00e0s depress\u00f5es Kristin, Leonardo e Marta, registadas entre 28 de janeiro. O temporal provocou feridos, desalojados e danos generalizados.<\/p>\n<p>Impacto e \u00e1reas mais afetadas<\/p>\n<p>As regi\u00f5es Centro, Lisboa e Vale do Tejo e Alentejo foram as mais atingidas. Destrui\u00e7\u00e3o de habita\u00e7\u00f5es, bens empresariais e infraestruturas, cortes de energia, \u00e1gua e comunica\u00e7\u00f5es, e inunda\u00e7\u00f5es foram registados.<\/p>\n","protected":false},"excerpt":{"rendered":"<ul>\n<li>A CP informou que, devido ao mau tempo, a circula\u00e7\u00e3o continua suspensa na Linha da Beira Baixa, mantendo apenas comboios regionais entre Castelo Branco e Guarda e entre Entroncamento e Abrantes.<\/li>\n<li>A circula\u00e7\u00e3o est\u00e1 tamb\u00e9m suspensa na Linha do Douro, entre R\u00e9gua e Pocinho.<\/li>\n<li>A Linha Oeste permanece interrompida.<\/li>\n<li>Os Urbanos de Coimbra est\u00e3o a circular apenas no tra\u00e7ado Coimbra-B \u2013 Alfarelos \u2013 Coimbra-B.<\/li>\n<li>No total, j\u00e1 morreram 18 pessoas em Portugal devido \u00e0s depress\u00f5es Kristin, Leonardo e Marta, com centenas de feridos e desalojados e impactos materiais significativos no Centro, Lisboa e Vale do Tejo e no Alentejo.<\/li>\n<\/ul>\n","protected":false},"author":2,"featured_media":222524,"comment_status":"closed","ping_status":"closed","sticky":false,"template":"","format":"standard","meta":{"footnotes":""},"categories":[1],"tags":[3812,5215,3004,2843,2293,192],"class_list":["post-222518","post","type-post","status-publish","format-standard","has-post-thumbnail","hentry","category-noticias","tag-alagamentos","tag-catastrofes-naturais","tag-desalojados","tag-desalojamentos","tag-inundacoes","tag-transporte"],"yoast_head":"<!-- This site is optimized with the Yoast SEO plugin v27.2 - https:\/\/yoast.com\/product\/yoast-seo-wordpress\/ -->\n<title>Diversas linhas ferrovi\u00e1rias com constrangimentos devido ao mau tempo - Portal Tela Portugal<\/title>\n<meta name=\"robots\" content=\"index, follow, max-snippet:-1, max-image-preview:large, max-video-preview:-1\" \/>\n<meta property=\"og:locale\" content=\"pt_PT\" \/>\n<meta property=\"og:type\" content=\"article\" \/>\n<meta property=\"og:title\" content=\"Diversas linhas ferrovi\u00e1rias com constrangimentos devido ao mau tempo - Portal Tela Portugal\" \/>\n<meta property=\"og:description\" content=\"A CP informou que, devido ao mau tempo, a circula\u00e7\u00e3o continua suspensa na Linha da Beira Baixa, mantendo apenas comboios regionais entre Castelo Branco e Guarda e entre Entroncamento e Abrantes. A circula\u00e7\u00e3o est\u00e1 tamb\u00e9m suspensa na Linha do Douro, entre R\u00e9gua e Pocinho. A Linha Oeste permanece interrompida. Os Urbanos de Coimbra est\u00e3o a circular apenas no tra\u00e7ado Coimbra-B \u2013 Alfarelos \u2013 Coimbra-B. No total, j\u00e1 morreram 18 pessoas em Portugal devido \u00e0s depress\u00f5es Kristin, Leonardo e Marta, com centenas de feridos e desalojados e impactos materiais significativos no Centro, Lisboa e Vale do Tejo e no Alentejo.\" \/>\n<meta property=\"og:url\" content=\"https:\/\/portaltela.pt\/noticias\/2026\/02\/23\/diversas-linhas-ferroviarias-com-constrangimentos-devido-ao-mau-tempo\/\" \/>\n<meta property=\"og:site_name\" content=\"Portal Tela Portugal\" \/>\n<meta property=\"article:published_time\" content=\"2026-02-23T09:55:00+00:00\" \/>\n<meta name=\"author\" content=\"Telinha\" \/>\n<meta name=\"twitter:card\" content=\"summary_large_image\" \/>\n<meta name=\"twitter:label1\" content=\"Escrito por\" \/>\n\t<meta name=\"twitter:data1\" content=\"Telinha\" \/>\n\t<meta name=\"twitter:label2\" content=\"Tempo estimado de leitura\" \/>\n\t<meta name=\"twitter:data2\" content=\"1 minuto\" \/>\n<script type=\"application\/ld+json\" class=\"yoast-schema-graph\">{\"@context\":\"https:\/\/schema.org\",\"@graph\":[{\"@type\":\"Article\",\"@id\":\"https:\/\/portaltela.pt\/noticias\/2026\/02\/23\/diversas-linhas-ferroviarias-com-constrangimentos-devido-ao-mau-tempo\/#article\",\"isPartOf\":{\"@id\":\"https:\/\/portaltela.pt\/noticias\/2026\/02\/23\/diversas-linhas-ferroviarias-com-constrangimentos-devido-ao-mau-tempo\/\"},\"author\":{\"name\":\"Telinha\",\"@id\":\"https:\/\/portaltela.pt\/#\/schema\/person\/c4278d4a6028830caff9ee44b42d32ed\"},\"headline\":\"Diversas linhas ferrovi\u00e1rias com constrangimentos devido ao mau tempo\",\"datePublished\":\"2026-02-23T09:55:00+00:00\",\"mainEntityOfPage\":{\"@id\":\"https:\/\/portaltela.pt\/noticias\/2026\/02\/23\/diversas-linhas-ferroviarias-com-constrangimentos-devido-ao-mau-tempo\/\"},\"wordCount\":210,\"image\":{\"@id\":\"https:\/\/portaltela.pt\/noticias\/2026\/02\/23\/diversas-linhas-ferroviarias-com-constrangimentos-devido-ao-mau-tempo\/#primaryimage\"},\"thumbnailUrl\":\"https:\/\/portaltela.pt\/s.01k8rhncp4jt1\/2026\/02\/image-1683.jpg\",\"keywords\":[\"alagamentos\",\"cat\u00e1strofes naturais\",\"desalojados\",\"desalojamentos\",\"inunda\u00e7\u00f5es\",\"transporte\"],\"articleSection\":[\"Not\u00edcias\"],\"inLanguage\":\"pt-PT\"},{\"@type\":\"WebPage\",\"@id\":\"https:\/\/portaltela.pt\/noticias\/2026\/02\/23\/diversas-linhas-ferroviarias-com-constrangimentos-devido-ao-mau-tempo\/\",\"url\":\"https:\/\/portaltela.pt\/noticias\/2026\/02\/23\/diversas-linhas-ferroviarias-com-constrangimentos-devido-ao-mau-tempo\/\",\"name\":\"Diversas linhas ferrovi\u00e1rias com constrangimentos devido ao mau tempo - Portal Tela Portugal\",\"isPartOf\":{\"@id\":\"https:\/\/portaltela.pt\/#website\"},\"primaryImageOfPage\":{\"@id\":\"https:\/\/portaltela.pt\/noticias\/2026\/02\/23\/diversas-linhas-ferroviarias-com-constrangimentos-devido-ao-mau-tempo\/#primaryimage\"},\"image\":{\"@id\":\"https:\/\/portaltela.pt\/noticias\/2026\/02\/23\/diversas-linhas-ferroviarias-com-constrangimentos-devido-ao-mau-tempo\/#primaryimage\"},\"thumbnailUrl\":\"https:\/\/portaltela.pt\/s.01k8rhncp4jt1\/2026\/02\/image-1683.jpg\",\"datePublished\":\"2026-02-23T09:55:00+00:00\",\"author\":{\"@id\":\"https:\/\/portaltela.pt\/#\/schema\/person\/c4278d4a6028830caff9ee44b42d32ed\"},\"breadcrumb\":{\"@id\":\"https:\/\/portaltela.pt\/noticias\/2026\/02\/23\/diversas-linhas-ferroviarias-com-constrangimentos-devido-ao-mau-tempo\/#breadcrumb\"},\"inLanguage\":\"pt-PT\",\"potentialAction\":[{\"@type\":\"ReadAction\",\"target\":[\"https:\/\/portaltela.pt\/noticias\/2026\/02\/23\/diversas-linhas-ferroviarias-com-constrangimentos-devido-ao-mau-tempo\/\"]}]},{\"@type\":\"ImageObject\",\"inLanguage\":\"pt-PT\",\"@id\":\"https:\/\/portaltela.pt\/noticias\/2026\/02\/23\/diversas-linhas-ferroviarias-com-constrangimentos-devido-ao-mau-tempo\/#primaryimage\",\"url\":\"https:\/\/portaltela.pt\/s.01k8rhncp4jt1\/2026\/02\/image-1683.jpg\",\"contentUrl\":\"https:\/\/portaltela.pt\/s.01k8rhncp4jt1\/2026\/02\/image-1683.jpg\",\"width\":796,\"height\":448,\"caption\":\"Linha f\u00e9rrea inundada em Montemor-o-velho\"},{\"@type\":\"BreadcrumbList\",\"@id\":\"https:\/\/portaltela.pt\/noticias\/2026\/02\/23\/diversas-linhas-ferroviarias-com-constrangimentos-devido-ao-mau-tempo\/#breadcrumb\",\"itemListElement\":[{\"@type\":\"ListItem\",\"position\":1,\"name\":\"In\u00edcio\",\"item\":\"https:\/\/portaltela.pt\/\"},{\"@type\":\"ListItem\",\"position\":2,\"name\":\"Diversas linhas ferrovi\u00e1rias com constrangimentos devido ao mau tempo\"}]},{\"@type\":\"WebSite\",\"@id\":\"https:\/\/portaltela.pt\/#website\",\"url\":\"https:\/\/portaltela.pt\/\",\"name\":\"Portal Tela Portugal\",\"description\":\"\",\"potentialAction\":[{\"@type\":\"SearchAction\",\"target\":{\"@type\":\"EntryPoint\",\"urlTemplate\":\"https:\/\/portaltela.pt\/?s={search_term_string}\"},\"query-input\":{\"@type\":\"PropertyValueSpecification\",\"valueRequired\":true,\"valueName\":\"search_term_string\"}}],\"inLanguage\":\"pt-PT\"},{\"@type\":\"Person\",\"@id\":\"https:\/\/portaltela.pt\/#\/schema\/person\/c4278d4a6028830caff9ee44b42d32ed\",\"name\":\"Telinha\",\"image\":{\"@type\":\"ImageObject\",\"inLanguage\":\"pt-PT\",\"@id\":\"https:\/\/portaltela.pt\/s.01k8rhncp4jt1\/2025\/11\/talking-bot-125x125.png\",\"url\":\"https:\/\/portaltela.pt\/s.01k8rhncp4jt1\/2025\/11\/talking-bot-125x125.png\",\"contentUrl\":\"https:\/\/portaltela.pt\/s.01k8rhncp4jt1\/2025\/11\/talking-bot-125x125.png\",\"caption\":\"Telinha\"},\"sameAs\":[\"https:\/\/portaltela.pt\/\"],\"url\":\"https:\/\/portaltela.pt\/por\/367410592786\/\"}]}<\/script>\n<!-- \/ Yoast SEO plugin. -->","yoast_head_json":{"title":"Diversas linhas ferrovi\u00e1rias com constrangimentos devido ao mau tempo - Portal Tela Portugal","robots":{"index":"index","follow":"follow","max-snippet":"max-snippet:-1","max-image-preview":"max-image-preview:large","max-video-preview":"max-video-preview:-1"},"og_locale":"pt_PT","og_type":"article","og_title":"Diversas linhas ferrovi\u00e1rias com constrangimentos devido ao mau tempo - Portal Tela Portugal","og_description":"A CP informou que, devido ao mau tempo, a circula\u00e7\u00e3o continua suspensa na Linha da Beira Baixa, mantendo apenas comboios regionais entre Castelo Branco e Guarda e entre Entroncamento e Abrantes. A circula\u00e7\u00e3o est\u00e1 tamb\u00e9m suspensa na Linha do Douro, entre R\u00e9gua e Pocinho. A Linha Oeste permanece interrompida. Os Urbanos de Coimbra est\u00e3o a circular apenas no tra\u00e7ado Coimbra-B \u2013 Alfarelos \u2013 Coimbra-B. No total, j\u00e1 morreram 18 pessoas em Portugal devido \u00e0s depress\u00f5es Kristin, Leonardo e Marta, com centenas de feridos e desalojados e impactos materiais significativos no Centro, Lisboa e Vale do Tejo e no Alentejo.","og_url":"https:\/\/portaltela.pt\/noticias\/2026\/02\/23\/diversas-linhas-ferroviarias-com-constrangimentos-devido-ao-mau-tempo\/","og_site_name":"Portal Tela Portugal","article_published_time":"2026-02-23T09:55:00+00:00","author":"Telinha","twitter_card":"summary_large_image","twitter_misc":{"Escrito por":"Telinha","Tempo estimado de leitura":"1 minuto"},"schema":{"@context":"https:\/\/schema.org","@graph":[{"@type":"Article","@id":"https:\/\/portaltela.pt\/noticias\/2026\/02\/23\/diversas-linhas-ferroviarias-com-constrangimentos-devido-ao-mau-tempo\/#article","isPartOf":{"@id":"https:\/\/portaltela.pt\/noticias\/2026\/02\/23\/diversas-linhas-ferroviarias-com-constrangimentos-devido-ao-mau-tempo\/"},"author":{"name":"Telinha","@id":"https:\/\/portaltela.pt\/#\/schema\/person\/c4278d4a6028830caff9ee44b42d32ed"},"headline":"Diversas linhas ferrovi\u00e1rias com constrangimentos devido ao mau tempo","datePublished":"2026-02-23T09:55:00+00:00","mainEntityOfPage":{"@id":"https:\/\/portaltela.pt\/noticias\/2026\/02\/23\/diversas-linhas-ferroviarias-com-constrangimentos-devido-ao-mau-tempo\/"},"wordCount":210,"image":{"@id":"https:\/\/portaltela.pt\/noticias\/2026\/02\/23\/diversas-linhas-ferroviarias-com-constrangimentos-devido-ao-mau-tempo\/#primaryimage"},"thumbnailUrl":"https:\/\/portaltela.pt\/s.01k8rhncp4jt1\/2026\/02\/image-1683.jpg","keywords":["alagamentos","cat\u00e1strofes naturais","desalojados","desalojamentos","inunda\u00e7\u00f5es","transporte"],"articleSection":["Not\u00edcias"],"inLanguage":"pt-PT"},{"@type":"WebPage","@id":"https:\/\/portaltela.pt\/noticias\/2026\/02\/23\/diversas-linhas-ferroviarias-com-constrangimentos-devido-ao-mau-tempo\/","url":"https:\/\/portaltela.pt\/noticias\/2026\/02\/23\/diversas-linhas-ferroviarias-com-constrangimentos-devido-ao-mau-tempo\/","name":"Diversas linhas ferrovi\u00e1rias com constrangimentos devido ao mau tempo - Portal Tela Portugal","isPartOf":{"@id":"https:\/\/portaltela.pt\/#website"},"primaryImageOfPage":{"@id":"https:\/\/portaltela.pt\/noticias\/2026\/02\/23\/diversas-linhas-ferroviarias-com-constrangimentos-devido-ao-mau-tempo\/#primaryimage"},"image":{"@id":"https:\/\/portaltela.pt\/noticias\/2026\/02\/23\/diversas-linhas-ferroviarias-com-constrangimentos-devido-ao-mau-tempo\/#primaryimage"},"thumbnailUrl":"https:\/\/portaltela.pt\/s.01k8rhncp4jt1\/2026\/02\/image-1683.jpg","datePublished":"2026-02-23T09:55:00+00:00","author":{"@id":"https:\/\/portaltela.pt\/#\/schema\/person\/c4278d4a6028830caff9ee44b42d32ed"},"breadcrumb":{"@id":"https:\/\/portaltela.pt\/noticias\/2026\/02\/23\/diversas-linhas-ferroviarias-com-constrangimentos-devido-ao-mau-tempo\/#breadcrumb"},"inLanguage":"pt-PT","potentialAction":[{"@type":"ReadAction","target":["https:\/\/portaltela.pt\/noticias\/2026\/02\/23\/diversas-linhas-ferroviarias-com-constrangimentos-devido-ao-mau-tempo\/"]}]},{"@type":"ImageObject","inLanguage":"pt-PT","@id":"https:\/\/portaltela.pt\/noticias\/2026\/02\/23\/diversas-linhas-ferroviarias-com-constrangimentos-devido-ao-mau-tempo\/#primaryimage","url":"https:\/\/portaltela.pt\/s.01k8rhncp4jt1\/2026\/02\/image-1683.jpg","contentUrl":"https:\/\/portaltela.pt\/s.01k8rhncp4jt1\/2026\/02\/image-1683.jpg","width":796,"height":448,"caption":"Linha f\u00e9rrea inundada em Montemor-o-velho"},{"@type":"BreadcrumbList","@id":"https:\/\/portaltela.pt\/noticias\/2026\/02\/23\/diversas-linhas-ferroviarias-com-constrangimentos-devido-ao-mau-tempo\/#breadcrumb","itemListElement":[{"@type":"ListItem","position":1,"name":"In\u00edcio","item":"https:\/\/portaltela.pt\/"},{"@type":"ListItem","position":2,"name":"Diversas linhas ferrovi\u00e1rias com constrangimentos devido ao mau tempo"}]},{"@type":"WebSite","@id":"https:\/\/portaltela.pt\/#website","url":"https:\/\/portaltela.pt\/","name":"Portal Tela Portugal","description":"","potentialAction":[{"@type":"SearchAction","target":{"@type":"EntryPoint","urlTemplate":"https:\/\/portaltela.pt\/?s={search_term_string}"},"query-input":{"@type":"PropertyValueSpecification","valueRequired":true,"valueName":"search_term_string"}}],"inLanguage":"pt-PT"},{"@type":"Person","@id":"https:\/\/portaltela.pt\/#\/schema\/person\/c4278d4a6028830caff9ee44b42d32ed","name":"Telinha","image":{"@type":"ImageObject","inLanguage":"pt-PT","@id":"https:\/\/portaltela.pt\/s.01k8rhncp4jt1\/2025\/11\/talking-bot-125x125.png","url":"https:\/\/portaltela.pt\/s.01k8rhncp4jt1\/2025\/11\/talking-bot-125x125.png","contentUrl":"https:\/\/portaltela.pt\/s.01k8rhncp4jt1\/2025\/11\/talking-bot-125x125.png","caption":"Telinha"},"sameAs":["https:\/\/portaltela.pt\/"],"url":"https:\/\/portaltela.pt\/por\/367410592786\/"}]}},"_links":{"self":[{"href":"https:\/\/portaltela.pt\/api\/wp\/v2\/posts\/222518","targetHints":{"allow":["GET"]}}],"collection":[{"href":"https:\/\/portaltela.pt\/api\/wp\/v2\/posts"}],"about":[{"href":"https:\/\/portaltela.pt\/api\/wp\/v2\/types\/post"}],"author":[{"embeddable":true,"href":"https:\/\/portaltela.pt\/api\/wp\/v2\/users\/2"}],"replies":[{"embeddable":true,"href":"https:\/\/portaltela.pt\/api\/wp\/v2\/comments?post=222518"}],"version-history":[{"count":0,"href":"https:\/\/portaltela.pt\/api\/wp\/v2\/posts\/222518\/revisions"}],"wp:featuredmedia":[{"embeddable":true,"href":"https:\/\/portaltela.pt\/api\/wp\/v2\/media\/222524"}],"wp:attachment":[{"href":"https:\/\/portaltela.pt\/api\/wp\/v2\/media?parent=222518"}],"wp:term":[{"taxonomy":"category","embeddable":true,"href":"https:\/\/portaltela.pt\/api\/wp\/v2\/categories?post=222518"},{"taxonomy":"post_tag","embeddable":true,"href":"https:\/\/portaltela.pt\/api\/wp\/v2\/tags?post=222518"}],"curies":[{"name":"wp","href":"https:\/\/api.w.org\/{rel}","templated":true}]}}