{"id":222496,"date":"2026-02-23T06:44:00","date_gmt":"2026-02-23T09:44:00","guid":{"rendered":"https:\/\/portaltela.pt\/noticias\/2026\/02\/23\/coimbra-distribui-comunicacao-via-satelite-aos-19-municipios\/"},"modified":"2026-02-23T06:44:00","modified_gmt":"2026-02-23T09:44:00","slug":"coimbra-distribui-comunicacao-via-satelite-aos-19-municipios","status":"publish","type":"post","link":"https:\/\/portaltela.pt\/noticias\/2026\/02\/23\/coimbra-distribui-comunicacao-via-satelite-aos-19-municipios\/","title":{"rendered":"Coimbra distribui comunica\u00e7\u00e3o via sat\u00e9lite aos 19 munic\u00edpios"},"content":{"rendered":"<p>A Regi\u00e3o Metropolitana de Coimbra distribuiu comunica\u00e7\u00e3o via sat\u00e9lite pelos 19 munic\u00edpios para refor\u00e7ar a resili\u00eancia do territ\u00f3rio face a cat\u00e1strofes. A medida ocorreu em antecipa\u00e7\u00e3o \u00e0 depress\u00e3o Kristin.<\/p>\n<p>Devido ao risco elevado de falhas nas redes convencionais, a opera\u00e7\u00e3o envolveu investimentos integrados no PT2030 e a entrega de 19 equipamentos de comunica\u00e7\u00e3o sat\u00e9lite. O objetivo foi manter os Centros de Coordena\u00e7\u00e3o Operacional municipais operacionais, mesmo com graves interrup\u00e7\u00f5es.<\/p>\n<p>A iniciativa estendeu-se para al\u00e9m das sedes de concelho, visando proteger as popula\u00e7\u00f5es mais vulner\u00e1veis. Em caso de cheias ou cortes vi\u00e1rios, os terminais adicionais asseguram liga\u00e7\u00e3o direta aos centros de opera\u00e7\u00f5es.<\/p>\n<p>A presidente da Regi\u00e3o Metropolitana de Coimbra, Helena Teod\u00f3sio, destacou que a rede de internet via sat\u00e9lite n\u00e3o exigiu ajuda externa, mesmo face a Kristin, o que evidencia resili\u00eancia e autonomia em momentos cr\u00edticos.<\/p>\n<p>Para os autarcas, o investimento representa um avan\u00e7o na moderniza\u00e7\u00e3o da Prote\u00e7\u00e3o Civil na regi\u00e3o, com tecnologia de ponta para mitigar efeitos de acidentes graves e cat\u00e1strofes. A segunda fase prev\u00ea disponibilizar os equipamentos aos bombeiros.<\/p>\n<p>A regi\u00e3o manteve-se entre as menos afetadas na passagem das depress\u00f5es Kristin, Leonardo e Marta, em compara\u00e7\u00e3o com o restante do pa\u00eds, apesar das consequ\u00eancias registadas em v\u00e1rias \u00e1reas.<\/p>\n<p>No conjunto de Portugal, morreram 18 pessoas e houve centenas de feridos e desalojados. As \u00e1reas mais afetadas situam-se nas regi\u00f5es Centro, Lisboa e Vale do Tejo e Alentejo.<\/p>\n","protected":false},"excerpt":{"rendered":"<ul>\n<li>Regi\u00e3o Metropolitana de Coimbra distribuiu 19 equipamentos de comunica\u00e7\u00e3o via sat\u00e9lite pelos 19 munic\u00edpios para manter as liga\u00e7\u00f5es operacionais, mesmo em caso de falha das redes.<\/li>\n<li>A medida resulta da proximidade da depress\u00e3o Kristin e do risco de isolamento de aldeias, baseada em li\u00e7\u00f5es da tempestade Leslie (2018) e nos investimentos do PT2030.<\/li>\n<li>A entrega visou manter os Centros de Coordena\u00e7\u00e3o Operacional Municipais com liga\u00e7\u00e3o cont\u00ednua, incluindo popula\u00e7\u00f5es mais vulner\u00e1veis.<\/li>\n<li>Numa segunda fase, os equipamentos ser\u00e3o disponibilizados aos corpos de bombeiros da regi\u00e3o.<\/li>\n<li>Dezoito pessoas morreram em Portugal devido \u00e0s depress\u00f5es Kristin, Leonardo e Marta; as regi\u00f5es Centro, Lisboa e Vale do Tejo e Alentejo foram as mais afetadas.<\/li>\n<\/ul>\n","protected":false},"author":2,"featured_media":222498,"comment_status":"closed","ping_status":"closed","sticky":false,"template":"","format":"standard","meta":{"footnotes":""},"categories":[1],"tags":[5215,1070,2607,320,4650,1036],"class_list":["post-222496","post","type-post","status-publish","format-standard","has-post-thumbnail","hentry","category-noticias","tag-catastrofes-naturais","tag-coimbra","tag-comunicacao","tag-protecao-civil","tag-regiao-centro","tag-satelites"],"yoast_head":"<!-- This site is optimized with the Yoast SEO plugin v27.2 - https:\/\/yoast.com\/product\/yoast-seo-wordpress\/ -->\n<title>Coimbra distribui comunica\u00e7\u00e3o via sat\u00e9lite aos 19 munic\u00edpios - Portal Tela Portugal<\/title>\n<meta name=\"robots\" content=\"index, follow, max-snippet:-1, max-image-preview:large, max-video-preview:-1\" \/>\n<meta property=\"og:locale\" content=\"pt_PT\" \/>\n<meta property=\"og:type\" content=\"article\" \/>\n<meta property=\"og:title\" content=\"Coimbra distribui comunica\u00e7\u00e3o via sat\u00e9lite aos 19 munic\u00edpios - Portal Tela Portugal\" \/>\n<meta property=\"og:description\" content=\"Regi\u00e3o Metropolitana de Coimbra distribuiu 19 equipamentos de comunica\u00e7\u00e3o via sat\u00e9lite pelos 19 munic\u00edpios para manter as liga\u00e7\u00f5es operacionais, mesmo em caso de falha das redes. A medida resulta da proximidade da depress\u00e3o Kristin e do risco de isolamento de aldeias, baseada em li\u00e7\u00f5es da tempestade Leslie (2018) e nos investimentos do PT2030. A entrega visou manter os Centros de Coordena\u00e7\u00e3o Operacional Municipais com liga\u00e7\u00e3o cont\u00ednua, incluindo popula\u00e7\u00f5es mais vulner\u00e1veis. Numa segunda fase, os equipamentos ser\u00e3o disponibilizados aos corpos de bombeiros da regi\u00e3o. Dezoito pessoas morreram em Portugal devido \u00e0s depress\u00f5es Kristin, Leonardo e Marta; as regi\u00f5es Centro, Lisboa e Vale do Tejo e Alentejo foram as mais afetadas.\" \/>\n<meta property=\"og:url\" content=\"https:\/\/portaltela.pt\/noticias\/2026\/02\/23\/coimbra-distribui-comunicacao-via-satelite-aos-19-municipios\/\" \/>\n<meta property=\"og:site_name\" content=\"Portal Tela Portugal\" \/>\n<meta property=\"article:published_time\" content=\"2026-02-23T09:44:00+00:00\" \/>\n<meta name=\"author\" content=\"Telinha\" \/>\n<meta name=\"twitter:card\" content=\"summary_large_image\" \/>\n<meta name=\"twitter:label1\" content=\"Escrito por\" \/>\n\t<meta name=\"twitter:data1\" content=\"Telinha\" \/>\n\t<meta name=\"twitter:label2\" content=\"Tempo estimado de leitura\" \/>\n\t<meta name=\"twitter:data2\" content=\"1 minuto\" \/>\n<script type=\"application\/ld+json\" class=\"yoast-schema-graph\">{\"@context\":\"https:\/\/schema.org\",\"@graph\":[{\"@type\":\"Article\",\"@id\":\"https:\/\/portaltela.pt\/noticias\/2026\/02\/23\/coimbra-distribui-comunicacao-via-satelite-aos-19-municipios\/#article\",\"isPartOf\":{\"@id\":\"https:\/\/portaltela.pt\/noticias\/2026\/02\/23\/coimbra-distribui-comunicacao-via-satelite-aos-19-municipios\/\"},\"author\":{\"name\":\"Telinha\",\"@id\":\"https:\/\/portaltela.pt\/#\/schema\/person\/c4278d4a6028830caff9ee44b42d32ed\"},\"headline\":\"Coimbra distribui comunica\u00e7\u00e3o via sat\u00e9lite aos 19 munic\u00edpios\",\"datePublished\":\"2026-02-23T09:44:00+00:00\",\"mainEntityOfPage\":{\"@id\":\"https:\/\/portaltela.pt\/noticias\/2026\/02\/23\/coimbra-distribui-comunicacao-via-satelite-aos-19-municipios\/\"},\"wordCount\":274,\"image\":{\"@id\":\"https:\/\/portaltela.pt\/noticias\/2026\/02\/23\/coimbra-distribui-comunicacao-via-satelite-aos-19-municipios\/#primaryimage\"},\"thumbnailUrl\":\"https:\/\/portaltela.pt\/s.01k8rhncp4jt1\/2026\/02\/img_1280x721uu2026-02-13-11-30-09-2266658-1.jpg\",\"keywords\":[\"cat\u00e1strofes naturais\",\"Coimbra\",\"comunica\u00e7\u00e3o\",\"prote\u00e7\u00e3o civil\",\"Regi\u00e3o Centro\",\"sat\u00e9lites\"],\"articleSection\":[\"Not\u00edcias\"],\"inLanguage\":\"pt-PT\"},{\"@type\":\"WebPage\",\"@id\":\"https:\/\/portaltela.pt\/noticias\/2026\/02\/23\/coimbra-distribui-comunicacao-via-satelite-aos-19-municipios\/\",\"url\":\"https:\/\/portaltela.pt\/noticias\/2026\/02\/23\/coimbra-distribui-comunicacao-via-satelite-aos-19-municipios\/\",\"name\":\"Coimbra distribui comunica\u00e7\u00e3o via sat\u00e9lite aos 19 munic\u00edpios - Portal Tela Portugal\",\"isPartOf\":{\"@id\":\"https:\/\/portaltela.pt\/#website\"},\"primaryImageOfPage\":{\"@id\":\"https:\/\/portaltela.pt\/noticias\/2026\/02\/23\/coimbra-distribui-comunicacao-via-satelite-aos-19-municipios\/#primaryimage\"},\"image\":{\"@id\":\"https:\/\/portaltela.pt\/noticias\/2026\/02\/23\/coimbra-distribui-comunicacao-via-satelite-aos-19-municipios\/#primaryimage\"},\"thumbnailUrl\":\"https:\/\/portaltela.pt\/s.01k8rhncp4jt1\/2026\/02\/img_1280x721uu2026-02-13-11-30-09-2266658-1.jpg\",\"datePublished\":\"2026-02-23T09:44:00+00:00\",\"author\":{\"@id\":\"https:\/\/portaltela.pt\/#\/schema\/person\/c4278d4a6028830caff9ee44b42d32ed\"},\"breadcrumb\":{\"@id\":\"https:\/\/portaltela.pt\/noticias\/2026\/02\/23\/coimbra-distribui-comunicacao-via-satelite-aos-19-municipios\/#breadcrumb\"},\"inLanguage\":\"pt-PT\",\"potentialAction\":[{\"@type\":\"ReadAction\",\"target\":[\"https:\/\/portaltela.pt\/noticias\/2026\/02\/23\/coimbra-distribui-comunicacao-via-satelite-aos-19-municipios\/\"]}]},{\"@type\":\"ImageObject\",\"inLanguage\":\"pt-PT\",\"@id\":\"https:\/\/portaltela.pt\/noticias\/2026\/02\/23\/coimbra-distribui-comunicacao-via-satelite-aos-19-municipios\/#primaryimage\",\"url\":\"https:\/\/portaltela.pt\/s.01k8rhncp4jt1\/2026\/02\/img_1280x721uu2026-02-13-11-30-09-2266658-1.jpg\",\"contentUrl\":\"https:\/\/portaltela.pt\/s.01k8rhncp4jt1\/2026\/02\/img_1280x721uu2026-02-13-11-30-09-2266658-1.jpg\",\"width\":796,\"height\":448,\"caption\":\"Militares colocam sacos de areia em Coimbra para conter cheias do Mondego\"},{\"@type\":\"BreadcrumbList\",\"@id\":\"https:\/\/portaltela.pt\/noticias\/2026\/02\/23\/coimbra-distribui-comunicacao-via-satelite-aos-19-municipios\/#breadcrumb\",\"itemListElement\":[{\"@type\":\"ListItem\",\"position\":1,\"name\":\"In\u00edcio\",\"item\":\"https:\/\/portaltela.pt\/\"},{\"@type\":\"ListItem\",\"position\":2,\"name\":\"Coimbra distribui comunica\u00e7\u00e3o via sat\u00e9lite aos 19 munic\u00edpios\"}]},{\"@type\":\"WebSite\",\"@id\":\"https:\/\/portaltela.pt\/#website\",\"url\":\"https:\/\/portaltela.pt\/\",\"name\":\"Portal Tela Portugal\",\"description\":\"\",\"potentialAction\":[{\"@type\":\"SearchAction\",\"target\":{\"@type\":\"EntryPoint\",\"urlTemplate\":\"https:\/\/portaltela.pt\/?s={search_term_string}\"},\"query-input\":{\"@type\":\"PropertyValueSpecification\",\"valueRequired\":true,\"valueName\":\"search_term_string\"}}],\"inLanguage\":\"pt-PT\"},{\"@type\":\"Person\",\"@id\":\"https:\/\/portaltela.pt\/#\/schema\/person\/c4278d4a6028830caff9ee44b42d32ed\",\"name\":\"Telinha\",\"image\":{\"@type\":\"ImageObject\",\"inLanguage\":\"pt-PT\",\"@id\":\"https:\/\/portaltela.pt\/s.01k8rhncp4jt1\/2025\/11\/talking-bot-125x125.png\",\"url\":\"https:\/\/portaltela.pt\/s.01k8rhncp4jt1\/2025\/11\/talking-bot-125x125.png\",\"contentUrl\":\"https:\/\/portaltela.pt\/s.01k8rhncp4jt1\/2025\/11\/talking-bot-125x125.png\",\"caption\":\"Telinha\"},\"sameAs\":[\"https:\/\/portaltela.pt\/\"],\"url\":\"https:\/\/portaltela.pt\/por\/367410592786\/\"}]}<\/script>\n<!-- \/ Yoast SEO plugin. -->","yoast_head_json":{"title":"Coimbra distribui comunica\u00e7\u00e3o via sat\u00e9lite aos 19 munic\u00edpios - Portal Tela Portugal","robots":{"index":"index","follow":"follow","max-snippet":"max-snippet:-1","max-image-preview":"max-image-preview:large","max-video-preview":"max-video-preview:-1"},"og_locale":"pt_PT","og_type":"article","og_title":"Coimbra distribui comunica\u00e7\u00e3o via sat\u00e9lite aos 19 munic\u00edpios - Portal Tela Portugal","og_description":"Regi\u00e3o Metropolitana de Coimbra distribuiu 19 equipamentos de comunica\u00e7\u00e3o via sat\u00e9lite pelos 19 munic\u00edpios para manter as liga\u00e7\u00f5es operacionais, mesmo em caso de falha das redes. A medida resulta da proximidade da depress\u00e3o Kristin e do risco de isolamento de aldeias, baseada em li\u00e7\u00f5es da tempestade Leslie (2018) e nos investimentos do PT2030. A entrega visou manter os Centros de Coordena\u00e7\u00e3o Operacional Municipais com liga\u00e7\u00e3o cont\u00ednua, incluindo popula\u00e7\u00f5es mais vulner\u00e1veis. Numa segunda fase, os equipamentos ser\u00e3o disponibilizados aos corpos de bombeiros da regi\u00e3o. Dezoito pessoas morreram em Portugal devido \u00e0s depress\u00f5es Kristin, Leonardo e Marta; as regi\u00f5es Centro, Lisboa e Vale do Tejo e Alentejo foram as mais afetadas.","og_url":"https:\/\/portaltela.pt\/noticias\/2026\/02\/23\/coimbra-distribui-comunicacao-via-satelite-aos-19-municipios\/","og_site_name":"Portal Tela Portugal","article_published_time":"2026-02-23T09:44:00+00:00","author":"Telinha","twitter_card":"summary_large_image","twitter_misc":{"Escrito por":"Telinha","Tempo estimado de leitura":"1 minuto"},"schema":{"@context":"https:\/\/schema.org","@graph":[{"@type":"Article","@id":"https:\/\/portaltela.pt\/noticias\/2026\/02\/23\/coimbra-distribui-comunicacao-via-satelite-aos-19-municipios\/#article","isPartOf":{"@id":"https:\/\/portaltela.pt\/noticias\/2026\/02\/23\/coimbra-distribui-comunicacao-via-satelite-aos-19-municipios\/"},"author":{"name":"Telinha","@id":"https:\/\/portaltela.pt\/#\/schema\/person\/c4278d4a6028830caff9ee44b42d32ed"},"headline":"Coimbra distribui comunica\u00e7\u00e3o via sat\u00e9lite aos 19 munic\u00edpios","datePublished":"2026-02-23T09:44:00+00:00","mainEntityOfPage":{"@id":"https:\/\/portaltela.pt\/noticias\/2026\/02\/23\/coimbra-distribui-comunicacao-via-satelite-aos-19-municipios\/"},"wordCount":274,"image":{"@id":"https:\/\/portaltela.pt\/noticias\/2026\/02\/23\/coimbra-distribui-comunicacao-via-satelite-aos-19-municipios\/#primaryimage"},"thumbnailUrl":"https:\/\/portaltela.pt\/s.01k8rhncp4jt1\/2026\/02\/img_1280x721uu2026-02-13-11-30-09-2266658-1.jpg","keywords":["cat\u00e1strofes naturais","Coimbra","comunica\u00e7\u00e3o","prote\u00e7\u00e3o civil","Regi\u00e3o Centro","sat\u00e9lites"],"articleSection":["Not\u00edcias"],"inLanguage":"pt-PT"},{"@type":"WebPage","@id":"https:\/\/portaltela.pt\/noticias\/2026\/02\/23\/coimbra-distribui-comunicacao-via-satelite-aos-19-municipios\/","url":"https:\/\/portaltela.pt\/noticias\/2026\/02\/23\/coimbra-distribui-comunicacao-via-satelite-aos-19-municipios\/","name":"Coimbra distribui comunica\u00e7\u00e3o via sat\u00e9lite aos 19 munic\u00edpios - Portal Tela Portugal","isPartOf":{"@id":"https:\/\/portaltela.pt\/#website"},"primaryImageOfPage":{"@id":"https:\/\/portaltela.pt\/noticias\/2026\/02\/23\/coimbra-distribui-comunicacao-via-satelite-aos-19-municipios\/#primaryimage"},"image":{"@id":"https:\/\/portaltela.pt\/noticias\/2026\/02\/23\/coimbra-distribui-comunicacao-via-satelite-aos-19-municipios\/#primaryimage"},"thumbnailUrl":"https:\/\/portaltela.pt\/s.01k8rhncp4jt1\/2026\/02\/img_1280x721uu2026-02-13-11-30-09-2266658-1.jpg","datePublished":"2026-02-23T09:44:00+00:00","author":{"@id":"https:\/\/portaltela.pt\/#\/schema\/person\/c4278d4a6028830caff9ee44b42d32ed"},"breadcrumb":{"@id":"https:\/\/portaltela.pt\/noticias\/2026\/02\/23\/coimbra-distribui-comunicacao-via-satelite-aos-19-municipios\/#breadcrumb"},"inLanguage":"pt-PT","potentialAction":[{"@type":"ReadAction","target":["https:\/\/portaltela.pt\/noticias\/2026\/02\/23\/coimbra-distribui-comunicacao-via-satelite-aos-19-municipios\/"]}]},{"@type":"ImageObject","inLanguage":"pt-PT","@id":"https:\/\/portaltela.pt\/noticias\/2026\/02\/23\/coimbra-distribui-comunicacao-via-satelite-aos-19-municipios\/#primaryimage","url":"https:\/\/portaltela.pt\/s.01k8rhncp4jt1\/2026\/02\/img_1280x721uu2026-02-13-11-30-09-2266658-1.jpg","contentUrl":"https:\/\/portaltela.pt\/s.01k8rhncp4jt1\/2026\/02\/img_1280x721uu2026-02-13-11-30-09-2266658-1.jpg","width":796,"height":448,"caption":"Militares colocam sacos de areia em Coimbra para conter cheias do Mondego"},{"@type":"BreadcrumbList","@id":"https:\/\/portaltela.pt\/noticias\/2026\/02\/23\/coimbra-distribui-comunicacao-via-satelite-aos-19-municipios\/#breadcrumb","itemListElement":[{"@type":"ListItem","position":1,"name":"In\u00edcio","item":"https:\/\/portaltela.pt\/"},{"@type":"ListItem","position":2,"name":"Coimbra distribui comunica\u00e7\u00e3o via sat\u00e9lite aos 19 munic\u00edpios"}]},{"@type":"WebSite","@id":"https:\/\/portaltela.pt\/#website","url":"https:\/\/portaltela.pt\/","name":"Portal Tela Portugal","description":"","potentialAction":[{"@type":"SearchAction","target":{"@type":"EntryPoint","urlTemplate":"https:\/\/portaltela.pt\/?s={search_term_string}"},"query-input":{"@type":"PropertyValueSpecification","valueRequired":true,"valueName":"search_term_string"}}],"inLanguage":"pt-PT"},{"@type":"Person","@id":"https:\/\/portaltela.pt\/#\/schema\/person\/c4278d4a6028830caff9ee44b42d32ed","name":"Telinha","image":{"@type":"ImageObject","inLanguage":"pt-PT","@id":"https:\/\/portaltela.pt\/s.01k8rhncp4jt1\/2025\/11\/talking-bot-125x125.png","url":"https:\/\/portaltela.pt\/s.01k8rhncp4jt1\/2025\/11\/talking-bot-125x125.png","contentUrl":"https:\/\/portaltela.pt\/s.01k8rhncp4jt1\/2025\/11\/talking-bot-125x125.png","caption":"Telinha"},"sameAs":["https:\/\/portaltela.pt\/"],"url":"https:\/\/portaltela.pt\/por\/367410592786\/"}]}},"_links":{"self":[{"href":"https:\/\/portaltela.pt\/api\/wp\/v2\/posts\/222496","targetHints":{"allow":["GET"]}}],"collection":[{"href":"https:\/\/portaltela.pt\/api\/wp\/v2\/posts"}],"about":[{"href":"https:\/\/portaltela.pt\/api\/wp\/v2\/types\/post"}],"author":[{"embeddable":true,"href":"https:\/\/portaltela.pt\/api\/wp\/v2\/users\/2"}],"replies":[{"embeddable":true,"href":"https:\/\/portaltela.pt\/api\/wp\/v2\/comments?post=222496"}],"version-history":[{"count":0,"href":"https:\/\/portaltela.pt\/api\/wp\/v2\/posts\/222496\/revisions"}],"wp:featuredmedia":[{"embeddable":true,"href":"https:\/\/portaltela.pt\/api\/wp\/v2\/media\/222498"}],"wp:attachment":[{"href":"https:\/\/portaltela.pt\/api\/wp\/v2\/media?parent=222496"}],"wp:term":[{"taxonomy":"category","embeddable":true,"href":"https:\/\/portaltela.pt\/api\/wp\/v2\/categories?post=222496"},{"taxonomy":"post_tag","embeddable":true,"href":"https:\/\/portaltela.pt\/api\/wp\/v2\/tags?post=222496"}],"curies":[{"name":"wp","href":"https:\/\/api.w.org\/{rel}","templated":true}]}}