{"id":222490,"date":"2026-02-23T06:39:00","date_gmt":"2026-02-23T09:39:00","guid":{"rendered":"https:\/\/portaltela.pt\/noticias\/2026\/02\/23\/usar-o-telemovel-ao-volante-aumenta-quatro-vezes-o-risco-de-acidente\/"},"modified":"2026-02-23T06:39:00","modified_gmt":"2026-02-23T09:39:00","slug":"usar-o-telemovel-ao-volante-aumenta-quatro-vezes-o-risco-de-acidente","status":"publish","type":"post","link":"https:\/\/portaltela.pt\/noticias\/2026\/02\/23\/usar-o-telemovel-ao-volante-aumenta-quatro-vezes-o-risco-de-acidente\/","title":{"rendered":"Usar o telem\u00f3vel ao volante aumenta quatro vezes o risco de acidente"},"content":{"rendered":"<p>A Autoridade Nacional de Seguran\u00e7a Rodovi\u00e1ria (ANSR), a GNR e a PSP lan\u00e7am, na ter\u00e7a-feira, uma campanha nos distritos de Braga, Santar\u00e9m e Aveiro para sensibilizar condutores sobre os perigos de usar o telem\u00f3vel ao volante. O programa decorre at\u00e9 2 de mar\u00e7o e combina a\u00e7\u00f5es de forma\u00e7\u00e3o com fiscaliza\u00e7\u00f5es nas estradas.<\/p>\n<p>Sob o lema Liga-te \u00e0 vida, n\u00e3o ao telem\u00f3vel, as autoridades sublinham que falar ou olhar para o telem\u00f3vel aumenta quatro vezes o risco de acidente, mostrando que o atraso de rea\u00e7\u00e3o pode superar o efeito de uma taxa de \u00e1lcool de 0,8 g\/l. A 50 km\/h, desviar o olhar durante tr\u00eas segundos percorre 42 metros sem ver a estrada.<\/p>\n<p>Entre 2023 e 2025, a distra\u00e7\u00e3o ao volante \u2014 incluindo o uso do telem\u00f3vel \u2014 esteve na origem de 12.215 acidentes, segundo os dados oficiais. Al\u00e9m do perigo para si e para terceiros, o uso do telem\u00f3vel implica san\u00e7\u00f5es como coimas entre 250 e 1250 euros, perda de tr\u00eas pontos e inibi\u00e7\u00e3o de conduzir entre um e 12 meses.<\/p>\n<h3>Medidas e impacto<\/h3>\n<p>A campanha envolve a\u00e7\u00f5es de sensibiliza\u00e7\u00e3o da ANSR e opera\u00e7\u00f5es de fiscaliza\u00e7\u00e3o da GNR e PSP. O objetivo \u00e9 reduzir a distra\u00e7\u00e3o e os acidentes associados, atrav\u00e9s de informa\u00e7\u00e3o direta aos condutores e da fiscaliza\u00e7\u00e3o nas vias.<\/p>\n<p>As autoridades esperam que a combina\u00e7\u00e3o de informa\u00e7\u00e3o p\u00fablica e fiscaliza\u00e7\u00e3o efetiva dissuada condutores de utilizarem o telem\u00f3vel ao volante. N\u00e3o foram divulgadas outras datas, al\u00e9m do per\u00edodo de vig\u00eancia da campanha.<\/p>\n","protected":false},"excerpt":{"rendered":"<ul>\n<li>Campanha \u201cLigue-se \u00e0 vida, n\u00e3o ao telem\u00f3vel\u201d decorrer\u00e1 nos distritos de Braga, Santar\u00e9m e Aveiro, com a\u00e7\u00f5es de sensibiliza\u00e7\u00e3o da ANSR e fiscaliza\u00e7\u00f5es da GNR e PSP, at\u00e9 2 de mar\u00e7o.<\/li>\n<li>Usar o telem\u00f3vel ao volante aumenta o risco de acidente em quatro vezes, com atraso de rea\u00e7\u00e3o superior ao \u00e1lcool 0,8 g\/l.<\/li>\n<li>A olhar para o telem\u00f3vel durante 3 segundos a 50 km\/h, percorre-se cerca de 42 metros sem ver a estrada.<\/li>\n<li>Entre 1 de janeiro de 2023 e 31 de dezembro de 2025, a distra\u00e7\u00e3o ao volante esteve na origem de 12.215 acidentes.<\/li>\n<li>As infra\u00e7\u00f5es implicam coimas de 250 euros a 1.250 euros, perda de tr\u00eas pontos na carta de condu\u00e7\u00e3o e inibi\u00e7\u00e3o de conduzir por 1 a 12 meses.<\/li>\n<\/ul>\n","protected":false},"author":2,"featured_media":222500,"comment_status":"closed","ping_status":"closed","sticky":false,"template":"","format":"standard","meta":{"footnotes":""},"categories":[1],"tags":[1059,1207,6272,2956,898,1852],"class_list":["post-222490","post","type-post","status-publish","format-standard","has-post-thumbnail","hentry","category-noticias","tag-aveiro","tag-braga","tag-distracoes","tag-fiscalizacao-rodoviaria","tag-santarem","tag-telemovel"],"yoast_head":"<!-- This site is optimized with the Yoast SEO plugin v27.2 - https:\/\/yoast.com\/product\/yoast-seo-wordpress\/ -->\n<title>Usar o telem\u00f3vel ao volante aumenta quatro vezes o risco de acidente - Portal Tela Portugal<\/title>\n<meta name=\"robots\" content=\"index, follow, max-snippet:-1, max-image-preview:large, max-video-preview:-1\" \/>\n<meta property=\"og:locale\" content=\"pt_PT\" \/>\n<meta property=\"og:type\" content=\"article\" \/>\n<meta property=\"og:title\" content=\"Usar o telem\u00f3vel ao volante aumenta quatro vezes o risco de acidente - Portal Tela Portugal\" \/>\n<meta property=\"og:description\" content=\"Campanha \u201cLigue-se \u00e0 vida, n\u00e3o ao telem\u00f3vel\u201d decorrer\u00e1 nos distritos de Braga, Santar\u00e9m e Aveiro, com a\u00e7\u00f5es de sensibiliza\u00e7\u00e3o da ANSR e fiscaliza\u00e7\u00f5es da GNR e PSP, at\u00e9 2 de mar\u00e7o. Usar o telem\u00f3vel ao volante aumenta o risco de acidente em quatro vezes, com atraso de rea\u00e7\u00e3o superior ao \u00e1lcool 0,8 g\/l. A olhar para o telem\u00f3vel durante 3 segundos a 50 km\/h, percorre-se cerca de 42 metros sem ver a estrada. Entre 1 de janeiro de 2023 e 31 de dezembro de 2025, a distra\u00e7\u00e3o ao volante esteve na origem de 12.215 acidentes. As infra\u00e7\u00f5es implicam coimas de 250 euros a 1.250 euros, perda de tr\u00eas pontos na carta de condu\u00e7\u00e3o e inibi\u00e7\u00e3o de conduzir por 1 a 12 meses.\" \/>\n<meta property=\"og:url\" content=\"https:\/\/portaltela.pt\/noticias\/2026\/02\/23\/usar-o-telemovel-ao-volante-aumenta-quatro-vezes-o-risco-de-acidente\/\" \/>\n<meta property=\"og:site_name\" content=\"Portal Tela Portugal\" \/>\n<meta property=\"article:published_time\" content=\"2026-02-23T09:39:00+00:00\" \/>\n<meta name=\"author\" content=\"Telinha\" \/>\n<meta name=\"twitter:card\" content=\"summary_large_image\" \/>\n<meta name=\"twitter:label1\" content=\"Escrito por\" \/>\n\t<meta name=\"twitter:data1\" content=\"Telinha\" \/>\n\t<meta name=\"twitter:label2\" content=\"Tempo estimado de leitura\" \/>\n\t<meta name=\"twitter:data2\" content=\"1 minuto\" \/>\n<script type=\"application\/ld+json\" class=\"yoast-schema-graph\">{\"@context\":\"https:\/\/schema.org\",\"@graph\":[{\"@type\":\"Article\",\"@id\":\"https:\/\/portaltela.pt\/noticias\/2026\/02\/23\/usar-o-telemovel-ao-volante-aumenta-quatro-vezes-o-risco-de-acidente\/#article\",\"isPartOf\":{\"@id\":\"https:\/\/portaltela.pt\/noticias\/2026\/02\/23\/usar-o-telemovel-ao-volante-aumenta-quatro-vezes-o-risco-de-acidente\/\"},\"author\":{\"name\":\"Telinha\",\"@id\":\"https:\/\/portaltela.pt\/#\/schema\/person\/c4278d4a6028830caff9ee44b42d32ed\"},\"headline\":\"Usar o telem\u00f3vel ao volante aumenta quatro vezes o risco de acidente\",\"datePublished\":\"2026-02-23T09:39:00+00:00\",\"mainEntityOfPage\":{\"@id\":\"https:\/\/portaltela.pt\/noticias\/2026\/02\/23\/usar-o-telemovel-ao-volante-aumenta-quatro-vezes-o-risco-de-acidente\/\"},\"wordCount\":283,\"image\":{\"@id\":\"https:\/\/portaltela.pt\/noticias\/2026\/02\/23\/usar-o-telemovel-ao-volante-aumenta-quatro-vezes-o-risco-de-acidente\/#primaryimage\"},\"thumbnailUrl\":\"https:\/\/portaltela.pt\/s.01k8rhncp4jt1\/2026\/02\/871fc00d-33e4-4305-a817-511680155ce1_1200x675.jpg\",\"keywords\":[\"Aveiro\",\"Braga\",\"distra\u00e7\u00f5es\",\"fiscaliza\u00e7\u00e3o rodovi\u00e1ria\",\"Santar\u00e9m\",\"telem\u00f3vel\"],\"articleSection\":[\"Not\u00edcias\"],\"inLanguage\":\"pt-PT\"},{\"@type\":\"WebPage\",\"@id\":\"https:\/\/portaltela.pt\/noticias\/2026\/02\/23\/usar-o-telemovel-ao-volante-aumenta-quatro-vezes-o-risco-de-acidente\/\",\"url\":\"https:\/\/portaltela.pt\/noticias\/2026\/02\/23\/usar-o-telemovel-ao-volante-aumenta-quatro-vezes-o-risco-de-acidente\/\",\"name\":\"Usar o telem\u00f3vel ao volante aumenta quatro vezes o risco de acidente - Portal Tela Portugal\",\"isPartOf\":{\"@id\":\"https:\/\/portaltela.pt\/#website\"},\"primaryImageOfPage\":{\"@id\":\"https:\/\/portaltela.pt\/noticias\/2026\/02\/23\/usar-o-telemovel-ao-volante-aumenta-quatro-vezes-o-risco-de-acidente\/#primaryimage\"},\"image\":{\"@id\":\"https:\/\/portaltela.pt\/noticias\/2026\/02\/23\/usar-o-telemovel-ao-volante-aumenta-quatro-vezes-o-risco-de-acidente\/#primaryimage\"},\"thumbnailUrl\":\"https:\/\/portaltela.pt\/s.01k8rhncp4jt1\/2026\/02\/871fc00d-33e4-4305-a817-511680155ce1_1200x675.jpg\",\"datePublished\":\"2026-02-23T09:39:00+00:00\",\"author\":{\"@id\":\"https:\/\/portaltela.pt\/#\/schema\/person\/c4278d4a6028830caff9ee44b42d32ed\"},\"breadcrumb\":{\"@id\":\"https:\/\/portaltela.pt\/noticias\/2026\/02\/23\/usar-o-telemovel-ao-volante-aumenta-quatro-vezes-o-risco-de-acidente\/#breadcrumb\"},\"inLanguage\":\"pt-PT\",\"potentialAction\":[{\"@type\":\"ReadAction\",\"target\":[\"https:\/\/portaltela.pt\/noticias\/2026\/02\/23\/usar-o-telemovel-ao-volante-aumenta-quatro-vezes-o-risco-de-acidente\/\"]}]},{\"@type\":\"ImageObject\",\"inLanguage\":\"pt-PT\",\"@id\":\"https:\/\/portaltela.pt\/noticias\/2026\/02\/23\/usar-o-telemovel-ao-volante-aumenta-quatro-vezes-o-risco-de-acidente\/#primaryimage\",\"url\":\"https:\/\/portaltela.pt\/s.01k8rhncp4jt1\/2026\/02\/871fc00d-33e4-4305-a817-511680155ce1_1200x675.jpg\",\"contentUrl\":\"https:\/\/portaltela.pt\/s.01k8rhncp4jt1\/2026\/02\/871fc00d-33e4-4305-a817-511680155ce1_1200x675.jpg\",\"width\":796,\"height\":448,\"caption\":\"Campanha vai decorrer nos distritos de Braga, Santar\u00e9m e Aveiro\"},{\"@type\":\"BreadcrumbList\",\"@id\":\"https:\/\/portaltela.pt\/noticias\/2026\/02\/23\/usar-o-telemovel-ao-volante-aumenta-quatro-vezes-o-risco-de-acidente\/#breadcrumb\",\"itemListElement\":[{\"@type\":\"ListItem\",\"position\":1,\"name\":\"In\u00edcio\",\"item\":\"https:\/\/portaltela.pt\/\"},{\"@type\":\"ListItem\",\"position\":2,\"name\":\"Usar o telem\u00f3vel ao volante aumenta quatro vezes o risco de acidente\"}]},{\"@type\":\"WebSite\",\"@id\":\"https:\/\/portaltela.pt\/#website\",\"url\":\"https:\/\/portaltela.pt\/\",\"name\":\"Portal Tela Portugal\",\"description\":\"\",\"potentialAction\":[{\"@type\":\"SearchAction\",\"target\":{\"@type\":\"EntryPoint\",\"urlTemplate\":\"https:\/\/portaltela.pt\/?s={search_term_string}\"},\"query-input\":{\"@type\":\"PropertyValueSpecification\",\"valueRequired\":true,\"valueName\":\"search_term_string\"}}],\"inLanguage\":\"pt-PT\"},{\"@type\":\"Person\",\"@id\":\"https:\/\/portaltela.pt\/#\/schema\/person\/c4278d4a6028830caff9ee44b42d32ed\",\"name\":\"Telinha\",\"image\":{\"@type\":\"ImageObject\",\"inLanguage\":\"pt-PT\",\"@id\":\"https:\/\/portaltela.pt\/s.01k8rhncp4jt1\/2025\/11\/talking-bot-125x125.png\",\"url\":\"https:\/\/portaltela.pt\/s.01k8rhncp4jt1\/2025\/11\/talking-bot-125x125.png\",\"contentUrl\":\"https:\/\/portaltela.pt\/s.01k8rhncp4jt1\/2025\/11\/talking-bot-125x125.png\",\"caption\":\"Telinha\"},\"sameAs\":[\"https:\/\/portaltela.pt\/\"],\"url\":\"https:\/\/portaltela.pt\/por\/367410592786\/\"}]}<\/script>\n<!-- \/ Yoast SEO plugin. -->","yoast_head_json":{"title":"Usar o telem\u00f3vel ao volante aumenta quatro vezes o risco de acidente - Portal Tela Portugal","robots":{"index":"index","follow":"follow","max-snippet":"max-snippet:-1","max-image-preview":"max-image-preview:large","max-video-preview":"max-video-preview:-1"},"og_locale":"pt_PT","og_type":"article","og_title":"Usar o telem\u00f3vel ao volante aumenta quatro vezes o risco de acidente - Portal Tela Portugal","og_description":"Campanha \u201cLigue-se \u00e0 vida, n\u00e3o ao telem\u00f3vel\u201d decorrer\u00e1 nos distritos de Braga, Santar\u00e9m e Aveiro, com a\u00e7\u00f5es de sensibiliza\u00e7\u00e3o da ANSR e fiscaliza\u00e7\u00f5es da GNR e PSP, at\u00e9 2 de mar\u00e7o. Usar o telem\u00f3vel ao volante aumenta o risco de acidente em quatro vezes, com atraso de rea\u00e7\u00e3o superior ao \u00e1lcool 0,8 g\/l. A olhar para o telem\u00f3vel durante 3 segundos a 50 km\/h, percorre-se cerca de 42 metros sem ver a estrada. Entre 1 de janeiro de 2023 e 31 de dezembro de 2025, a distra\u00e7\u00e3o ao volante esteve na origem de 12.215 acidentes. As infra\u00e7\u00f5es implicam coimas de 250 euros a 1.250 euros, perda de tr\u00eas pontos na carta de condu\u00e7\u00e3o e inibi\u00e7\u00e3o de conduzir por 1 a 12 meses.","og_url":"https:\/\/portaltela.pt\/noticias\/2026\/02\/23\/usar-o-telemovel-ao-volante-aumenta-quatro-vezes-o-risco-de-acidente\/","og_site_name":"Portal Tela Portugal","article_published_time":"2026-02-23T09:39:00+00:00","author":"Telinha","twitter_card":"summary_large_image","twitter_misc":{"Escrito por":"Telinha","Tempo estimado de leitura":"1 minuto"},"schema":{"@context":"https:\/\/schema.org","@graph":[{"@type":"Article","@id":"https:\/\/portaltela.pt\/noticias\/2026\/02\/23\/usar-o-telemovel-ao-volante-aumenta-quatro-vezes-o-risco-de-acidente\/#article","isPartOf":{"@id":"https:\/\/portaltela.pt\/noticias\/2026\/02\/23\/usar-o-telemovel-ao-volante-aumenta-quatro-vezes-o-risco-de-acidente\/"},"author":{"name":"Telinha","@id":"https:\/\/portaltela.pt\/#\/schema\/person\/c4278d4a6028830caff9ee44b42d32ed"},"headline":"Usar o telem\u00f3vel ao volante aumenta quatro vezes o risco de acidente","datePublished":"2026-02-23T09:39:00+00:00","mainEntityOfPage":{"@id":"https:\/\/portaltela.pt\/noticias\/2026\/02\/23\/usar-o-telemovel-ao-volante-aumenta-quatro-vezes-o-risco-de-acidente\/"},"wordCount":283,"image":{"@id":"https:\/\/portaltela.pt\/noticias\/2026\/02\/23\/usar-o-telemovel-ao-volante-aumenta-quatro-vezes-o-risco-de-acidente\/#primaryimage"},"thumbnailUrl":"https:\/\/portaltela.pt\/s.01k8rhncp4jt1\/2026\/02\/871fc00d-33e4-4305-a817-511680155ce1_1200x675.jpg","keywords":["Aveiro","Braga","distra\u00e7\u00f5es","fiscaliza\u00e7\u00e3o rodovi\u00e1ria","Santar\u00e9m","telem\u00f3vel"],"articleSection":["Not\u00edcias"],"inLanguage":"pt-PT"},{"@type":"WebPage","@id":"https:\/\/portaltela.pt\/noticias\/2026\/02\/23\/usar-o-telemovel-ao-volante-aumenta-quatro-vezes-o-risco-de-acidente\/","url":"https:\/\/portaltela.pt\/noticias\/2026\/02\/23\/usar-o-telemovel-ao-volante-aumenta-quatro-vezes-o-risco-de-acidente\/","name":"Usar o telem\u00f3vel ao volante aumenta quatro vezes o risco de acidente - Portal Tela Portugal","isPartOf":{"@id":"https:\/\/portaltela.pt\/#website"},"primaryImageOfPage":{"@id":"https:\/\/portaltela.pt\/noticias\/2026\/02\/23\/usar-o-telemovel-ao-volante-aumenta-quatro-vezes-o-risco-de-acidente\/#primaryimage"},"image":{"@id":"https:\/\/portaltela.pt\/noticias\/2026\/02\/23\/usar-o-telemovel-ao-volante-aumenta-quatro-vezes-o-risco-de-acidente\/#primaryimage"},"thumbnailUrl":"https:\/\/portaltela.pt\/s.01k8rhncp4jt1\/2026\/02\/871fc00d-33e4-4305-a817-511680155ce1_1200x675.jpg","datePublished":"2026-02-23T09:39:00+00:00","author":{"@id":"https:\/\/portaltela.pt\/#\/schema\/person\/c4278d4a6028830caff9ee44b42d32ed"},"breadcrumb":{"@id":"https:\/\/portaltela.pt\/noticias\/2026\/02\/23\/usar-o-telemovel-ao-volante-aumenta-quatro-vezes-o-risco-de-acidente\/#breadcrumb"},"inLanguage":"pt-PT","potentialAction":[{"@type":"ReadAction","target":["https:\/\/portaltela.pt\/noticias\/2026\/02\/23\/usar-o-telemovel-ao-volante-aumenta-quatro-vezes-o-risco-de-acidente\/"]}]},{"@type":"ImageObject","inLanguage":"pt-PT","@id":"https:\/\/portaltela.pt\/noticias\/2026\/02\/23\/usar-o-telemovel-ao-volante-aumenta-quatro-vezes-o-risco-de-acidente\/#primaryimage","url":"https:\/\/portaltela.pt\/s.01k8rhncp4jt1\/2026\/02\/871fc00d-33e4-4305-a817-511680155ce1_1200x675.jpg","contentUrl":"https:\/\/portaltela.pt\/s.01k8rhncp4jt1\/2026\/02\/871fc00d-33e4-4305-a817-511680155ce1_1200x675.jpg","width":796,"height":448,"caption":"Campanha vai decorrer nos distritos de Braga, Santar\u00e9m e Aveiro"},{"@type":"BreadcrumbList","@id":"https:\/\/portaltela.pt\/noticias\/2026\/02\/23\/usar-o-telemovel-ao-volante-aumenta-quatro-vezes-o-risco-de-acidente\/#breadcrumb","itemListElement":[{"@type":"ListItem","position":1,"name":"In\u00edcio","item":"https:\/\/portaltela.pt\/"},{"@type":"ListItem","position":2,"name":"Usar o telem\u00f3vel ao volante aumenta quatro vezes o risco de acidente"}]},{"@type":"WebSite","@id":"https:\/\/portaltela.pt\/#website","url":"https:\/\/portaltela.pt\/","name":"Portal Tela Portugal","description":"","potentialAction":[{"@type":"SearchAction","target":{"@type":"EntryPoint","urlTemplate":"https:\/\/portaltela.pt\/?s={search_term_string}"},"query-input":{"@type":"PropertyValueSpecification","valueRequired":true,"valueName":"search_term_string"}}],"inLanguage":"pt-PT"},{"@type":"Person","@id":"https:\/\/portaltela.pt\/#\/schema\/person\/c4278d4a6028830caff9ee44b42d32ed","name":"Telinha","image":{"@type":"ImageObject","inLanguage":"pt-PT","@id":"https:\/\/portaltela.pt\/s.01k8rhncp4jt1\/2025\/11\/talking-bot-125x125.png","url":"https:\/\/portaltela.pt\/s.01k8rhncp4jt1\/2025\/11\/talking-bot-125x125.png","contentUrl":"https:\/\/portaltela.pt\/s.01k8rhncp4jt1\/2025\/11\/talking-bot-125x125.png","caption":"Telinha"},"sameAs":["https:\/\/portaltela.pt\/"],"url":"https:\/\/portaltela.pt\/por\/367410592786\/"}]}},"_links":{"self":[{"href":"https:\/\/portaltela.pt\/api\/wp\/v2\/posts\/222490","targetHints":{"allow":["GET"]}}],"collection":[{"href":"https:\/\/portaltela.pt\/api\/wp\/v2\/posts"}],"about":[{"href":"https:\/\/portaltela.pt\/api\/wp\/v2\/types\/post"}],"author":[{"embeddable":true,"href":"https:\/\/portaltela.pt\/api\/wp\/v2\/users\/2"}],"replies":[{"embeddable":true,"href":"https:\/\/portaltela.pt\/api\/wp\/v2\/comments?post=222490"}],"version-history":[{"count":0,"href":"https:\/\/portaltela.pt\/api\/wp\/v2\/posts\/222490\/revisions"}],"wp:featuredmedia":[{"embeddable":true,"href":"https:\/\/portaltela.pt\/api\/wp\/v2\/media\/222500"}],"wp:attachment":[{"href":"https:\/\/portaltela.pt\/api\/wp\/v2\/media?parent=222490"}],"wp:term":[{"taxonomy":"category","embeddable":true,"href":"https:\/\/portaltela.pt\/api\/wp\/v2\/categories?post=222490"},{"taxonomy":"post_tag","embeddable":true,"href":"https:\/\/portaltela.pt\/api\/wp\/v2\/tags?post=222490"}],"curies":[{"name":"wp","href":"https:\/\/api.w.org\/{rel}","templated":true}]}}