{"id":222479,"date":"2026-02-23T06:28:10","date_gmt":"2026-02-23T09:28:10","guid":{"rendered":"https:\/\/portaltela.pt\/noticias\/2026\/02\/23\/italiano-fica-ferido-apos-confronto-com-elefante-no-parque-nacional-de-maputo\/"},"modified":"2026-02-23T06:28:10","modified_gmt":"2026-02-23T09:28:10","slug":"italiano-fica-ferido-apos-confronto-com-elefante-no-parque-nacional-de-maputo","status":"publish","type":"post","link":"https:\/\/portaltela.pt\/noticias\/2026\/02\/23\/italiano-fica-ferido-apos-confronto-com-elefante-no-parque-nacional-de-maputo\/","title":{"rendered":"Italiano fica ferido ap\u00f3s confronto com elefante no Parque Nacional de Maputo"},"content":{"rendered":"<p>Um cidad\u00e3o italiano de 34 anos ficou ferido ao embater a viatura que conduzia contra um elefante no Parque Nacional de Maputo, sul de Mo\u00e7ambique. O incidente ocorreu na noite de s\u00e1bado, na Estrada Nacional 1 (N1), enquanto o ve\u00edculo seguia em direc\u00e7\u00e3o a Maputo.<\/p>\n<p>Segundo o administrador do parque, o homem seguia da Ponta de Ouro em direc\u00e7\u00e3o \u00e0 capital mo\u00e7ambicana quando houve o contacto com o animal que se encontrava na via. O choque resultou na destrui\u00e7\u00e3o da viatura.<\/p>\n<p>A v\u00edtima foi socorrida para uma cl\u00ednica na cidade de Maputo, onde permanece est\u00e1vel, de acordo com o diretor do parque, Miguel Gon\u00e7alves. O incidente ocorreu dentro do parque, em zona de circula\u00e7\u00e3o de vida selvagem.<\/p>\n<p>A Administra\u00e7\u00e3o Nacional das \u00c1reas de Conserva\u00e7\u00e3o (ANAC) indica que o homem, que ia sozinho na viatura, teve ferimentos graves e que o excesso de velocidade pode ter contribu\u00eddo para o acidente. Este \u00e9 o segundo caso este ano no mesmo tro\u00e7o da N1.<\/p>\n<p>A ANAC reitera que \u00e9 obrigat\u00f3rio observar os limites de velocidade naquela sec\u00e7\u00e3o da N1, devido \u00e0 circula\u00e7\u00e3o de animais. O parque registou, em dados de 2023 do INE, uma popula\u00e7\u00e3o estimada de 9.114 elefantes e 64.800 b\u00fafalos, entre outras esp\u00e9cies de grande porte.<\/p>\n","protected":false},"excerpt":{"rendered":"<ul>\n<li>Um cidad\u00e3o italiano de 34 anos ficou ferido ap\u00f3s a viatura embater contra um elefante no Parque Nacional de Maputo, na N1, na noite de s\u00e1bado.<\/li>\n<li>O condutor foi socorrido para uma cl\u00ednica em Maputo, onde se encontra est\u00e1vel.<\/li>\n<li>A Administra\u00e7\u00e3o Nacional das \u00c1reas de Conserva\u00e7\u00e3o (ANAC) indica que o incidente pode ter sido causado por excesso de velocidade, j\u00e1 que o homem viajava sozinho.<\/li>\n<li>Este \u00e9 o segundo caso este ano de embate com elefante na N1 dentro do tro\u00e7o do parque; o primeiro ocorreu fora do tro\u00e7o de 8 quil\u00f3metros, em dire\u00e7\u00e3o a Ponta de Ouro.<\/li>\n<li>A ANAC refor\u00e7a a necessidade de cumprir os limites de velocidade naquela zona, dada a circula\u00e7\u00e3o de animais.<\/li>\n<\/ul>\n","protected":false},"author":2,"featured_media":222481,"comment_status":"closed","ping_status":"closed","sticky":false,"template":"","format":"standard","meta":{"footnotes":""},"categories":[1],"tags":[4169,3091,1083,2506,1911,3476],"class_list":["post-222479","post","type-post","status-publish","format-standard","has-post-thumbnail","hentry","category-noticias","tag-acidente-rodoviario","tag-animais","tag-estradas","tag-maputo","tag-mocambique","tag-vida-selvagem"],"yoast_head":"<!-- This site is optimized with the Yoast SEO plugin v27.2 - https:\/\/yoast.com\/product\/yoast-seo-wordpress\/ -->\n<title>Italiano fica ferido ap\u00f3s confronto com elefante no Parque Nacional de Maputo - Portal Tela Portugal<\/title>\n<meta name=\"robots\" content=\"index, follow, max-snippet:-1, max-image-preview:large, max-video-preview:-1\" \/>\n<meta property=\"og:locale\" content=\"pt_PT\" \/>\n<meta property=\"og:type\" content=\"article\" \/>\n<meta property=\"og:title\" content=\"Italiano fica ferido ap\u00f3s confronto com elefante no Parque Nacional de Maputo - Portal Tela Portugal\" \/>\n<meta property=\"og:description\" content=\"Um cidad\u00e3o italiano de 34 anos ficou ferido ap\u00f3s a viatura embater contra um elefante no Parque Nacional de Maputo, na N1, na noite de s\u00e1bado. O condutor foi socorrido para uma cl\u00ednica em Maputo, onde se encontra est\u00e1vel. A Administra\u00e7\u00e3o Nacional das \u00c1reas de Conserva\u00e7\u00e3o (ANAC) indica que o incidente pode ter sido causado por excesso de velocidade, j\u00e1 que o homem viajava sozinho. Este \u00e9 o segundo caso este ano de embate com elefante na N1 dentro do tro\u00e7o do parque; o primeiro ocorreu fora do tro\u00e7o de 8 quil\u00f3metros, em dire\u00e7\u00e3o a Ponta de Ouro. A ANAC refor\u00e7a a necessidade de cumprir os limites de velocidade naquela zona, dada a circula\u00e7\u00e3o de animais.\" \/>\n<meta property=\"og:url\" content=\"https:\/\/portaltela.pt\/noticias\/2026\/02\/23\/italiano-fica-ferido-apos-confronto-com-elefante-no-parque-nacional-de-maputo\/\" \/>\n<meta property=\"og:site_name\" content=\"Portal Tela Portugal\" \/>\n<meta property=\"article:published_time\" content=\"2026-02-23T09:28:10+00:00\" \/>\n<meta name=\"author\" content=\"Telinha\" \/>\n<meta name=\"twitter:card\" content=\"summary_large_image\" \/>\n<meta name=\"twitter:label1\" content=\"Escrito por\" \/>\n\t<meta name=\"twitter:data1\" content=\"Telinha\" \/>\n\t<meta name=\"twitter:label2\" content=\"Tempo estimado de leitura\" \/>\n\t<meta name=\"twitter:data2\" content=\"1 minuto\" \/>\n<script type=\"application\/ld+json\" class=\"yoast-schema-graph\">{\"@context\":\"https:\/\/schema.org\",\"@graph\":[{\"@type\":\"Article\",\"@id\":\"https:\/\/portaltela.pt\/noticias\/2026\/02\/23\/italiano-fica-ferido-apos-confronto-com-elefante-no-parque-nacional-de-maputo\/#article\",\"isPartOf\":{\"@id\":\"https:\/\/portaltela.pt\/noticias\/2026\/02\/23\/italiano-fica-ferido-apos-confronto-com-elefante-no-parque-nacional-de-maputo\/\"},\"author\":{\"name\":\"Telinha\",\"@id\":\"https:\/\/portaltela.pt\/#\/schema\/person\/c4278d4a6028830caff9ee44b42d32ed\"},\"headline\":\"Italiano fica ferido ap\u00f3s confronto com elefante no Parque Nacional de Maputo\",\"datePublished\":\"2026-02-23T09:28:10+00:00\",\"mainEntityOfPage\":{\"@id\":\"https:\/\/portaltela.pt\/noticias\/2026\/02\/23\/italiano-fica-ferido-apos-confronto-com-elefante-no-parque-nacional-de-maputo\/\"},\"wordCount\":232,\"image\":{\"@id\":\"https:\/\/portaltela.pt\/noticias\/2026\/02\/23\/italiano-fica-ferido-apos-confronto-com-elefante-no-parque-nacional-de-maputo\/#primaryimage\"},\"thumbnailUrl\":\"https:\/\/portaltela.pt\/s.01k8rhncp4jt1\/2026\/02\/img_1500x1000uu2025-11-09-10-22-51-2246970.jpg\",\"keywords\":[\"acidente rodovi\u00e1rio\",\"animais\",\"estradas\",\"Maputo\",\"Mo\u00e7ambique\",\"vida selvagem\"],\"articleSection\":[\"Not\u00edcias\"],\"inLanguage\":\"pt-PT\"},{\"@type\":\"WebPage\",\"@id\":\"https:\/\/portaltela.pt\/noticias\/2026\/02\/23\/italiano-fica-ferido-apos-confronto-com-elefante-no-parque-nacional-de-maputo\/\",\"url\":\"https:\/\/portaltela.pt\/noticias\/2026\/02\/23\/italiano-fica-ferido-apos-confronto-com-elefante-no-parque-nacional-de-maputo\/\",\"name\":\"Italiano fica ferido ap\u00f3s confronto com elefante no Parque Nacional de Maputo - Portal Tela Portugal\",\"isPartOf\":{\"@id\":\"https:\/\/portaltela.pt\/#website\"},\"primaryImageOfPage\":{\"@id\":\"https:\/\/portaltela.pt\/noticias\/2026\/02\/23\/italiano-fica-ferido-apos-confronto-com-elefante-no-parque-nacional-de-maputo\/#primaryimage\"},\"image\":{\"@id\":\"https:\/\/portaltela.pt\/noticias\/2026\/02\/23\/italiano-fica-ferido-apos-confronto-com-elefante-no-parque-nacional-de-maputo\/#primaryimage\"},\"thumbnailUrl\":\"https:\/\/portaltela.pt\/s.01k8rhncp4jt1\/2026\/02\/img_1500x1000uu2025-11-09-10-22-51-2246970.jpg\",\"datePublished\":\"2026-02-23T09:28:10+00:00\",\"author\":{\"@id\":\"https:\/\/portaltela.pt\/#\/schema\/person\/c4278d4a6028830caff9ee44b42d32ed\"},\"breadcrumb\":{\"@id\":\"https:\/\/portaltela.pt\/noticias\/2026\/02\/23\/italiano-fica-ferido-apos-confronto-com-elefante-no-parque-nacional-de-maputo\/#breadcrumb\"},\"inLanguage\":\"pt-PT\",\"potentialAction\":[{\"@type\":\"ReadAction\",\"target\":[\"https:\/\/portaltela.pt\/noticias\/2026\/02\/23\/italiano-fica-ferido-apos-confronto-com-elefante-no-parque-nacional-de-maputo\/\"]}]},{\"@type\":\"ImageObject\",\"inLanguage\":\"pt-PT\",\"@id\":\"https:\/\/portaltela.pt\/noticias\/2026\/02\/23\/italiano-fica-ferido-apos-confronto-com-elefante-no-parque-nacional-de-maputo\/#primaryimage\",\"url\":\"https:\/\/portaltela.pt\/s.01k8rhncp4jt1\/2026\/02\/img_1500x1000uu2025-11-09-10-22-51-2246970.jpg\",\"contentUrl\":\"https:\/\/portaltela.pt\/s.01k8rhncp4jt1\/2026\/02\/img_1500x1000uu2025-11-09-10-22-51-2246970.jpg\",\"width\":796,\"height\":448,\"caption\":\"Italiano ferido ap\u00f3s embate contra elefante no parque Nacional de Maputo\"},{\"@type\":\"BreadcrumbList\",\"@id\":\"https:\/\/portaltela.pt\/noticias\/2026\/02\/23\/italiano-fica-ferido-apos-confronto-com-elefante-no-parque-nacional-de-maputo\/#breadcrumb\",\"itemListElement\":[{\"@type\":\"ListItem\",\"position\":1,\"name\":\"In\u00edcio\",\"item\":\"https:\/\/portaltela.pt\/\"},{\"@type\":\"ListItem\",\"position\":2,\"name\":\"Italiano fica ferido ap\u00f3s confronto com elefante no Parque Nacional de Maputo\"}]},{\"@type\":\"WebSite\",\"@id\":\"https:\/\/portaltela.pt\/#website\",\"url\":\"https:\/\/portaltela.pt\/\",\"name\":\"Portal Tela Portugal\",\"description\":\"\",\"potentialAction\":[{\"@type\":\"SearchAction\",\"target\":{\"@type\":\"EntryPoint\",\"urlTemplate\":\"https:\/\/portaltela.pt\/?s={search_term_string}\"},\"query-input\":{\"@type\":\"PropertyValueSpecification\",\"valueRequired\":true,\"valueName\":\"search_term_string\"}}],\"inLanguage\":\"pt-PT\"},{\"@type\":\"Person\",\"@id\":\"https:\/\/portaltela.pt\/#\/schema\/person\/c4278d4a6028830caff9ee44b42d32ed\",\"name\":\"Telinha\",\"image\":{\"@type\":\"ImageObject\",\"inLanguage\":\"pt-PT\",\"@id\":\"https:\/\/portaltela.pt\/s.01k8rhncp4jt1\/2025\/11\/talking-bot-125x125.png\",\"url\":\"https:\/\/portaltela.pt\/s.01k8rhncp4jt1\/2025\/11\/talking-bot-125x125.png\",\"contentUrl\":\"https:\/\/portaltela.pt\/s.01k8rhncp4jt1\/2025\/11\/talking-bot-125x125.png\",\"caption\":\"Telinha\"},\"sameAs\":[\"https:\/\/portaltela.pt\/\"],\"url\":\"https:\/\/portaltela.pt\/por\/367410592786\/\"}]}<\/script>\n<!-- \/ Yoast SEO plugin. -->","yoast_head_json":{"title":"Italiano fica ferido ap\u00f3s confronto com elefante no Parque Nacional de Maputo - Portal Tela Portugal","robots":{"index":"index","follow":"follow","max-snippet":"max-snippet:-1","max-image-preview":"max-image-preview:large","max-video-preview":"max-video-preview:-1"},"og_locale":"pt_PT","og_type":"article","og_title":"Italiano fica ferido ap\u00f3s confronto com elefante no Parque Nacional de Maputo - Portal Tela Portugal","og_description":"Um cidad\u00e3o italiano de 34 anos ficou ferido ap\u00f3s a viatura embater contra um elefante no Parque Nacional de Maputo, na N1, na noite de s\u00e1bado. O condutor foi socorrido para uma cl\u00ednica em Maputo, onde se encontra est\u00e1vel. A Administra\u00e7\u00e3o Nacional das \u00c1reas de Conserva\u00e7\u00e3o (ANAC) indica que o incidente pode ter sido causado por excesso de velocidade, j\u00e1 que o homem viajava sozinho. Este \u00e9 o segundo caso este ano de embate com elefante na N1 dentro do tro\u00e7o do parque; o primeiro ocorreu fora do tro\u00e7o de 8 quil\u00f3metros, em dire\u00e7\u00e3o a Ponta de Ouro. A ANAC refor\u00e7a a necessidade de cumprir os limites de velocidade naquela zona, dada a circula\u00e7\u00e3o de animais.","og_url":"https:\/\/portaltela.pt\/noticias\/2026\/02\/23\/italiano-fica-ferido-apos-confronto-com-elefante-no-parque-nacional-de-maputo\/","og_site_name":"Portal Tela Portugal","article_published_time":"2026-02-23T09:28:10+00:00","author":"Telinha","twitter_card":"summary_large_image","twitter_misc":{"Escrito por":"Telinha","Tempo estimado de leitura":"1 minuto"},"schema":{"@context":"https:\/\/schema.org","@graph":[{"@type":"Article","@id":"https:\/\/portaltela.pt\/noticias\/2026\/02\/23\/italiano-fica-ferido-apos-confronto-com-elefante-no-parque-nacional-de-maputo\/#article","isPartOf":{"@id":"https:\/\/portaltela.pt\/noticias\/2026\/02\/23\/italiano-fica-ferido-apos-confronto-com-elefante-no-parque-nacional-de-maputo\/"},"author":{"name":"Telinha","@id":"https:\/\/portaltela.pt\/#\/schema\/person\/c4278d4a6028830caff9ee44b42d32ed"},"headline":"Italiano fica ferido ap\u00f3s confronto com elefante no Parque Nacional de Maputo","datePublished":"2026-02-23T09:28:10+00:00","mainEntityOfPage":{"@id":"https:\/\/portaltela.pt\/noticias\/2026\/02\/23\/italiano-fica-ferido-apos-confronto-com-elefante-no-parque-nacional-de-maputo\/"},"wordCount":232,"image":{"@id":"https:\/\/portaltela.pt\/noticias\/2026\/02\/23\/italiano-fica-ferido-apos-confronto-com-elefante-no-parque-nacional-de-maputo\/#primaryimage"},"thumbnailUrl":"https:\/\/portaltela.pt\/s.01k8rhncp4jt1\/2026\/02\/img_1500x1000uu2025-11-09-10-22-51-2246970.jpg","keywords":["acidente rodovi\u00e1rio","animais","estradas","Maputo","Mo\u00e7ambique","vida selvagem"],"articleSection":["Not\u00edcias"],"inLanguage":"pt-PT"},{"@type":"WebPage","@id":"https:\/\/portaltela.pt\/noticias\/2026\/02\/23\/italiano-fica-ferido-apos-confronto-com-elefante-no-parque-nacional-de-maputo\/","url":"https:\/\/portaltela.pt\/noticias\/2026\/02\/23\/italiano-fica-ferido-apos-confronto-com-elefante-no-parque-nacional-de-maputo\/","name":"Italiano fica ferido ap\u00f3s confronto com elefante no Parque Nacional de Maputo - Portal Tela Portugal","isPartOf":{"@id":"https:\/\/portaltela.pt\/#website"},"primaryImageOfPage":{"@id":"https:\/\/portaltela.pt\/noticias\/2026\/02\/23\/italiano-fica-ferido-apos-confronto-com-elefante-no-parque-nacional-de-maputo\/#primaryimage"},"image":{"@id":"https:\/\/portaltela.pt\/noticias\/2026\/02\/23\/italiano-fica-ferido-apos-confronto-com-elefante-no-parque-nacional-de-maputo\/#primaryimage"},"thumbnailUrl":"https:\/\/portaltela.pt\/s.01k8rhncp4jt1\/2026\/02\/img_1500x1000uu2025-11-09-10-22-51-2246970.jpg","datePublished":"2026-02-23T09:28:10+00:00","author":{"@id":"https:\/\/portaltela.pt\/#\/schema\/person\/c4278d4a6028830caff9ee44b42d32ed"},"breadcrumb":{"@id":"https:\/\/portaltela.pt\/noticias\/2026\/02\/23\/italiano-fica-ferido-apos-confronto-com-elefante-no-parque-nacional-de-maputo\/#breadcrumb"},"inLanguage":"pt-PT","potentialAction":[{"@type":"ReadAction","target":["https:\/\/portaltela.pt\/noticias\/2026\/02\/23\/italiano-fica-ferido-apos-confronto-com-elefante-no-parque-nacional-de-maputo\/"]}]},{"@type":"ImageObject","inLanguage":"pt-PT","@id":"https:\/\/portaltela.pt\/noticias\/2026\/02\/23\/italiano-fica-ferido-apos-confronto-com-elefante-no-parque-nacional-de-maputo\/#primaryimage","url":"https:\/\/portaltela.pt\/s.01k8rhncp4jt1\/2026\/02\/img_1500x1000uu2025-11-09-10-22-51-2246970.jpg","contentUrl":"https:\/\/portaltela.pt\/s.01k8rhncp4jt1\/2026\/02\/img_1500x1000uu2025-11-09-10-22-51-2246970.jpg","width":796,"height":448,"caption":"Italiano ferido ap\u00f3s embate contra elefante no parque Nacional de Maputo"},{"@type":"BreadcrumbList","@id":"https:\/\/portaltela.pt\/noticias\/2026\/02\/23\/italiano-fica-ferido-apos-confronto-com-elefante-no-parque-nacional-de-maputo\/#breadcrumb","itemListElement":[{"@type":"ListItem","position":1,"name":"In\u00edcio","item":"https:\/\/portaltela.pt\/"},{"@type":"ListItem","position":2,"name":"Italiano fica ferido ap\u00f3s confronto com elefante no Parque Nacional de Maputo"}]},{"@type":"WebSite","@id":"https:\/\/portaltela.pt\/#website","url":"https:\/\/portaltela.pt\/","name":"Portal Tela Portugal","description":"","potentialAction":[{"@type":"SearchAction","target":{"@type":"EntryPoint","urlTemplate":"https:\/\/portaltela.pt\/?s={search_term_string}"},"query-input":{"@type":"PropertyValueSpecification","valueRequired":true,"valueName":"search_term_string"}}],"inLanguage":"pt-PT"},{"@type":"Person","@id":"https:\/\/portaltela.pt\/#\/schema\/person\/c4278d4a6028830caff9ee44b42d32ed","name":"Telinha","image":{"@type":"ImageObject","inLanguage":"pt-PT","@id":"https:\/\/portaltela.pt\/s.01k8rhncp4jt1\/2025\/11\/talking-bot-125x125.png","url":"https:\/\/portaltela.pt\/s.01k8rhncp4jt1\/2025\/11\/talking-bot-125x125.png","contentUrl":"https:\/\/portaltela.pt\/s.01k8rhncp4jt1\/2025\/11\/talking-bot-125x125.png","caption":"Telinha"},"sameAs":["https:\/\/portaltela.pt\/"],"url":"https:\/\/portaltela.pt\/por\/367410592786\/"}]}},"_links":{"self":[{"href":"https:\/\/portaltela.pt\/api\/wp\/v2\/posts\/222479","targetHints":{"allow":["GET"]}}],"collection":[{"href":"https:\/\/portaltela.pt\/api\/wp\/v2\/posts"}],"about":[{"href":"https:\/\/portaltela.pt\/api\/wp\/v2\/types\/post"}],"author":[{"embeddable":true,"href":"https:\/\/portaltela.pt\/api\/wp\/v2\/users\/2"}],"replies":[{"embeddable":true,"href":"https:\/\/portaltela.pt\/api\/wp\/v2\/comments?post=222479"}],"version-history":[{"count":0,"href":"https:\/\/portaltela.pt\/api\/wp\/v2\/posts\/222479\/revisions"}],"wp:featuredmedia":[{"embeddable":true,"href":"https:\/\/portaltela.pt\/api\/wp\/v2\/media\/222481"}],"wp:attachment":[{"href":"https:\/\/portaltela.pt\/api\/wp\/v2\/media?parent=222479"}],"wp:term":[{"taxonomy":"category","embeddable":true,"href":"https:\/\/portaltela.pt\/api\/wp\/v2\/categories?post=222479"},{"taxonomy":"post_tag","embeddable":true,"href":"https:\/\/portaltela.pt\/api\/wp\/v2\/tags?post=222479"}],"curies":[{"name":"wp","href":"https:\/\/api.w.org\/{rel}","templated":true}]}}