{"id":222457,"date":"2026-02-23T06:02:00","date_gmt":"2026-02-23T09:02:00","guid":{"rendered":"https:\/\/portaltela.pt\/noticias\/2026\/02\/23\/uso-do-telemovel-na-conducao-provocou-mais-de-12-mil-acidentes-em-tres-anos\/"},"modified":"2026-02-23T06:02:00","modified_gmt":"2026-02-23T09:02:00","slug":"uso-do-telemovel-na-conducao-provocou-mais-de-12-mil-acidentes-em-tres-anos","status":"publish","type":"post","link":"https:\/\/portaltela.pt\/noticias\/2026\/02\/23\/uso-do-telemovel-na-conducao-provocou-mais-de-12-mil-acidentes-em-tres-anos\/","title":{"rendered":"Uso do telem\u00f3vel na condu\u00e7\u00e3o provocou mais de 12 mil acidentes em tr\u00eas anos"},"content":{"rendered":"<p>A utiliza\u00e7\u00e3o do telem\u00f3vel ao volante est\u00e1 ligada a mais de 12 mil acidentes entre in\u00edcio de 2023 e final de 2025, quando se comprovou que pelo menos um condutor circulava distra\u00eddo. A PSP avisa que as coimas variam entre 250 e 1250 euros.<\/p>\n<p>A Pol\u00edcia de Seguran\u00e7a P\u00fablica relembra que olhar para o telem\u00f3vel durante tr\u00eas segundos equivale a percorrer cerca de 42 metros sem ver a estrada. A a\u00e7\u00e3o aumenta o risco de acidente em quatro vezes e pode atrasar a rea\u00e7\u00e3o em situa\u00e7\u00f5es imprevistas.<\/p>\n<p>A campanha Ligue-se \u00e0 vida &#8211; n\u00e3o ao telem\u00f3vel decorre at\u00e9 2 de mar\u00e7o. Al\u00e9m das coimas, est\u00e1 prevista a perda de tr\u00eas pontos na carta de condu\u00e7\u00e3o e a inibi\u00e7\u00e3o de conduzir por um a 12 meses.<\/p>\n<p>A PSP refor\u00e7a que a condu\u00e7\u00e3o distra\u00edda coloca em risco a pr\u00f3pria vida e a de terceiros, e que a gravidade aumenta com a velocidade. A 50 km\/h, o olhar para o telem\u00f3vel por tr\u00eas segundos resulta em cerca de 42 metros de dist\u00e2ncia sem observar a via.<\/p>\n<p>Numa tentativa de reduzir o risco, a PSP anuncia a\u00e7\u00f5es de sensibiliza\u00e7\u00e3o em todo o territ\u00f3rio, acompanhadas por fiscaliza\u00e7\u00f5es conjuntas com a GNR. O foco ser\u00e1 nas vias de maior intensidade de tr\u00e1fego para fomentar comportamentos mais seguros.<\/p>\n<p>O esfor\u00e7o visa informar os condutores sobre as consequ\u00eancias legais e pr\u00e1ticas da distrac\u00e7\u00e3o, refor\u00e7ando regras de seguran\u00e7a rodovi\u00e1ria sem induzir julgamentos. As autoridades ressaltam que a preven\u00e7\u00e3o depende da ades\u00e3o individual.<\/p>\n","protected":false},"excerpt":{"rendered":"<ul>\n<li>O uso do telem\u00f3vel ao volante esteve na origem de 12.215 acidentes entre in\u00edcio de 2023 e fim de 2025, em que pelo menos um condutor circulava distra\u00eddo.<\/li>\n<li>Olhar para o telem\u00f3vel durante tr\u00eas segundos equivale a percorrer cerca de 42 metros sem ver a estrada; coimas variam entre 250 e 1.250 euros, com perda de tr\u00eas pontos na carta e inibi\u00e7\u00e3o de conduzir entre um e doze meses.<\/li>\n<li>A campanha \u201cLigue-se \u00e0 vida &#8211; n\u00e3o ao telem\u00f3vel\u201d decorre at\u00e9 2 de mar\u00e7o, com a\u00e7\u00f5es de sensibiliza\u00e7\u00e3o e fiscaliza\u00e7\u00e3o em parceria com a GNR, especialmente em vias de maior intensidade de tr\u00e1fego.<\/li>\n<li>O risco de acidente aumenta quatro vezes com o uso do telem\u00f3vel ao volante, com atraso na rea\u00e7\u00e3o superior ao valor de refer\u00eancia de uma taxa de \u00e1lcool no sangue de 0,8 g\/L.<\/li>\n<li>Al\u00e9m das coimas, a PSP promove a\u00e7\u00f5es de sensibiliza\u00e7\u00e3o no territ\u00f3rio nacional e fiscaliza\u00e7\u00e3o adicional para reduzir este tipo de conduta.<\/li>\n<\/ul>\n","protected":false},"author":2,"featured_media":222459,"comment_status":"closed","ping_status":"closed","sticky":false,"template":"","format":"standard","meta":{"footnotes":""},"categories":[1],"tags":[2335,5423,1692,1014,2761,2267],"class_list":["post-222457","post","type-post","status-publish","format-standard","has-post-thumbnail","hentry","category-noticias","tag-acidentes-rodoviarios","tag-condutores","tag-fiscalizacao-de-transito","tag-portugal","tag-seguranca-rodoviaria","tag-uso-de-telemovel"],"yoast_head":"<!-- This site is optimized with the Yoast SEO plugin v27.2 - https:\/\/yoast.com\/product\/yoast-seo-wordpress\/ -->\n<title>Uso do telem\u00f3vel na condu\u00e7\u00e3o provocou mais de 12 mil acidentes em tr\u00eas anos - Portal Tela Portugal<\/title>\n<meta name=\"robots\" content=\"index, follow, max-snippet:-1, max-image-preview:large, max-video-preview:-1\" \/>\n<meta property=\"og:locale\" content=\"pt_PT\" \/>\n<meta property=\"og:type\" content=\"article\" \/>\n<meta property=\"og:title\" content=\"Uso do telem\u00f3vel na condu\u00e7\u00e3o provocou mais de 12 mil acidentes em tr\u00eas anos - Portal Tela Portugal\" \/>\n<meta property=\"og:description\" content=\"O uso do telem\u00f3vel ao volante esteve na origem de 12.215 acidentes entre in\u00edcio de 2023 e fim de 2025, em que pelo menos um condutor circulava distra\u00eddo. Olhar para o telem\u00f3vel durante tr\u00eas segundos equivale a percorrer cerca de 42 metros sem ver a estrada; coimas variam entre 250 e 1.250 euros, com perda de tr\u00eas pontos na carta e inibi\u00e7\u00e3o de conduzir entre um e doze meses. A campanha \u201cLigue-se \u00e0 vida - n\u00e3o ao telem\u00f3vel\u201d decorre at\u00e9 2 de mar\u00e7o, com a\u00e7\u00f5es de sensibiliza\u00e7\u00e3o e fiscaliza\u00e7\u00e3o em parceria com a GNR, especialmente em vias de maior intensidade de tr\u00e1fego. O risco de acidente aumenta quatro vezes com o uso do telem\u00f3vel ao volante, com atraso na rea\u00e7\u00e3o superior ao valor de refer\u00eancia de uma taxa de \u00e1lcool no sangue de 0,8 g\/L. Al\u00e9m das coimas, a PSP promove a\u00e7\u00f5es de sensibiliza\u00e7\u00e3o no territ\u00f3rio nacional e fiscaliza\u00e7\u00e3o adicional para reduzir este tipo de conduta.\" \/>\n<meta property=\"og:url\" content=\"https:\/\/portaltela.pt\/noticias\/2026\/02\/23\/uso-do-telemovel-na-conducao-provocou-mais-de-12-mil-acidentes-em-tres-anos\/\" \/>\n<meta property=\"og:site_name\" content=\"Portal Tela Portugal\" \/>\n<meta property=\"article:published_time\" content=\"2026-02-23T09:02:00+00:00\" \/>\n<meta name=\"author\" content=\"Telinha\" \/>\n<meta name=\"twitter:card\" content=\"summary_large_image\" \/>\n<meta name=\"twitter:label1\" content=\"Escrito por\" \/>\n\t<meta name=\"twitter:data1\" content=\"Telinha\" \/>\n\t<meta name=\"twitter:label2\" content=\"Tempo estimado de leitura\" \/>\n\t<meta name=\"twitter:data2\" content=\"1 minuto\" \/>\n<script type=\"application\/ld+json\" class=\"yoast-schema-graph\">{\"@context\":\"https:\/\/schema.org\",\"@graph\":[{\"@type\":\"Article\",\"@id\":\"https:\/\/portaltela.pt\/noticias\/2026\/02\/23\/uso-do-telemovel-na-conducao-provocou-mais-de-12-mil-acidentes-em-tres-anos\/#article\",\"isPartOf\":{\"@id\":\"https:\/\/portaltela.pt\/noticias\/2026\/02\/23\/uso-do-telemovel-na-conducao-provocou-mais-de-12-mil-acidentes-em-tres-anos\/\"},\"author\":{\"name\":\"Telinha\",\"@id\":\"https:\/\/portaltela.pt\/#\/schema\/person\/c4278d4a6028830caff9ee44b42d32ed\"},\"headline\":\"Uso do telem\u00f3vel na condu\u00e7\u00e3o provocou mais de 12 mil acidentes em tr\u00eas anos\",\"datePublished\":\"2026-02-23T09:02:00+00:00\",\"mainEntityOfPage\":{\"@id\":\"https:\/\/portaltela.pt\/noticias\/2026\/02\/23\/uso-do-telemovel-na-conducao-provocou-mais-de-12-mil-acidentes-em-tres-anos\/\"},\"wordCount\":289,\"image\":{\"@id\":\"https:\/\/portaltela.pt\/noticias\/2026\/02\/23\/uso-do-telemovel-na-conducao-provocou-mais-de-12-mil-acidentes-em-tres-anos\/#primaryimage\"},\"thumbnailUrl\":\"https:\/\/portaltela.pt\/s.01k8rhncp4jt1\/2026\/02\/2069077.jpg\",\"keywords\":[\"acidentes rodovi\u00e1rios\",\"condutores\",\"fiscaliza\u00e7\u00e3o de tr\u00e2nsito\",\"Portugal\",\"seguran\u00e7a rodovi\u00e1ria\",\"uso de telem\u00f3vel\"],\"articleSection\":[\"Not\u00edcias\"],\"inLanguage\":\"pt-PT\"},{\"@type\":\"WebPage\",\"@id\":\"https:\/\/portaltela.pt\/noticias\/2026\/02\/23\/uso-do-telemovel-na-conducao-provocou-mais-de-12-mil-acidentes-em-tres-anos\/\",\"url\":\"https:\/\/portaltela.pt\/noticias\/2026\/02\/23\/uso-do-telemovel-na-conducao-provocou-mais-de-12-mil-acidentes-em-tres-anos\/\",\"name\":\"Uso do telem\u00f3vel na condu\u00e7\u00e3o provocou mais de 12 mil acidentes em tr\u00eas anos - Portal Tela Portugal\",\"isPartOf\":{\"@id\":\"https:\/\/portaltela.pt\/#website\"},\"primaryImageOfPage\":{\"@id\":\"https:\/\/portaltela.pt\/noticias\/2026\/02\/23\/uso-do-telemovel-na-conducao-provocou-mais-de-12-mil-acidentes-em-tres-anos\/#primaryimage\"},\"image\":{\"@id\":\"https:\/\/portaltela.pt\/noticias\/2026\/02\/23\/uso-do-telemovel-na-conducao-provocou-mais-de-12-mil-acidentes-em-tres-anos\/#primaryimage\"},\"thumbnailUrl\":\"https:\/\/portaltela.pt\/s.01k8rhncp4jt1\/2026\/02\/2069077.jpg\",\"datePublished\":\"2026-02-23T09:02:00+00:00\",\"author\":{\"@id\":\"https:\/\/portaltela.pt\/#\/schema\/person\/c4278d4a6028830caff9ee44b42d32ed\"},\"breadcrumb\":{\"@id\":\"https:\/\/portaltela.pt\/noticias\/2026\/02\/23\/uso-do-telemovel-na-conducao-provocou-mais-de-12-mil-acidentes-em-tres-anos\/#breadcrumb\"},\"inLanguage\":\"pt-PT\",\"potentialAction\":[{\"@type\":\"ReadAction\",\"target\":[\"https:\/\/portaltela.pt\/noticias\/2026\/02\/23\/uso-do-telemovel-na-conducao-provocou-mais-de-12-mil-acidentes-em-tres-anos\/\"]}]},{\"@type\":\"ImageObject\",\"inLanguage\":\"pt-PT\",\"@id\":\"https:\/\/portaltela.pt\/noticias\/2026\/02\/23\/uso-do-telemovel-na-conducao-provocou-mais-de-12-mil-acidentes-em-tres-anos\/#primaryimage\",\"url\":\"https:\/\/portaltela.pt\/s.01k8rhncp4jt1\/2026\/02\/2069077.jpg\",\"contentUrl\":\"https:\/\/portaltela.pt\/s.01k8rhncp4jt1\/2026\/02\/2069077.jpg\",\"width\":796,\"height\":448,\"caption\":\"Campanha contra o uso do telem\u00f3vel ao volante decorre at\u00e9 ao dia 2 de Mar\u00e7o\"},{\"@type\":\"BreadcrumbList\",\"@id\":\"https:\/\/portaltela.pt\/noticias\/2026\/02\/23\/uso-do-telemovel-na-conducao-provocou-mais-de-12-mil-acidentes-em-tres-anos\/#breadcrumb\",\"itemListElement\":[{\"@type\":\"ListItem\",\"position\":1,\"name\":\"In\u00edcio\",\"item\":\"https:\/\/portaltela.pt\/\"},{\"@type\":\"ListItem\",\"position\":2,\"name\":\"Uso do telem\u00f3vel na condu\u00e7\u00e3o provocou mais de 12 mil acidentes em tr\u00eas anos\"}]},{\"@type\":\"WebSite\",\"@id\":\"https:\/\/portaltela.pt\/#website\",\"url\":\"https:\/\/portaltela.pt\/\",\"name\":\"Portal Tela Portugal\",\"description\":\"\",\"potentialAction\":[{\"@type\":\"SearchAction\",\"target\":{\"@type\":\"EntryPoint\",\"urlTemplate\":\"https:\/\/portaltela.pt\/?s={search_term_string}\"},\"query-input\":{\"@type\":\"PropertyValueSpecification\",\"valueRequired\":true,\"valueName\":\"search_term_string\"}}],\"inLanguage\":\"pt-PT\"},{\"@type\":\"Person\",\"@id\":\"https:\/\/portaltela.pt\/#\/schema\/person\/c4278d4a6028830caff9ee44b42d32ed\",\"name\":\"Telinha\",\"image\":{\"@type\":\"ImageObject\",\"inLanguage\":\"pt-PT\",\"@id\":\"https:\/\/portaltela.pt\/s.01k8rhncp4jt1\/2025\/11\/talking-bot-125x125.png\",\"url\":\"https:\/\/portaltela.pt\/s.01k8rhncp4jt1\/2025\/11\/talking-bot-125x125.png\",\"contentUrl\":\"https:\/\/portaltela.pt\/s.01k8rhncp4jt1\/2025\/11\/talking-bot-125x125.png\",\"caption\":\"Telinha\"},\"sameAs\":[\"https:\/\/portaltela.pt\/\"],\"url\":\"https:\/\/portaltela.pt\/por\/367410592786\/\"}]}<\/script>\n<!-- \/ Yoast SEO plugin. -->","yoast_head_json":{"title":"Uso do telem\u00f3vel na condu\u00e7\u00e3o provocou mais de 12 mil acidentes em tr\u00eas anos - Portal Tela Portugal","robots":{"index":"index","follow":"follow","max-snippet":"max-snippet:-1","max-image-preview":"max-image-preview:large","max-video-preview":"max-video-preview:-1"},"og_locale":"pt_PT","og_type":"article","og_title":"Uso do telem\u00f3vel na condu\u00e7\u00e3o provocou mais de 12 mil acidentes em tr\u00eas anos - Portal Tela Portugal","og_description":"O uso do telem\u00f3vel ao volante esteve na origem de 12.215 acidentes entre in\u00edcio de 2023 e fim de 2025, em que pelo menos um condutor circulava distra\u00eddo. Olhar para o telem\u00f3vel durante tr\u00eas segundos equivale a percorrer cerca de 42 metros sem ver a estrada; coimas variam entre 250 e 1.250 euros, com perda de tr\u00eas pontos na carta e inibi\u00e7\u00e3o de conduzir entre um e doze meses. A campanha \u201cLigue-se \u00e0 vida - n\u00e3o ao telem\u00f3vel\u201d decorre at\u00e9 2 de mar\u00e7o, com a\u00e7\u00f5es de sensibiliza\u00e7\u00e3o e fiscaliza\u00e7\u00e3o em parceria com a GNR, especialmente em vias de maior intensidade de tr\u00e1fego. O risco de acidente aumenta quatro vezes com o uso do telem\u00f3vel ao volante, com atraso na rea\u00e7\u00e3o superior ao valor de refer\u00eancia de uma taxa de \u00e1lcool no sangue de 0,8 g\/L. Al\u00e9m das coimas, a PSP promove a\u00e7\u00f5es de sensibiliza\u00e7\u00e3o no territ\u00f3rio nacional e fiscaliza\u00e7\u00e3o adicional para reduzir este tipo de conduta.","og_url":"https:\/\/portaltela.pt\/noticias\/2026\/02\/23\/uso-do-telemovel-na-conducao-provocou-mais-de-12-mil-acidentes-em-tres-anos\/","og_site_name":"Portal Tela Portugal","article_published_time":"2026-02-23T09:02:00+00:00","author":"Telinha","twitter_card":"summary_large_image","twitter_misc":{"Escrito por":"Telinha","Tempo estimado de leitura":"1 minuto"},"schema":{"@context":"https:\/\/schema.org","@graph":[{"@type":"Article","@id":"https:\/\/portaltela.pt\/noticias\/2026\/02\/23\/uso-do-telemovel-na-conducao-provocou-mais-de-12-mil-acidentes-em-tres-anos\/#article","isPartOf":{"@id":"https:\/\/portaltela.pt\/noticias\/2026\/02\/23\/uso-do-telemovel-na-conducao-provocou-mais-de-12-mil-acidentes-em-tres-anos\/"},"author":{"name":"Telinha","@id":"https:\/\/portaltela.pt\/#\/schema\/person\/c4278d4a6028830caff9ee44b42d32ed"},"headline":"Uso do telem\u00f3vel na condu\u00e7\u00e3o provocou mais de 12 mil acidentes em tr\u00eas anos","datePublished":"2026-02-23T09:02:00+00:00","mainEntityOfPage":{"@id":"https:\/\/portaltela.pt\/noticias\/2026\/02\/23\/uso-do-telemovel-na-conducao-provocou-mais-de-12-mil-acidentes-em-tres-anos\/"},"wordCount":289,"image":{"@id":"https:\/\/portaltela.pt\/noticias\/2026\/02\/23\/uso-do-telemovel-na-conducao-provocou-mais-de-12-mil-acidentes-em-tres-anos\/#primaryimage"},"thumbnailUrl":"https:\/\/portaltela.pt\/s.01k8rhncp4jt1\/2026\/02\/2069077.jpg","keywords":["acidentes rodovi\u00e1rios","condutores","fiscaliza\u00e7\u00e3o de tr\u00e2nsito","Portugal","seguran\u00e7a rodovi\u00e1ria","uso de telem\u00f3vel"],"articleSection":["Not\u00edcias"],"inLanguage":"pt-PT"},{"@type":"WebPage","@id":"https:\/\/portaltela.pt\/noticias\/2026\/02\/23\/uso-do-telemovel-na-conducao-provocou-mais-de-12-mil-acidentes-em-tres-anos\/","url":"https:\/\/portaltela.pt\/noticias\/2026\/02\/23\/uso-do-telemovel-na-conducao-provocou-mais-de-12-mil-acidentes-em-tres-anos\/","name":"Uso do telem\u00f3vel na condu\u00e7\u00e3o provocou mais de 12 mil acidentes em tr\u00eas anos - Portal Tela Portugal","isPartOf":{"@id":"https:\/\/portaltela.pt\/#website"},"primaryImageOfPage":{"@id":"https:\/\/portaltela.pt\/noticias\/2026\/02\/23\/uso-do-telemovel-na-conducao-provocou-mais-de-12-mil-acidentes-em-tres-anos\/#primaryimage"},"image":{"@id":"https:\/\/portaltela.pt\/noticias\/2026\/02\/23\/uso-do-telemovel-na-conducao-provocou-mais-de-12-mil-acidentes-em-tres-anos\/#primaryimage"},"thumbnailUrl":"https:\/\/portaltela.pt\/s.01k8rhncp4jt1\/2026\/02\/2069077.jpg","datePublished":"2026-02-23T09:02:00+00:00","author":{"@id":"https:\/\/portaltela.pt\/#\/schema\/person\/c4278d4a6028830caff9ee44b42d32ed"},"breadcrumb":{"@id":"https:\/\/portaltela.pt\/noticias\/2026\/02\/23\/uso-do-telemovel-na-conducao-provocou-mais-de-12-mil-acidentes-em-tres-anos\/#breadcrumb"},"inLanguage":"pt-PT","potentialAction":[{"@type":"ReadAction","target":["https:\/\/portaltela.pt\/noticias\/2026\/02\/23\/uso-do-telemovel-na-conducao-provocou-mais-de-12-mil-acidentes-em-tres-anos\/"]}]},{"@type":"ImageObject","inLanguage":"pt-PT","@id":"https:\/\/portaltela.pt\/noticias\/2026\/02\/23\/uso-do-telemovel-na-conducao-provocou-mais-de-12-mil-acidentes-em-tres-anos\/#primaryimage","url":"https:\/\/portaltela.pt\/s.01k8rhncp4jt1\/2026\/02\/2069077.jpg","contentUrl":"https:\/\/portaltela.pt\/s.01k8rhncp4jt1\/2026\/02\/2069077.jpg","width":796,"height":448,"caption":"Campanha contra o uso do telem\u00f3vel ao volante decorre at\u00e9 ao dia 2 de Mar\u00e7o"},{"@type":"BreadcrumbList","@id":"https:\/\/portaltela.pt\/noticias\/2026\/02\/23\/uso-do-telemovel-na-conducao-provocou-mais-de-12-mil-acidentes-em-tres-anos\/#breadcrumb","itemListElement":[{"@type":"ListItem","position":1,"name":"In\u00edcio","item":"https:\/\/portaltela.pt\/"},{"@type":"ListItem","position":2,"name":"Uso do telem\u00f3vel na condu\u00e7\u00e3o provocou mais de 12 mil acidentes em tr\u00eas anos"}]},{"@type":"WebSite","@id":"https:\/\/portaltela.pt\/#website","url":"https:\/\/portaltela.pt\/","name":"Portal Tela Portugal","description":"","potentialAction":[{"@type":"SearchAction","target":{"@type":"EntryPoint","urlTemplate":"https:\/\/portaltela.pt\/?s={search_term_string}"},"query-input":{"@type":"PropertyValueSpecification","valueRequired":true,"valueName":"search_term_string"}}],"inLanguage":"pt-PT"},{"@type":"Person","@id":"https:\/\/portaltela.pt\/#\/schema\/person\/c4278d4a6028830caff9ee44b42d32ed","name":"Telinha","image":{"@type":"ImageObject","inLanguage":"pt-PT","@id":"https:\/\/portaltela.pt\/s.01k8rhncp4jt1\/2025\/11\/talking-bot-125x125.png","url":"https:\/\/portaltela.pt\/s.01k8rhncp4jt1\/2025\/11\/talking-bot-125x125.png","contentUrl":"https:\/\/portaltela.pt\/s.01k8rhncp4jt1\/2025\/11\/talking-bot-125x125.png","caption":"Telinha"},"sameAs":["https:\/\/portaltela.pt\/"],"url":"https:\/\/portaltela.pt\/por\/367410592786\/"}]}},"_links":{"self":[{"href":"https:\/\/portaltela.pt\/api\/wp\/v2\/posts\/222457","targetHints":{"allow":["GET"]}}],"collection":[{"href":"https:\/\/portaltela.pt\/api\/wp\/v2\/posts"}],"about":[{"href":"https:\/\/portaltela.pt\/api\/wp\/v2\/types\/post"}],"author":[{"embeddable":true,"href":"https:\/\/portaltela.pt\/api\/wp\/v2\/users\/2"}],"replies":[{"embeddable":true,"href":"https:\/\/portaltela.pt\/api\/wp\/v2\/comments?post=222457"}],"version-history":[{"count":0,"href":"https:\/\/portaltela.pt\/api\/wp\/v2\/posts\/222457\/revisions"}],"wp:featuredmedia":[{"embeddable":true,"href":"https:\/\/portaltela.pt\/api\/wp\/v2\/media\/222459"}],"wp:attachment":[{"href":"https:\/\/portaltela.pt\/api\/wp\/v2\/media?parent=222457"}],"wp:term":[{"taxonomy":"category","embeddable":true,"href":"https:\/\/portaltela.pt\/api\/wp\/v2\/categories?post=222457"},{"taxonomy":"post_tag","embeddable":true,"href":"https:\/\/portaltela.pt\/api\/wp\/v2\/tags?post=222457"}],"curies":[{"name":"wp","href":"https:\/\/api.w.org\/{rel}","templated":true}]}}