{"id":222453,"date":"2026-02-23T06:01:00","date_gmt":"2026-02-23T09:01:00","guid":{"rendered":"https:\/\/portaltela.pt\/noticias\/2026\/02\/23\/paradise-o-paraiso-pos-apocaliptico-regista-mais-um-dia-de-rotina\/"},"modified":"2026-02-23T06:01:00","modified_gmt":"2026-02-23T09:01:00","slug":"paradise-o-paraiso-pos-apocaliptico-regista-mais-um-dia-de-rotina","status":"publish","type":"post","link":"https:\/\/portaltela.pt\/noticias\/2026\/02\/23\/paradise-o-paraiso-pos-apocaliptico-regista-mais-um-dia-de-rotina\/","title":{"rendered":"Paradise, o para\u00edso p\u00f3s-apocal\u00edptico, regista mais um dia de rotina"},"content":{"rendered":"<p>Paradise, a segunda temporada de uma s\u00e9rie original Disney+, chega nesta segunda-feira ao streaming. A produ\u00e7\u00e3o, criada por Dan Fogelman, segue uma vila subterr\u00e2nea que vive num bunker em Paradise, Colorado, ap\u00f3s o apocalipse.<\/p>\n<p>No enredo, o mundo tal como se conhecia acabou. Cerca de 25 mil pessoas habitam o enclave que tenta reproduzir a vida anterior, de forma artificial.<\/p>\n<p>O enredo central envolve o assassinato do presidente da col\u00f3nia, que \u00e9 tamb\u00e9m chefe do pa\u00eds. O drama acompanha a investiga\u00e7\u00e3o para perceber quem o matou e porqu\u00ea.<\/p>\n<h3>Contexto da S\u00e9rie<\/h3>\n<p>Paradise nasceu como fic\u00e7\u00e3o cient\u00edfica centrada em resili\u00eancia, humanidade e humor. A primeira temporada, marcada por refer\u00eancias \u00e0 cultura pop e aos anos 1980, estreou no Disney+ e foi produzida com o selo original da Hulu.<\/p>\n<p>A s\u00e9rie combina tom duro com momentos de leveza, explorando dilemas morais e sociais dentro do bunker. Dan Fogelman \u00e9 conhecido pela sua assinatura narrativa em This Is Us, outra produ\u00e7\u00e3o associada ao universo de streaming.<\/p>\n","protected":false},"excerpt":{"rendered":"<ul>\n<li>A segunda temporada de Paradise chega esta segunda-feira ao streaming.<\/li>\n<li>Paradise \u00e9 um bunker subterr\u00e2neo no Colorado onde cerca de 25 mil pessoas vivem, numa tentativa de imitar a vida anterior.<\/li>\n<li>O enredo centra-se no assassinato do presidente da col\u00f3nia, que tamb\u00e9m lidera o pa\u00eds, e na tentativa de descobrir quem o matou.<\/li>\n<li>Paradise \u00e9 uma s\u00e9rie de fic\u00e7\u00e3o cient\u00edfica criada por Dan Fogelman, tamb\u00e9m conhecido por This Is Us.<\/li>\n<li>A s\u00e9rie estreou no Disney+, mantendo o tom de resili\u00eancia, sobreviv\u00eancia e refer\u00eancias \u00e0 cultura pop, especialmente dos anos oitenta.<\/li>\n<\/ul>\n","protected":false},"author":2,"featured_media":222458,"comment_status":"closed","ping_status":"closed","sticky":false,"template":"","format":"standard","meta":{"footnotes":""},"categories":[12,1],"tags":[4294,145,1600,3797,215,131],"class_list":["post-222453","post","type-post","status-publish","format-standard","has-post-thumbnail","hentry","category-entretenimento","category-noticias","tag-co-producoes-internacionais","tag-cultura","tag-estados-unidos","tag-ficcao","tag-investigacao","tag-novelas"],"yoast_head":"<!-- This site is optimized with the Yoast SEO plugin v27.2 - https:\/\/yoast.com\/product\/yoast-seo-wordpress\/ -->\n<title>Paradise, o para\u00edso p\u00f3s-apocal\u00edptico, regista mais um dia de rotina - Portal Tela Portugal<\/title>\n<meta name=\"robots\" content=\"index, follow, max-snippet:-1, max-image-preview:large, max-video-preview:-1\" \/>\n<meta property=\"og:locale\" content=\"pt_PT\" \/>\n<meta property=\"og:type\" content=\"article\" \/>\n<meta property=\"og:title\" content=\"Paradise, o para\u00edso p\u00f3s-apocal\u00edptico, regista mais um dia de rotina - Portal Tela Portugal\" \/>\n<meta property=\"og:description\" content=\"A segunda temporada de Paradise chega esta segunda-feira ao streaming. Paradise \u00e9 um bunker subterr\u00e2neo no Colorado onde cerca de 25 mil pessoas vivem, numa tentativa de imitar a vida anterior. O enredo centra-se no assassinato do presidente da col\u00f3nia, que tamb\u00e9m lidera o pa\u00eds, e na tentativa de descobrir quem o matou. Paradise \u00e9 uma s\u00e9rie de fic\u00e7\u00e3o cient\u00edfica criada por Dan Fogelman, tamb\u00e9m conhecido por This Is Us. A s\u00e9rie estreou no Disney+, mantendo o tom de resili\u00eancia, sobreviv\u00eancia e refer\u00eancias \u00e0 cultura pop, especialmente dos anos oitenta.\" \/>\n<meta property=\"og:url\" content=\"https:\/\/portaltela.pt\/noticias\/2026\/02\/23\/paradise-o-paraiso-pos-apocaliptico-regista-mais-um-dia-de-rotina\/\" \/>\n<meta property=\"og:site_name\" content=\"Portal Tela Portugal\" \/>\n<meta property=\"article:published_time\" content=\"2026-02-23T09:01:00+00:00\" \/>\n<meta name=\"author\" content=\"Telinha\" \/>\n<meta name=\"twitter:card\" content=\"summary_large_image\" \/>\n<meta name=\"twitter:label1\" content=\"Escrito por\" \/>\n\t<meta name=\"twitter:data1\" content=\"Telinha\" \/>\n\t<meta name=\"twitter:label2\" content=\"Tempo estimado de leitura\" \/>\n\t<meta name=\"twitter:data2\" content=\"1 minuto\" \/>\n<script type=\"application\/ld+json\" class=\"yoast-schema-graph\">{\"@context\":\"https:\/\/schema.org\",\"@graph\":[{\"@type\":\"Article\",\"@id\":\"https:\/\/portaltela.pt\/noticias\/2026\/02\/23\/paradise-o-paraiso-pos-apocaliptico-regista-mais-um-dia-de-rotina\/#article\",\"isPartOf\":{\"@id\":\"https:\/\/portaltela.pt\/noticias\/2026\/02\/23\/paradise-o-paraiso-pos-apocaliptico-regista-mais-um-dia-de-rotina\/\"},\"author\":{\"name\":\"Telinha\",\"@id\":\"https:\/\/portaltela.pt\/#\/schema\/person\/c4278d4a6028830caff9ee44b42d32ed\"},\"headline\":\"Paradise, o para\u00edso p\u00f3s-apocal\u00edptico, regista mais um dia de rotina\",\"datePublished\":\"2026-02-23T09:01:00+00:00\",\"mainEntityOfPage\":{\"@id\":\"https:\/\/portaltela.pt\/noticias\/2026\/02\/23\/paradise-o-paraiso-pos-apocaliptico-regista-mais-um-dia-de-rotina\/\"},\"wordCount\":186,\"image\":{\"@id\":\"https:\/\/portaltela.pt\/noticias\/2026\/02\/23\/paradise-o-paraiso-pos-apocaliptico-regista-mais-um-dia-de-rotina\/#primaryimage\"},\"thumbnailUrl\":\"https:\/\/portaltela.pt\/s.01k8rhncp4jt1\/2026\/02\/2068977.jpg\",\"keywords\":[\"co-produ\u00e7\u00f5es internacionais\",\"cultura\",\"Estados Unidos\",\"fic\u00e7\u00e3o\",\"investiga\u00e7\u00e3o\",\"novelas\"],\"articleSection\":[\"Entretenimento\",\"Not\u00edcias\"],\"inLanguage\":\"pt-PT\"},{\"@type\":\"WebPage\",\"@id\":\"https:\/\/portaltela.pt\/noticias\/2026\/02\/23\/paradise-o-paraiso-pos-apocaliptico-regista-mais-um-dia-de-rotina\/\",\"url\":\"https:\/\/portaltela.pt\/noticias\/2026\/02\/23\/paradise-o-paraiso-pos-apocaliptico-regista-mais-um-dia-de-rotina\/\",\"name\":\"Paradise, o para\u00edso p\u00f3s-apocal\u00edptico, regista mais um dia de rotina - Portal Tela Portugal\",\"isPartOf\":{\"@id\":\"https:\/\/portaltela.pt\/#website\"},\"primaryImageOfPage\":{\"@id\":\"https:\/\/portaltela.pt\/noticias\/2026\/02\/23\/paradise-o-paraiso-pos-apocaliptico-regista-mais-um-dia-de-rotina\/#primaryimage\"},\"image\":{\"@id\":\"https:\/\/portaltela.pt\/noticias\/2026\/02\/23\/paradise-o-paraiso-pos-apocaliptico-regista-mais-um-dia-de-rotina\/#primaryimage\"},\"thumbnailUrl\":\"https:\/\/portaltela.pt\/s.01k8rhncp4jt1\/2026\/02\/2068977.jpg\",\"datePublished\":\"2026-02-23T09:01:00+00:00\",\"author\":{\"@id\":\"https:\/\/portaltela.pt\/#\/schema\/person\/c4278d4a6028830caff9ee44b42d32ed\"},\"breadcrumb\":{\"@id\":\"https:\/\/portaltela.pt\/noticias\/2026\/02\/23\/paradise-o-paraiso-pos-apocaliptico-regista-mais-um-dia-de-rotina\/#breadcrumb\"},\"inLanguage\":\"pt-PT\",\"potentialAction\":[{\"@type\":\"ReadAction\",\"target\":[\"https:\/\/portaltela.pt\/noticias\/2026\/02\/23\/paradise-o-paraiso-pos-apocaliptico-regista-mais-um-dia-de-rotina\/\"]}]},{\"@type\":\"ImageObject\",\"inLanguage\":\"pt-PT\",\"@id\":\"https:\/\/portaltela.pt\/noticias\/2026\/02\/23\/paradise-o-paraiso-pos-apocaliptico-regista-mais-um-dia-de-rotina\/#primaryimage\",\"url\":\"https:\/\/portaltela.pt\/s.01k8rhncp4jt1\/2026\/02\/2068977.jpg\",\"contentUrl\":\"https:\/\/portaltela.pt\/s.01k8rhncp4jt1\/2026\/02\/2068977.jpg\",\"width\":796,\"height\":448,\"caption\":\"Sterling K. Brown na segunda temporada de *Paradise*\"},{\"@type\":\"BreadcrumbList\",\"@id\":\"https:\/\/portaltela.pt\/noticias\/2026\/02\/23\/paradise-o-paraiso-pos-apocaliptico-regista-mais-um-dia-de-rotina\/#breadcrumb\",\"itemListElement\":[{\"@type\":\"ListItem\",\"position\":1,\"name\":\"In\u00edcio\",\"item\":\"https:\/\/portaltela.pt\/\"},{\"@type\":\"ListItem\",\"position\":2,\"name\":\"Paradise, o para\u00edso p\u00f3s-apocal\u00edptico, regista mais um dia de rotina\"}]},{\"@type\":\"WebSite\",\"@id\":\"https:\/\/portaltela.pt\/#website\",\"url\":\"https:\/\/portaltela.pt\/\",\"name\":\"Portal Tela Portugal\",\"description\":\"\",\"potentialAction\":[{\"@type\":\"SearchAction\",\"target\":{\"@type\":\"EntryPoint\",\"urlTemplate\":\"https:\/\/portaltela.pt\/?s={search_term_string}\"},\"query-input\":{\"@type\":\"PropertyValueSpecification\",\"valueRequired\":true,\"valueName\":\"search_term_string\"}}],\"inLanguage\":\"pt-PT\"},{\"@type\":\"Person\",\"@id\":\"https:\/\/portaltela.pt\/#\/schema\/person\/c4278d4a6028830caff9ee44b42d32ed\",\"name\":\"Telinha\",\"image\":{\"@type\":\"ImageObject\",\"inLanguage\":\"pt-PT\",\"@id\":\"https:\/\/portaltela.pt\/s.01k8rhncp4jt1\/2025\/11\/talking-bot-125x125.png\",\"url\":\"https:\/\/portaltela.pt\/s.01k8rhncp4jt1\/2025\/11\/talking-bot-125x125.png\",\"contentUrl\":\"https:\/\/portaltela.pt\/s.01k8rhncp4jt1\/2025\/11\/talking-bot-125x125.png\",\"caption\":\"Telinha\"},\"sameAs\":[\"https:\/\/portaltela.pt\/\"],\"url\":\"https:\/\/portaltela.pt\/por\/367410592786\/\"}]}<\/script>\n<!-- \/ Yoast SEO plugin. -->","yoast_head_json":{"title":"Paradise, o para\u00edso p\u00f3s-apocal\u00edptico, regista mais um dia de rotina - Portal Tela Portugal","robots":{"index":"index","follow":"follow","max-snippet":"max-snippet:-1","max-image-preview":"max-image-preview:large","max-video-preview":"max-video-preview:-1"},"og_locale":"pt_PT","og_type":"article","og_title":"Paradise, o para\u00edso p\u00f3s-apocal\u00edptico, regista mais um dia de rotina - Portal Tela Portugal","og_description":"A segunda temporada de Paradise chega esta segunda-feira ao streaming. Paradise \u00e9 um bunker subterr\u00e2neo no Colorado onde cerca de 25 mil pessoas vivem, numa tentativa de imitar a vida anterior. O enredo centra-se no assassinato do presidente da col\u00f3nia, que tamb\u00e9m lidera o pa\u00eds, e na tentativa de descobrir quem o matou. Paradise \u00e9 uma s\u00e9rie de fic\u00e7\u00e3o cient\u00edfica criada por Dan Fogelman, tamb\u00e9m conhecido por This Is Us. A s\u00e9rie estreou no Disney+, mantendo o tom de resili\u00eancia, sobreviv\u00eancia e refer\u00eancias \u00e0 cultura pop, especialmente dos anos oitenta.","og_url":"https:\/\/portaltela.pt\/noticias\/2026\/02\/23\/paradise-o-paraiso-pos-apocaliptico-regista-mais-um-dia-de-rotina\/","og_site_name":"Portal Tela Portugal","article_published_time":"2026-02-23T09:01:00+00:00","author":"Telinha","twitter_card":"summary_large_image","twitter_misc":{"Escrito por":"Telinha","Tempo estimado de leitura":"1 minuto"},"schema":{"@context":"https:\/\/schema.org","@graph":[{"@type":"Article","@id":"https:\/\/portaltela.pt\/noticias\/2026\/02\/23\/paradise-o-paraiso-pos-apocaliptico-regista-mais-um-dia-de-rotina\/#article","isPartOf":{"@id":"https:\/\/portaltela.pt\/noticias\/2026\/02\/23\/paradise-o-paraiso-pos-apocaliptico-regista-mais-um-dia-de-rotina\/"},"author":{"name":"Telinha","@id":"https:\/\/portaltela.pt\/#\/schema\/person\/c4278d4a6028830caff9ee44b42d32ed"},"headline":"Paradise, o para\u00edso p\u00f3s-apocal\u00edptico, regista mais um dia de rotina","datePublished":"2026-02-23T09:01:00+00:00","mainEntityOfPage":{"@id":"https:\/\/portaltela.pt\/noticias\/2026\/02\/23\/paradise-o-paraiso-pos-apocaliptico-regista-mais-um-dia-de-rotina\/"},"wordCount":186,"image":{"@id":"https:\/\/portaltela.pt\/noticias\/2026\/02\/23\/paradise-o-paraiso-pos-apocaliptico-regista-mais-um-dia-de-rotina\/#primaryimage"},"thumbnailUrl":"https:\/\/portaltela.pt\/s.01k8rhncp4jt1\/2026\/02\/2068977.jpg","keywords":["co-produ\u00e7\u00f5es internacionais","cultura","Estados Unidos","fic\u00e7\u00e3o","investiga\u00e7\u00e3o","novelas"],"articleSection":["Entretenimento","Not\u00edcias"],"inLanguage":"pt-PT"},{"@type":"WebPage","@id":"https:\/\/portaltela.pt\/noticias\/2026\/02\/23\/paradise-o-paraiso-pos-apocaliptico-regista-mais-um-dia-de-rotina\/","url":"https:\/\/portaltela.pt\/noticias\/2026\/02\/23\/paradise-o-paraiso-pos-apocaliptico-regista-mais-um-dia-de-rotina\/","name":"Paradise, o para\u00edso p\u00f3s-apocal\u00edptico, regista mais um dia de rotina - Portal Tela Portugal","isPartOf":{"@id":"https:\/\/portaltela.pt\/#website"},"primaryImageOfPage":{"@id":"https:\/\/portaltela.pt\/noticias\/2026\/02\/23\/paradise-o-paraiso-pos-apocaliptico-regista-mais-um-dia-de-rotina\/#primaryimage"},"image":{"@id":"https:\/\/portaltela.pt\/noticias\/2026\/02\/23\/paradise-o-paraiso-pos-apocaliptico-regista-mais-um-dia-de-rotina\/#primaryimage"},"thumbnailUrl":"https:\/\/portaltela.pt\/s.01k8rhncp4jt1\/2026\/02\/2068977.jpg","datePublished":"2026-02-23T09:01:00+00:00","author":{"@id":"https:\/\/portaltela.pt\/#\/schema\/person\/c4278d4a6028830caff9ee44b42d32ed"},"breadcrumb":{"@id":"https:\/\/portaltela.pt\/noticias\/2026\/02\/23\/paradise-o-paraiso-pos-apocaliptico-regista-mais-um-dia-de-rotina\/#breadcrumb"},"inLanguage":"pt-PT","potentialAction":[{"@type":"ReadAction","target":["https:\/\/portaltela.pt\/noticias\/2026\/02\/23\/paradise-o-paraiso-pos-apocaliptico-regista-mais-um-dia-de-rotina\/"]}]},{"@type":"ImageObject","inLanguage":"pt-PT","@id":"https:\/\/portaltela.pt\/noticias\/2026\/02\/23\/paradise-o-paraiso-pos-apocaliptico-regista-mais-um-dia-de-rotina\/#primaryimage","url":"https:\/\/portaltela.pt\/s.01k8rhncp4jt1\/2026\/02\/2068977.jpg","contentUrl":"https:\/\/portaltela.pt\/s.01k8rhncp4jt1\/2026\/02\/2068977.jpg","width":796,"height":448,"caption":"Sterling K. Brown na segunda temporada de *Paradise*"},{"@type":"BreadcrumbList","@id":"https:\/\/portaltela.pt\/noticias\/2026\/02\/23\/paradise-o-paraiso-pos-apocaliptico-regista-mais-um-dia-de-rotina\/#breadcrumb","itemListElement":[{"@type":"ListItem","position":1,"name":"In\u00edcio","item":"https:\/\/portaltela.pt\/"},{"@type":"ListItem","position":2,"name":"Paradise, o para\u00edso p\u00f3s-apocal\u00edptico, regista mais um dia de rotina"}]},{"@type":"WebSite","@id":"https:\/\/portaltela.pt\/#website","url":"https:\/\/portaltela.pt\/","name":"Portal Tela Portugal","description":"","potentialAction":[{"@type":"SearchAction","target":{"@type":"EntryPoint","urlTemplate":"https:\/\/portaltela.pt\/?s={search_term_string}"},"query-input":{"@type":"PropertyValueSpecification","valueRequired":true,"valueName":"search_term_string"}}],"inLanguage":"pt-PT"},{"@type":"Person","@id":"https:\/\/portaltela.pt\/#\/schema\/person\/c4278d4a6028830caff9ee44b42d32ed","name":"Telinha","image":{"@type":"ImageObject","inLanguage":"pt-PT","@id":"https:\/\/portaltela.pt\/s.01k8rhncp4jt1\/2025\/11\/talking-bot-125x125.png","url":"https:\/\/portaltela.pt\/s.01k8rhncp4jt1\/2025\/11\/talking-bot-125x125.png","contentUrl":"https:\/\/portaltela.pt\/s.01k8rhncp4jt1\/2025\/11\/talking-bot-125x125.png","caption":"Telinha"},"sameAs":["https:\/\/portaltela.pt\/"],"url":"https:\/\/portaltela.pt\/por\/367410592786\/"}]}},"_links":{"self":[{"href":"https:\/\/portaltela.pt\/api\/wp\/v2\/posts\/222453","targetHints":{"allow":["GET"]}}],"collection":[{"href":"https:\/\/portaltela.pt\/api\/wp\/v2\/posts"}],"about":[{"href":"https:\/\/portaltela.pt\/api\/wp\/v2\/types\/post"}],"author":[{"embeddable":true,"href":"https:\/\/portaltela.pt\/api\/wp\/v2\/users\/2"}],"replies":[{"embeddable":true,"href":"https:\/\/portaltela.pt\/api\/wp\/v2\/comments?post=222453"}],"version-history":[{"count":0,"href":"https:\/\/portaltela.pt\/api\/wp\/v2\/posts\/222453\/revisions"}],"wp:featuredmedia":[{"embeddable":true,"href":"https:\/\/portaltela.pt\/api\/wp\/v2\/media\/222458"}],"wp:attachment":[{"href":"https:\/\/portaltela.pt\/api\/wp\/v2\/media?parent=222453"}],"wp:term":[{"taxonomy":"category","embeddable":true,"href":"https:\/\/portaltela.pt\/api\/wp\/v2\/categories?post=222453"},{"taxonomy":"post_tag","embeddable":true,"href":"https:\/\/portaltela.pt\/api\/wp\/v2\/tags?post=222453"}],"curies":[{"name":"wp","href":"https:\/\/api.w.org\/{rel}","templated":true}]}}