{"id":222357,"date":"2026-02-23T04:47:00","date_gmt":"2026-02-23T07:47:00","guid":{"rendered":"https:\/\/portaltela.pt\/noticias\/2026\/02\/23\/cerco-energetico-dos-eua-ameaca-abastecimento-em-cuba\/"},"modified":"2026-02-23T04:47:00","modified_gmt":"2026-02-23T07:47:00","slug":"cerco-energetico-dos-eua-ameaca-abastecimento-em-cuba","status":"publish","type":"post","link":"https:\/\/portaltela.pt\/noticias\/internacional\/2026\/02\/23\/cerco-energetico-dos-eua-ameaca-abastecimento-em-cuba\/","title":{"rendered":"Cerco energ\u00e9tico dos EUA amea\u00e7a abastecimento em Cuba"},"content":{"rendered":"<p>H\u00e1 d\u00e9cadas que Cuba enfrenta uma grave escassez de combust\u00edvel, mas a crise intensificou-se em janeiro, quando o Governo dos EUA cortou o fornecimento de petr\u00f3leo venezuelano e sinalizou tarifas a pa\u00edses que vendessem hidrocarbonetos a Havana. O cerco energ\u00e9tico continua, segundo fontes oficiais, numa tentativa de pressionar o regime.<\/p>\n<p>O governo cubano, liderado por Miguel D\u00edaz-Canel, afirma que o bloqueio agrava a restri\u00e7\u00e3o de bens b\u00e1sicos, incluindo combust\u00edveis e alimentos, dificultando o funcionamento de servi\u00e7os essenciais no pa\u00eds. A medida \u00e9 apresentada por Washington como resposta a supostas amea\u00e7as \u00e0 sua seguran\u00e7a.<\/p>\n<p>As a\u00e7\u00f5es norte-americanas est\u00e3o relacionadas ao fim do envio de petr\u00f3leo venezuelano ap\u00f3s a queda de Nicol\u00e1s Maduro, ocorrida anteriormente, e a um conjunto de pol\u00edticas que visam Cuba desde a d\u00e9cada de 1960. A administra\u00e7\u00e3o de Donald Trump justificou o bloqueio com acusa\u00e7\u00f5es de viola\u00e7\u00f5es de direitos humanos e com o argumento de que Cuba permanece alinhada com R\u00fassia, China e Ir\u00e3o.<\/p>\n<p>Contexto hist\u00f3rico<\/p>\n<p>Rela\u00e7\u00f5es entre EUA e Cuba remontam \u00e0 revolu\u00e7\u00e3o de 1959, que culminou na ruptura entre os dois pa\u00edses. Nos \u00faltimos anos, as tens\u00f5es endureceram-se, com mudan\u00e7as de governo a influenciar as pol\u00edticas de embargo e de abastecimento energ\u00e9tico. A agenda norte-americana aponta, segundo comentadores, para mudan\u00e7as pol\u00edticas em Havana.<\/p>\n<p>Autoridades dos EUA defendem que Cuba representa uma amea\u00e7a \u00e0 seguran\u00e7a nacional devido aos seus la\u00e7os exteriores e \u00e0 repress\u00e3o interna. Havana, por seu turno, mant\u00e9m que o embargo \u00e9 uma ferramenta de press\u00e3o econ\u00f3mica sem base jur\u00eddica s\u00f3lida. O cen\u00e1rio permanece sem sinal de desbloqueio imediato.<\/p>\n","protected":false},"excerpt":{"rendered":"<ul>\n<li>Cuba enfrenta grave escassez de combust\u00edvel h\u00e1 d\u00e9cadas; em janeiro a crise agravou\u2011se depois de Donald Trump cortar o petr\u00f3leo venezuelano e de amea\u00e7ar tarifas a hidrocarbonetos para Havana.<\/li>\n<li>Um m\u00eas depois, o cerco dos EUA continua, numa tentativa aparente de sufocar o fornecimento energ\u00e9tico da ilha.<\/li>\n<li>Washington sustenta o bloqueio alegando que Havana representa uma amea\u00e7a excecional para a seguran\u00e7a nacional devido \u00e0s liga\u00e7\u00f5es com R\u00fassia, China e Ir\u00e3o, e acusa o Governo cubano de perseguir opositores e restringir liberdades.<\/li>\n<li>Miguel D\u00edaz\u2011Canel \u00e9 apontado como o presidente que sucede Ra\u00fal Castro, num contexto de cr\u00edticas aos direitos humanos e \u00e0 governa\u00e7\u00e3o cubana.<\/li>\n<li>As rela\u00e7\u00f5es entre os EUA e Cuba permanecem tensas desde a revolu\u00e7\u00e3o de 1959.<\/li>\n<\/ul>\n","protected":false},"author":2,"featured_media":222359,"comment_status":"closed","ping_status":"closed","sticky":false,"template":"","format":"standard","meta":{"footnotes":""},"categories":[4,1],"tags":[4729,4894,174,1600,5698,27],"class_list":["post-222357","post","type-post","status-publish","format-standard","has-post-thumbnail","hentry","category-internacional","category-noticias","tag-abastecimento-de-energia","tag-embargo-economico","tag-energia","tag-estados-unidos","tag-politica-internacional","tag-relacoes-internacionais"],"yoast_head":"<!-- This site is optimized with the Yoast SEO plugin v27.2 - https:\/\/yoast.com\/product\/yoast-seo-wordpress\/ -->\n<title>Cerco energ\u00e9tico dos EUA amea\u00e7a abastecimento em Cuba - Portal Tela Portugal<\/title>\n<meta name=\"robots\" content=\"index, follow, max-snippet:-1, max-image-preview:large, max-video-preview:-1\" \/>\n<meta property=\"og:locale\" content=\"pt_PT\" \/>\n<meta property=\"og:type\" content=\"article\" \/>\n<meta property=\"og:title\" content=\"Cerco energ\u00e9tico dos EUA amea\u00e7a abastecimento em Cuba - Portal Tela Portugal\" \/>\n<meta property=\"og:description\" content=\"Cuba enfrenta grave escassez de combust\u00edvel h\u00e1 d\u00e9cadas; em janeiro a crise agravou\u2011se depois de Donald Trump cortar o petr\u00f3leo venezuelano e de amea\u00e7ar tarifas a hidrocarbonetos para Havana. Um m\u00eas depois, o cerco dos EUA continua, numa tentativa aparente de sufocar o fornecimento energ\u00e9tico da ilha. Washington sustenta o bloqueio alegando que Havana representa uma amea\u00e7a excecional para a seguran\u00e7a nacional devido \u00e0s liga\u00e7\u00f5es com R\u00fassia, China e Ir\u00e3o, e acusa o Governo cubano de perseguir opositores e restringir liberdades. Miguel D\u00edaz\u2011Canel \u00e9 apontado como o presidente que sucede Ra\u00fal Castro, num contexto de cr\u00edticas aos direitos humanos e \u00e0 governa\u00e7\u00e3o cubana. As rela\u00e7\u00f5es entre os EUA e Cuba permanecem tensas desde a revolu\u00e7\u00e3o de 1959.\" \/>\n<meta property=\"og:url\" content=\"https:\/\/portaltela.pt\/noticias\/2026\/02\/23\/cerco-energetico-dos-eua-ameaca-abastecimento-em-cuba\/\" \/>\n<meta property=\"og:site_name\" content=\"Portal Tela Portugal\" \/>\n<meta property=\"article:published_time\" content=\"2026-02-23T07:47:00+00:00\" \/>\n<meta name=\"author\" content=\"Telinha\" \/>\n<meta name=\"twitter:card\" content=\"summary_large_image\" \/>\n<meta name=\"twitter:label1\" content=\"Escrito por\" \/>\n\t<meta name=\"twitter:data1\" content=\"Telinha\" \/>\n\t<meta name=\"twitter:label2\" content=\"Tempo estimado de leitura\" \/>\n\t<meta name=\"twitter:data2\" content=\"1 minuto\" \/>\n<script type=\"application\/ld+json\" class=\"yoast-schema-graph\">{\"@context\":\"https:\/\/schema.org\",\"@graph\":[{\"@type\":\"Article\",\"@id\":\"https:\/\/portaltela.pt\/noticias\/2026\/02\/23\/cerco-energetico-dos-eua-ameaca-abastecimento-em-cuba\/#article\",\"isPartOf\":{\"@id\":\"https:\/\/portaltela.pt\/noticias\/2026\/02\/23\/cerco-energetico-dos-eua-ameaca-abastecimento-em-cuba\/\"},\"author\":{\"name\":\"Telinha\",\"@id\":\"https:\/\/portaltela.pt\/#\/schema\/person\/c4278d4a6028830caff9ee44b42d32ed\"},\"headline\":\"Cerco energ\u00e9tico dos EUA amea\u00e7a abastecimento em Cuba\",\"datePublished\":\"2026-02-23T07:47:00+00:00\",\"mainEntityOfPage\":{\"@id\":\"https:\/\/portaltela.pt\/noticias\/2026\/02\/23\/cerco-energetico-dos-eua-ameaca-abastecimento-em-cuba\/\"},\"wordCount\":301,\"image\":{\"@id\":\"https:\/\/portaltela.pt\/noticias\/2026\/02\/23\/cerco-energetico-dos-eua-ameaca-abastecimento-em-cuba\/#primaryimage\"},\"thumbnailUrl\":\"https:\/\/portaltela.pt\/s.01k8rhncp4jt1\/2026\/02\/image-1676.jpg\",\"keywords\":[\"abastecimento de energia\",\"embargo econ\u00f4mico\",\"energia\",\"Estados Unidos\",\"pol\u00edtica internacional\",\"rela\u00e7\u00f5es internacionais\"],\"articleSection\":[\"Internacional\",\"Not\u00edcias\"],\"inLanguage\":\"pt-PT\"},{\"@type\":\"WebPage\",\"@id\":\"https:\/\/portaltela.pt\/noticias\/2026\/02\/23\/cerco-energetico-dos-eua-ameaca-abastecimento-em-cuba\/\",\"url\":\"https:\/\/portaltela.pt\/noticias\/2026\/02\/23\/cerco-energetico-dos-eua-ameaca-abastecimento-em-cuba\/\",\"name\":\"Cerco energ\u00e9tico dos EUA amea\u00e7a abastecimento em Cuba - Portal Tela Portugal\",\"isPartOf\":{\"@id\":\"https:\/\/portaltela.pt\/#website\"},\"primaryImageOfPage\":{\"@id\":\"https:\/\/portaltela.pt\/noticias\/2026\/02\/23\/cerco-energetico-dos-eua-ameaca-abastecimento-em-cuba\/#primaryimage\"},\"image\":{\"@id\":\"https:\/\/portaltela.pt\/noticias\/2026\/02\/23\/cerco-energetico-dos-eua-ameaca-abastecimento-em-cuba\/#primaryimage\"},\"thumbnailUrl\":\"https:\/\/portaltela.pt\/s.01k8rhncp4jt1\/2026\/02\/image-1676.jpg\",\"datePublished\":\"2026-02-23T07:47:00+00:00\",\"author\":{\"@id\":\"https:\/\/portaltela.pt\/#\/schema\/person\/c4278d4a6028830caff9ee44b42d32ed\"},\"breadcrumb\":{\"@id\":\"https:\/\/portaltela.pt\/noticias\/2026\/02\/23\/cerco-energetico-dos-eua-ameaca-abastecimento-em-cuba\/#breadcrumb\"},\"inLanguage\":\"pt-PT\",\"potentialAction\":[{\"@type\":\"ReadAction\",\"target\":[\"https:\/\/portaltela.pt\/noticias\/2026\/02\/23\/cerco-energetico-dos-eua-ameaca-abastecimento-em-cuba\/\"]}]},{\"@type\":\"ImageObject\",\"inLanguage\":\"pt-PT\",\"@id\":\"https:\/\/portaltela.pt\/noticias\/2026\/02\/23\/cerco-energetico-dos-eua-ameaca-abastecimento-em-cuba\/#primaryimage\",\"url\":\"https:\/\/portaltela.pt\/s.01k8rhncp4jt1\/2026\/02\/image-1676.jpg\",\"contentUrl\":\"https:\/\/portaltela.pt\/s.01k8rhncp4jt1\/2026\/02\/image-1676.jpg\",\"width\":796,\"height\":448,\"caption\":\"Cerco dos Estados Unidos est\u00e1 a paralisar vida dos cubanos\"},{\"@type\":\"BreadcrumbList\",\"@id\":\"https:\/\/portaltela.pt\/noticias\/2026\/02\/23\/cerco-energetico-dos-eua-ameaca-abastecimento-em-cuba\/#breadcrumb\",\"itemListElement\":[{\"@type\":\"ListItem\",\"position\":1,\"name\":\"In\u00edcio\",\"item\":\"https:\/\/portaltela.pt\/\"},{\"@type\":\"ListItem\",\"position\":2,\"name\":\"Cerco energ\u00e9tico dos EUA amea\u00e7a abastecimento em Cuba\"}]},{\"@type\":\"WebSite\",\"@id\":\"https:\/\/portaltela.pt\/#website\",\"url\":\"https:\/\/portaltela.pt\/\",\"name\":\"Portal Tela Portugal\",\"description\":\"\",\"potentialAction\":[{\"@type\":\"SearchAction\",\"target\":{\"@type\":\"EntryPoint\",\"urlTemplate\":\"https:\/\/portaltela.pt\/?s={search_term_string}\"},\"query-input\":{\"@type\":\"PropertyValueSpecification\",\"valueRequired\":true,\"valueName\":\"search_term_string\"}}],\"inLanguage\":\"pt-PT\"},{\"@type\":\"Person\",\"@id\":\"https:\/\/portaltela.pt\/#\/schema\/person\/c4278d4a6028830caff9ee44b42d32ed\",\"name\":\"Telinha\",\"image\":{\"@type\":\"ImageObject\",\"inLanguage\":\"pt-PT\",\"@id\":\"https:\/\/portaltela.pt\/s.01k8rhncp4jt1\/2025\/11\/talking-bot-125x125.png\",\"url\":\"https:\/\/portaltela.pt\/s.01k8rhncp4jt1\/2025\/11\/talking-bot-125x125.png\",\"contentUrl\":\"https:\/\/portaltela.pt\/s.01k8rhncp4jt1\/2025\/11\/talking-bot-125x125.png\",\"caption\":\"Telinha\"},\"sameAs\":[\"https:\/\/portaltela.pt\/\"],\"url\":\"https:\/\/portaltela.pt\/por\/367410592786\/\"}]}<\/script>\n<!-- \/ Yoast SEO plugin. -->","yoast_head_json":{"title":"Cerco energ\u00e9tico dos EUA amea\u00e7a abastecimento em Cuba - Portal Tela Portugal","robots":{"index":"index","follow":"follow","max-snippet":"max-snippet:-1","max-image-preview":"max-image-preview:large","max-video-preview":"max-video-preview:-1"},"og_locale":"pt_PT","og_type":"article","og_title":"Cerco energ\u00e9tico dos EUA amea\u00e7a abastecimento em Cuba - Portal Tela Portugal","og_description":"Cuba enfrenta grave escassez de combust\u00edvel h\u00e1 d\u00e9cadas; em janeiro a crise agravou\u2011se depois de Donald Trump cortar o petr\u00f3leo venezuelano e de amea\u00e7ar tarifas a hidrocarbonetos para Havana. Um m\u00eas depois, o cerco dos EUA continua, numa tentativa aparente de sufocar o fornecimento energ\u00e9tico da ilha. Washington sustenta o bloqueio alegando que Havana representa uma amea\u00e7a excecional para a seguran\u00e7a nacional devido \u00e0s liga\u00e7\u00f5es com R\u00fassia, China e Ir\u00e3o, e acusa o Governo cubano de perseguir opositores e restringir liberdades. Miguel D\u00edaz\u2011Canel \u00e9 apontado como o presidente que sucede Ra\u00fal Castro, num contexto de cr\u00edticas aos direitos humanos e \u00e0 governa\u00e7\u00e3o cubana. As rela\u00e7\u00f5es entre os EUA e Cuba permanecem tensas desde a revolu\u00e7\u00e3o de 1959.","og_url":"https:\/\/portaltela.pt\/noticias\/2026\/02\/23\/cerco-energetico-dos-eua-ameaca-abastecimento-em-cuba\/","og_site_name":"Portal Tela Portugal","article_published_time":"2026-02-23T07:47:00+00:00","author":"Telinha","twitter_card":"summary_large_image","twitter_misc":{"Escrito por":"Telinha","Tempo estimado de leitura":"1 minuto"},"schema":{"@context":"https:\/\/schema.org","@graph":[{"@type":"Article","@id":"https:\/\/portaltela.pt\/noticias\/2026\/02\/23\/cerco-energetico-dos-eua-ameaca-abastecimento-em-cuba\/#article","isPartOf":{"@id":"https:\/\/portaltela.pt\/noticias\/2026\/02\/23\/cerco-energetico-dos-eua-ameaca-abastecimento-em-cuba\/"},"author":{"name":"Telinha","@id":"https:\/\/portaltela.pt\/#\/schema\/person\/c4278d4a6028830caff9ee44b42d32ed"},"headline":"Cerco energ\u00e9tico dos EUA amea\u00e7a abastecimento em Cuba","datePublished":"2026-02-23T07:47:00+00:00","mainEntityOfPage":{"@id":"https:\/\/portaltela.pt\/noticias\/2026\/02\/23\/cerco-energetico-dos-eua-ameaca-abastecimento-em-cuba\/"},"wordCount":301,"image":{"@id":"https:\/\/portaltela.pt\/noticias\/2026\/02\/23\/cerco-energetico-dos-eua-ameaca-abastecimento-em-cuba\/#primaryimage"},"thumbnailUrl":"https:\/\/portaltela.pt\/s.01k8rhncp4jt1\/2026\/02\/image-1676.jpg","keywords":["abastecimento de energia","embargo econ\u00f4mico","energia","Estados Unidos","pol\u00edtica internacional","rela\u00e7\u00f5es internacionais"],"articleSection":["Internacional","Not\u00edcias"],"inLanguage":"pt-PT"},{"@type":"WebPage","@id":"https:\/\/portaltela.pt\/noticias\/2026\/02\/23\/cerco-energetico-dos-eua-ameaca-abastecimento-em-cuba\/","url":"https:\/\/portaltela.pt\/noticias\/2026\/02\/23\/cerco-energetico-dos-eua-ameaca-abastecimento-em-cuba\/","name":"Cerco energ\u00e9tico dos EUA amea\u00e7a abastecimento em Cuba - Portal Tela Portugal","isPartOf":{"@id":"https:\/\/portaltela.pt\/#website"},"primaryImageOfPage":{"@id":"https:\/\/portaltela.pt\/noticias\/2026\/02\/23\/cerco-energetico-dos-eua-ameaca-abastecimento-em-cuba\/#primaryimage"},"image":{"@id":"https:\/\/portaltela.pt\/noticias\/2026\/02\/23\/cerco-energetico-dos-eua-ameaca-abastecimento-em-cuba\/#primaryimage"},"thumbnailUrl":"https:\/\/portaltela.pt\/s.01k8rhncp4jt1\/2026\/02\/image-1676.jpg","datePublished":"2026-02-23T07:47:00+00:00","author":{"@id":"https:\/\/portaltela.pt\/#\/schema\/person\/c4278d4a6028830caff9ee44b42d32ed"},"breadcrumb":{"@id":"https:\/\/portaltela.pt\/noticias\/2026\/02\/23\/cerco-energetico-dos-eua-ameaca-abastecimento-em-cuba\/#breadcrumb"},"inLanguage":"pt-PT","potentialAction":[{"@type":"ReadAction","target":["https:\/\/portaltela.pt\/noticias\/2026\/02\/23\/cerco-energetico-dos-eua-ameaca-abastecimento-em-cuba\/"]}]},{"@type":"ImageObject","inLanguage":"pt-PT","@id":"https:\/\/portaltela.pt\/noticias\/2026\/02\/23\/cerco-energetico-dos-eua-ameaca-abastecimento-em-cuba\/#primaryimage","url":"https:\/\/portaltela.pt\/s.01k8rhncp4jt1\/2026\/02\/image-1676.jpg","contentUrl":"https:\/\/portaltela.pt\/s.01k8rhncp4jt1\/2026\/02\/image-1676.jpg","width":796,"height":448,"caption":"Cerco dos Estados Unidos est\u00e1 a paralisar vida dos cubanos"},{"@type":"BreadcrumbList","@id":"https:\/\/portaltela.pt\/noticias\/2026\/02\/23\/cerco-energetico-dos-eua-ameaca-abastecimento-em-cuba\/#breadcrumb","itemListElement":[{"@type":"ListItem","position":1,"name":"In\u00edcio","item":"https:\/\/portaltela.pt\/"},{"@type":"ListItem","position":2,"name":"Cerco energ\u00e9tico dos EUA amea\u00e7a abastecimento em Cuba"}]},{"@type":"WebSite","@id":"https:\/\/portaltela.pt\/#website","url":"https:\/\/portaltela.pt\/","name":"Portal Tela Portugal","description":"","potentialAction":[{"@type":"SearchAction","target":{"@type":"EntryPoint","urlTemplate":"https:\/\/portaltela.pt\/?s={search_term_string}"},"query-input":{"@type":"PropertyValueSpecification","valueRequired":true,"valueName":"search_term_string"}}],"inLanguage":"pt-PT"},{"@type":"Person","@id":"https:\/\/portaltela.pt\/#\/schema\/person\/c4278d4a6028830caff9ee44b42d32ed","name":"Telinha","image":{"@type":"ImageObject","inLanguage":"pt-PT","@id":"https:\/\/portaltela.pt\/s.01k8rhncp4jt1\/2025\/11\/talking-bot-125x125.png","url":"https:\/\/portaltela.pt\/s.01k8rhncp4jt1\/2025\/11\/talking-bot-125x125.png","contentUrl":"https:\/\/portaltela.pt\/s.01k8rhncp4jt1\/2025\/11\/talking-bot-125x125.png","caption":"Telinha"},"sameAs":["https:\/\/portaltela.pt\/"],"url":"https:\/\/portaltela.pt\/por\/367410592786\/"}]}},"_links":{"self":[{"href":"https:\/\/portaltela.pt\/api\/wp\/v2\/posts\/222357","targetHints":{"allow":["GET"]}}],"collection":[{"href":"https:\/\/portaltela.pt\/api\/wp\/v2\/posts"}],"about":[{"href":"https:\/\/portaltela.pt\/api\/wp\/v2\/types\/post"}],"author":[{"embeddable":true,"href":"https:\/\/portaltela.pt\/api\/wp\/v2\/users\/2"}],"replies":[{"embeddable":true,"href":"https:\/\/portaltela.pt\/api\/wp\/v2\/comments?post=222357"}],"version-history":[{"count":0,"href":"https:\/\/portaltela.pt\/api\/wp\/v2\/posts\/222357\/revisions"}],"wp:featuredmedia":[{"embeddable":true,"href":"https:\/\/portaltela.pt\/api\/wp\/v2\/media\/222359"}],"wp:attachment":[{"href":"https:\/\/portaltela.pt\/api\/wp\/v2\/media?parent=222357"}],"wp:term":[{"taxonomy":"category","embeddable":true,"href":"https:\/\/portaltela.pt\/api\/wp\/v2\/categories?post=222357"},{"taxonomy":"post_tag","embeddable":true,"href":"https:\/\/portaltela.pt\/api\/wp\/v2\/tags?post=222357"}],"curies":[{"name":"wp","href":"https:\/\/api.w.org\/{rel}","templated":true}]}}