{"id":222340,"date":"2026-02-23T04:34:11","date_gmt":"2026-02-23T07:34:11","guid":{"rendered":"https:\/\/portaltela.pt\/noticias\/2026\/02\/23\/filme-terra-vil-retrata-comunidade-do-interior-abalada-por-tragedia\/"},"modified":"2026-02-23T04:34:11","modified_gmt":"2026-02-23T07:34:11","slug":"filme-terra-vil-retrata-comunidade-do-interior-abalada-por-tragedia","status":"publish","type":"post","link":"https:\/\/portaltela.pt\/noticias\/2026\/02\/23\/filme-terra-vil-retrata-comunidade-do-interior-abalada-por-tragedia\/","title":{"rendered":"Filme Terra Vil retrata comunidade do interior abalada por trag\u00e9dia"},"content":{"rendered":"<p>A estreia do filme Terra Vil chega aos cinemas na quinta-feira. A narrativa foca o amparo entre duas fam\u00edlias fragmentadas e liga-se \u00e0 trag\u00e9dia de Entre-os-Rios, 25 anos depois. O realizador Lu\u00eds Campos descreve a obra como uma fic\u00e7\u00e3o que espelha uma comunidade marcada pela perda.<\/p>\n<p>A hist\u00f3ria acompanha uma fam\u00edlia de um pai pescador com problemas de alcoolismo e o seu filho em risco. Do outro lado, uma m\u00e3e com filhas adolescentes que ajudam na aprendizagem e na recolha de lampreia. O enredo cruza tamb\u00e9m mem\u00f3rias do encerramento das minas do Pej\u00e3o.<\/p>\n<p>O filme foi rodado em Castelo de Paiva, Penafiel e Entre-os-Rios, e envolve atores como Ruben Gomes, William Cesnek, L\u00facia Moniz, Beatriz Relvas e Francisca Sobrinho. A produ\u00e7\u00e3o \u00e9 da Matin\u00e9, em coprodu\u00e7\u00e3o com It\u00e1lia, com apoio do ICAA e da RTP.<\/p>\n<h3>Contexto de produ\u00e7\u00e3o<\/h3>\n<p>Campos explica ter procurado capturar uma paisagem humana do interior de Portugal, criando uma atmosfera quase etnogr\u00e1fica. O filme evoca o trauma partilhado pela regi\u00e3o, mesmo entre quem n\u00e3o sofreu perdas diretas.<\/p>\n<h3>Repercuss\u00e3o junto da comunidade<\/h3>\n<p>Antes da estreia comercial, Terra Vil j\u00e1 foi mostrado a membros da comunidade de Castelo de Paiva. O feedback indica que o filme \u00e9 respeitoso e pode facilitar o di\u00e1logo sobre supera\u00e7\u00e3o do trauma. A rece\u00e7\u00e3o foi considerada positiva pela associa\u00e7\u00e3o de v\u00edtimas da ponte.<\/p>\n<h3>Perspetivas do realizador<\/h3>\n<p>Campos espera que o p\u00fablico reconhe\u00e7a as personagens como vizinhas ou conhecidas. O objetivo \u00e9 revelar uma portugalidade ligada a tradi\u00e7\u00f5es, rela\u00e7\u00f5es humanas e comportamentos do interior. O realizador tamb\u00e9m comenta a rela\u00e7\u00e3o entre cinema portugu\u00eas e o p\u00fablico.<\/p>\n","protected":false},"excerpt":{"rendered":"<ul>\n<li>Terra Vil \u00e9 a primeira longa-metragem de fic\u00e7\u00e3o de Lu\u00eds Campos e estreia nos cinemas numa quinta-feira, apresentando uma comunidade do interior marcada por uma trag\u00e9dia antiga.<\/li>\n<li>A narrativa centra-se na rela\u00e7\u00e3o entre duas fam\u00edlias que se apoiam mutuamente, com Ruben Gomes e William Cesnek a representar um pai pescador com alcoolismo e o filho, e L\u00facia Moniz, Beatriz Relvas e Francisca Sobrinho a desempenharem a m\u00e3e e as filhas.<\/li>\n<li>O enredo associa o trauma de Entre-os-Rios com o encerramento das minas do Pej\u00e3o, nos anos noventa, altera\u00e7\u00f5es clim\u00e1ticas que afetam a lampreia e a mem\u00f3ria da queda da ponte Hintze Ribeiro.<\/li>\n<li>O filme foi rodado em Castelo de Paiva, Penafiel e Entre-os-Rios e j\u00e1 foi mostrado a familiares das v\u00edtimas da ponte.<\/li>\n<li>O realizador espera que o p\u00fablico sinta empatia pelas personagens, reconhecendo a \u201cportugalidade\u201d presentes na hist\u00f3ria, enquanto a produ\u00e7\u00e3o \u00e9 da Matin\u00e9, com coprodu\u00e7\u00e3o italiana e apoio do Instituto do Cinema e do Audiovisual e da RTP.<\/li>\n<\/ul>\n","protected":false},"author":2,"featured_media":222343,"comment_status":"closed","ping_status":"closed","sticky":false,"template":"","format":"standard","meta":{"footnotes":""},"categories":[12,1],"tags":[5680,112,145,1993,1014,5375],"class_list":["post-222340","post","type-post","status-publish","format-standard","has-post-thumbnail","hentry","category-entretenimento","category-noticias","tag-castelo-de-paiva","tag-cinema","tag-cultura","tag-penafiel","tag-portugal","tag-terra"],"yoast_head":"<!-- This site is optimized with the Yoast SEO plugin v27.2 - https:\/\/yoast.com\/product\/yoast-seo-wordpress\/ -->\n<title>Filme Terra Vil retrata comunidade do interior abalada por trag\u00e9dia - Portal Tela Portugal<\/title>\n<meta name=\"robots\" content=\"index, follow, max-snippet:-1, max-image-preview:large, max-video-preview:-1\" \/>\n<meta property=\"og:locale\" content=\"pt_PT\" \/>\n<meta property=\"og:type\" content=\"article\" \/>\n<meta property=\"og:title\" content=\"Filme Terra Vil retrata comunidade do interior abalada por trag\u00e9dia - Portal Tela Portugal\" \/>\n<meta property=\"og:description\" content=\"Terra Vil \u00e9 a primeira longa-metragem de fic\u00e7\u00e3o de Lu\u00eds Campos e estreia nos cinemas numa quinta-feira, apresentando uma comunidade do interior marcada por uma trag\u00e9dia antiga. A narrativa centra-se na rela\u00e7\u00e3o entre duas fam\u00edlias que se apoiam mutuamente, com Ruben Gomes e William Cesnek a representar um pai pescador com alcoolismo e o filho, e L\u00facia Moniz, Beatriz Relvas e Francisca Sobrinho a desempenharem a m\u00e3e e as filhas. O enredo associa o trauma de Entre-os-Rios com o encerramento das minas do Pej\u00e3o, nos anos noventa, altera\u00e7\u00f5es clim\u00e1ticas que afetam a lampreia e a mem\u00f3ria da queda da ponte Hintze Ribeiro. O filme foi rodado em Castelo de Paiva, Penafiel e Entre-os-Rios e j\u00e1 foi mostrado a familiares das v\u00edtimas da ponte. O realizador espera que o p\u00fablico sinta empatia pelas personagens, reconhecendo a \u201cportugalidade\u201d presentes na hist\u00f3ria, enquanto a produ\u00e7\u00e3o \u00e9 da Matin\u00e9, com coprodu\u00e7\u00e3o italiana e apoio do Instituto do Cinema e do Audiovisual e da RTP.\" \/>\n<meta property=\"og:url\" content=\"https:\/\/portaltela.pt\/noticias\/2026\/02\/23\/filme-terra-vil-retrata-comunidade-do-interior-abalada-por-tragedia\/\" \/>\n<meta property=\"og:site_name\" content=\"Portal Tela Portugal\" \/>\n<meta property=\"article:published_time\" content=\"2026-02-23T07:34:11+00:00\" \/>\n<meta name=\"author\" content=\"Telinha\" \/>\n<meta name=\"twitter:card\" content=\"summary_large_image\" \/>\n<meta name=\"twitter:label1\" content=\"Escrito por\" \/>\n\t<meta name=\"twitter:data1\" content=\"Telinha\" \/>\n\t<meta name=\"twitter:label2\" content=\"Tempo estimado de leitura\" \/>\n\t<meta name=\"twitter:data2\" content=\"1 minuto\" \/>\n<script type=\"application\/ld+json\" class=\"yoast-schema-graph\">{\"@context\":\"https:\/\/schema.org\",\"@graph\":[{\"@type\":\"Article\",\"@id\":\"https:\/\/portaltela.pt\/noticias\/2026\/02\/23\/filme-terra-vil-retrata-comunidade-do-interior-abalada-por-tragedia\/#article\",\"isPartOf\":{\"@id\":\"https:\/\/portaltela.pt\/noticias\/2026\/02\/23\/filme-terra-vil-retrata-comunidade-do-interior-abalada-por-tragedia\/\"},\"author\":{\"name\":\"Telinha\",\"@id\":\"https:\/\/portaltela.pt\/#\/schema\/person\/c4278d4a6028830caff9ee44b42d32ed\"},\"headline\":\"Filme Terra Vil retrata comunidade do interior abalada por trag\u00e9dia\",\"datePublished\":\"2026-02-23T07:34:11+00:00\",\"mainEntityOfPage\":{\"@id\":\"https:\/\/portaltela.pt\/noticias\/2026\/02\/23\/filme-terra-vil-retrata-comunidade-do-interior-abalada-por-tragedia\/\"},\"wordCount\":299,\"image\":{\"@id\":\"https:\/\/portaltela.pt\/noticias\/2026\/02\/23\/filme-terra-vil-retrata-comunidade-do-interior-abalada-por-tragedia\/#primaryimage\"},\"thumbnailUrl\":\"https:\/\/portaltela.pt\/s.01k8rhncp4jt1\/2026\/02\/img_1500x1000uu2026-02-23-07-33-38-2268419.jpg\",\"keywords\":[\"Castelo de Paiva\",\"cinema\",\"cultura\",\"Penafiel\",\"Portugal\",\"Terra\"],\"articleSection\":[\"Entretenimento\",\"Not\u00edcias\"],\"inLanguage\":\"pt-PT\"},{\"@type\":\"WebPage\",\"@id\":\"https:\/\/portaltela.pt\/noticias\/2026\/02\/23\/filme-terra-vil-retrata-comunidade-do-interior-abalada-por-tragedia\/\",\"url\":\"https:\/\/portaltela.pt\/noticias\/2026\/02\/23\/filme-terra-vil-retrata-comunidade-do-interior-abalada-por-tragedia\/\",\"name\":\"Filme Terra Vil retrata comunidade do interior abalada por trag\u00e9dia - Portal Tela Portugal\",\"isPartOf\":{\"@id\":\"https:\/\/portaltela.pt\/#website\"},\"primaryImageOfPage\":{\"@id\":\"https:\/\/portaltela.pt\/noticias\/2026\/02\/23\/filme-terra-vil-retrata-comunidade-do-interior-abalada-por-tragedia\/#primaryimage\"},\"image\":{\"@id\":\"https:\/\/portaltela.pt\/noticias\/2026\/02\/23\/filme-terra-vil-retrata-comunidade-do-interior-abalada-por-tragedia\/#primaryimage\"},\"thumbnailUrl\":\"https:\/\/portaltela.pt\/s.01k8rhncp4jt1\/2026\/02\/img_1500x1000uu2026-02-23-07-33-38-2268419.jpg\",\"datePublished\":\"2026-02-23T07:34:11+00:00\",\"author\":{\"@id\":\"https:\/\/portaltela.pt\/#\/schema\/person\/c4278d4a6028830caff9ee44b42d32ed\"},\"breadcrumb\":{\"@id\":\"https:\/\/portaltela.pt\/noticias\/2026\/02\/23\/filme-terra-vil-retrata-comunidade-do-interior-abalada-por-tragedia\/#breadcrumb\"},\"inLanguage\":\"pt-PT\",\"potentialAction\":[{\"@type\":\"ReadAction\",\"target\":[\"https:\/\/portaltela.pt\/noticias\/2026\/02\/23\/filme-terra-vil-retrata-comunidade-do-interior-abalada-por-tragedia\/\"]}]},{\"@type\":\"ImageObject\",\"inLanguage\":\"pt-PT\",\"@id\":\"https:\/\/portaltela.pt\/noticias\/2026\/02\/23\/filme-terra-vil-retrata-comunidade-do-interior-abalada-por-tragedia\/#primaryimage\",\"url\":\"https:\/\/portaltela.pt\/s.01k8rhncp4jt1\/2026\/02\/img_1500x1000uu2026-02-23-07-33-38-2268419.jpg\",\"contentUrl\":\"https:\/\/portaltela.pt\/s.01k8rhncp4jt1\/2026\/02\/img_1500x1000uu2026-02-23-07-33-38-2268419.jpg\",\"width\":796,\"height\":448,\"caption\":\"Lu\u00eds Campos realiza 'Terra Vil'\"},{\"@type\":\"BreadcrumbList\",\"@id\":\"https:\/\/portaltela.pt\/noticias\/2026\/02\/23\/filme-terra-vil-retrata-comunidade-do-interior-abalada-por-tragedia\/#breadcrumb\",\"itemListElement\":[{\"@type\":\"ListItem\",\"position\":1,\"name\":\"In\u00edcio\",\"item\":\"https:\/\/portaltela.pt\/\"},{\"@type\":\"ListItem\",\"position\":2,\"name\":\"Filme Terra Vil retrata comunidade do interior abalada por trag\u00e9dia\"}]},{\"@type\":\"WebSite\",\"@id\":\"https:\/\/portaltela.pt\/#website\",\"url\":\"https:\/\/portaltela.pt\/\",\"name\":\"Portal Tela Portugal\",\"description\":\"\",\"potentialAction\":[{\"@type\":\"SearchAction\",\"target\":{\"@type\":\"EntryPoint\",\"urlTemplate\":\"https:\/\/portaltela.pt\/?s={search_term_string}\"},\"query-input\":{\"@type\":\"PropertyValueSpecification\",\"valueRequired\":true,\"valueName\":\"search_term_string\"}}],\"inLanguage\":\"pt-PT\"},{\"@type\":\"Person\",\"@id\":\"https:\/\/portaltela.pt\/#\/schema\/person\/c4278d4a6028830caff9ee44b42d32ed\",\"name\":\"Telinha\",\"image\":{\"@type\":\"ImageObject\",\"inLanguage\":\"pt-PT\",\"@id\":\"https:\/\/portaltela.pt\/s.01k8rhncp4jt1\/2025\/11\/talking-bot-125x125.png\",\"url\":\"https:\/\/portaltela.pt\/s.01k8rhncp4jt1\/2025\/11\/talking-bot-125x125.png\",\"contentUrl\":\"https:\/\/portaltela.pt\/s.01k8rhncp4jt1\/2025\/11\/talking-bot-125x125.png\",\"caption\":\"Telinha\"},\"sameAs\":[\"https:\/\/portaltela.pt\/\"],\"url\":\"https:\/\/portaltela.pt\/por\/367410592786\/\"}]}<\/script>\n<!-- \/ Yoast SEO plugin. -->","yoast_head_json":{"title":"Filme Terra Vil retrata comunidade do interior abalada por trag\u00e9dia - Portal Tela Portugal","robots":{"index":"index","follow":"follow","max-snippet":"max-snippet:-1","max-image-preview":"max-image-preview:large","max-video-preview":"max-video-preview:-1"},"og_locale":"pt_PT","og_type":"article","og_title":"Filme Terra Vil retrata comunidade do interior abalada por trag\u00e9dia - Portal Tela Portugal","og_description":"Terra Vil \u00e9 a primeira longa-metragem de fic\u00e7\u00e3o de Lu\u00eds Campos e estreia nos cinemas numa quinta-feira, apresentando uma comunidade do interior marcada por uma trag\u00e9dia antiga. A narrativa centra-se na rela\u00e7\u00e3o entre duas fam\u00edlias que se apoiam mutuamente, com Ruben Gomes e William Cesnek a representar um pai pescador com alcoolismo e o filho, e L\u00facia Moniz, Beatriz Relvas e Francisca Sobrinho a desempenharem a m\u00e3e e as filhas. O enredo associa o trauma de Entre-os-Rios com o encerramento das minas do Pej\u00e3o, nos anos noventa, altera\u00e7\u00f5es clim\u00e1ticas que afetam a lampreia e a mem\u00f3ria da queda da ponte Hintze Ribeiro. O filme foi rodado em Castelo de Paiva, Penafiel e Entre-os-Rios e j\u00e1 foi mostrado a familiares das v\u00edtimas da ponte. O realizador espera que o p\u00fablico sinta empatia pelas personagens, reconhecendo a \u201cportugalidade\u201d presentes na hist\u00f3ria, enquanto a produ\u00e7\u00e3o \u00e9 da Matin\u00e9, com coprodu\u00e7\u00e3o italiana e apoio do Instituto do Cinema e do Audiovisual e da RTP.","og_url":"https:\/\/portaltela.pt\/noticias\/2026\/02\/23\/filme-terra-vil-retrata-comunidade-do-interior-abalada-por-tragedia\/","og_site_name":"Portal Tela Portugal","article_published_time":"2026-02-23T07:34:11+00:00","author":"Telinha","twitter_card":"summary_large_image","twitter_misc":{"Escrito por":"Telinha","Tempo estimado de leitura":"1 minuto"},"schema":{"@context":"https:\/\/schema.org","@graph":[{"@type":"Article","@id":"https:\/\/portaltela.pt\/noticias\/2026\/02\/23\/filme-terra-vil-retrata-comunidade-do-interior-abalada-por-tragedia\/#article","isPartOf":{"@id":"https:\/\/portaltela.pt\/noticias\/2026\/02\/23\/filme-terra-vil-retrata-comunidade-do-interior-abalada-por-tragedia\/"},"author":{"name":"Telinha","@id":"https:\/\/portaltela.pt\/#\/schema\/person\/c4278d4a6028830caff9ee44b42d32ed"},"headline":"Filme Terra Vil retrata comunidade do interior abalada por trag\u00e9dia","datePublished":"2026-02-23T07:34:11+00:00","mainEntityOfPage":{"@id":"https:\/\/portaltela.pt\/noticias\/2026\/02\/23\/filme-terra-vil-retrata-comunidade-do-interior-abalada-por-tragedia\/"},"wordCount":299,"image":{"@id":"https:\/\/portaltela.pt\/noticias\/2026\/02\/23\/filme-terra-vil-retrata-comunidade-do-interior-abalada-por-tragedia\/#primaryimage"},"thumbnailUrl":"https:\/\/portaltela.pt\/s.01k8rhncp4jt1\/2026\/02\/img_1500x1000uu2026-02-23-07-33-38-2268419.jpg","keywords":["Castelo de Paiva","cinema","cultura","Penafiel","Portugal","Terra"],"articleSection":["Entretenimento","Not\u00edcias"],"inLanguage":"pt-PT"},{"@type":"WebPage","@id":"https:\/\/portaltela.pt\/noticias\/2026\/02\/23\/filme-terra-vil-retrata-comunidade-do-interior-abalada-por-tragedia\/","url":"https:\/\/portaltela.pt\/noticias\/2026\/02\/23\/filme-terra-vil-retrata-comunidade-do-interior-abalada-por-tragedia\/","name":"Filme Terra Vil retrata comunidade do interior abalada por trag\u00e9dia - Portal Tela Portugal","isPartOf":{"@id":"https:\/\/portaltela.pt\/#website"},"primaryImageOfPage":{"@id":"https:\/\/portaltela.pt\/noticias\/2026\/02\/23\/filme-terra-vil-retrata-comunidade-do-interior-abalada-por-tragedia\/#primaryimage"},"image":{"@id":"https:\/\/portaltela.pt\/noticias\/2026\/02\/23\/filme-terra-vil-retrata-comunidade-do-interior-abalada-por-tragedia\/#primaryimage"},"thumbnailUrl":"https:\/\/portaltela.pt\/s.01k8rhncp4jt1\/2026\/02\/img_1500x1000uu2026-02-23-07-33-38-2268419.jpg","datePublished":"2026-02-23T07:34:11+00:00","author":{"@id":"https:\/\/portaltela.pt\/#\/schema\/person\/c4278d4a6028830caff9ee44b42d32ed"},"breadcrumb":{"@id":"https:\/\/portaltela.pt\/noticias\/2026\/02\/23\/filme-terra-vil-retrata-comunidade-do-interior-abalada-por-tragedia\/#breadcrumb"},"inLanguage":"pt-PT","potentialAction":[{"@type":"ReadAction","target":["https:\/\/portaltela.pt\/noticias\/2026\/02\/23\/filme-terra-vil-retrata-comunidade-do-interior-abalada-por-tragedia\/"]}]},{"@type":"ImageObject","inLanguage":"pt-PT","@id":"https:\/\/portaltela.pt\/noticias\/2026\/02\/23\/filme-terra-vil-retrata-comunidade-do-interior-abalada-por-tragedia\/#primaryimage","url":"https:\/\/portaltela.pt\/s.01k8rhncp4jt1\/2026\/02\/img_1500x1000uu2026-02-23-07-33-38-2268419.jpg","contentUrl":"https:\/\/portaltela.pt\/s.01k8rhncp4jt1\/2026\/02\/img_1500x1000uu2026-02-23-07-33-38-2268419.jpg","width":796,"height":448,"caption":"Lu\u00eds Campos realiza 'Terra Vil'"},{"@type":"BreadcrumbList","@id":"https:\/\/portaltela.pt\/noticias\/2026\/02\/23\/filme-terra-vil-retrata-comunidade-do-interior-abalada-por-tragedia\/#breadcrumb","itemListElement":[{"@type":"ListItem","position":1,"name":"In\u00edcio","item":"https:\/\/portaltela.pt\/"},{"@type":"ListItem","position":2,"name":"Filme Terra Vil retrata comunidade do interior abalada por trag\u00e9dia"}]},{"@type":"WebSite","@id":"https:\/\/portaltela.pt\/#website","url":"https:\/\/portaltela.pt\/","name":"Portal Tela Portugal","description":"","potentialAction":[{"@type":"SearchAction","target":{"@type":"EntryPoint","urlTemplate":"https:\/\/portaltela.pt\/?s={search_term_string}"},"query-input":{"@type":"PropertyValueSpecification","valueRequired":true,"valueName":"search_term_string"}}],"inLanguage":"pt-PT"},{"@type":"Person","@id":"https:\/\/portaltela.pt\/#\/schema\/person\/c4278d4a6028830caff9ee44b42d32ed","name":"Telinha","image":{"@type":"ImageObject","inLanguage":"pt-PT","@id":"https:\/\/portaltela.pt\/s.01k8rhncp4jt1\/2025\/11\/talking-bot-125x125.png","url":"https:\/\/portaltela.pt\/s.01k8rhncp4jt1\/2025\/11\/talking-bot-125x125.png","contentUrl":"https:\/\/portaltela.pt\/s.01k8rhncp4jt1\/2025\/11\/talking-bot-125x125.png","caption":"Telinha"},"sameAs":["https:\/\/portaltela.pt\/"],"url":"https:\/\/portaltela.pt\/por\/367410592786\/"}]}},"_links":{"self":[{"href":"https:\/\/portaltela.pt\/api\/wp\/v2\/posts\/222340","targetHints":{"allow":["GET"]}}],"collection":[{"href":"https:\/\/portaltela.pt\/api\/wp\/v2\/posts"}],"about":[{"href":"https:\/\/portaltela.pt\/api\/wp\/v2\/types\/post"}],"author":[{"embeddable":true,"href":"https:\/\/portaltela.pt\/api\/wp\/v2\/users\/2"}],"replies":[{"embeddable":true,"href":"https:\/\/portaltela.pt\/api\/wp\/v2\/comments?post=222340"}],"version-history":[{"count":0,"href":"https:\/\/portaltela.pt\/api\/wp\/v2\/posts\/222340\/revisions"}],"wp:featuredmedia":[{"embeddable":true,"href":"https:\/\/portaltela.pt\/api\/wp\/v2\/media\/222343"}],"wp:attachment":[{"href":"https:\/\/portaltela.pt\/api\/wp\/v2\/media?parent=222340"}],"wp:term":[{"taxonomy":"category","embeddable":true,"href":"https:\/\/portaltela.pt\/api\/wp\/v2\/categories?post=222340"},{"taxonomy":"post_tag","embeddable":true,"href":"https:\/\/portaltela.pt\/api\/wp\/v2\/tags?post=222340"}],"curies":[{"name":"wp","href":"https:\/\/api.w.org\/{rel}","templated":true}]}}