{"id":222300,"date":"2026-02-23T03:31:00","date_gmt":"2026-02-23T06:31:00","guid":{"rendered":"https:\/\/portaltela.pt\/noticias\/2026\/02\/23\/da-bd-de-nicho-a-expansao-em-portugal-em-2026\/"},"modified":"2026-02-23T03:31:00","modified_gmt":"2026-02-23T06:31:00","slug":"da-bd-de-nicho-a-expansao-em-portugal-em-2026","status":"publish","type":"post","link":"https:\/\/portaltela.pt\/noticias\/2026\/02\/23\/da-bd-de-nicho-a-expansao-em-portugal-em-2026\/","title":{"rendered":"Da BD de nicho \u00e0 expans\u00e3o em Portugal em 2026"},"content":{"rendered":"<p>A BD em Portugal atingiu n\u00fameros recordes em 2026, com o t\u00edtulo Ast\u00e9rix na Lusit\u00e2nia a destacar-se de forma in\u00e9dita. O livro vendeu mais de 148 mil exemplares, marcando um recorde absoluto no pa\u00eds, quer pela soma total, quer pelo ritmo desde o seu lan\u00e7amento.<\/p>\n<p>Segundo a Gfk, empresa de refer\u00eancia em estudos de mercado, a performance do t\u00edtulo excede qualquer compara\u00e7\u00e3o anterior, independentemente do m\u00e9todo de an\u00e1lise utilizado. O lan\u00e7amento ocorreu a 23 de Outubro do ano passado.<\/p>\n<p>A Asa, editora respons\u00e1vel pela publica\u00e7\u00e3o, aponta ainda para a circula\u00e7\u00e3o de v\u00e1rias c\u00f3pias em livrarias e pontos de venda sem necessidade de devolu\u00e7\u00e3o. Este facto amplia o alcance do t\u00edtulo e refor\u00e7a a posi\u00e7\u00e3o da BD portuguesa no mercado.<\/p>\n<p>O desempenho revela um impulso significativo do setor, que tem observado crescimento de p\u00fablico e visibilidade para obras de banda desenhada em Portugal. O estudo da Gfk confirma a tend\u00eancia de expans\u00e3o do nicho para al\u00e9m de mercados tradicionais.<\/p>\n","protected":false},"excerpt":{"rendered":"<ul>\n<li>&#8220;Ast\u00e9rix na Lusit\u00e2nia&#8221; vendeu mais de 148 mil exemplares desde o lan\u00e7amento em 23 de Outubro do ano passado, segundo a Gfk.<\/li>\n<li>O livro j\u00e1 circula em livrarias e em pontos de venda sem ordem de devolu\u00e7\u00e3o \u00e0 editora Asa.<\/li>\n<li>O feito representa um recorde absoluto em Portugal, seja pela venda total, seja por per\u00edodo espec\u00edfico.<\/li>\n<li>A contagem \u00e9 da Gfk, empresa que mede audi\u00eancias televisivas e realiza estudos de mercado.<\/li>\n<\/ul>\n","protected":false},"author":2,"featured_media":222303,"comment_status":"closed","ping_status":"closed","sticky":false,"template":"","format":"standard","meta":{"footnotes":""},"categories":[1],"tags":[5872,28,130,1014,3181,1321],"class_list":["post-222300","post","type-post","status-publish","format-standard","has-post-thumbnail","hentry","category-noticias","tag-crescimento-economico","tag-economia","tag-livros","tag-portugal","tag-publicacoes","tag-publicacoes-economicas"],"yoast_head":"<!-- This site is optimized with the Yoast SEO plugin v27.2 - https:\/\/yoast.com\/product\/yoast-seo-wordpress\/ -->\n<title>Da BD de nicho \u00e0 expans\u00e3o em Portugal em 2026 - Portal Tela Portugal<\/title>\n<meta name=\"robots\" content=\"index, follow, max-snippet:-1, max-image-preview:large, max-video-preview:-1\" \/>\n<meta property=\"og:locale\" content=\"pt_PT\" \/>\n<meta property=\"og:type\" content=\"article\" \/>\n<meta property=\"og:title\" content=\"Da BD de nicho \u00e0 expans\u00e3o em Portugal em 2026 - Portal Tela Portugal\" \/>\n<meta property=\"og:description\" content=\"&quot;Ast\u00e9rix na Lusit\u00e2nia&quot; vendeu mais de 148 mil exemplares desde o lan\u00e7amento em 23 de Outubro do ano passado, segundo a Gfk. O livro j\u00e1 circula em livrarias e em pontos de venda sem ordem de devolu\u00e7\u00e3o \u00e0 editora Asa. O feito representa um recorde absoluto em Portugal, seja pela venda total, seja por per\u00edodo espec\u00edfico. A contagem \u00e9 da Gfk, empresa que mede audi\u00eancias televisivas e realiza estudos de mercado.\" \/>\n<meta property=\"og:url\" content=\"https:\/\/portaltela.pt\/noticias\/2026\/02\/23\/da-bd-de-nicho-a-expansao-em-portugal-em-2026\/\" \/>\n<meta property=\"og:site_name\" content=\"Portal Tela Portugal\" \/>\n<meta property=\"article:published_time\" content=\"2026-02-23T06:31:00+00:00\" \/>\n<meta name=\"author\" content=\"Telinha\" \/>\n<meta name=\"twitter:card\" content=\"summary_large_image\" \/>\n<meta name=\"twitter:label1\" content=\"Escrito por\" \/>\n\t<meta name=\"twitter:data1\" content=\"Telinha\" \/>\n\t<meta name=\"twitter:label2\" content=\"Tempo estimado de leitura\" \/>\n\t<meta name=\"twitter:data2\" content=\"1 minuto\" \/>\n<script type=\"application\/ld+json\" class=\"yoast-schema-graph\">{\"@context\":\"https:\/\/schema.org\",\"@graph\":[{\"@type\":\"Article\",\"@id\":\"https:\/\/portaltela.pt\/noticias\/2026\/02\/23\/da-bd-de-nicho-a-expansao-em-portugal-em-2026\/#article\",\"isPartOf\":{\"@id\":\"https:\/\/portaltela.pt\/noticias\/2026\/02\/23\/da-bd-de-nicho-a-expansao-em-portugal-em-2026\/\"},\"author\":{\"name\":\"Telinha\",\"@id\":\"https:\/\/portaltela.pt\/#\/schema\/person\/c4278d4a6028830caff9ee44b42d32ed\"},\"headline\":\"Da BD de nicho \u00e0 expans\u00e3o em Portugal em 2026\",\"datePublished\":\"2026-02-23T06:31:00+00:00\",\"mainEntityOfPage\":{\"@id\":\"https:\/\/portaltela.pt\/noticias\/2026\/02\/23\/da-bd-de-nicho-a-expansao-em-portugal-em-2026\/\"},\"wordCount\":190,\"image\":{\"@id\":\"https:\/\/portaltela.pt\/noticias\/2026\/02\/23\/da-bd-de-nicho-a-expansao-em-portugal-em-2026\/#primaryimage\"},\"thumbnailUrl\":\"https:\/\/portaltela.pt\/s.01k8rhncp4jt1\/2026\/02\/2069044.jpg\",\"keywords\":[\"crescimento econ\u00f3mico\",\"economia\",\"livros\",\"Portugal\",\"publica\u00e7\u00f5es\",\"publica\u00e7\u00f5es econ\u00f3micas\"],\"articleSection\":[\"Not\u00edcias\"],\"inLanguage\":\"pt-PT\"},{\"@type\":\"WebPage\",\"@id\":\"https:\/\/portaltela.pt\/noticias\/2026\/02\/23\/da-bd-de-nicho-a-expansao-em-portugal-em-2026\/\",\"url\":\"https:\/\/portaltela.pt\/noticias\/2026\/02\/23\/da-bd-de-nicho-a-expansao-em-portugal-em-2026\/\",\"name\":\"Da BD de nicho \u00e0 expans\u00e3o em Portugal em 2026 - Portal Tela Portugal\",\"isPartOf\":{\"@id\":\"https:\/\/portaltela.pt\/#website\"},\"primaryImageOfPage\":{\"@id\":\"https:\/\/portaltela.pt\/noticias\/2026\/02\/23\/da-bd-de-nicho-a-expansao-em-portugal-em-2026\/#primaryimage\"},\"image\":{\"@id\":\"https:\/\/portaltela.pt\/noticias\/2026\/02\/23\/da-bd-de-nicho-a-expansao-em-portugal-em-2026\/#primaryimage\"},\"thumbnailUrl\":\"https:\/\/portaltela.pt\/s.01k8rhncp4jt1\/2026\/02\/2069044.jpg\",\"datePublished\":\"2026-02-23T06:31:00+00:00\",\"author\":{\"@id\":\"https:\/\/portaltela.pt\/#\/schema\/person\/c4278d4a6028830caff9ee44b42d32ed\"},\"breadcrumb\":{\"@id\":\"https:\/\/portaltela.pt\/noticias\/2026\/02\/23\/da-bd-de-nicho-a-expansao-em-portugal-em-2026\/#breadcrumb\"},\"inLanguage\":\"pt-PT\",\"potentialAction\":[{\"@type\":\"ReadAction\",\"target\":[\"https:\/\/portaltela.pt\/noticias\/2026\/02\/23\/da-bd-de-nicho-a-expansao-em-portugal-em-2026\/\"]}]},{\"@type\":\"ImageObject\",\"inLanguage\":\"pt-PT\",\"@id\":\"https:\/\/portaltela.pt\/noticias\/2026\/02\/23\/da-bd-de-nicho-a-expansao-em-portugal-em-2026\/#primaryimage\",\"url\":\"https:\/\/portaltela.pt\/s.01k8rhncp4jt1\/2026\/02\/2069044.jpg\",\"contentUrl\":\"https:\/\/portaltela.pt\/s.01k8rhncp4jt1\/2026\/02\/2069044.jpg\",\"width\":796,\"height\":448,\"caption\":\"Ast\u00e9rix na Lusit\u00e2nia j\u00e1 vendeu mais de 148 mil exemplares e muitos outros est\u00e3o em circula\u00e7\u00e3o\"},{\"@type\":\"BreadcrumbList\",\"@id\":\"https:\/\/portaltela.pt\/noticias\/2026\/02\/23\/da-bd-de-nicho-a-expansao-em-portugal-em-2026\/#breadcrumb\",\"itemListElement\":[{\"@type\":\"ListItem\",\"position\":1,\"name\":\"In\u00edcio\",\"item\":\"https:\/\/portaltela.pt\/\"},{\"@type\":\"ListItem\",\"position\":2,\"name\":\"Da BD de nicho \u00e0 expans\u00e3o em Portugal em 2026\"}]},{\"@type\":\"WebSite\",\"@id\":\"https:\/\/portaltela.pt\/#website\",\"url\":\"https:\/\/portaltela.pt\/\",\"name\":\"Portal Tela Portugal\",\"description\":\"\",\"potentialAction\":[{\"@type\":\"SearchAction\",\"target\":{\"@type\":\"EntryPoint\",\"urlTemplate\":\"https:\/\/portaltela.pt\/?s={search_term_string}\"},\"query-input\":{\"@type\":\"PropertyValueSpecification\",\"valueRequired\":true,\"valueName\":\"search_term_string\"}}],\"inLanguage\":\"pt-PT\"},{\"@type\":\"Person\",\"@id\":\"https:\/\/portaltela.pt\/#\/schema\/person\/c4278d4a6028830caff9ee44b42d32ed\",\"name\":\"Telinha\",\"image\":{\"@type\":\"ImageObject\",\"inLanguage\":\"pt-PT\",\"@id\":\"https:\/\/portaltela.pt\/s.01k8rhncp4jt1\/2025\/11\/talking-bot-125x125.png\",\"url\":\"https:\/\/portaltela.pt\/s.01k8rhncp4jt1\/2025\/11\/talking-bot-125x125.png\",\"contentUrl\":\"https:\/\/portaltela.pt\/s.01k8rhncp4jt1\/2025\/11\/talking-bot-125x125.png\",\"caption\":\"Telinha\"},\"sameAs\":[\"https:\/\/portaltela.pt\/\"],\"url\":\"https:\/\/portaltela.pt\/por\/367410592786\/\"}]}<\/script>\n<!-- \/ Yoast SEO plugin. -->","yoast_head_json":{"title":"Da BD de nicho \u00e0 expans\u00e3o em Portugal em 2026 - Portal Tela Portugal","robots":{"index":"index","follow":"follow","max-snippet":"max-snippet:-1","max-image-preview":"max-image-preview:large","max-video-preview":"max-video-preview:-1"},"og_locale":"pt_PT","og_type":"article","og_title":"Da BD de nicho \u00e0 expans\u00e3o em Portugal em 2026 - Portal Tela Portugal","og_description":"\"Ast\u00e9rix na Lusit\u00e2nia\" vendeu mais de 148 mil exemplares desde o lan\u00e7amento em 23 de Outubro do ano passado, segundo a Gfk. O livro j\u00e1 circula em livrarias e em pontos de venda sem ordem de devolu\u00e7\u00e3o \u00e0 editora Asa. O feito representa um recorde absoluto em Portugal, seja pela venda total, seja por per\u00edodo espec\u00edfico. A contagem \u00e9 da Gfk, empresa que mede audi\u00eancias televisivas e realiza estudos de mercado.","og_url":"https:\/\/portaltela.pt\/noticias\/2026\/02\/23\/da-bd-de-nicho-a-expansao-em-portugal-em-2026\/","og_site_name":"Portal Tela Portugal","article_published_time":"2026-02-23T06:31:00+00:00","author":"Telinha","twitter_card":"summary_large_image","twitter_misc":{"Escrito por":"Telinha","Tempo estimado de leitura":"1 minuto"},"schema":{"@context":"https:\/\/schema.org","@graph":[{"@type":"Article","@id":"https:\/\/portaltela.pt\/noticias\/2026\/02\/23\/da-bd-de-nicho-a-expansao-em-portugal-em-2026\/#article","isPartOf":{"@id":"https:\/\/portaltela.pt\/noticias\/2026\/02\/23\/da-bd-de-nicho-a-expansao-em-portugal-em-2026\/"},"author":{"name":"Telinha","@id":"https:\/\/portaltela.pt\/#\/schema\/person\/c4278d4a6028830caff9ee44b42d32ed"},"headline":"Da BD de nicho \u00e0 expans\u00e3o em Portugal em 2026","datePublished":"2026-02-23T06:31:00+00:00","mainEntityOfPage":{"@id":"https:\/\/portaltela.pt\/noticias\/2026\/02\/23\/da-bd-de-nicho-a-expansao-em-portugal-em-2026\/"},"wordCount":190,"image":{"@id":"https:\/\/portaltela.pt\/noticias\/2026\/02\/23\/da-bd-de-nicho-a-expansao-em-portugal-em-2026\/#primaryimage"},"thumbnailUrl":"https:\/\/portaltela.pt\/s.01k8rhncp4jt1\/2026\/02\/2069044.jpg","keywords":["crescimento econ\u00f3mico","economia","livros","Portugal","publica\u00e7\u00f5es","publica\u00e7\u00f5es econ\u00f3micas"],"articleSection":["Not\u00edcias"],"inLanguage":"pt-PT"},{"@type":"WebPage","@id":"https:\/\/portaltela.pt\/noticias\/2026\/02\/23\/da-bd-de-nicho-a-expansao-em-portugal-em-2026\/","url":"https:\/\/portaltela.pt\/noticias\/2026\/02\/23\/da-bd-de-nicho-a-expansao-em-portugal-em-2026\/","name":"Da BD de nicho \u00e0 expans\u00e3o em Portugal em 2026 - Portal Tela Portugal","isPartOf":{"@id":"https:\/\/portaltela.pt\/#website"},"primaryImageOfPage":{"@id":"https:\/\/portaltela.pt\/noticias\/2026\/02\/23\/da-bd-de-nicho-a-expansao-em-portugal-em-2026\/#primaryimage"},"image":{"@id":"https:\/\/portaltela.pt\/noticias\/2026\/02\/23\/da-bd-de-nicho-a-expansao-em-portugal-em-2026\/#primaryimage"},"thumbnailUrl":"https:\/\/portaltela.pt\/s.01k8rhncp4jt1\/2026\/02\/2069044.jpg","datePublished":"2026-02-23T06:31:00+00:00","author":{"@id":"https:\/\/portaltela.pt\/#\/schema\/person\/c4278d4a6028830caff9ee44b42d32ed"},"breadcrumb":{"@id":"https:\/\/portaltela.pt\/noticias\/2026\/02\/23\/da-bd-de-nicho-a-expansao-em-portugal-em-2026\/#breadcrumb"},"inLanguage":"pt-PT","potentialAction":[{"@type":"ReadAction","target":["https:\/\/portaltela.pt\/noticias\/2026\/02\/23\/da-bd-de-nicho-a-expansao-em-portugal-em-2026\/"]}]},{"@type":"ImageObject","inLanguage":"pt-PT","@id":"https:\/\/portaltela.pt\/noticias\/2026\/02\/23\/da-bd-de-nicho-a-expansao-em-portugal-em-2026\/#primaryimage","url":"https:\/\/portaltela.pt\/s.01k8rhncp4jt1\/2026\/02\/2069044.jpg","contentUrl":"https:\/\/portaltela.pt\/s.01k8rhncp4jt1\/2026\/02\/2069044.jpg","width":796,"height":448,"caption":"Ast\u00e9rix na Lusit\u00e2nia j\u00e1 vendeu mais de 148 mil exemplares e muitos outros est\u00e3o em circula\u00e7\u00e3o"},{"@type":"BreadcrumbList","@id":"https:\/\/portaltela.pt\/noticias\/2026\/02\/23\/da-bd-de-nicho-a-expansao-em-portugal-em-2026\/#breadcrumb","itemListElement":[{"@type":"ListItem","position":1,"name":"In\u00edcio","item":"https:\/\/portaltela.pt\/"},{"@type":"ListItem","position":2,"name":"Da BD de nicho \u00e0 expans\u00e3o em Portugal em 2026"}]},{"@type":"WebSite","@id":"https:\/\/portaltela.pt\/#website","url":"https:\/\/portaltela.pt\/","name":"Portal Tela Portugal","description":"","potentialAction":[{"@type":"SearchAction","target":{"@type":"EntryPoint","urlTemplate":"https:\/\/portaltela.pt\/?s={search_term_string}"},"query-input":{"@type":"PropertyValueSpecification","valueRequired":true,"valueName":"search_term_string"}}],"inLanguage":"pt-PT"},{"@type":"Person","@id":"https:\/\/portaltela.pt\/#\/schema\/person\/c4278d4a6028830caff9ee44b42d32ed","name":"Telinha","image":{"@type":"ImageObject","inLanguage":"pt-PT","@id":"https:\/\/portaltela.pt\/s.01k8rhncp4jt1\/2025\/11\/talking-bot-125x125.png","url":"https:\/\/portaltela.pt\/s.01k8rhncp4jt1\/2025\/11\/talking-bot-125x125.png","contentUrl":"https:\/\/portaltela.pt\/s.01k8rhncp4jt1\/2025\/11\/talking-bot-125x125.png","caption":"Telinha"},"sameAs":["https:\/\/portaltela.pt\/"],"url":"https:\/\/portaltela.pt\/por\/367410592786\/"}]}},"_links":{"self":[{"href":"https:\/\/portaltela.pt\/api\/wp\/v2\/posts\/222300","targetHints":{"allow":["GET"]}}],"collection":[{"href":"https:\/\/portaltela.pt\/api\/wp\/v2\/posts"}],"about":[{"href":"https:\/\/portaltela.pt\/api\/wp\/v2\/types\/post"}],"author":[{"embeddable":true,"href":"https:\/\/portaltela.pt\/api\/wp\/v2\/users\/2"}],"replies":[{"embeddable":true,"href":"https:\/\/portaltela.pt\/api\/wp\/v2\/comments?post=222300"}],"version-history":[{"count":0,"href":"https:\/\/portaltela.pt\/api\/wp\/v2\/posts\/222300\/revisions"}],"wp:featuredmedia":[{"embeddable":true,"href":"https:\/\/portaltela.pt\/api\/wp\/v2\/media\/222303"}],"wp:attachment":[{"href":"https:\/\/portaltela.pt\/api\/wp\/v2\/media?parent=222300"}],"wp:term":[{"taxonomy":"category","embeddable":true,"href":"https:\/\/portaltela.pt\/api\/wp\/v2\/categories?post=222300"},{"taxonomy":"post_tag","embeddable":true,"href":"https:\/\/portaltela.pt\/api\/wp\/v2\/tags?post=222300"}],"curies":[{"name":"wp","href":"https:\/\/api.w.org\/{rel}","templated":true}]}}