{"id":222287,"date":"2026-02-23T03:15:00","date_gmt":"2026-02-23T06:15:00","guid":{"rendered":"https:\/\/portaltela.pt\/noticias\/2026\/02\/23\/sporting-avanca-no-gts-com-geny-trincao-e-suarez-a-passarem-das-marcas\/"},"modified":"2026-02-23T03:15:00","modified_gmt":"2026-02-23T06:15:00","slug":"sporting-avanca-no-gts-com-geny-trincao-e-suarez-a-passarem-das-marcas","status":"publish","type":"post","link":"https:\/\/portaltela.pt\/desporto\/futebol\/2026\/02\/23\/sporting-avanca-no-gts-com-geny-trincao-e-suarez-a-passarem-das-marcas\/","title":{"rendered":"Sporting avan\u00e7a no GTS com Geny, Trinc\u00e3o e Su\u00e1rez a passarem das marcas"},"content":{"rendered":"<p>O Sporting venceu o Moreirense por 3-0 em jogo da Liga Portugal Bwin, em Moreira de C\u00f3negos, e ascendeu \u00e0 lideran\u00e7a da classifica\u00e7\u00e3o com 55 pontos. A equipa leonina dominou as opera\u00e7\u00f5es do encontro desde o apito inicial e criou v\u00e1rias ocasi\u00f5es para dilatar o marcador.<\/p>\n<p>Geny marcou o seu primeiro golo na Liga Portugal Bwin, enquanto Trinc\u00e3o tamb\u00e9m celebrou o primeiro tento na competi\u00e7\u00e3o. Ambos surgem como piezas-chave do ataque, com Geny j\u00e1 a igualar a melhor artilharia da sua carreira e Trinc\u00e3o a aproximar-se de recordes pessoais.<\/p>\n<p>Su\u00e1rez tamb\u00e9m vive uma fase de afirma\u00e7\u00e3o no Sporting, aproximando-se de marcas pr\u00f3prias e consolidando-se entre os principais goleadores da equipa. O trio demonstrou boa entrosa\u00e7\u00e3o e foi decisivo para a vit\u00f3ria, refor\u00e7ando a posi\u00e7\u00e3o do Sporting na corrida ao t\u00edtulo.<\/p>\n<h3>Desempenho ofensivo e pr\u00f3ximos passos<\/h3>\n<p>O Sporting exibiu superioridade s\u00f3lida, com press\u00e3o alta e transi\u00e7\u00f5es r\u00e1pidas que desequilibraram o Moreirense. A equipa de Rui Borges manteve o controlo do jogo e ampliou o caudal ofensivo na segunda parte.<\/p>\n<p>Na pr\u00f3xima jornada, o Sporting desloca-se ao Estoril para defrontar o conjunto local, na quarta-feira, \u00e0s 20h45, em Alvalade, com perspetivas de consolidar lideran\u00e7a e continuar a lutar pelo campeonato.<\/p>\n","protected":false},"excerpt":{"rendered":"<ul>\n<li>O Sporting venceu por 3-0 no Moreira de C\u00f3negos, com o 3-0 a manter a equipa na lideran\u00e7a da Liga Portugal Bwin, com 55 pontos.<\/li>\n<li>Geny marcou o seu primeiro golo na Liga Portugal Bwin, igualando a sua melhor \u00e9poca de gols.<\/li>\n<li>Trinc\u00e3o tamb\u00e9m apontou o seu primeiro tento na competi\u00e7\u00e3o, aproximando-se de recordes pessoais.<\/li>\n<li>Su\u00e1rez continua a passar das marcas na sua carreira, aproximando-se de recordes pessoais e consolidando-se como um dos goleadores do Sporting.<\/li>\n<li>O pr\u00f3ximo jogo do Sporting \u00e9 diante do Estoril, em Alvalade, na quarta-feira \u00e0s 20h45.<\/li>\n<\/ul>\n","protected":false},"author":2,"featured_media":222289,"comment_status":"closed","ping_status":"closed","sticky":false,"template":"","format":"standard","meta":{"footnotes":""},"categories":[21,24],"tags":[4143,32,3271,5825,1652,3374],"class_list":["post-222287","post","type-post","status-publish","format-standard","has-post-thumbnail","hentry","category-desporto","category-futebol","tag-1-liga","tag-futebol","tag-geny-catamo","tag-moreirense-fc","tag-sporting","tag-trincao"],"yoast_head":"<!-- This site is optimized with the Yoast SEO plugin v27.2 - https:\/\/yoast.com\/product\/yoast-seo-wordpress\/ -->\n<title>Sporting avan\u00e7a no GTS com Geny, Trinc\u00e3o e Su\u00e1rez a passarem das marcas - Portal Tela Portugal<\/title>\n<meta name=\"robots\" content=\"index, follow, max-snippet:-1, max-image-preview:large, max-video-preview:-1\" \/>\n<meta property=\"og:locale\" content=\"pt_PT\" \/>\n<meta property=\"og:type\" content=\"article\" \/>\n<meta property=\"og:title\" content=\"Sporting avan\u00e7a no GTS com Geny, Trinc\u00e3o e Su\u00e1rez a passarem das marcas - Portal Tela Portugal\" \/>\n<meta property=\"og:description\" content=\"O Sporting venceu por 3-0 no Moreira de C\u00f3negos, com o 3-0 a manter a equipa na lideran\u00e7a da Liga Portugal Bwin, com 55 pontos. Geny marcou o seu primeiro golo na Liga Portugal Bwin, igualando a sua melhor \u00e9poca de gols. Trinc\u00e3o tamb\u00e9m apontou o seu primeiro tento na competi\u00e7\u00e3o, aproximando-se de recordes pessoais. Su\u00e1rez continua a passar das marcas na sua carreira, aproximando-se de recordes pessoais e consolidando-se como um dos goleadores do Sporting. O pr\u00f3ximo jogo do Sporting \u00e9 diante do Estoril, em Alvalade, na quarta-feira \u00e0s 20h45.\" \/>\n<meta property=\"og:url\" content=\"https:\/\/portaltela.pt\/noticias\/2026\/02\/23\/sporting-avanca-no-gts-com-geny-trincao-e-suarez-a-passarem-das-marcas\/\" \/>\n<meta property=\"og:site_name\" content=\"Portal Tela Portugal\" \/>\n<meta property=\"article:published_time\" content=\"2026-02-23T06:15:00+00:00\" \/>\n<meta name=\"author\" content=\"Telinha\" \/>\n<meta name=\"twitter:card\" content=\"summary_large_image\" \/>\n<meta name=\"twitter:label1\" content=\"Escrito por\" \/>\n\t<meta name=\"twitter:data1\" content=\"Telinha\" \/>\n\t<meta name=\"twitter:label2\" content=\"Tempo estimado de leitura\" \/>\n\t<meta name=\"twitter:data2\" content=\"1 minuto\" \/>\n<script type=\"application\/ld+json\" class=\"yoast-schema-graph\">{\"@context\":\"https:\/\/schema.org\",\"@graph\":[{\"@type\":\"Article\",\"@id\":\"https:\/\/portaltela.pt\/noticias\/2026\/02\/23\/sporting-avanca-no-gts-com-geny-trincao-e-suarez-a-passarem-das-marcas\/#article\",\"isPartOf\":{\"@id\":\"https:\/\/portaltela.pt\/noticias\/2026\/02\/23\/sporting-avanca-no-gts-com-geny-trincao-e-suarez-a-passarem-das-marcas\/\"},\"author\":{\"name\":\"Telinha\",\"@id\":\"https:\/\/portaltela.pt\/#\/schema\/person\/c4278d4a6028830caff9ee44b42d32ed\"},\"headline\":\"Sporting avan\u00e7a no GTS com Geny, Trinc\u00e3o e Su\u00e1rez a passarem das marcas\",\"datePublished\":\"2026-02-23T06:15:00+00:00\",\"mainEntityOfPage\":{\"@id\":\"https:\/\/portaltela.pt\/noticias\/2026\/02\/23\/sporting-avanca-no-gts-com-geny-trincao-e-suarez-a-passarem-das-marcas\/\"},\"wordCount\":238,\"image\":{\"@id\":\"https:\/\/portaltela.pt\/noticias\/2026\/02\/23\/sporting-avanca-no-gts-com-geny-trincao-e-suarez-a-passarem-das-marcas\/#primaryimage\"},\"thumbnailUrl\":\"https:\/\/portaltela.pt\/s.01k8rhncp4jt1\/2026\/02\/img_920x518uu2026-02-23-01-03-15-2423243-im-639074054119829324.jpg\",\"keywords\":[\"1. Liga\",\"futebol\",\"Geny Catamo\",\"Moreirense FC\",\"Sporting\",\"Trinc\u00e3o\"],\"articleSection\":[\"Desporto\",\"Futebol\"],\"inLanguage\":\"pt-PT\"},{\"@type\":\"WebPage\",\"@id\":\"https:\/\/portaltela.pt\/noticias\/2026\/02\/23\/sporting-avanca-no-gts-com-geny-trincao-e-suarez-a-passarem-das-marcas\/\",\"url\":\"https:\/\/portaltela.pt\/noticias\/2026\/02\/23\/sporting-avanca-no-gts-com-geny-trincao-e-suarez-a-passarem-das-marcas\/\",\"name\":\"Sporting avan\u00e7a no GTS com Geny, Trinc\u00e3o e Su\u00e1rez a passarem das marcas - Portal Tela Portugal\",\"isPartOf\":{\"@id\":\"https:\/\/portaltela.pt\/#website\"},\"primaryImageOfPage\":{\"@id\":\"https:\/\/portaltela.pt\/noticias\/2026\/02\/23\/sporting-avanca-no-gts-com-geny-trincao-e-suarez-a-passarem-das-marcas\/#primaryimage\"},\"image\":{\"@id\":\"https:\/\/portaltela.pt\/noticias\/2026\/02\/23\/sporting-avanca-no-gts-com-geny-trincao-e-suarez-a-passarem-das-marcas\/#primaryimage\"},\"thumbnailUrl\":\"https:\/\/portaltela.pt\/s.01k8rhncp4jt1\/2026\/02\/img_920x518uu2026-02-23-01-03-15-2423243-im-639074054119829324.jpg\",\"datePublished\":\"2026-02-23T06:15:00+00:00\",\"author\":{\"@id\":\"https:\/\/portaltela.pt\/#\/schema\/person\/c4278d4a6028830caff9ee44b42d32ed\"},\"breadcrumb\":{\"@id\":\"https:\/\/portaltela.pt\/noticias\/2026\/02\/23\/sporting-avanca-no-gts-com-geny-trincao-e-suarez-a-passarem-das-marcas\/#breadcrumb\"},\"inLanguage\":\"pt-PT\",\"potentialAction\":[{\"@type\":\"ReadAction\",\"target\":[\"https:\/\/portaltela.pt\/noticias\/2026\/02\/23\/sporting-avanca-no-gts-com-geny-trincao-e-suarez-a-passarem-das-marcas\/\"]}]},{\"@type\":\"ImageObject\",\"inLanguage\":\"pt-PT\",\"@id\":\"https:\/\/portaltela.pt\/noticias\/2026\/02\/23\/sporting-avanca-no-gts-com-geny-trincao-e-suarez-a-passarem-das-marcas\/#primaryimage\",\"url\":\"https:\/\/portaltela.pt\/s.01k8rhncp4jt1\/2026\/02\/img_920x518uu2026-02-23-01-03-15-2423243-im-639074054119829324.jpg\",\"contentUrl\":\"https:\/\/portaltela.pt\/s.01k8rhncp4jt1\/2026\/02\/img_920x518uu2026-02-23-01-03-15-2423243-im-639074054119829324.jpg\",\"width\":796,\"height\":448,\"caption\":\"Geny, Trinc\u00e3o e Su\u00e1rez\"},{\"@type\":\"BreadcrumbList\",\"@id\":\"https:\/\/portaltela.pt\/noticias\/2026\/02\/23\/sporting-avanca-no-gts-com-geny-trincao-e-suarez-a-passarem-das-marcas\/#breadcrumb\",\"itemListElement\":[{\"@type\":\"ListItem\",\"position\":1,\"name\":\"In\u00edcio\",\"item\":\"https:\/\/portaltela.pt\/\"},{\"@type\":\"ListItem\",\"position\":2,\"name\":\"Sporting avan\u00e7a no GTS com Geny, Trinc\u00e3o e Su\u00e1rez a passarem das marcas\"}]},{\"@type\":\"WebSite\",\"@id\":\"https:\/\/portaltela.pt\/#website\",\"url\":\"https:\/\/portaltela.pt\/\",\"name\":\"Portal Tela Portugal\",\"description\":\"\",\"potentialAction\":[{\"@type\":\"SearchAction\",\"target\":{\"@type\":\"EntryPoint\",\"urlTemplate\":\"https:\/\/portaltela.pt\/?s={search_term_string}\"},\"query-input\":{\"@type\":\"PropertyValueSpecification\",\"valueRequired\":true,\"valueName\":\"search_term_string\"}}],\"inLanguage\":\"pt-PT\"},{\"@type\":\"Person\",\"@id\":\"https:\/\/portaltela.pt\/#\/schema\/person\/c4278d4a6028830caff9ee44b42d32ed\",\"name\":\"Telinha\",\"image\":{\"@type\":\"ImageObject\",\"inLanguage\":\"pt-PT\",\"@id\":\"https:\/\/portaltela.pt\/s.01k8rhncp4jt1\/2025\/11\/talking-bot-125x125.png\",\"url\":\"https:\/\/portaltela.pt\/s.01k8rhncp4jt1\/2025\/11\/talking-bot-125x125.png\",\"contentUrl\":\"https:\/\/portaltela.pt\/s.01k8rhncp4jt1\/2025\/11\/talking-bot-125x125.png\",\"caption\":\"Telinha\"},\"sameAs\":[\"https:\/\/portaltela.pt\/\"],\"url\":\"https:\/\/portaltela.pt\/por\/367410592786\/\"}]}<\/script>\n<!-- \/ Yoast SEO plugin. -->","yoast_head_json":{"title":"Sporting avan\u00e7a no GTS com Geny, Trinc\u00e3o e Su\u00e1rez a passarem das marcas - Portal Tela Portugal","robots":{"index":"index","follow":"follow","max-snippet":"max-snippet:-1","max-image-preview":"max-image-preview:large","max-video-preview":"max-video-preview:-1"},"og_locale":"pt_PT","og_type":"article","og_title":"Sporting avan\u00e7a no GTS com Geny, Trinc\u00e3o e Su\u00e1rez a passarem das marcas - Portal Tela Portugal","og_description":"O Sporting venceu por 3-0 no Moreira de C\u00f3negos, com o 3-0 a manter a equipa na lideran\u00e7a da Liga Portugal Bwin, com 55 pontos. Geny marcou o seu primeiro golo na Liga Portugal Bwin, igualando a sua melhor \u00e9poca de gols. Trinc\u00e3o tamb\u00e9m apontou o seu primeiro tento na competi\u00e7\u00e3o, aproximando-se de recordes pessoais. Su\u00e1rez continua a passar das marcas na sua carreira, aproximando-se de recordes pessoais e consolidando-se como um dos goleadores do Sporting. O pr\u00f3ximo jogo do Sporting \u00e9 diante do Estoril, em Alvalade, na quarta-feira \u00e0s 20h45.","og_url":"https:\/\/portaltela.pt\/noticias\/2026\/02\/23\/sporting-avanca-no-gts-com-geny-trincao-e-suarez-a-passarem-das-marcas\/","og_site_name":"Portal Tela Portugal","article_published_time":"2026-02-23T06:15:00+00:00","author":"Telinha","twitter_card":"summary_large_image","twitter_misc":{"Escrito por":"Telinha","Tempo estimado de leitura":"1 minuto"},"schema":{"@context":"https:\/\/schema.org","@graph":[{"@type":"Article","@id":"https:\/\/portaltela.pt\/noticias\/2026\/02\/23\/sporting-avanca-no-gts-com-geny-trincao-e-suarez-a-passarem-das-marcas\/#article","isPartOf":{"@id":"https:\/\/portaltela.pt\/noticias\/2026\/02\/23\/sporting-avanca-no-gts-com-geny-trincao-e-suarez-a-passarem-das-marcas\/"},"author":{"name":"Telinha","@id":"https:\/\/portaltela.pt\/#\/schema\/person\/c4278d4a6028830caff9ee44b42d32ed"},"headline":"Sporting avan\u00e7a no GTS com Geny, Trinc\u00e3o e Su\u00e1rez a passarem das marcas","datePublished":"2026-02-23T06:15:00+00:00","mainEntityOfPage":{"@id":"https:\/\/portaltela.pt\/noticias\/2026\/02\/23\/sporting-avanca-no-gts-com-geny-trincao-e-suarez-a-passarem-das-marcas\/"},"wordCount":238,"image":{"@id":"https:\/\/portaltela.pt\/noticias\/2026\/02\/23\/sporting-avanca-no-gts-com-geny-trincao-e-suarez-a-passarem-das-marcas\/#primaryimage"},"thumbnailUrl":"https:\/\/portaltela.pt\/s.01k8rhncp4jt1\/2026\/02\/img_920x518uu2026-02-23-01-03-15-2423243-im-639074054119829324.jpg","keywords":["1. Liga","futebol","Geny Catamo","Moreirense FC","Sporting","Trinc\u00e3o"],"articleSection":["Desporto","Futebol"],"inLanguage":"pt-PT"},{"@type":"WebPage","@id":"https:\/\/portaltela.pt\/noticias\/2026\/02\/23\/sporting-avanca-no-gts-com-geny-trincao-e-suarez-a-passarem-das-marcas\/","url":"https:\/\/portaltela.pt\/noticias\/2026\/02\/23\/sporting-avanca-no-gts-com-geny-trincao-e-suarez-a-passarem-das-marcas\/","name":"Sporting avan\u00e7a no GTS com Geny, Trinc\u00e3o e Su\u00e1rez a passarem das marcas - Portal Tela Portugal","isPartOf":{"@id":"https:\/\/portaltela.pt\/#website"},"primaryImageOfPage":{"@id":"https:\/\/portaltela.pt\/noticias\/2026\/02\/23\/sporting-avanca-no-gts-com-geny-trincao-e-suarez-a-passarem-das-marcas\/#primaryimage"},"image":{"@id":"https:\/\/portaltela.pt\/noticias\/2026\/02\/23\/sporting-avanca-no-gts-com-geny-trincao-e-suarez-a-passarem-das-marcas\/#primaryimage"},"thumbnailUrl":"https:\/\/portaltela.pt\/s.01k8rhncp4jt1\/2026\/02\/img_920x518uu2026-02-23-01-03-15-2423243-im-639074054119829324.jpg","datePublished":"2026-02-23T06:15:00+00:00","author":{"@id":"https:\/\/portaltela.pt\/#\/schema\/person\/c4278d4a6028830caff9ee44b42d32ed"},"breadcrumb":{"@id":"https:\/\/portaltela.pt\/noticias\/2026\/02\/23\/sporting-avanca-no-gts-com-geny-trincao-e-suarez-a-passarem-das-marcas\/#breadcrumb"},"inLanguage":"pt-PT","potentialAction":[{"@type":"ReadAction","target":["https:\/\/portaltela.pt\/noticias\/2026\/02\/23\/sporting-avanca-no-gts-com-geny-trincao-e-suarez-a-passarem-das-marcas\/"]}]},{"@type":"ImageObject","inLanguage":"pt-PT","@id":"https:\/\/portaltela.pt\/noticias\/2026\/02\/23\/sporting-avanca-no-gts-com-geny-trincao-e-suarez-a-passarem-das-marcas\/#primaryimage","url":"https:\/\/portaltela.pt\/s.01k8rhncp4jt1\/2026\/02\/img_920x518uu2026-02-23-01-03-15-2423243-im-639074054119829324.jpg","contentUrl":"https:\/\/portaltela.pt\/s.01k8rhncp4jt1\/2026\/02\/img_920x518uu2026-02-23-01-03-15-2423243-im-639074054119829324.jpg","width":796,"height":448,"caption":"Geny, Trinc\u00e3o e Su\u00e1rez"},{"@type":"BreadcrumbList","@id":"https:\/\/portaltela.pt\/noticias\/2026\/02\/23\/sporting-avanca-no-gts-com-geny-trincao-e-suarez-a-passarem-das-marcas\/#breadcrumb","itemListElement":[{"@type":"ListItem","position":1,"name":"In\u00edcio","item":"https:\/\/portaltela.pt\/"},{"@type":"ListItem","position":2,"name":"Sporting avan\u00e7a no GTS com Geny, Trinc\u00e3o e Su\u00e1rez a passarem das marcas"}]},{"@type":"WebSite","@id":"https:\/\/portaltela.pt\/#website","url":"https:\/\/portaltela.pt\/","name":"Portal Tela Portugal","description":"","potentialAction":[{"@type":"SearchAction","target":{"@type":"EntryPoint","urlTemplate":"https:\/\/portaltela.pt\/?s={search_term_string}"},"query-input":{"@type":"PropertyValueSpecification","valueRequired":true,"valueName":"search_term_string"}}],"inLanguage":"pt-PT"},{"@type":"Person","@id":"https:\/\/portaltela.pt\/#\/schema\/person\/c4278d4a6028830caff9ee44b42d32ed","name":"Telinha","image":{"@type":"ImageObject","inLanguage":"pt-PT","@id":"https:\/\/portaltela.pt\/s.01k8rhncp4jt1\/2025\/11\/talking-bot-125x125.png","url":"https:\/\/portaltela.pt\/s.01k8rhncp4jt1\/2025\/11\/talking-bot-125x125.png","contentUrl":"https:\/\/portaltela.pt\/s.01k8rhncp4jt1\/2025\/11\/talking-bot-125x125.png","caption":"Telinha"},"sameAs":["https:\/\/portaltela.pt\/"],"url":"https:\/\/portaltela.pt\/por\/367410592786\/"}]}},"_links":{"self":[{"href":"https:\/\/portaltela.pt\/api\/wp\/v2\/posts\/222287","targetHints":{"allow":["GET"]}}],"collection":[{"href":"https:\/\/portaltela.pt\/api\/wp\/v2\/posts"}],"about":[{"href":"https:\/\/portaltela.pt\/api\/wp\/v2\/types\/post"}],"author":[{"embeddable":true,"href":"https:\/\/portaltela.pt\/api\/wp\/v2\/users\/2"}],"replies":[{"embeddable":true,"href":"https:\/\/portaltela.pt\/api\/wp\/v2\/comments?post=222287"}],"version-history":[{"count":0,"href":"https:\/\/portaltela.pt\/api\/wp\/v2\/posts\/222287\/revisions"}],"wp:featuredmedia":[{"embeddable":true,"href":"https:\/\/portaltela.pt\/api\/wp\/v2\/media\/222289"}],"wp:attachment":[{"href":"https:\/\/portaltela.pt\/api\/wp\/v2\/media?parent=222287"}],"wp:term":[{"taxonomy":"category","embeddable":true,"href":"https:\/\/portaltela.pt\/api\/wp\/v2\/categories?post=222287"},{"taxonomy":"post_tag","embeddable":true,"href":"https:\/\/portaltela.pt\/api\/wp\/v2\/tags?post=222287"}],"curies":[{"name":"wp","href":"https:\/\/api.w.org\/{rel}","templated":true}]}}