{"id":222261,"date":"2026-02-22T22:30:00","date_gmt":"2026-02-23T01:30:00","guid":{"rendered":"https:\/\/portaltela.pt\/noticias\/2026\/02\/22\/esqueleto-de-mulher-encontrado-em-casa-no-porto-apos-dois-anos-sem-noticias\/"},"modified":"2026-02-22T22:30:00","modified_gmt":"2026-02-23T01:30:00","slug":"esqueleto-de-mulher-encontrado-em-casa-no-porto-apos-dois-anos-sem-noticias","status":"publish","type":"post","link":"https:\/\/portaltela.pt\/noticias\/2026\/02\/22\/esqueleto-de-mulher-encontrado-em-casa-no-porto-apos-dois-anos-sem-noticias\/","title":{"rendered":"Esqueleto de mulher encontrado em casa no Porto ap\u00f3s dois anos sem not\u00edcias"},"content":{"rendered":"<p>Ap\u00f3s dois anos sem not\u00edcias, uma mulher de 73 anos foi encontrada morta na sua casa no Porto. O achado ocorreu a 21 de janeiro na casa n\u00ba 52, bloco 9, do bairro de S\u00e3o Roque da Lameira.<\/p>\n<p>O caso chegou ao conhecimento das autoridades ap\u00f3s a interven\u00e7\u00e3o da m\u00e9dica de fam\u00edlia do Centro de Sa\u00fade Familiar de Azevedo, em Campanh\u00e3. A profissional notificou os servi\u00e7os competentes ao verificar a aus\u00eancia de contacto com a utente, que era diab\u00e9tica.<\/p>\n<p>Vizinhos ficaram surpreendidos com a situa\u00e7\u00e3o e questionaram a atua\u00e7\u00e3o de servi\u00e7os sociais, entre eles a Seguran\u00e7a Social e as assistentes sociais, que deveriam acompanhar casos de reforma. A situa\u00e7\u00e3o permanece a ser apurada pelas autoridades.<\/p>\n<h3>Descoberta e contextualiza\u00e7\u00e3o<\/h3>\n<p>A equipa de pol\u00edcia recebeu a chamada e deslocou-se ao local para confirmar o \u00f3bito e iniciar os procedimentos legais. O corpo encontrava-se no interior da resid\u00eancia, cuja avalia\u00e7\u00e3o inicial est\u00e1 a decorrer. A investiga\u00e7\u00e3o visa esclarecer as circunst\u00e2ncias da morte.<\/p>\n","protected":false},"excerpt":{"rendered":"<ul>\n<li>A utente Maria Fernanda Silva, de 73 anos, n\u00e3o era vista h\u00e1 dois anos.<\/li>\n<li>A m\u00e9dica de fam\u00edlia do Centro de Sa\u00fade Familiar de Azevedo, em Campanh\u00e3, alertou as autoridades ap\u00f3s suspeitar do sil\u00eancio em rela\u00e7\u00e3o \u00e0 utente diab\u00e9tica.<\/li>\n<li>Fernanda foi encontrada morta a 21 de janeiro no interior da casa n.\u00ba 52 do bloco 9, no bairro de S\u00e3o Roque da Lameira, no Porto.<\/li>\n<li>Vizinhos ficaram surpreendidos com o \u00f3bito e a aus\u00eancia prolongada de not\u00edcias.<\/li>\n<li>Questiona-se onde estavam a Seguran\u00e7a Social e as assistentes sociais, j\u00e1 que a senhora recebia reforma.<\/li>\n<\/ul>\n","protected":false},"author":2,"featured_media":222264,"comment_status":"closed","ping_status":"closed","sticky":false,"template":"","format":"standard","meta":{"footnotes":""},"categories":[1],"tags":[5814,2736,215,982,243,5310],"class_list":["post-222261","post","type-post","status-publish","format-standard","has-post-thumbnail","hentry","category-noticias","tag-diabetes","tag-idosos","tag-investigacao","tag-porto","tag-seguranca-social","tag-servicos-sociais"],"yoast_head":"<!-- This site is optimized with the Yoast SEO plugin v27.2 - https:\/\/yoast.com\/product\/yoast-seo-wordpress\/ -->\n<title>Esqueleto de mulher encontrado em casa no Porto ap\u00f3s dois anos sem not\u00edcias - Portal Tela Portugal<\/title>\n<meta name=\"robots\" content=\"index, follow, max-snippet:-1, max-image-preview:large, max-video-preview:-1\" \/>\n<meta property=\"og:locale\" content=\"pt_PT\" \/>\n<meta property=\"og:type\" content=\"article\" \/>\n<meta property=\"og:title\" content=\"Esqueleto de mulher encontrado em casa no Porto ap\u00f3s dois anos sem not\u00edcias - Portal Tela Portugal\" \/>\n<meta property=\"og:description\" content=\"A utente Maria Fernanda Silva, de 73 anos, n\u00e3o era vista h\u00e1 dois anos. A m\u00e9dica de fam\u00edlia do Centro de Sa\u00fade Familiar de Azevedo, em Campanh\u00e3, alertou as autoridades ap\u00f3s suspeitar do sil\u00eancio em rela\u00e7\u00e3o \u00e0 utente diab\u00e9tica. Fernanda foi encontrada morta a 21 de janeiro no interior da casa n.\u00ba 52 do bloco 9, no bairro de S\u00e3o Roque da Lameira, no Porto. Vizinhos ficaram surpreendidos com o \u00f3bito e a aus\u00eancia prolongada de not\u00edcias. Questiona-se onde estavam a Seguran\u00e7a Social e as assistentes sociais, j\u00e1 que a senhora recebia reforma.\" \/>\n<meta property=\"og:url\" content=\"https:\/\/portaltela.pt\/noticias\/2026\/02\/22\/esqueleto-de-mulher-encontrado-em-casa-no-porto-apos-dois-anos-sem-noticias\/\" \/>\n<meta property=\"og:site_name\" content=\"Portal Tela Portugal\" \/>\n<meta property=\"article:published_time\" content=\"2026-02-23T01:30:00+00:00\" \/>\n<meta name=\"author\" content=\"Telinha\" \/>\n<meta name=\"twitter:card\" content=\"summary_large_image\" \/>\n<meta name=\"twitter:label1\" content=\"Escrito por\" \/>\n\t<meta name=\"twitter:data1\" content=\"Telinha\" \/>\n\t<meta name=\"twitter:label2\" content=\"Tempo estimado de leitura\" \/>\n\t<meta name=\"twitter:data2\" content=\"1 minuto\" \/>\n<script type=\"application\/ld+json\" class=\"yoast-schema-graph\">{\"@context\":\"https:\/\/schema.org\",\"@graph\":[{\"@type\":\"Article\",\"@id\":\"https:\/\/portaltela.pt\/noticias\/2026\/02\/22\/esqueleto-de-mulher-encontrado-em-casa-no-porto-apos-dois-anos-sem-noticias\/#article\",\"isPartOf\":{\"@id\":\"https:\/\/portaltela.pt\/noticias\/2026\/02\/22\/esqueleto-de-mulher-encontrado-em-casa-no-porto-apos-dois-anos-sem-noticias\/\"},\"author\":{\"name\":\"Telinha\",\"@id\":\"https:\/\/portaltela.pt\/#\/schema\/person\/c4278d4a6028830caff9ee44b42d32ed\"},\"headline\":\"Esqueleto de mulher encontrado em casa no Porto ap\u00f3s dois anos sem not\u00edcias\",\"datePublished\":\"2026-02-23T01:30:00+00:00\",\"mainEntityOfPage\":{\"@id\":\"https:\/\/portaltela.pt\/noticias\/2026\/02\/22\/esqueleto-de-mulher-encontrado-em-casa-no-porto-apos-dois-anos-sem-noticias\/\"},\"wordCount\":192,\"image\":{\"@id\":\"https:\/\/portaltela.pt\/noticias\/2026\/02\/22\/esqueleto-de-mulher-encontrado-em-casa-no-porto-apos-dois-anos-sem-noticias\/#primaryimage\"},\"thumbnailUrl\":\"https:\/\/portaltela.pt\/s.01k8rhncp4jt1\/2026\/02\/img_1280x721uu2026-02-20-16-30-00-2267972.jpg\",\"keywords\":[\"diabetes\",\"idosos\",\"investiga\u00e7\u00e3o\",\"Porto\",\"seguran\u00e7a social\",\"servi\u00e7os sociais\"],\"articleSection\":[\"Not\u00edcias\"],\"inLanguage\":\"pt-PT\"},{\"@type\":\"WebPage\",\"@id\":\"https:\/\/portaltela.pt\/noticias\/2026\/02\/22\/esqueleto-de-mulher-encontrado-em-casa-no-porto-apos-dois-anos-sem-noticias\/\",\"url\":\"https:\/\/portaltela.pt\/noticias\/2026\/02\/22\/esqueleto-de-mulher-encontrado-em-casa-no-porto-apos-dois-anos-sem-noticias\/\",\"name\":\"Esqueleto de mulher encontrado em casa no Porto ap\u00f3s dois anos sem not\u00edcias - Portal Tela Portugal\",\"isPartOf\":{\"@id\":\"https:\/\/portaltela.pt\/#website\"},\"primaryImageOfPage\":{\"@id\":\"https:\/\/portaltela.pt\/noticias\/2026\/02\/22\/esqueleto-de-mulher-encontrado-em-casa-no-porto-apos-dois-anos-sem-noticias\/#primaryimage\"},\"image\":{\"@id\":\"https:\/\/portaltela.pt\/noticias\/2026\/02\/22\/esqueleto-de-mulher-encontrado-em-casa-no-porto-apos-dois-anos-sem-noticias\/#primaryimage\"},\"thumbnailUrl\":\"https:\/\/portaltela.pt\/s.01k8rhncp4jt1\/2026\/02\/img_1280x721uu2026-02-20-16-30-00-2267972.jpg\",\"datePublished\":\"2026-02-23T01:30:00+00:00\",\"author\":{\"@id\":\"https:\/\/portaltela.pt\/#\/schema\/person\/c4278d4a6028830caff9ee44b42d32ed\"},\"breadcrumb\":{\"@id\":\"https:\/\/portaltela.pt\/noticias\/2026\/02\/22\/esqueleto-de-mulher-encontrado-em-casa-no-porto-apos-dois-anos-sem-noticias\/#breadcrumb\"},\"inLanguage\":\"pt-PT\",\"potentialAction\":[{\"@type\":\"ReadAction\",\"target\":[\"https:\/\/portaltela.pt\/noticias\/2026\/02\/22\/esqueleto-de-mulher-encontrado-em-casa-no-porto-apos-dois-anos-sem-noticias\/\"]}]},{\"@type\":\"ImageObject\",\"inLanguage\":\"pt-PT\",\"@id\":\"https:\/\/portaltela.pt\/noticias\/2026\/02\/22\/esqueleto-de-mulher-encontrado-em-casa-no-porto-apos-dois-anos-sem-noticias\/#primaryimage\",\"url\":\"https:\/\/portaltela.pt\/s.01k8rhncp4jt1\/2026\/02\/img_1280x721uu2026-02-20-16-30-00-2267972.jpg\",\"contentUrl\":\"https:\/\/portaltela.pt\/s.01k8rhncp4jt1\/2026\/02\/img_1280x721uu2026-02-20-16-30-00-2267972.jpg\",\"width\":796,\"height\":448,\"caption\":\"Maria Fernanda Silva\"},{\"@type\":\"BreadcrumbList\",\"@id\":\"https:\/\/portaltela.pt\/noticias\/2026\/02\/22\/esqueleto-de-mulher-encontrado-em-casa-no-porto-apos-dois-anos-sem-noticias\/#breadcrumb\",\"itemListElement\":[{\"@type\":\"ListItem\",\"position\":1,\"name\":\"In\u00edcio\",\"item\":\"https:\/\/portaltela.pt\/\"},{\"@type\":\"ListItem\",\"position\":2,\"name\":\"Esqueleto de mulher encontrado em casa no Porto ap\u00f3s dois anos sem not\u00edcias\"}]},{\"@type\":\"WebSite\",\"@id\":\"https:\/\/portaltela.pt\/#website\",\"url\":\"https:\/\/portaltela.pt\/\",\"name\":\"Portal Tela Portugal\",\"description\":\"\",\"potentialAction\":[{\"@type\":\"SearchAction\",\"target\":{\"@type\":\"EntryPoint\",\"urlTemplate\":\"https:\/\/portaltela.pt\/?s={search_term_string}\"},\"query-input\":{\"@type\":\"PropertyValueSpecification\",\"valueRequired\":true,\"valueName\":\"search_term_string\"}}],\"inLanguage\":\"pt-PT\"},{\"@type\":\"Person\",\"@id\":\"https:\/\/portaltela.pt\/#\/schema\/person\/c4278d4a6028830caff9ee44b42d32ed\",\"name\":\"Telinha\",\"image\":{\"@type\":\"ImageObject\",\"inLanguage\":\"pt-PT\",\"@id\":\"https:\/\/portaltela.pt\/s.01k8rhncp4jt1\/2025\/11\/talking-bot-125x125.png\",\"url\":\"https:\/\/portaltela.pt\/s.01k8rhncp4jt1\/2025\/11\/talking-bot-125x125.png\",\"contentUrl\":\"https:\/\/portaltela.pt\/s.01k8rhncp4jt1\/2025\/11\/talking-bot-125x125.png\",\"caption\":\"Telinha\"},\"sameAs\":[\"https:\/\/portaltela.pt\/\"],\"url\":\"https:\/\/portaltela.pt\/por\/367410592786\/\"}]}<\/script>\n<!-- \/ Yoast SEO plugin. -->","yoast_head_json":{"title":"Esqueleto de mulher encontrado em casa no Porto ap\u00f3s dois anos sem not\u00edcias - Portal Tela Portugal","robots":{"index":"index","follow":"follow","max-snippet":"max-snippet:-1","max-image-preview":"max-image-preview:large","max-video-preview":"max-video-preview:-1"},"og_locale":"pt_PT","og_type":"article","og_title":"Esqueleto de mulher encontrado em casa no Porto ap\u00f3s dois anos sem not\u00edcias - Portal Tela Portugal","og_description":"A utente Maria Fernanda Silva, de 73 anos, n\u00e3o era vista h\u00e1 dois anos. A m\u00e9dica de fam\u00edlia do Centro de Sa\u00fade Familiar de Azevedo, em Campanh\u00e3, alertou as autoridades ap\u00f3s suspeitar do sil\u00eancio em rela\u00e7\u00e3o \u00e0 utente diab\u00e9tica. Fernanda foi encontrada morta a 21 de janeiro no interior da casa n.\u00ba 52 do bloco 9, no bairro de S\u00e3o Roque da Lameira, no Porto. Vizinhos ficaram surpreendidos com o \u00f3bito e a aus\u00eancia prolongada de not\u00edcias. Questiona-se onde estavam a Seguran\u00e7a Social e as assistentes sociais, j\u00e1 que a senhora recebia reforma.","og_url":"https:\/\/portaltela.pt\/noticias\/2026\/02\/22\/esqueleto-de-mulher-encontrado-em-casa-no-porto-apos-dois-anos-sem-noticias\/","og_site_name":"Portal Tela Portugal","article_published_time":"2026-02-23T01:30:00+00:00","author":"Telinha","twitter_card":"summary_large_image","twitter_misc":{"Escrito por":"Telinha","Tempo estimado de leitura":"1 minuto"},"schema":{"@context":"https:\/\/schema.org","@graph":[{"@type":"Article","@id":"https:\/\/portaltela.pt\/noticias\/2026\/02\/22\/esqueleto-de-mulher-encontrado-em-casa-no-porto-apos-dois-anos-sem-noticias\/#article","isPartOf":{"@id":"https:\/\/portaltela.pt\/noticias\/2026\/02\/22\/esqueleto-de-mulher-encontrado-em-casa-no-porto-apos-dois-anos-sem-noticias\/"},"author":{"name":"Telinha","@id":"https:\/\/portaltela.pt\/#\/schema\/person\/c4278d4a6028830caff9ee44b42d32ed"},"headline":"Esqueleto de mulher encontrado em casa no Porto ap\u00f3s dois anos sem not\u00edcias","datePublished":"2026-02-23T01:30:00+00:00","mainEntityOfPage":{"@id":"https:\/\/portaltela.pt\/noticias\/2026\/02\/22\/esqueleto-de-mulher-encontrado-em-casa-no-porto-apos-dois-anos-sem-noticias\/"},"wordCount":192,"image":{"@id":"https:\/\/portaltela.pt\/noticias\/2026\/02\/22\/esqueleto-de-mulher-encontrado-em-casa-no-porto-apos-dois-anos-sem-noticias\/#primaryimage"},"thumbnailUrl":"https:\/\/portaltela.pt\/s.01k8rhncp4jt1\/2026\/02\/img_1280x721uu2026-02-20-16-30-00-2267972.jpg","keywords":["diabetes","idosos","investiga\u00e7\u00e3o","Porto","seguran\u00e7a social","servi\u00e7os sociais"],"articleSection":["Not\u00edcias"],"inLanguage":"pt-PT"},{"@type":"WebPage","@id":"https:\/\/portaltela.pt\/noticias\/2026\/02\/22\/esqueleto-de-mulher-encontrado-em-casa-no-porto-apos-dois-anos-sem-noticias\/","url":"https:\/\/portaltela.pt\/noticias\/2026\/02\/22\/esqueleto-de-mulher-encontrado-em-casa-no-porto-apos-dois-anos-sem-noticias\/","name":"Esqueleto de mulher encontrado em casa no Porto ap\u00f3s dois anos sem not\u00edcias - Portal Tela Portugal","isPartOf":{"@id":"https:\/\/portaltela.pt\/#website"},"primaryImageOfPage":{"@id":"https:\/\/portaltela.pt\/noticias\/2026\/02\/22\/esqueleto-de-mulher-encontrado-em-casa-no-porto-apos-dois-anos-sem-noticias\/#primaryimage"},"image":{"@id":"https:\/\/portaltela.pt\/noticias\/2026\/02\/22\/esqueleto-de-mulher-encontrado-em-casa-no-porto-apos-dois-anos-sem-noticias\/#primaryimage"},"thumbnailUrl":"https:\/\/portaltela.pt\/s.01k8rhncp4jt1\/2026\/02\/img_1280x721uu2026-02-20-16-30-00-2267972.jpg","datePublished":"2026-02-23T01:30:00+00:00","author":{"@id":"https:\/\/portaltela.pt\/#\/schema\/person\/c4278d4a6028830caff9ee44b42d32ed"},"breadcrumb":{"@id":"https:\/\/portaltela.pt\/noticias\/2026\/02\/22\/esqueleto-de-mulher-encontrado-em-casa-no-porto-apos-dois-anos-sem-noticias\/#breadcrumb"},"inLanguage":"pt-PT","potentialAction":[{"@type":"ReadAction","target":["https:\/\/portaltela.pt\/noticias\/2026\/02\/22\/esqueleto-de-mulher-encontrado-em-casa-no-porto-apos-dois-anos-sem-noticias\/"]}]},{"@type":"ImageObject","inLanguage":"pt-PT","@id":"https:\/\/portaltela.pt\/noticias\/2026\/02\/22\/esqueleto-de-mulher-encontrado-em-casa-no-porto-apos-dois-anos-sem-noticias\/#primaryimage","url":"https:\/\/portaltela.pt\/s.01k8rhncp4jt1\/2026\/02\/img_1280x721uu2026-02-20-16-30-00-2267972.jpg","contentUrl":"https:\/\/portaltela.pt\/s.01k8rhncp4jt1\/2026\/02\/img_1280x721uu2026-02-20-16-30-00-2267972.jpg","width":796,"height":448,"caption":"Maria Fernanda Silva"},{"@type":"BreadcrumbList","@id":"https:\/\/portaltela.pt\/noticias\/2026\/02\/22\/esqueleto-de-mulher-encontrado-em-casa-no-porto-apos-dois-anos-sem-noticias\/#breadcrumb","itemListElement":[{"@type":"ListItem","position":1,"name":"In\u00edcio","item":"https:\/\/portaltela.pt\/"},{"@type":"ListItem","position":2,"name":"Esqueleto de mulher encontrado em casa no Porto ap\u00f3s dois anos sem not\u00edcias"}]},{"@type":"WebSite","@id":"https:\/\/portaltela.pt\/#website","url":"https:\/\/portaltela.pt\/","name":"Portal Tela Portugal","description":"","potentialAction":[{"@type":"SearchAction","target":{"@type":"EntryPoint","urlTemplate":"https:\/\/portaltela.pt\/?s={search_term_string}"},"query-input":{"@type":"PropertyValueSpecification","valueRequired":true,"valueName":"search_term_string"}}],"inLanguage":"pt-PT"},{"@type":"Person","@id":"https:\/\/portaltela.pt\/#\/schema\/person\/c4278d4a6028830caff9ee44b42d32ed","name":"Telinha","image":{"@type":"ImageObject","inLanguage":"pt-PT","@id":"https:\/\/portaltela.pt\/s.01k8rhncp4jt1\/2025\/11\/talking-bot-125x125.png","url":"https:\/\/portaltela.pt\/s.01k8rhncp4jt1\/2025\/11\/talking-bot-125x125.png","contentUrl":"https:\/\/portaltela.pt\/s.01k8rhncp4jt1\/2025\/11\/talking-bot-125x125.png","caption":"Telinha"},"sameAs":["https:\/\/portaltela.pt\/"],"url":"https:\/\/portaltela.pt\/por\/367410592786\/"}]}},"_links":{"self":[{"href":"https:\/\/portaltela.pt\/api\/wp\/v2\/posts\/222261","targetHints":{"allow":["GET"]}}],"collection":[{"href":"https:\/\/portaltela.pt\/api\/wp\/v2\/posts"}],"about":[{"href":"https:\/\/portaltela.pt\/api\/wp\/v2\/types\/post"}],"author":[{"embeddable":true,"href":"https:\/\/portaltela.pt\/api\/wp\/v2\/users\/2"}],"replies":[{"embeddable":true,"href":"https:\/\/portaltela.pt\/api\/wp\/v2\/comments?post=222261"}],"version-history":[{"count":0,"href":"https:\/\/portaltela.pt\/api\/wp\/v2\/posts\/222261\/revisions"}],"wp:featuredmedia":[{"embeddable":true,"href":"https:\/\/portaltela.pt\/api\/wp\/v2\/media\/222264"}],"wp:attachment":[{"href":"https:\/\/portaltela.pt\/api\/wp\/v2\/media?parent=222261"}],"wp:term":[{"taxonomy":"category","embeddable":true,"href":"https:\/\/portaltela.pt\/api\/wp\/v2\/categories?post=222261"},{"taxonomy":"post_tag","embeddable":true,"href":"https:\/\/portaltela.pt\/api\/wp\/v2\/tags?post=222261"}],"curies":[{"name":"wp","href":"https:\/\/api.w.org\/{rel}","templated":true}]}}