{"id":222253,"date":"2026-02-22T22:30:00","date_gmt":"2026-02-23T01:30:00","guid":{"rendered":"https:\/\/portaltela.pt\/noticias\/2026\/02\/22\/caso-epstein-mais-de-duas-decadas-de-investigacoes-e-polemicas\/"},"modified":"2026-02-22T22:30:00","modified_gmt":"2026-02-23T01:30:00","slug":"caso-epstein-mais-de-duas-decadas-de-investigacoes-e-polemicas","status":"publish","type":"post","link":"https:\/\/portaltela.pt\/noticias\/2026\/02\/22\/caso-epstein-mais-de-duas-decadas-de-investigacoes-e-polemicas\/","title":{"rendered":"Caso Epstein: mais de duas d\u00e9cadas de investiga\u00e7\u00f5es e pol\u00e9micas"},"content":{"rendered":"<p>Desde a abertura parcial dos arquivos de Jeffrey Epstein, o mundo acompanha revela\u00e7\u00f5es sobre a rede de abuso sexual que o financista ter\u00e1 montado ao longo de d\u00e9cadas, com suposta ades\u00e3o de v\u00e1rias figuras de relevo. A divulga\u00e7\u00e3o ocorreu em meio a controv\u00e9rsias sobre censura e controle judicial nos EUA.<\/p>\n<p>Ao longo de mais de 20 anos de investiga\u00e7\u00f5es, os investigadores recolheram milhares de documentos, v\u00eddeos e imagens. Entre os materiais, destacam-se relat\u00f3rios da pol\u00edcia de Palm Beach e processos judiciais que remontam aos prim\u00f3rdios do caso.<\/p>\n<p>A liberta\u00e7\u00e3o recente de cerca de 3,5 milh\u00f5es de documentos marcou um ponto de viragem. Pesam sobre o conte\u00fado controv\u00e9rsias sobre encobrimentos e limita\u00e7\u00f5es na divulga\u00e7\u00e3o, com perguntas sobre quem ter\u00e1 acesso a informa\u00e7\u00f5es sens\u00edveis e por qu\u00ea.<\/p>\n<p>As liga\u00e7\u00f5es entre Epstein e figuras do mundo da moda e de v\u00e1rias \u00e1reas de influ\u00eancia t\u00eam sido alvo de escrut\u00ednio. Investigadores exploram como estas liga\u00e7\u00f5es poder\u00e3o ter contribu\u00eddo para a propaga\u00e7\u00e3o de atividades il\u00edcitas ao longo dos anos.<\/p>\n<p>Entre os desdobramentos, est\u00e3o ainda quest\u00f5es relacionadas com o testamento de Epstein. Relatores jur\u00eddicos indicaram que executores do invent\u00e1rio proponham pagamentos \u00e0s v\u00edtimas, estimados entre 21 e 30 milh\u00f5es de euros, dependendo de acordos legais e avalia\u00e7\u00f5es dos casos.<\/p>\n<p>Al\u00e9m disso, surgem relatos sobre o sil\u00eancio de figuras p\u00fablicas associadas, incluindo personalidades como Sarah Ferguson, que ter\u00e3o mantido sil\u00eancio face \u00e0s acusa\u00e7\u00f5es. Os detalhes permanecem sujeitos a investiga\u00e7\u00f5es em curso e a decis\u00f5es judiciais.<\/p>\n<p>O material divulgado at\u00e9 ao momento sugere uma rede complexa, com v\u00e1rias linhas de investiga\u00e7\u00e3o ainda por confirmar. O objetivo das autoridades \u00e9 esclarecer a extens\u00e3o das atividades de Epstein e a eventual participa\u00e7\u00e3o de terceiros em crimes relacionados.<\/p>\n<p>As revela\u00e7\u00f5es continuam a alimentar debates sobre a transpar\u00eancia de investiga\u00e7\u00f5es e a prote\u00e7\u00e3o das v\u00edtimas. A pr\u00f3xima fase envolve a an\u00e1lise de novos documentos e o cruzamento de informa\u00e7\u00f5es entre diferentes jurisdi\u00e7\u00f5es.<\/p>\n","protected":false},"excerpt":{"rendered":"<ul>\n<li>Investiga\u00e7\u00f5es de mais de vinte anos, desde os primeiros relat\u00f3rios da pol\u00edcia de Palm Beach, at\u00e9 \u00e0 liberta\u00e7\u00e3o recente de 3,5 milh\u00f5es de documentos e milhares de v\u00eddeos e imagens.<\/li>\n<li>A abertura dos arquivos exp\u00f4s uma rede montada por Jeffrey Epstein com liga\u00e7\u00f5es a figuras de relevo em v\u00e1rias \u00e1reas, alvo de controv\u00e9rsia global.<\/li>\n<li>No universo da moda, surgem liga\u00e7\u00f5es perigosas e segredos que atingem estrelas das passerelles, segundo as investiga\u00e7\u00f5es.<\/li>\n<li>Sarah Ferguson surge associada ao caso em sil\u00eancio e com presen\u00e7a desaparecida, conforme os relatos.<\/li>\n<li>Os executores do testamento de Epstein prop\u00f5em pagar entre $21 milh\u00f5es e $30 milh\u00f5es \u00e0s suas v\u00edtimas.<\/li>\n<\/ul>\n","protected":false},"author":2,"featured_media":222260,"comment_status":"closed","ping_status":"closed","sticky":false,"template":"","format":"standard","meta":{"footnotes":""},"categories":[1],"tags":[5866,177,215,217,4963,1825],"class_list":["post-222253","post","type-post","status-publish","format-standard","has-post-thumbnail","hentry","category-noticias","tag-abusos","tag-crimes","tag-investigacao","tag-investigacao-criminal","tag-sarah-ferguson","tag-violacao"],"yoast_head":"<!-- This site is optimized with the Yoast SEO plugin v27.2 - https:\/\/yoast.com\/product\/yoast-seo-wordpress\/ -->\n<title>Caso Epstein: mais de duas d\u00e9cadas de investiga\u00e7\u00f5es e pol\u00e9micas - Portal Tela Portugal<\/title>\n<meta name=\"robots\" content=\"index, follow, max-snippet:-1, max-image-preview:large, max-video-preview:-1\" \/>\n<meta property=\"og:locale\" content=\"pt_PT\" \/>\n<meta property=\"og:type\" content=\"article\" \/>\n<meta property=\"og:title\" content=\"Caso Epstein: mais de duas d\u00e9cadas de investiga\u00e7\u00f5es e pol\u00e9micas - Portal Tela Portugal\" \/>\n<meta property=\"og:description\" content=\"Investiga\u00e7\u00f5es de mais de vinte anos, desde os primeiros relat\u00f3rios da pol\u00edcia de Palm Beach, at\u00e9 \u00e0 liberta\u00e7\u00e3o recente de 3,5 milh\u00f5es de documentos e milhares de v\u00eddeos e imagens. A abertura dos arquivos exp\u00f4s uma rede montada por Jeffrey Epstein com liga\u00e7\u00f5es a figuras de relevo em v\u00e1rias \u00e1reas, alvo de controv\u00e9rsia global. No universo da moda, surgem liga\u00e7\u00f5es perigosas e segredos que atingem estrelas das passerelles, segundo as investiga\u00e7\u00f5es. Sarah Ferguson surge associada ao caso em sil\u00eancio e com presen\u00e7a desaparecida, conforme os relatos. Os executores do testamento de Epstein prop\u00f5em pagar entre $21 milh\u00f5es e $30 milh\u00f5es \u00e0s suas v\u00edtimas.\" \/>\n<meta property=\"og:url\" content=\"https:\/\/portaltela.pt\/noticias\/2026\/02\/22\/caso-epstein-mais-de-duas-decadas-de-investigacoes-e-polemicas\/\" \/>\n<meta property=\"og:site_name\" content=\"Portal Tela Portugal\" \/>\n<meta property=\"article:published_time\" content=\"2026-02-23T01:30:00+00:00\" \/>\n<meta name=\"author\" content=\"Telinha\" \/>\n<meta name=\"twitter:card\" content=\"summary_large_image\" \/>\n<meta name=\"twitter:label1\" content=\"Escrito por\" \/>\n\t<meta name=\"twitter:data1\" content=\"Telinha\" \/>\n\t<meta name=\"twitter:label2\" content=\"Tempo estimado de leitura\" \/>\n\t<meta name=\"twitter:data2\" content=\"2 minutos\" \/>\n<script type=\"application\/ld+json\" class=\"yoast-schema-graph\">{\"@context\":\"https:\/\/schema.org\",\"@graph\":[{\"@type\":\"Article\",\"@id\":\"https:\/\/portaltela.pt\/noticias\/2026\/02\/22\/caso-epstein-mais-de-duas-decadas-de-investigacoes-e-polemicas\/#article\",\"isPartOf\":{\"@id\":\"https:\/\/portaltela.pt\/noticias\/2026\/02\/22\/caso-epstein-mais-de-duas-decadas-de-investigacoes-e-polemicas\/\"},\"author\":{\"name\":\"Telinha\",\"@id\":\"https:\/\/portaltela.pt\/#\/schema\/person\/c4278d4a6028830caff9ee44b42d32ed\"},\"headline\":\"Caso Epstein: mais de duas d\u00e9cadas de investiga\u00e7\u00f5es e pol\u00e9micas\",\"datePublished\":\"2026-02-23T01:30:00+00:00\",\"mainEntityOfPage\":{\"@id\":\"https:\/\/portaltela.pt\/noticias\/2026\/02\/22\/caso-epstein-mais-de-duas-decadas-de-investigacoes-e-polemicas\/\"},\"wordCount\":375,\"image\":{\"@id\":\"https:\/\/portaltela.pt\/noticias\/2026\/02\/22\/caso-epstein-mais-de-duas-decadas-de-investigacoes-e-polemicas\/#primaryimage\"},\"thumbnailUrl\":\"https:\/\/portaltela.pt\/s.01k8rhncp4jt1\/2026\/02\/img_1500x1000uu2026-02-22-20-42-02-2268387-im-639073897624135646.jpg\",\"keywords\":[\"abusos\",\"crimes\",\"investiga\u00e7\u00e3o\",\"investiga\u00e7\u00e3o criminal\",\"Sarah Ferguson\",\"viola\u00e7\u00e3o\"],\"articleSection\":[\"Not\u00edcias\"],\"inLanguage\":\"pt-PT\"},{\"@type\":\"WebPage\",\"@id\":\"https:\/\/portaltela.pt\/noticias\/2026\/02\/22\/caso-epstein-mais-de-duas-decadas-de-investigacoes-e-polemicas\/\",\"url\":\"https:\/\/portaltela.pt\/noticias\/2026\/02\/22\/caso-epstein-mais-de-duas-decadas-de-investigacoes-e-polemicas\/\",\"name\":\"Caso Epstein: mais de duas d\u00e9cadas de investiga\u00e7\u00f5es e pol\u00e9micas - Portal Tela Portugal\",\"isPartOf\":{\"@id\":\"https:\/\/portaltela.pt\/#website\"},\"primaryImageOfPage\":{\"@id\":\"https:\/\/portaltela.pt\/noticias\/2026\/02\/22\/caso-epstein-mais-de-duas-decadas-de-investigacoes-e-polemicas\/#primaryimage\"},\"image\":{\"@id\":\"https:\/\/portaltela.pt\/noticias\/2026\/02\/22\/caso-epstein-mais-de-duas-decadas-de-investigacoes-e-polemicas\/#primaryimage\"},\"thumbnailUrl\":\"https:\/\/portaltela.pt\/s.01k8rhncp4jt1\/2026\/02\/img_1500x1000uu2026-02-22-20-42-02-2268387-im-639073897624135646.jpg\",\"datePublished\":\"2026-02-23T01:30:00+00:00\",\"author\":{\"@id\":\"https:\/\/portaltela.pt\/#\/schema\/person\/c4278d4a6028830caff9ee44b42d32ed\"},\"breadcrumb\":{\"@id\":\"https:\/\/portaltela.pt\/noticias\/2026\/02\/22\/caso-epstein-mais-de-duas-decadas-de-investigacoes-e-polemicas\/#breadcrumb\"},\"inLanguage\":\"pt-PT\",\"potentialAction\":[{\"@type\":\"ReadAction\",\"target\":[\"https:\/\/portaltela.pt\/noticias\/2026\/02\/22\/caso-epstein-mais-de-duas-decadas-de-investigacoes-e-polemicas\/\"]}]},{\"@type\":\"ImageObject\",\"inLanguage\":\"pt-PT\",\"@id\":\"https:\/\/portaltela.pt\/noticias\/2026\/02\/22\/caso-epstein-mais-de-duas-decadas-de-investigacoes-e-polemicas\/#primaryimage\",\"url\":\"https:\/\/portaltela.pt\/s.01k8rhncp4jt1\/2026\/02\/img_1500x1000uu2026-02-22-20-42-02-2268387-im-639073897624135646.jpg\",\"contentUrl\":\"https:\/\/portaltela.pt\/s.01k8rhncp4jt1\/2026\/02\/img_1500x1000uu2026-02-22-20-42-02-2268387-im-639073897624135646.jpg\",\"width\":796,\"height\":448,\"caption\":\"Jeffrey Epstein\"},{\"@type\":\"BreadcrumbList\",\"@id\":\"https:\/\/portaltela.pt\/noticias\/2026\/02\/22\/caso-epstein-mais-de-duas-decadas-de-investigacoes-e-polemicas\/#breadcrumb\",\"itemListElement\":[{\"@type\":\"ListItem\",\"position\":1,\"name\":\"In\u00edcio\",\"item\":\"https:\/\/portaltela.pt\/\"},{\"@type\":\"ListItem\",\"position\":2,\"name\":\"Caso Epstein: mais de duas d\u00e9cadas de investiga\u00e7\u00f5es e pol\u00e9micas\"}]},{\"@type\":\"WebSite\",\"@id\":\"https:\/\/portaltela.pt\/#website\",\"url\":\"https:\/\/portaltela.pt\/\",\"name\":\"Portal Tela Portugal\",\"description\":\"\",\"potentialAction\":[{\"@type\":\"SearchAction\",\"target\":{\"@type\":\"EntryPoint\",\"urlTemplate\":\"https:\/\/portaltela.pt\/?s={search_term_string}\"},\"query-input\":{\"@type\":\"PropertyValueSpecification\",\"valueRequired\":true,\"valueName\":\"search_term_string\"}}],\"inLanguage\":\"pt-PT\"},{\"@type\":\"Person\",\"@id\":\"https:\/\/portaltela.pt\/#\/schema\/person\/c4278d4a6028830caff9ee44b42d32ed\",\"name\":\"Telinha\",\"image\":{\"@type\":\"ImageObject\",\"inLanguage\":\"pt-PT\",\"@id\":\"https:\/\/portaltela.pt\/s.01k8rhncp4jt1\/2025\/11\/talking-bot-125x125.png\",\"url\":\"https:\/\/portaltela.pt\/s.01k8rhncp4jt1\/2025\/11\/talking-bot-125x125.png\",\"contentUrl\":\"https:\/\/portaltela.pt\/s.01k8rhncp4jt1\/2025\/11\/talking-bot-125x125.png\",\"caption\":\"Telinha\"},\"sameAs\":[\"https:\/\/portaltela.pt\/\"],\"url\":\"https:\/\/portaltela.pt\/por\/367410592786\/\"}]}<\/script>\n<!-- \/ Yoast SEO plugin. -->","yoast_head_json":{"title":"Caso Epstein: mais de duas d\u00e9cadas de investiga\u00e7\u00f5es e pol\u00e9micas - Portal Tela Portugal","robots":{"index":"index","follow":"follow","max-snippet":"max-snippet:-1","max-image-preview":"max-image-preview:large","max-video-preview":"max-video-preview:-1"},"og_locale":"pt_PT","og_type":"article","og_title":"Caso Epstein: mais de duas d\u00e9cadas de investiga\u00e7\u00f5es e pol\u00e9micas - Portal Tela Portugal","og_description":"Investiga\u00e7\u00f5es de mais de vinte anos, desde os primeiros relat\u00f3rios da pol\u00edcia de Palm Beach, at\u00e9 \u00e0 liberta\u00e7\u00e3o recente de 3,5 milh\u00f5es de documentos e milhares de v\u00eddeos e imagens. A abertura dos arquivos exp\u00f4s uma rede montada por Jeffrey Epstein com liga\u00e7\u00f5es a figuras de relevo em v\u00e1rias \u00e1reas, alvo de controv\u00e9rsia global. No universo da moda, surgem liga\u00e7\u00f5es perigosas e segredos que atingem estrelas das passerelles, segundo as investiga\u00e7\u00f5es. Sarah Ferguson surge associada ao caso em sil\u00eancio e com presen\u00e7a desaparecida, conforme os relatos. Os executores do testamento de Epstein prop\u00f5em pagar entre $21 milh\u00f5es e $30 milh\u00f5es \u00e0s suas v\u00edtimas.","og_url":"https:\/\/portaltela.pt\/noticias\/2026\/02\/22\/caso-epstein-mais-de-duas-decadas-de-investigacoes-e-polemicas\/","og_site_name":"Portal Tela Portugal","article_published_time":"2026-02-23T01:30:00+00:00","author":"Telinha","twitter_card":"summary_large_image","twitter_misc":{"Escrito por":"Telinha","Tempo estimado de leitura":"2 minutos"},"schema":{"@context":"https:\/\/schema.org","@graph":[{"@type":"Article","@id":"https:\/\/portaltela.pt\/noticias\/2026\/02\/22\/caso-epstein-mais-de-duas-decadas-de-investigacoes-e-polemicas\/#article","isPartOf":{"@id":"https:\/\/portaltela.pt\/noticias\/2026\/02\/22\/caso-epstein-mais-de-duas-decadas-de-investigacoes-e-polemicas\/"},"author":{"name":"Telinha","@id":"https:\/\/portaltela.pt\/#\/schema\/person\/c4278d4a6028830caff9ee44b42d32ed"},"headline":"Caso Epstein: mais de duas d\u00e9cadas de investiga\u00e7\u00f5es e pol\u00e9micas","datePublished":"2026-02-23T01:30:00+00:00","mainEntityOfPage":{"@id":"https:\/\/portaltela.pt\/noticias\/2026\/02\/22\/caso-epstein-mais-de-duas-decadas-de-investigacoes-e-polemicas\/"},"wordCount":375,"image":{"@id":"https:\/\/portaltela.pt\/noticias\/2026\/02\/22\/caso-epstein-mais-de-duas-decadas-de-investigacoes-e-polemicas\/#primaryimage"},"thumbnailUrl":"https:\/\/portaltela.pt\/s.01k8rhncp4jt1\/2026\/02\/img_1500x1000uu2026-02-22-20-42-02-2268387-im-639073897624135646.jpg","keywords":["abusos","crimes","investiga\u00e7\u00e3o","investiga\u00e7\u00e3o criminal","Sarah Ferguson","viola\u00e7\u00e3o"],"articleSection":["Not\u00edcias"],"inLanguage":"pt-PT"},{"@type":"WebPage","@id":"https:\/\/portaltela.pt\/noticias\/2026\/02\/22\/caso-epstein-mais-de-duas-decadas-de-investigacoes-e-polemicas\/","url":"https:\/\/portaltela.pt\/noticias\/2026\/02\/22\/caso-epstein-mais-de-duas-decadas-de-investigacoes-e-polemicas\/","name":"Caso Epstein: mais de duas d\u00e9cadas de investiga\u00e7\u00f5es e pol\u00e9micas - Portal Tela Portugal","isPartOf":{"@id":"https:\/\/portaltela.pt\/#website"},"primaryImageOfPage":{"@id":"https:\/\/portaltela.pt\/noticias\/2026\/02\/22\/caso-epstein-mais-de-duas-decadas-de-investigacoes-e-polemicas\/#primaryimage"},"image":{"@id":"https:\/\/portaltela.pt\/noticias\/2026\/02\/22\/caso-epstein-mais-de-duas-decadas-de-investigacoes-e-polemicas\/#primaryimage"},"thumbnailUrl":"https:\/\/portaltela.pt\/s.01k8rhncp4jt1\/2026\/02\/img_1500x1000uu2026-02-22-20-42-02-2268387-im-639073897624135646.jpg","datePublished":"2026-02-23T01:30:00+00:00","author":{"@id":"https:\/\/portaltela.pt\/#\/schema\/person\/c4278d4a6028830caff9ee44b42d32ed"},"breadcrumb":{"@id":"https:\/\/portaltela.pt\/noticias\/2026\/02\/22\/caso-epstein-mais-de-duas-decadas-de-investigacoes-e-polemicas\/#breadcrumb"},"inLanguage":"pt-PT","potentialAction":[{"@type":"ReadAction","target":["https:\/\/portaltela.pt\/noticias\/2026\/02\/22\/caso-epstein-mais-de-duas-decadas-de-investigacoes-e-polemicas\/"]}]},{"@type":"ImageObject","inLanguage":"pt-PT","@id":"https:\/\/portaltela.pt\/noticias\/2026\/02\/22\/caso-epstein-mais-de-duas-decadas-de-investigacoes-e-polemicas\/#primaryimage","url":"https:\/\/portaltela.pt\/s.01k8rhncp4jt1\/2026\/02\/img_1500x1000uu2026-02-22-20-42-02-2268387-im-639073897624135646.jpg","contentUrl":"https:\/\/portaltela.pt\/s.01k8rhncp4jt1\/2026\/02\/img_1500x1000uu2026-02-22-20-42-02-2268387-im-639073897624135646.jpg","width":796,"height":448,"caption":"Jeffrey Epstein"},{"@type":"BreadcrumbList","@id":"https:\/\/portaltela.pt\/noticias\/2026\/02\/22\/caso-epstein-mais-de-duas-decadas-de-investigacoes-e-polemicas\/#breadcrumb","itemListElement":[{"@type":"ListItem","position":1,"name":"In\u00edcio","item":"https:\/\/portaltela.pt\/"},{"@type":"ListItem","position":2,"name":"Caso Epstein: mais de duas d\u00e9cadas de investiga\u00e7\u00f5es e pol\u00e9micas"}]},{"@type":"WebSite","@id":"https:\/\/portaltela.pt\/#website","url":"https:\/\/portaltela.pt\/","name":"Portal Tela Portugal","description":"","potentialAction":[{"@type":"SearchAction","target":{"@type":"EntryPoint","urlTemplate":"https:\/\/portaltela.pt\/?s={search_term_string}"},"query-input":{"@type":"PropertyValueSpecification","valueRequired":true,"valueName":"search_term_string"}}],"inLanguage":"pt-PT"},{"@type":"Person","@id":"https:\/\/portaltela.pt\/#\/schema\/person\/c4278d4a6028830caff9ee44b42d32ed","name":"Telinha","image":{"@type":"ImageObject","inLanguage":"pt-PT","@id":"https:\/\/portaltela.pt\/s.01k8rhncp4jt1\/2025\/11\/talking-bot-125x125.png","url":"https:\/\/portaltela.pt\/s.01k8rhncp4jt1\/2025\/11\/talking-bot-125x125.png","contentUrl":"https:\/\/portaltela.pt\/s.01k8rhncp4jt1\/2025\/11\/talking-bot-125x125.png","caption":"Telinha"},"sameAs":["https:\/\/portaltela.pt\/"],"url":"https:\/\/portaltela.pt\/por\/367410592786\/"}]}},"_links":{"self":[{"href":"https:\/\/portaltela.pt\/api\/wp\/v2\/posts\/222253","targetHints":{"allow":["GET"]}}],"collection":[{"href":"https:\/\/portaltela.pt\/api\/wp\/v2\/posts"}],"about":[{"href":"https:\/\/portaltela.pt\/api\/wp\/v2\/types\/post"}],"author":[{"embeddable":true,"href":"https:\/\/portaltela.pt\/api\/wp\/v2\/users\/2"}],"replies":[{"embeddable":true,"href":"https:\/\/portaltela.pt\/api\/wp\/v2\/comments?post=222253"}],"version-history":[{"count":0,"href":"https:\/\/portaltela.pt\/api\/wp\/v2\/posts\/222253\/revisions"}],"wp:featuredmedia":[{"embeddable":true,"href":"https:\/\/portaltela.pt\/api\/wp\/v2\/media\/222260"}],"wp:attachment":[{"href":"https:\/\/portaltela.pt\/api\/wp\/v2\/media?parent=222253"}],"wp:term":[{"taxonomy":"category","embeddable":true,"href":"https:\/\/portaltela.pt\/api\/wp\/v2\/categories?post=222253"},{"taxonomy":"post_tag","embeddable":true,"href":"https:\/\/portaltela.pt\/api\/wp\/v2\/tags?post=222253"}],"curies":[{"name":"wp","href":"https:\/\/api.w.org\/{rel}","templated":true}]}}