{"id":222242,"date":"2026-02-22T22:30:00","date_gmt":"2026-02-23T01:30:00","guid":{"rendered":"https:\/\/portaltela.pt\/noticias\/2026\/02\/22\/pai-silenciou-abusos-contra-filhas-e-enteada-com-ameacas-de-morte-a-mae\/"},"modified":"2026-02-22T22:30:00","modified_gmt":"2026-02-23T01:30:00","slug":"pai-silenciou-abusos-contra-filhas-e-enteada-com-ameacas-de-morte-a-mae","status":"publish","type":"post","link":"https:\/\/portaltela.pt\/noticias\/2026\/02\/22\/pai-silenciou-abusos-contra-filhas-e-enteada-com-ameacas-de-morte-a-mae\/","title":{"rendered":"Pai silenciou abusos contra filhas e enteada com amea\u00e7as de morte \u00e0 m\u00e3e"},"content":{"rendered":"<p>O caso envolve abusos de um pai contra as filhas e a enteada, revelados ap\u00f3s uma den\u00fancia corajosa. A v\u00edtima mais nova, hoje com 13 anos, sofreu abusos entre os 6 e os 12 anos. O pai obrigava a filha a manter segredo, dizendo que, se contasse, mataria a m\u00e3e.<\/p>\n<p>A enteada tamb\u00e9m foi v\u00edtima dos ataques, o que motivou a den\u00fancia que veio a p\u00fablico. As tr\u00eas crian\u00e7as viviam sob a guarda do pai, que mantinha o sil\u00eancio for\u00e7ado sobre os abusos.<\/p>\n<p>A deten\u00e7\u00e3o ocorreu em fevereiro de 2025 pela Pol\u00edcia Judici\u00e1ria de Braga. O tribunal de Guimar\u00e3es proferiu a senten\u00e7a, impondo ao arguido uma pena de 15 anos de pris\u00e3o.<\/p>\n<h3>Detalhes do processo<\/h3>\n<p>Segundo a investiga\u00e7\u00e3o, o pai ter\u00e1 utilizado amea\u00e7as de morte para silenciar as filhas. As v\u00edtimas relatam impactos psicol\u00f3gicos graves decorrentes do per\u00edodo de abusos.<\/p>\n<p>O Minist\u00e9rio P\u00fablico sustentou a acusa\u00e7\u00e3o com testemunhos das pr\u00f3prias v\u00edtimas, bem como com elementos de per\u00edcia. A defesa, por sua vez, contestou parte das alega\u00e7\u00f5es e pediu avalia\u00e7\u00e3o adicional.<\/p>\n<p>O veredito foi proferido ap\u00f3s o julgamento, mantendo a linha de prote\u00e7\u00e3o das v\u00edtimas e refor\u00e7ando o peso das provas apresentadas. A decis\u00e3o permanece sob os tr\u00e2mites legais cab\u00edveis.<\/p>\n","protected":false},"excerpt":{"rendered":"<ul>\n<li>O pai abusou sexualmente da filha mais velha quando a tinha sob a sua guarda e a instru\u00eda a manter sil\u00eancio, sob a amea\u00e7a de matar a m\u00e3e caso contasse a algu\u00e9m.<\/li>\n<li>A v\u00edtima atual tem treze anos; os abusos ocorreram entre os seis e os doze anos de idade.<\/li>\n<li>A enteada do pai tamb\u00e9m foi alvo de abusos pelo mesmo suspeito.<\/li>\n<li>O caso veio a p\u00fablico ap\u00f3s a enteada ter coragem de denunciar os ataques.<\/li>\n<li>O homem, de quarenta e dois anos, foi detido pela Pol\u00edcia Judici\u00e1ria de Braga em fevereiro de dois mil e vinte e cinco e condenado pelo Tribunal de Guimar\u00e3es a quinze anos de pris\u00e3o.<\/li>\n<\/ul>\n","protected":false},"author":2,"featured_media":222243,"comment_status":"closed","ping_status":"closed","sticky":false,"template":"","format":"standard","meta":{"footnotes":""},"categories":[1],"tags":[208,1207,6210,1145,1759,939],"class_list":["post-222242","post","type-post","status-publish","format-standard","has-post-thumbnail","hentry","category-noticias","tag-abuso-de-menores-dependentes","tag-braga","tag-crimes-contra-menores","tag-guimaraes","tag-infancia","tag-violencia"],"yoast_head":"<!-- This site is optimized with the Yoast SEO plugin v27.2 - https:\/\/yoast.com\/product\/yoast-seo-wordpress\/ -->\n<title>Pai silenciou abusos contra filhas e enteada com amea\u00e7as de morte \u00e0 m\u00e3e - Portal Tela Portugal<\/title>\n<meta name=\"robots\" content=\"index, follow, max-snippet:-1, max-image-preview:large, max-video-preview:-1\" \/>\n<meta property=\"og:locale\" content=\"pt_PT\" \/>\n<meta property=\"og:type\" content=\"article\" \/>\n<meta property=\"og:title\" content=\"Pai silenciou abusos contra filhas e enteada com amea\u00e7as de morte \u00e0 m\u00e3e - Portal Tela Portugal\" \/>\n<meta property=\"og:description\" content=\"O pai abusou sexualmente da filha mais velha quando a tinha sob a sua guarda e a instru\u00eda a manter sil\u00eancio, sob a amea\u00e7a de matar a m\u00e3e caso contasse a algu\u00e9m. A v\u00edtima atual tem treze anos; os abusos ocorreram entre os seis e os doze anos de idade. A enteada do pai tamb\u00e9m foi alvo de abusos pelo mesmo suspeito. O caso veio a p\u00fablico ap\u00f3s a enteada ter coragem de denunciar os ataques. O homem, de quarenta e dois anos, foi detido pela Pol\u00edcia Judici\u00e1ria de Braga em fevereiro de dois mil e vinte e cinco e condenado pelo Tribunal de Guimar\u00e3es a quinze anos de pris\u00e3o.\" \/>\n<meta property=\"og:url\" content=\"https:\/\/portaltela.pt\/noticias\/2026\/02\/22\/pai-silenciou-abusos-contra-filhas-e-enteada-com-ameacas-de-morte-a-mae\/\" \/>\n<meta property=\"og:site_name\" content=\"Portal Tela Portugal\" \/>\n<meta property=\"article:published_time\" content=\"2026-02-23T01:30:00+00:00\" \/>\n<meta name=\"author\" content=\"Telinha\" \/>\n<meta name=\"twitter:card\" content=\"summary_large_image\" \/>\n<meta name=\"twitter:label1\" content=\"Escrito por\" \/>\n\t<meta name=\"twitter:data1\" content=\"Telinha\" \/>\n\t<meta name=\"twitter:label2\" content=\"Tempo estimado de leitura\" \/>\n\t<meta name=\"twitter:data2\" content=\"1 minuto\" \/>\n<script type=\"application\/ld+json\" class=\"yoast-schema-graph\">{\"@context\":\"https:\/\/schema.org\",\"@graph\":[{\"@type\":\"Article\",\"@id\":\"https:\/\/portaltela.pt\/noticias\/2026\/02\/22\/pai-silenciou-abusos-contra-filhas-e-enteada-com-ameacas-de-morte-a-mae\/#article\",\"isPartOf\":{\"@id\":\"https:\/\/portaltela.pt\/noticias\/2026\/02\/22\/pai-silenciou-abusos-contra-filhas-e-enteada-com-ameacas-de-morte-a-mae\/\"},\"author\":{\"name\":\"Telinha\",\"@id\":\"https:\/\/portaltela.pt\/#\/schema\/person\/c4278d4a6028830caff9ee44b42d32ed\"},\"headline\":\"Pai silenciou abusos contra filhas e enteada com amea\u00e7as de morte \u00e0 m\u00e3e\",\"datePublished\":\"2026-02-23T01:30:00+00:00\",\"mainEntityOfPage\":{\"@id\":\"https:\/\/portaltela.pt\/noticias\/2026\/02\/22\/pai-silenciou-abusos-contra-filhas-e-enteada-com-ameacas-de-morte-a-mae\/\"},\"wordCount\":246,\"image\":{\"@id\":\"https:\/\/portaltela.pt\/noticias\/2026\/02\/22\/pai-silenciou-abusos-contra-filhas-e-enteada-com-ameacas-de-morte-a-mae\/#primaryimage\"},\"thumbnailUrl\":\"https:\/\/portaltela.pt\/s.01k8rhncp4jt1\/2026\/02\/img_1500x1000uu2023-08-24-23-24-57-1427123.jpg\",\"keywords\":[\"abuso de menores dependentes\",\"Braga\",\"crimes contra menores\",\"Guimar\u00e3es\",\"inf\u00e2ncia\",\"viol\u00eancia\"],\"articleSection\":[\"Not\u00edcias\"],\"inLanguage\":\"pt-PT\"},{\"@type\":\"WebPage\",\"@id\":\"https:\/\/portaltela.pt\/noticias\/2026\/02\/22\/pai-silenciou-abusos-contra-filhas-e-enteada-com-ameacas-de-morte-a-mae\/\",\"url\":\"https:\/\/portaltela.pt\/noticias\/2026\/02\/22\/pai-silenciou-abusos-contra-filhas-e-enteada-com-ameacas-de-morte-a-mae\/\",\"name\":\"Pai silenciou abusos contra filhas e enteada com amea\u00e7as de morte \u00e0 m\u00e3e - Portal Tela Portugal\",\"isPartOf\":{\"@id\":\"https:\/\/portaltela.pt\/#website\"},\"primaryImageOfPage\":{\"@id\":\"https:\/\/portaltela.pt\/noticias\/2026\/02\/22\/pai-silenciou-abusos-contra-filhas-e-enteada-com-ameacas-de-morte-a-mae\/#primaryimage\"},\"image\":{\"@id\":\"https:\/\/portaltela.pt\/noticias\/2026\/02\/22\/pai-silenciou-abusos-contra-filhas-e-enteada-com-ameacas-de-morte-a-mae\/#primaryimage\"},\"thumbnailUrl\":\"https:\/\/portaltela.pt\/s.01k8rhncp4jt1\/2026\/02\/img_1500x1000uu2023-08-24-23-24-57-1427123.jpg\",\"datePublished\":\"2026-02-23T01:30:00+00:00\",\"author\":{\"@id\":\"https:\/\/portaltela.pt\/#\/schema\/person\/c4278d4a6028830caff9ee44b42d32ed\"},\"breadcrumb\":{\"@id\":\"https:\/\/portaltela.pt\/noticias\/2026\/02\/22\/pai-silenciou-abusos-contra-filhas-e-enteada-com-ameacas-de-morte-a-mae\/#breadcrumb\"},\"inLanguage\":\"pt-PT\",\"potentialAction\":[{\"@type\":\"ReadAction\",\"target\":[\"https:\/\/portaltela.pt\/noticias\/2026\/02\/22\/pai-silenciou-abusos-contra-filhas-e-enteada-com-ameacas-de-morte-a-mae\/\"]}]},{\"@type\":\"ImageObject\",\"inLanguage\":\"pt-PT\",\"@id\":\"https:\/\/portaltela.pt\/noticias\/2026\/02\/22\/pai-silenciou-abusos-contra-filhas-e-enteada-com-ameacas-de-morte-a-mae\/#primaryimage\",\"url\":\"https:\/\/portaltela.pt\/s.01k8rhncp4jt1\/2026\/02\/img_1500x1000uu2023-08-24-23-24-57-1427123.jpg\",\"contentUrl\":\"https:\/\/portaltela.pt\/s.01k8rhncp4jt1\/2026\/02\/img_1500x1000uu2023-08-24-23-24-57-1427123.jpg\",\"width\":796,\"height\":448,\"caption\":\"Tribunal de Guimar\u00e3es condenou o predador sexual a 15 anos de pris\u00e3o\"},{\"@type\":\"BreadcrumbList\",\"@id\":\"https:\/\/portaltela.pt\/noticias\/2026\/02\/22\/pai-silenciou-abusos-contra-filhas-e-enteada-com-ameacas-de-morte-a-mae\/#breadcrumb\",\"itemListElement\":[{\"@type\":\"ListItem\",\"position\":1,\"name\":\"In\u00edcio\",\"item\":\"https:\/\/portaltela.pt\/\"},{\"@type\":\"ListItem\",\"position\":2,\"name\":\"Pai silenciou abusos contra filhas e enteada com amea\u00e7as de morte \u00e0 m\u00e3e\"}]},{\"@type\":\"WebSite\",\"@id\":\"https:\/\/portaltela.pt\/#website\",\"url\":\"https:\/\/portaltela.pt\/\",\"name\":\"Portal Tela Portugal\",\"description\":\"\",\"potentialAction\":[{\"@type\":\"SearchAction\",\"target\":{\"@type\":\"EntryPoint\",\"urlTemplate\":\"https:\/\/portaltela.pt\/?s={search_term_string}\"},\"query-input\":{\"@type\":\"PropertyValueSpecification\",\"valueRequired\":true,\"valueName\":\"search_term_string\"}}],\"inLanguage\":\"pt-PT\"},{\"@type\":\"Person\",\"@id\":\"https:\/\/portaltela.pt\/#\/schema\/person\/c4278d4a6028830caff9ee44b42d32ed\",\"name\":\"Telinha\",\"image\":{\"@type\":\"ImageObject\",\"inLanguage\":\"pt-PT\",\"@id\":\"https:\/\/portaltela.pt\/s.01k8rhncp4jt1\/2025\/11\/talking-bot-125x125.png\",\"url\":\"https:\/\/portaltela.pt\/s.01k8rhncp4jt1\/2025\/11\/talking-bot-125x125.png\",\"contentUrl\":\"https:\/\/portaltela.pt\/s.01k8rhncp4jt1\/2025\/11\/talking-bot-125x125.png\",\"caption\":\"Telinha\"},\"sameAs\":[\"https:\/\/portaltela.pt\/\"],\"url\":\"https:\/\/portaltela.pt\/por\/367410592786\/\"}]}<\/script>\n<!-- \/ Yoast SEO plugin. -->","yoast_head_json":{"title":"Pai silenciou abusos contra filhas e enteada com amea\u00e7as de morte \u00e0 m\u00e3e - Portal Tela Portugal","robots":{"index":"index","follow":"follow","max-snippet":"max-snippet:-1","max-image-preview":"max-image-preview:large","max-video-preview":"max-video-preview:-1"},"og_locale":"pt_PT","og_type":"article","og_title":"Pai silenciou abusos contra filhas e enteada com amea\u00e7as de morte \u00e0 m\u00e3e - Portal Tela Portugal","og_description":"O pai abusou sexualmente da filha mais velha quando a tinha sob a sua guarda e a instru\u00eda a manter sil\u00eancio, sob a amea\u00e7a de matar a m\u00e3e caso contasse a algu\u00e9m. A v\u00edtima atual tem treze anos; os abusos ocorreram entre os seis e os doze anos de idade. A enteada do pai tamb\u00e9m foi alvo de abusos pelo mesmo suspeito. O caso veio a p\u00fablico ap\u00f3s a enteada ter coragem de denunciar os ataques. O homem, de quarenta e dois anos, foi detido pela Pol\u00edcia Judici\u00e1ria de Braga em fevereiro de dois mil e vinte e cinco e condenado pelo Tribunal de Guimar\u00e3es a quinze anos de pris\u00e3o.","og_url":"https:\/\/portaltela.pt\/noticias\/2026\/02\/22\/pai-silenciou-abusos-contra-filhas-e-enteada-com-ameacas-de-morte-a-mae\/","og_site_name":"Portal Tela Portugal","article_published_time":"2026-02-23T01:30:00+00:00","author":"Telinha","twitter_card":"summary_large_image","twitter_misc":{"Escrito por":"Telinha","Tempo estimado de leitura":"1 minuto"},"schema":{"@context":"https:\/\/schema.org","@graph":[{"@type":"Article","@id":"https:\/\/portaltela.pt\/noticias\/2026\/02\/22\/pai-silenciou-abusos-contra-filhas-e-enteada-com-ameacas-de-morte-a-mae\/#article","isPartOf":{"@id":"https:\/\/portaltela.pt\/noticias\/2026\/02\/22\/pai-silenciou-abusos-contra-filhas-e-enteada-com-ameacas-de-morte-a-mae\/"},"author":{"name":"Telinha","@id":"https:\/\/portaltela.pt\/#\/schema\/person\/c4278d4a6028830caff9ee44b42d32ed"},"headline":"Pai silenciou abusos contra filhas e enteada com amea\u00e7as de morte \u00e0 m\u00e3e","datePublished":"2026-02-23T01:30:00+00:00","mainEntityOfPage":{"@id":"https:\/\/portaltela.pt\/noticias\/2026\/02\/22\/pai-silenciou-abusos-contra-filhas-e-enteada-com-ameacas-de-morte-a-mae\/"},"wordCount":246,"image":{"@id":"https:\/\/portaltela.pt\/noticias\/2026\/02\/22\/pai-silenciou-abusos-contra-filhas-e-enteada-com-ameacas-de-morte-a-mae\/#primaryimage"},"thumbnailUrl":"https:\/\/portaltela.pt\/s.01k8rhncp4jt1\/2026\/02\/img_1500x1000uu2023-08-24-23-24-57-1427123.jpg","keywords":["abuso de menores dependentes","Braga","crimes contra menores","Guimar\u00e3es","inf\u00e2ncia","viol\u00eancia"],"articleSection":["Not\u00edcias"],"inLanguage":"pt-PT"},{"@type":"WebPage","@id":"https:\/\/portaltela.pt\/noticias\/2026\/02\/22\/pai-silenciou-abusos-contra-filhas-e-enteada-com-ameacas-de-morte-a-mae\/","url":"https:\/\/portaltela.pt\/noticias\/2026\/02\/22\/pai-silenciou-abusos-contra-filhas-e-enteada-com-ameacas-de-morte-a-mae\/","name":"Pai silenciou abusos contra filhas e enteada com amea\u00e7as de morte \u00e0 m\u00e3e - Portal Tela Portugal","isPartOf":{"@id":"https:\/\/portaltela.pt\/#website"},"primaryImageOfPage":{"@id":"https:\/\/portaltela.pt\/noticias\/2026\/02\/22\/pai-silenciou-abusos-contra-filhas-e-enteada-com-ameacas-de-morte-a-mae\/#primaryimage"},"image":{"@id":"https:\/\/portaltela.pt\/noticias\/2026\/02\/22\/pai-silenciou-abusos-contra-filhas-e-enteada-com-ameacas-de-morte-a-mae\/#primaryimage"},"thumbnailUrl":"https:\/\/portaltela.pt\/s.01k8rhncp4jt1\/2026\/02\/img_1500x1000uu2023-08-24-23-24-57-1427123.jpg","datePublished":"2026-02-23T01:30:00+00:00","author":{"@id":"https:\/\/portaltela.pt\/#\/schema\/person\/c4278d4a6028830caff9ee44b42d32ed"},"breadcrumb":{"@id":"https:\/\/portaltela.pt\/noticias\/2026\/02\/22\/pai-silenciou-abusos-contra-filhas-e-enteada-com-ameacas-de-morte-a-mae\/#breadcrumb"},"inLanguage":"pt-PT","potentialAction":[{"@type":"ReadAction","target":["https:\/\/portaltela.pt\/noticias\/2026\/02\/22\/pai-silenciou-abusos-contra-filhas-e-enteada-com-ameacas-de-morte-a-mae\/"]}]},{"@type":"ImageObject","inLanguage":"pt-PT","@id":"https:\/\/portaltela.pt\/noticias\/2026\/02\/22\/pai-silenciou-abusos-contra-filhas-e-enteada-com-ameacas-de-morte-a-mae\/#primaryimage","url":"https:\/\/portaltela.pt\/s.01k8rhncp4jt1\/2026\/02\/img_1500x1000uu2023-08-24-23-24-57-1427123.jpg","contentUrl":"https:\/\/portaltela.pt\/s.01k8rhncp4jt1\/2026\/02\/img_1500x1000uu2023-08-24-23-24-57-1427123.jpg","width":796,"height":448,"caption":"Tribunal de Guimar\u00e3es condenou o predador sexual a 15 anos de pris\u00e3o"},{"@type":"BreadcrumbList","@id":"https:\/\/portaltela.pt\/noticias\/2026\/02\/22\/pai-silenciou-abusos-contra-filhas-e-enteada-com-ameacas-de-morte-a-mae\/#breadcrumb","itemListElement":[{"@type":"ListItem","position":1,"name":"In\u00edcio","item":"https:\/\/portaltela.pt\/"},{"@type":"ListItem","position":2,"name":"Pai silenciou abusos contra filhas e enteada com amea\u00e7as de morte \u00e0 m\u00e3e"}]},{"@type":"WebSite","@id":"https:\/\/portaltela.pt\/#website","url":"https:\/\/portaltela.pt\/","name":"Portal Tela Portugal","description":"","potentialAction":[{"@type":"SearchAction","target":{"@type":"EntryPoint","urlTemplate":"https:\/\/portaltela.pt\/?s={search_term_string}"},"query-input":{"@type":"PropertyValueSpecification","valueRequired":true,"valueName":"search_term_string"}}],"inLanguage":"pt-PT"},{"@type":"Person","@id":"https:\/\/portaltela.pt\/#\/schema\/person\/c4278d4a6028830caff9ee44b42d32ed","name":"Telinha","image":{"@type":"ImageObject","inLanguage":"pt-PT","@id":"https:\/\/portaltela.pt\/s.01k8rhncp4jt1\/2025\/11\/talking-bot-125x125.png","url":"https:\/\/portaltela.pt\/s.01k8rhncp4jt1\/2025\/11\/talking-bot-125x125.png","contentUrl":"https:\/\/portaltela.pt\/s.01k8rhncp4jt1\/2025\/11\/talking-bot-125x125.png","caption":"Telinha"},"sameAs":["https:\/\/portaltela.pt\/"],"url":"https:\/\/portaltela.pt\/por\/367410592786\/"}]}},"_links":{"self":[{"href":"https:\/\/portaltela.pt\/api\/wp\/v2\/posts\/222242","targetHints":{"allow":["GET"]}}],"collection":[{"href":"https:\/\/portaltela.pt\/api\/wp\/v2\/posts"}],"about":[{"href":"https:\/\/portaltela.pt\/api\/wp\/v2\/types\/post"}],"author":[{"embeddable":true,"href":"https:\/\/portaltela.pt\/api\/wp\/v2\/users\/2"}],"replies":[{"embeddable":true,"href":"https:\/\/portaltela.pt\/api\/wp\/v2\/comments?post=222242"}],"version-history":[{"count":0,"href":"https:\/\/portaltela.pt\/api\/wp\/v2\/posts\/222242\/revisions"}],"wp:featuredmedia":[{"embeddable":true,"href":"https:\/\/portaltela.pt\/api\/wp\/v2\/media\/222243"}],"wp:attachment":[{"href":"https:\/\/portaltela.pt\/api\/wp\/v2\/media?parent=222242"}],"wp:term":[{"taxonomy":"category","embeddable":true,"href":"https:\/\/portaltela.pt\/api\/wp\/v2\/categories?post=222242"},{"taxonomy":"post_tag","embeddable":true,"href":"https:\/\/portaltela.pt\/api\/wp\/v2\/tags?post=222242"}],"curies":[{"name":"wp","href":"https:\/\/api.w.org\/{rel}","templated":true}]}}