{"id":222214,"date":"2026-02-22T21:01:00","date_gmt":"2026-02-23T00:01:00","guid":{"rendered":"https:\/\/portaltela.pt\/noticias\/2026\/02\/22\/portugal-entre-os-paises-com-maior-subida-dos-precos-das-casas-desde-2020-2\/"},"modified":"2026-02-22T21:01:00","modified_gmt":"2026-02-23T00:01:00","slug":"portugal-entre-os-paises-com-maior-subida-dos-precos-das-casas-desde-2020-2","status":"publish","type":"post","link":"https:\/\/portaltela.pt\/noticias\/economia\/2026\/02\/22\/portugal-entre-os-paises-com-maior-subida-dos-precos-das-casas-desde-2020-2\/","title":{"rendered":"Portugal entre os pa\u00edses com maior subida dos pre\u00e7os das casas desde 2020"},"content":{"rendered":"<p>Portugal est\u00e1 entre os pa\u00edses com maior subida dos pre\u00e7os das casas desde 2020, de acordo com um estudo da Pordata divulgado no \u00e2mbito dos 40 anos da ades\u00e3o \u00e0 UE. Entre 2020 e 2024, o custo da habita\u00e7\u00e3o subiu 24,1%.<\/p>\n<p>A Gr\u00e9cia foi o \u00fanico pa\u00eds da UE com aumento superior (29%), deixando Portugal no segundo lugar, acima da m\u00e9dia dos 27 Estados-membros (0,2%). Na contracorrente, a Finl\u00e2ndia e a Rom\u00e9nia registaram quedas de 16,3% e 12,6%, respetivamente.<\/p>\n<h3>Poder de compra e custo de vida<\/h3>\n<p>Portugal mant\u00e9m-se entre os pa\u00edses com menor poder de compra das fam\u00edlias, mesmo com o custo de vida abaixo da m\u00e9dia europeia. O sal\u00e1rio m\u00e9dio em Portugal subiu 50,9% desde 2015, acima da m\u00e9dia da UE (33,2%).<\/p>\n<p>No topo do ranking europeu, Luxemburgo apresenta o maior custo de vida e o maior poder de compra, com rendimentos medianos que permitem comprar quase o dobro de cabazes de bens essenciais do que em Portugal. Em compara\u00e7\u00e3o com a Hungria, a Eslov\u00e1quia e a Gr\u00e9cia, a dist\u00e2ncia \u00e9 ainda maior.<\/p>\n<h3>PIB per capita e rendimento do trabalho<\/h3>\n<p>Entre 2020 e 2024, o PIB per capita em Portugal cresceu 40% em valor nominal e 10% em termos reais, situando-se entre os seis principais da UE. O rendimento do trabalho para o PIB em Portugal foi de 47,7 mil euros, colocando o pa\u00eds no 19.\u00ba lugar entre os 27 Estados-membros.<\/p>\n<p>A Irlanda lidera este indicador, com uma contribui\u00e7\u00e3o m\u00e9dia de 194,4 mil euros por trabalhador para a economia interna.<\/p>\n<h3>Depend\u00eancia energ\u00e9tica<\/h3>\n<p>O estudo aponta que Portugal mant\u00e9m uma elevada depend\u00eancia energ\u00e9tica, de 64,5%, embora tenha ocorrido uma redu\u00e7\u00e3o de 5,7 pontos percentuais na \u00faltima d\u00e9cada. Na UE, nenhum pa\u00eds \u00e9 energeticamente completamente independente.<\/p>\n<p>Malta apresenta a maior necessidade externa de energia (98,4%), enquanto a Est\u00f3nia tem a menor depend\u00eancia (13%).<\/p>\n<h3>Emiss\u00f5es de gases com efeito de estufa<\/h3>\n<p>Portugal situa-se como o terceiro pa\u00eds da UE com menos emiss\u00f5es de gases com efeito de estufa por habitante, entre 2014 e 2024. Foram 4,8 toneladas por pessoa nesse per\u00edodo, com redu\u00e7\u00f5es observadas na maioria dos Estados-membros, exce\u00e7\u00e3o da Cro\u00e1cia e da Rom\u00e9nia.<\/p>\n<p>A Est\u00f3nia, Luxemburgo e Malta destacam-se pela tend\u00eancia de redu\u00e7\u00e3o, sendo este \u00faltimo o maior emissor per capita entre os pa\u00edses citados.<\/p>\n","protected":false},"excerpt":{"rendered":"<ul>\n<li>Entre 2020 e 2024, o custo da habita\u00e7\u00e3o em Portugal aumentou 24,1%, sendo o segundo maior da UE, atr\u00e1s apenas da Gr\u00e9cia (29%).<\/li>\n<li>Portugal est\u00e1 bem acima da m\u00e9dia da Uni\u00e3o Europeia, que \u00e9 de 0,2%, com Gr\u00e9cia e Portugal a registarem os maiores aumentos.<\/li>\n<li>O poder de compra das fam\u00edlias em Portugal mant\u00e9m-se entre os mais baixos da UE, apesar do custo de vida no pa\u00eds estar abaixo da m\u00e9dia europeia.<\/li>\n<li>O PIB per capita em Portugal aumentou 40% em valor nominal e 10% em valor real entre 2020 e 2024, sendo o sexto pa\u00eds da UE com maior crescimento.<\/li>\n<li>A depend\u00eancia energ\u00e9tica de Portugal \u00e9 de 64,5%, com redu\u00e7\u00e3o de 5,7 pontos percentuais na \u00faltima d\u00e9cada; em emiss\u00f5es de gases com efeito de estufa per capita, Portugal est\u00e1 entre os que menos emitem na UE.<\/li>\n<\/ul>\n","protected":false},"author":2,"featured_media":222216,"comment_status":"closed","ping_status":"closed","sticky":false,"template":"","format":"standard","meta":{"footnotes":""},"categories":[2,1],"tags":[6115,5872,28,6262,150,1014],"class_list":["post-222214","post","type-post","status-publish","format-standard","has-post-thumbnail","hentry","category-economia","category-noticias","tag-_economia","tag-crescimento-economico","tag-economia","tag-emissoes-de-gases-com-efeito-de-estufa","tag-habitacao","tag-portugal"],"yoast_head":"<!-- This site is optimized with the Yoast SEO plugin v27.2 - https:\/\/yoast.com\/product\/yoast-seo-wordpress\/ -->\n<title>Portugal entre os pa\u00edses com maior subida dos pre\u00e7os das casas desde 2020 - Portal Tela Portugal<\/title>\n<meta name=\"robots\" content=\"index, follow, max-snippet:-1, max-image-preview:large, max-video-preview:-1\" \/>\n<meta property=\"og:locale\" content=\"pt_PT\" \/>\n<meta property=\"og:type\" content=\"article\" \/>\n<meta property=\"og:title\" content=\"Portugal entre os pa\u00edses com maior subida dos pre\u00e7os das casas desde 2020 - Portal Tela Portugal\" \/>\n<meta property=\"og:description\" content=\"Entre 2020 e 2024, o custo da habita\u00e7\u00e3o em Portugal aumentou 24,1%, sendo o segundo maior da UE, atr\u00e1s apenas da Gr\u00e9cia (29%). Portugal est\u00e1 bem acima da m\u00e9dia da Uni\u00e3o Europeia, que \u00e9 de 0,2%, com Gr\u00e9cia e Portugal a registarem os maiores aumentos. O poder de compra das fam\u00edlias em Portugal mant\u00e9m-se entre os mais baixos da UE, apesar do custo de vida no pa\u00eds estar abaixo da m\u00e9dia europeia. O PIB per capita em Portugal aumentou 40% em valor nominal e 10% em valor real entre 2020 e 2024, sendo o sexto pa\u00eds da UE com maior crescimento. A depend\u00eancia energ\u00e9tica de Portugal \u00e9 de 64,5%, com redu\u00e7\u00e3o de 5,7 pontos percentuais na \u00faltima d\u00e9cada; em emiss\u00f5es de gases com efeito de estufa per capita, Portugal est\u00e1 entre os que menos emitem na UE.\" \/>\n<meta property=\"og:url\" content=\"https:\/\/portaltela.pt\/noticias\/2026\/02\/22\/portugal-entre-os-paises-com-maior-subida-dos-precos-das-casas-desde-2020-2\/\" \/>\n<meta property=\"og:site_name\" content=\"Portal Tela Portugal\" \/>\n<meta property=\"article:published_time\" content=\"2026-02-23T00:01:00+00:00\" \/>\n<meta name=\"author\" content=\"Telinha\" \/>\n<meta name=\"twitter:card\" content=\"summary_large_image\" \/>\n<meta name=\"twitter:label1\" content=\"Escrito por\" \/>\n\t<meta name=\"twitter:data1\" content=\"Telinha\" \/>\n\t<meta name=\"twitter:label2\" content=\"Tempo estimado de leitura\" \/>\n\t<meta name=\"twitter:data2\" content=\"2 minutos\" \/>\n<script type=\"application\/ld+json\" class=\"yoast-schema-graph\">{\"@context\":\"https:\/\/schema.org\",\"@graph\":[{\"@type\":\"Article\",\"@id\":\"https:\/\/portaltela.pt\/noticias\/2026\/02\/22\/portugal-entre-os-paises-com-maior-subida-dos-precos-das-casas-desde-2020-2\/#article\",\"isPartOf\":{\"@id\":\"https:\/\/portaltela.pt\/noticias\/2026\/02\/22\/portugal-entre-os-paises-com-maior-subida-dos-precos-das-casas-desde-2020-2\/\"},\"author\":{\"name\":\"Telinha\",\"@id\":\"https:\/\/portaltela.pt\/#\/schema\/person\/c4278d4a6028830caff9ee44b42d32ed\"},\"headline\":\"Portugal entre os pa\u00edses com maior subida dos pre\u00e7os das casas desde 2020\",\"datePublished\":\"2026-02-23T00:01:00+00:00\",\"mainEntityOfPage\":{\"@id\":\"https:\/\/portaltela.pt\/noticias\/2026\/02\/22\/portugal-entre-os-paises-com-maior-subida-dos-precos-das-casas-desde-2020-2\/\"},\"wordCount\":402,\"image\":{\"@id\":\"https:\/\/portaltela.pt\/noticias\/2026\/02\/22\/portugal-entre-os-paises-com-maior-subida-dos-precos-das-casas-desde-2020-2\/#primaryimage\"},\"thumbnailUrl\":\"https:\/\/portaltela.pt\/s.01k8rhncp4jt1\/2026\/02\/img_1500x1000uu2026-02-19-17-34-53-2267751.jpg\",\"keywords\":[\"_economia\",\"crescimento econ\u00f3mico\",\"economia\",\"Emiss\u00f5es de gases com efeito de estufa\",\"habita\u00e7\u00e3o\",\"Portugal\"],\"articleSection\":[\"Economia\",\"Not\u00edcias\"],\"inLanguage\":\"pt-PT\"},{\"@type\":\"WebPage\",\"@id\":\"https:\/\/portaltela.pt\/noticias\/2026\/02\/22\/portugal-entre-os-paises-com-maior-subida-dos-precos-das-casas-desde-2020-2\/\",\"url\":\"https:\/\/portaltela.pt\/noticias\/2026\/02\/22\/portugal-entre-os-paises-com-maior-subida-dos-precos-das-casas-desde-2020-2\/\",\"name\":\"Portugal entre os pa\u00edses com maior subida dos pre\u00e7os das casas desde 2020 - Portal Tela Portugal\",\"isPartOf\":{\"@id\":\"https:\/\/portaltela.pt\/#website\"},\"primaryImageOfPage\":{\"@id\":\"https:\/\/portaltela.pt\/noticias\/2026\/02\/22\/portugal-entre-os-paises-com-maior-subida-dos-precos-das-casas-desde-2020-2\/#primaryimage\"},\"image\":{\"@id\":\"https:\/\/portaltela.pt\/noticias\/2026\/02\/22\/portugal-entre-os-paises-com-maior-subida-dos-precos-das-casas-desde-2020-2\/#primaryimage\"},\"thumbnailUrl\":\"https:\/\/portaltela.pt\/s.01k8rhncp4jt1\/2026\/02\/img_1500x1000uu2026-02-19-17-34-53-2267751.jpg\",\"datePublished\":\"2026-02-23T00:01:00+00:00\",\"author\":{\"@id\":\"https:\/\/portaltela.pt\/#\/schema\/person\/c4278d4a6028830caff9ee44b42d32ed\"},\"breadcrumb\":{\"@id\":\"https:\/\/portaltela.pt\/noticias\/2026\/02\/22\/portugal-entre-os-paises-com-maior-subida-dos-precos-das-casas-desde-2020-2\/#breadcrumb\"},\"inLanguage\":\"pt-PT\",\"potentialAction\":[{\"@type\":\"ReadAction\",\"target\":[\"https:\/\/portaltela.pt\/noticias\/2026\/02\/22\/portugal-entre-os-paises-com-maior-subida-dos-precos-das-casas-desde-2020-2\/\"]}]},{\"@type\":\"ImageObject\",\"inLanguage\":\"pt-PT\",\"@id\":\"https:\/\/portaltela.pt\/noticias\/2026\/02\/22\/portugal-entre-os-paises-com-maior-subida-dos-precos-das-casas-desde-2020-2\/#primaryimage\",\"url\":\"https:\/\/portaltela.pt\/s.01k8rhncp4jt1\/2026\/02\/img_1500x1000uu2026-02-19-17-34-53-2267751.jpg\",\"contentUrl\":\"https:\/\/portaltela.pt\/s.01k8rhncp4jt1\/2026\/02\/img_1500x1000uu2026-02-19-17-34-53-2267751.jpg\",\"width\":796,\"height\":448,\"caption\":\"Entre 2020 e 2024, o pre\u00e7o das casas em Portugal aumentou 24,1%.\"},{\"@type\":\"BreadcrumbList\",\"@id\":\"https:\/\/portaltela.pt\/noticias\/2026\/02\/22\/portugal-entre-os-paises-com-maior-subida-dos-precos-das-casas-desde-2020-2\/#breadcrumb\",\"itemListElement\":[{\"@type\":\"ListItem\",\"position\":1,\"name\":\"In\u00edcio\",\"item\":\"https:\/\/portaltela.pt\/\"},{\"@type\":\"ListItem\",\"position\":2,\"name\":\"Portugal entre os pa\u00edses com maior subida dos pre\u00e7os das casas desde 2020\"}]},{\"@type\":\"WebSite\",\"@id\":\"https:\/\/portaltela.pt\/#website\",\"url\":\"https:\/\/portaltela.pt\/\",\"name\":\"Portal Tela Portugal\",\"description\":\"\",\"potentialAction\":[{\"@type\":\"SearchAction\",\"target\":{\"@type\":\"EntryPoint\",\"urlTemplate\":\"https:\/\/portaltela.pt\/?s={search_term_string}\"},\"query-input\":{\"@type\":\"PropertyValueSpecification\",\"valueRequired\":true,\"valueName\":\"search_term_string\"}}],\"inLanguage\":\"pt-PT\"},{\"@type\":\"Person\",\"@id\":\"https:\/\/portaltela.pt\/#\/schema\/person\/c4278d4a6028830caff9ee44b42d32ed\",\"name\":\"Telinha\",\"image\":{\"@type\":\"ImageObject\",\"inLanguage\":\"pt-PT\",\"@id\":\"https:\/\/portaltela.pt\/s.01k8rhncp4jt1\/2025\/11\/talking-bot-125x125.png\",\"url\":\"https:\/\/portaltela.pt\/s.01k8rhncp4jt1\/2025\/11\/talking-bot-125x125.png\",\"contentUrl\":\"https:\/\/portaltela.pt\/s.01k8rhncp4jt1\/2025\/11\/talking-bot-125x125.png\",\"caption\":\"Telinha\"},\"sameAs\":[\"https:\/\/portaltela.pt\/\"],\"url\":\"https:\/\/portaltela.pt\/por\/367410592786\/\"}]}<\/script>\n<!-- \/ Yoast SEO plugin. -->","yoast_head_json":{"title":"Portugal entre os pa\u00edses com maior subida dos pre\u00e7os das casas desde 2020 - Portal Tela Portugal","robots":{"index":"index","follow":"follow","max-snippet":"max-snippet:-1","max-image-preview":"max-image-preview:large","max-video-preview":"max-video-preview:-1"},"og_locale":"pt_PT","og_type":"article","og_title":"Portugal entre os pa\u00edses com maior subida dos pre\u00e7os das casas desde 2020 - Portal Tela Portugal","og_description":"Entre 2020 e 2024, o custo da habita\u00e7\u00e3o em Portugal aumentou 24,1%, sendo o segundo maior da UE, atr\u00e1s apenas da Gr\u00e9cia (29%). Portugal est\u00e1 bem acima da m\u00e9dia da Uni\u00e3o Europeia, que \u00e9 de 0,2%, com Gr\u00e9cia e Portugal a registarem os maiores aumentos. O poder de compra das fam\u00edlias em Portugal mant\u00e9m-se entre os mais baixos da UE, apesar do custo de vida no pa\u00eds estar abaixo da m\u00e9dia europeia. O PIB per capita em Portugal aumentou 40% em valor nominal e 10% em valor real entre 2020 e 2024, sendo o sexto pa\u00eds da UE com maior crescimento. A depend\u00eancia energ\u00e9tica de Portugal \u00e9 de 64,5%, com redu\u00e7\u00e3o de 5,7 pontos percentuais na \u00faltima d\u00e9cada; em emiss\u00f5es de gases com efeito de estufa per capita, Portugal est\u00e1 entre os que menos emitem na UE.","og_url":"https:\/\/portaltela.pt\/noticias\/2026\/02\/22\/portugal-entre-os-paises-com-maior-subida-dos-precos-das-casas-desde-2020-2\/","og_site_name":"Portal Tela Portugal","article_published_time":"2026-02-23T00:01:00+00:00","author":"Telinha","twitter_card":"summary_large_image","twitter_misc":{"Escrito por":"Telinha","Tempo estimado de leitura":"2 minutos"},"schema":{"@context":"https:\/\/schema.org","@graph":[{"@type":"Article","@id":"https:\/\/portaltela.pt\/noticias\/2026\/02\/22\/portugal-entre-os-paises-com-maior-subida-dos-precos-das-casas-desde-2020-2\/#article","isPartOf":{"@id":"https:\/\/portaltela.pt\/noticias\/2026\/02\/22\/portugal-entre-os-paises-com-maior-subida-dos-precos-das-casas-desde-2020-2\/"},"author":{"name":"Telinha","@id":"https:\/\/portaltela.pt\/#\/schema\/person\/c4278d4a6028830caff9ee44b42d32ed"},"headline":"Portugal entre os pa\u00edses com maior subida dos pre\u00e7os das casas desde 2020","datePublished":"2026-02-23T00:01:00+00:00","mainEntityOfPage":{"@id":"https:\/\/portaltela.pt\/noticias\/2026\/02\/22\/portugal-entre-os-paises-com-maior-subida-dos-precos-das-casas-desde-2020-2\/"},"wordCount":402,"image":{"@id":"https:\/\/portaltela.pt\/noticias\/2026\/02\/22\/portugal-entre-os-paises-com-maior-subida-dos-precos-das-casas-desde-2020-2\/#primaryimage"},"thumbnailUrl":"https:\/\/portaltela.pt\/s.01k8rhncp4jt1\/2026\/02\/img_1500x1000uu2026-02-19-17-34-53-2267751.jpg","keywords":["_economia","crescimento econ\u00f3mico","economia","Emiss\u00f5es de gases com efeito de estufa","habita\u00e7\u00e3o","Portugal"],"articleSection":["Economia","Not\u00edcias"],"inLanguage":"pt-PT"},{"@type":"WebPage","@id":"https:\/\/portaltela.pt\/noticias\/2026\/02\/22\/portugal-entre-os-paises-com-maior-subida-dos-precos-das-casas-desde-2020-2\/","url":"https:\/\/portaltela.pt\/noticias\/2026\/02\/22\/portugal-entre-os-paises-com-maior-subida-dos-precos-das-casas-desde-2020-2\/","name":"Portugal entre os pa\u00edses com maior subida dos pre\u00e7os das casas desde 2020 - Portal Tela Portugal","isPartOf":{"@id":"https:\/\/portaltela.pt\/#website"},"primaryImageOfPage":{"@id":"https:\/\/portaltela.pt\/noticias\/2026\/02\/22\/portugal-entre-os-paises-com-maior-subida-dos-precos-das-casas-desde-2020-2\/#primaryimage"},"image":{"@id":"https:\/\/portaltela.pt\/noticias\/2026\/02\/22\/portugal-entre-os-paises-com-maior-subida-dos-precos-das-casas-desde-2020-2\/#primaryimage"},"thumbnailUrl":"https:\/\/portaltela.pt\/s.01k8rhncp4jt1\/2026\/02\/img_1500x1000uu2026-02-19-17-34-53-2267751.jpg","datePublished":"2026-02-23T00:01:00+00:00","author":{"@id":"https:\/\/portaltela.pt\/#\/schema\/person\/c4278d4a6028830caff9ee44b42d32ed"},"breadcrumb":{"@id":"https:\/\/portaltela.pt\/noticias\/2026\/02\/22\/portugal-entre-os-paises-com-maior-subida-dos-precos-das-casas-desde-2020-2\/#breadcrumb"},"inLanguage":"pt-PT","potentialAction":[{"@type":"ReadAction","target":["https:\/\/portaltela.pt\/noticias\/2026\/02\/22\/portugal-entre-os-paises-com-maior-subida-dos-precos-das-casas-desde-2020-2\/"]}]},{"@type":"ImageObject","inLanguage":"pt-PT","@id":"https:\/\/portaltela.pt\/noticias\/2026\/02\/22\/portugal-entre-os-paises-com-maior-subida-dos-precos-das-casas-desde-2020-2\/#primaryimage","url":"https:\/\/portaltela.pt\/s.01k8rhncp4jt1\/2026\/02\/img_1500x1000uu2026-02-19-17-34-53-2267751.jpg","contentUrl":"https:\/\/portaltela.pt\/s.01k8rhncp4jt1\/2026\/02\/img_1500x1000uu2026-02-19-17-34-53-2267751.jpg","width":796,"height":448,"caption":"Entre 2020 e 2024, o pre\u00e7o das casas em Portugal aumentou 24,1%."},{"@type":"BreadcrumbList","@id":"https:\/\/portaltela.pt\/noticias\/2026\/02\/22\/portugal-entre-os-paises-com-maior-subida-dos-precos-das-casas-desde-2020-2\/#breadcrumb","itemListElement":[{"@type":"ListItem","position":1,"name":"In\u00edcio","item":"https:\/\/portaltela.pt\/"},{"@type":"ListItem","position":2,"name":"Portugal entre os pa\u00edses com maior subida dos pre\u00e7os das casas desde 2020"}]},{"@type":"WebSite","@id":"https:\/\/portaltela.pt\/#website","url":"https:\/\/portaltela.pt\/","name":"Portal Tela Portugal","description":"","potentialAction":[{"@type":"SearchAction","target":{"@type":"EntryPoint","urlTemplate":"https:\/\/portaltela.pt\/?s={search_term_string}"},"query-input":{"@type":"PropertyValueSpecification","valueRequired":true,"valueName":"search_term_string"}}],"inLanguage":"pt-PT"},{"@type":"Person","@id":"https:\/\/portaltela.pt\/#\/schema\/person\/c4278d4a6028830caff9ee44b42d32ed","name":"Telinha","image":{"@type":"ImageObject","inLanguage":"pt-PT","@id":"https:\/\/portaltela.pt\/s.01k8rhncp4jt1\/2025\/11\/talking-bot-125x125.png","url":"https:\/\/portaltela.pt\/s.01k8rhncp4jt1\/2025\/11\/talking-bot-125x125.png","contentUrl":"https:\/\/portaltela.pt\/s.01k8rhncp4jt1\/2025\/11\/talking-bot-125x125.png","caption":"Telinha"},"sameAs":["https:\/\/portaltela.pt\/"],"url":"https:\/\/portaltela.pt\/por\/367410592786\/"}]}},"_links":{"self":[{"href":"https:\/\/portaltela.pt\/api\/wp\/v2\/posts\/222214","targetHints":{"allow":["GET"]}}],"collection":[{"href":"https:\/\/portaltela.pt\/api\/wp\/v2\/posts"}],"about":[{"href":"https:\/\/portaltela.pt\/api\/wp\/v2\/types\/post"}],"author":[{"embeddable":true,"href":"https:\/\/portaltela.pt\/api\/wp\/v2\/users\/2"}],"replies":[{"embeddable":true,"href":"https:\/\/portaltela.pt\/api\/wp\/v2\/comments?post=222214"}],"version-history":[{"count":0,"href":"https:\/\/portaltela.pt\/api\/wp\/v2\/posts\/222214\/revisions"}],"wp:featuredmedia":[{"embeddable":true,"href":"https:\/\/portaltela.pt\/api\/wp\/v2\/media\/222216"}],"wp:attachment":[{"href":"https:\/\/portaltela.pt\/api\/wp\/v2\/media?parent=222214"}],"wp:term":[{"taxonomy":"category","embeddable":true,"href":"https:\/\/portaltela.pt\/api\/wp\/v2\/categories?post=222214"},{"taxonomy":"post_tag","embeddable":true,"href":"https:\/\/portaltela.pt\/api\/wp\/v2\/tags?post=222214"}],"curies":[{"name":"wp","href":"https:\/\/api.w.org\/{rel}","templated":true}]}}