{"id":222208,"date":"2026-02-22T21:00:00","date_gmt":"2026-02-23T00:00:00","guid":{"rendered":"https:\/\/portaltela.pt\/noticias\/2026\/02\/22\/governo-promove-a-regionalizacao-de-politicas-publicas\/"},"modified":"2026-02-22T21:00:00","modified_gmt":"2026-02-23T00:00:00","slug":"governo-promove-a-regionalizacao-de-politicas-publicas","status":"publish","type":"post","link":"https:\/\/portaltela.pt\/noticias\/2026\/02\/22\/governo-promove-a-regionalizacao-de-politicas-publicas\/","title":{"rendered":"Governo promove a regionaliza\u00e7\u00e3o de pol\u00edticas p\u00fablicas"},"content":{"rendered":"<p>Pelo menos uma trag\u00e9dia que atingiu o Centro do pa\u00eds reacendeu o debate sobre a regionaliza\u00e7\u00e3o, apontando a necessidade de estruturas intermedias que cheguem mais perto das pessoas. Foram refor\u00e7adas cr\u00edticas \u00e0 centralidade de Lisboa na resposta a inc\u00eandios, sa\u00fade e outras crises locais.<\/p>\n<p>V\u00e1rias vozes pol\u00edticas defenderam a cria\u00e7\u00e3o de n\u00edveis regionais com autonomia de planeamento e execu\u00e7\u00e3o. Entre elas, deputados e autarcas destacam que o modelo atual, dependente de entidades como a CCDR-Norte, n\u00e3o basta para responder rapidamente \u00e0s necessidades das popula\u00e7\u00f5es.<\/p>\n<p>Segundo a leitura das interlocu\u00e7\u00f5es regionais, a regionaliza\u00e7\u00e3o \u00e9 vista como instrumento para melhorar a coopera\u00e7\u00e3o entre territ\u00f3rios e acelerar respostas. Em concreto, a compara\u00e7\u00e3o com a Galiza evidencia assimetrias de planeamento e or\u00e7amento entre regi\u00f5es portuguesas e espanholas.<\/p>\n<p>A Regi\u00e3o Norte \u00e9 apontada como exemplo: a exist\u00eancia de um governo regional na Galiza contrasta com a depend\u00eancia ministerial portuguesa, que, para alguns, limita a actua\u00e7\u00e3o frente a desafios plurianuais e de coopera\u00e7\u00e3o transfronteiri\u00e7a.<\/p>\n<p>Defendentes do tema apontam que uma regionaliza\u00e7\u00e3o ampla poderia facilitar uma interface mais direta entre o Estado e os munic\u00edpios, fortalecendo a coes\u00e3o territorial e a efici\u00eancia administrativa, em especial nas respostas a crises.<\/p>\n<p>Apesar de o primeiro-ministro ter afirmado, num congresso, que a regionaliza\u00e7\u00e3o n\u00e3o ser\u00e1 priorit\u00e1ria neste mandato, muitos insistem que o debate \u00e9 inevit\u00e1vel para assegurar um desenvolvimento territorial mais leg\u00edtimo e eficaz.<\/p>\n","protected":false},"excerpt":{"rendered":"<ul>\n<li>A regi\u00e3o \u00e9 considerada essencial para responder \u00e0s trag\u00e9dias que atingem o Centro do pa\u00eds, fortalecendo a presen\u00e7a do Estado junto das popula\u00e7\u00f5es.<\/li>\n<li>Defende-se a cria\u00e7\u00e3o de n\u00edveis interm\u00e9dios regionais para que o modelo de desenvolvimento seja mais leg\u00edtimo democraticamente.<\/li>\n<li>Observa-se que o primeiro-ministro afirmou que a regionaliza\u00e7\u00e3o n\u00e3o ser\u00e1 debatida neste per\u00edodo governativo, mas v\u00ea-se a regionaliza\u00e7\u00e3o como imperativo pol\u00edtico.<\/li>\n<li>Critica-se a atual organiza\u00e7\u00e3o administrativa, especialmente as limita\u00e7\u00f5es da Comiss\u00e3o de Coordena\u00e7\u00e3o e Desenvolvimento Regional (CCDR), defendendo uma reforma mais pr\u00f3xima do cidad\u00e3o.<\/li>\n<li>A regionaliza\u00e7\u00e3o \u00e9 apresentada como facilitadora da coopera\u00e7\u00e3o regional e da resposta r\u00e1pida a emerg\u00eancias, destacando a diferen\u00e7a com a Galiza, que j\u00e1 disp\u00f5e de governo regional com poderes plurianuais.<\/li>\n<\/ul>\n","protected":false},"author":2,"featured_media":222213,"comment_status":"closed","ping_status":"closed","sticky":false,"template":"","format":"standard","meta":{"footnotes":""},"categories":[1],"tags":[830,5301,34,2832,6261,1778],"class_list":["post-222208","post","type-post","status-publish","format-standard","has-post-thumbnail","hentry","category-noticias","tag-coesao-territorial","tag-desenvolvimento-territorial","tag-governo","tag-politica","tag-regiao-norte","tag-regionalizacao-territorial"],"yoast_head":"<!-- This site is optimized with the Yoast SEO plugin v27.2 - https:\/\/yoast.com\/product\/yoast-seo-wordpress\/ -->\n<title>Governo promove a regionaliza\u00e7\u00e3o de pol\u00edticas p\u00fablicas - Portal Tela Portugal<\/title>\n<meta name=\"robots\" content=\"index, follow, max-snippet:-1, max-image-preview:large, max-video-preview:-1\" \/>\n<meta property=\"og:locale\" content=\"pt_PT\" \/>\n<meta property=\"og:type\" content=\"article\" \/>\n<meta property=\"og:title\" content=\"Governo promove a regionaliza\u00e7\u00e3o de pol\u00edticas p\u00fablicas - Portal Tela Portugal\" \/>\n<meta property=\"og:description\" content=\"A regi\u00e3o \u00e9 considerada essencial para responder \u00e0s trag\u00e9dias que atingem o Centro do pa\u00eds, fortalecendo a presen\u00e7a do Estado junto das popula\u00e7\u00f5es. Defende-se a cria\u00e7\u00e3o de n\u00edveis interm\u00e9dios regionais para que o modelo de desenvolvimento seja mais leg\u00edtimo democraticamente. Observa-se que o primeiro-ministro afirmou que a regionaliza\u00e7\u00e3o n\u00e3o ser\u00e1 debatida neste per\u00edodo governativo, mas v\u00ea-se a regionaliza\u00e7\u00e3o como imperativo pol\u00edtico. Critica-se a atual organiza\u00e7\u00e3o administrativa, especialmente as limita\u00e7\u00f5es da Comiss\u00e3o de Coordena\u00e7\u00e3o e Desenvolvimento Regional (CCDR), defendendo uma reforma mais pr\u00f3xima do cidad\u00e3o. A regionaliza\u00e7\u00e3o \u00e9 apresentada como facilitadora da coopera\u00e7\u00e3o regional e da resposta r\u00e1pida a emerg\u00eancias, destacando a diferen\u00e7a com a Galiza, que j\u00e1 disp\u00f5e de governo regional com poderes plurianuais.\" \/>\n<meta property=\"og:url\" content=\"https:\/\/portaltela.pt\/noticias\/2026\/02\/22\/governo-promove-a-regionalizacao-de-politicas-publicas\/\" \/>\n<meta property=\"og:site_name\" content=\"Portal Tela Portugal\" \/>\n<meta property=\"article:published_time\" content=\"2026-02-23T00:00:00+00:00\" \/>\n<meta name=\"author\" content=\"Telinha\" \/>\n<meta name=\"twitter:card\" content=\"summary_large_image\" \/>\n<meta name=\"twitter:label1\" content=\"Escrito por\" \/>\n\t<meta name=\"twitter:data1\" content=\"Telinha\" \/>\n\t<meta name=\"twitter:label2\" content=\"Tempo estimado de leitura\" \/>\n\t<meta name=\"twitter:data2\" content=\"1 minuto\" \/>\n<script type=\"application\/ld+json\" class=\"yoast-schema-graph\">{\"@context\":\"https:\/\/schema.org\",\"@graph\":[{\"@type\":\"Article\",\"@id\":\"https:\/\/portaltela.pt\/noticias\/2026\/02\/22\/governo-promove-a-regionalizacao-de-politicas-publicas\/#article\",\"isPartOf\":{\"@id\":\"https:\/\/portaltela.pt\/noticias\/2026\/02\/22\/governo-promove-a-regionalizacao-de-politicas-publicas\/\"},\"author\":{\"name\":\"Telinha\",\"@id\":\"https:\/\/portaltela.pt\/#\/schema\/person\/c4278d4a6028830caff9ee44b42d32ed\"},\"headline\":\"Governo promove a regionaliza\u00e7\u00e3o de pol\u00edticas p\u00fablicas\",\"datePublished\":\"2026-02-23T00:00:00+00:00\",\"mainEntityOfPage\":{\"@id\":\"https:\/\/portaltela.pt\/noticias\/2026\/02\/22\/governo-promove-a-regionalizacao-de-politicas-publicas\/\"},\"wordCount\":266,\"image\":{\"@id\":\"https:\/\/portaltela.pt\/noticias\/2026\/02\/22\/governo-promove-a-regionalizacao-de-politicas-publicas\/#primaryimage\"},\"thumbnailUrl\":\"https:\/\/portaltela.pt\/s.01k8rhncp4jt1\/2026\/02\/701d2e50-6ec1-4e11-81b3-c51471d2ae47_1200x675.jpg\",\"keywords\":[\"Coes\u00e3o Territorial\",\"desenvolvimento territorial\",\"governo\",\"pol\u00edtica\",\"Regi\u00e3o Norte\",\"regionaliza\u00e7\u00e3o territorial\"],\"articleSection\":[\"Not\u00edcias\"],\"inLanguage\":\"pt-PT\"},{\"@type\":\"WebPage\",\"@id\":\"https:\/\/portaltela.pt\/noticias\/2026\/02\/22\/governo-promove-a-regionalizacao-de-politicas-publicas\/\",\"url\":\"https:\/\/portaltela.pt\/noticias\/2026\/02\/22\/governo-promove-a-regionalizacao-de-politicas-publicas\/\",\"name\":\"Governo promove a regionaliza\u00e7\u00e3o de pol\u00edticas p\u00fablicas - Portal Tela Portugal\",\"isPartOf\":{\"@id\":\"https:\/\/portaltela.pt\/#website\"},\"primaryImageOfPage\":{\"@id\":\"https:\/\/portaltela.pt\/noticias\/2026\/02\/22\/governo-promove-a-regionalizacao-de-politicas-publicas\/#primaryimage\"},\"image\":{\"@id\":\"https:\/\/portaltela.pt\/noticias\/2026\/02\/22\/governo-promove-a-regionalizacao-de-politicas-publicas\/#primaryimage\"},\"thumbnailUrl\":\"https:\/\/portaltela.pt\/s.01k8rhncp4jt1\/2026\/02\/701d2e50-6ec1-4e11-81b3-c51471d2ae47_1200x675.jpg\",\"datePublished\":\"2026-02-23T00:00:00+00:00\",\"author\":{\"@id\":\"https:\/\/portaltela.pt\/#\/schema\/person\/c4278d4a6028830caff9ee44b42d32ed\"},\"breadcrumb\":{\"@id\":\"https:\/\/portaltela.pt\/noticias\/2026\/02\/22\/governo-promove-a-regionalizacao-de-politicas-publicas\/#breadcrumb\"},\"inLanguage\":\"pt-PT\",\"potentialAction\":[{\"@type\":\"ReadAction\",\"target\":[\"https:\/\/portaltela.pt\/noticias\/2026\/02\/22\/governo-promove-a-regionalizacao-de-politicas-publicas\/\"]}]},{\"@type\":\"ImageObject\",\"inLanguage\":\"pt-PT\",\"@id\":\"https:\/\/portaltela.pt\/noticias\/2026\/02\/22\/governo-promove-a-regionalizacao-de-politicas-publicas\/#primaryimage\",\"url\":\"https:\/\/portaltela.pt\/s.01k8rhncp4jt1\/2026\/02\/701d2e50-6ec1-4e11-81b3-c51471d2ae47_1200x675.jpg\",\"contentUrl\":\"https:\/\/portaltela.pt\/s.01k8rhncp4jt1\/2026\/02\/701d2e50-6ec1-4e11-81b3-c51471d2ae47_1200x675.jpg\",\"width\":796,\"height\":448,\"caption\":\"Photo\"},{\"@type\":\"BreadcrumbList\",\"@id\":\"https:\/\/portaltela.pt\/noticias\/2026\/02\/22\/governo-promove-a-regionalizacao-de-politicas-publicas\/#breadcrumb\",\"itemListElement\":[{\"@type\":\"ListItem\",\"position\":1,\"name\":\"In\u00edcio\",\"item\":\"https:\/\/portaltela.pt\/\"},{\"@type\":\"ListItem\",\"position\":2,\"name\":\"Governo promove a regionaliza\u00e7\u00e3o de pol\u00edticas p\u00fablicas\"}]},{\"@type\":\"WebSite\",\"@id\":\"https:\/\/portaltela.pt\/#website\",\"url\":\"https:\/\/portaltela.pt\/\",\"name\":\"Portal Tela Portugal\",\"description\":\"\",\"potentialAction\":[{\"@type\":\"SearchAction\",\"target\":{\"@type\":\"EntryPoint\",\"urlTemplate\":\"https:\/\/portaltela.pt\/?s={search_term_string}\"},\"query-input\":{\"@type\":\"PropertyValueSpecification\",\"valueRequired\":true,\"valueName\":\"search_term_string\"}}],\"inLanguage\":\"pt-PT\"},{\"@type\":\"Person\",\"@id\":\"https:\/\/portaltela.pt\/#\/schema\/person\/c4278d4a6028830caff9ee44b42d32ed\",\"name\":\"Telinha\",\"image\":{\"@type\":\"ImageObject\",\"inLanguage\":\"pt-PT\",\"@id\":\"https:\/\/portaltela.pt\/s.01k8rhncp4jt1\/2025\/11\/talking-bot-125x125.png\",\"url\":\"https:\/\/portaltela.pt\/s.01k8rhncp4jt1\/2025\/11\/talking-bot-125x125.png\",\"contentUrl\":\"https:\/\/portaltela.pt\/s.01k8rhncp4jt1\/2025\/11\/talking-bot-125x125.png\",\"caption\":\"Telinha\"},\"sameAs\":[\"https:\/\/portaltela.pt\/\"],\"url\":\"https:\/\/portaltela.pt\/por\/367410592786\/\"}]}<\/script>\n<!-- \/ Yoast SEO plugin. -->","yoast_head_json":{"title":"Governo promove a regionaliza\u00e7\u00e3o de pol\u00edticas p\u00fablicas - Portal Tela Portugal","robots":{"index":"index","follow":"follow","max-snippet":"max-snippet:-1","max-image-preview":"max-image-preview:large","max-video-preview":"max-video-preview:-1"},"og_locale":"pt_PT","og_type":"article","og_title":"Governo promove a regionaliza\u00e7\u00e3o de pol\u00edticas p\u00fablicas - Portal Tela Portugal","og_description":"A regi\u00e3o \u00e9 considerada essencial para responder \u00e0s trag\u00e9dias que atingem o Centro do pa\u00eds, fortalecendo a presen\u00e7a do Estado junto das popula\u00e7\u00f5es. Defende-se a cria\u00e7\u00e3o de n\u00edveis interm\u00e9dios regionais para que o modelo de desenvolvimento seja mais leg\u00edtimo democraticamente. Observa-se que o primeiro-ministro afirmou que a regionaliza\u00e7\u00e3o n\u00e3o ser\u00e1 debatida neste per\u00edodo governativo, mas v\u00ea-se a regionaliza\u00e7\u00e3o como imperativo pol\u00edtico. Critica-se a atual organiza\u00e7\u00e3o administrativa, especialmente as limita\u00e7\u00f5es da Comiss\u00e3o de Coordena\u00e7\u00e3o e Desenvolvimento Regional (CCDR), defendendo uma reforma mais pr\u00f3xima do cidad\u00e3o. A regionaliza\u00e7\u00e3o \u00e9 apresentada como facilitadora da coopera\u00e7\u00e3o regional e da resposta r\u00e1pida a emerg\u00eancias, destacando a diferen\u00e7a com a Galiza, que j\u00e1 disp\u00f5e de governo regional com poderes plurianuais.","og_url":"https:\/\/portaltela.pt\/noticias\/2026\/02\/22\/governo-promove-a-regionalizacao-de-politicas-publicas\/","og_site_name":"Portal Tela Portugal","article_published_time":"2026-02-23T00:00:00+00:00","author":"Telinha","twitter_card":"summary_large_image","twitter_misc":{"Escrito por":"Telinha","Tempo estimado de leitura":"1 minuto"},"schema":{"@context":"https:\/\/schema.org","@graph":[{"@type":"Article","@id":"https:\/\/portaltela.pt\/noticias\/2026\/02\/22\/governo-promove-a-regionalizacao-de-politicas-publicas\/#article","isPartOf":{"@id":"https:\/\/portaltela.pt\/noticias\/2026\/02\/22\/governo-promove-a-regionalizacao-de-politicas-publicas\/"},"author":{"name":"Telinha","@id":"https:\/\/portaltela.pt\/#\/schema\/person\/c4278d4a6028830caff9ee44b42d32ed"},"headline":"Governo promove a regionaliza\u00e7\u00e3o de pol\u00edticas p\u00fablicas","datePublished":"2026-02-23T00:00:00+00:00","mainEntityOfPage":{"@id":"https:\/\/portaltela.pt\/noticias\/2026\/02\/22\/governo-promove-a-regionalizacao-de-politicas-publicas\/"},"wordCount":266,"image":{"@id":"https:\/\/portaltela.pt\/noticias\/2026\/02\/22\/governo-promove-a-regionalizacao-de-politicas-publicas\/#primaryimage"},"thumbnailUrl":"https:\/\/portaltela.pt\/s.01k8rhncp4jt1\/2026\/02\/701d2e50-6ec1-4e11-81b3-c51471d2ae47_1200x675.jpg","keywords":["Coes\u00e3o Territorial","desenvolvimento territorial","governo","pol\u00edtica","Regi\u00e3o Norte","regionaliza\u00e7\u00e3o territorial"],"articleSection":["Not\u00edcias"],"inLanguage":"pt-PT"},{"@type":"WebPage","@id":"https:\/\/portaltela.pt\/noticias\/2026\/02\/22\/governo-promove-a-regionalizacao-de-politicas-publicas\/","url":"https:\/\/portaltela.pt\/noticias\/2026\/02\/22\/governo-promove-a-regionalizacao-de-politicas-publicas\/","name":"Governo promove a regionaliza\u00e7\u00e3o de pol\u00edticas p\u00fablicas - Portal Tela Portugal","isPartOf":{"@id":"https:\/\/portaltela.pt\/#website"},"primaryImageOfPage":{"@id":"https:\/\/portaltela.pt\/noticias\/2026\/02\/22\/governo-promove-a-regionalizacao-de-politicas-publicas\/#primaryimage"},"image":{"@id":"https:\/\/portaltela.pt\/noticias\/2026\/02\/22\/governo-promove-a-regionalizacao-de-politicas-publicas\/#primaryimage"},"thumbnailUrl":"https:\/\/portaltela.pt\/s.01k8rhncp4jt1\/2026\/02\/701d2e50-6ec1-4e11-81b3-c51471d2ae47_1200x675.jpg","datePublished":"2026-02-23T00:00:00+00:00","author":{"@id":"https:\/\/portaltela.pt\/#\/schema\/person\/c4278d4a6028830caff9ee44b42d32ed"},"breadcrumb":{"@id":"https:\/\/portaltela.pt\/noticias\/2026\/02\/22\/governo-promove-a-regionalizacao-de-politicas-publicas\/#breadcrumb"},"inLanguage":"pt-PT","potentialAction":[{"@type":"ReadAction","target":["https:\/\/portaltela.pt\/noticias\/2026\/02\/22\/governo-promove-a-regionalizacao-de-politicas-publicas\/"]}]},{"@type":"ImageObject","inLanguage":"pt-PT","@id":"https:\/\/portaltela.pt\/noticias\/2026\/02\/22\/governo-promove-a-regionalizacao-de-politicas-publicas\/#primaryimage","url":"https:\/\/portaltela.pt\/s.01k8rhncp4jt1\/2026\/02\/701d2e50-6ec1-4e11-81b3-c51471d2ae47_1200x675.jpg","contentUrl":"https:\/\/portaltela.pt\/s.01k8rhncp4jt1\/2026\/02\/701d2e50-6ec1-4e11-81b3-c51471d2ae47_1200x675.jpg","width":796,"height":448,"caption":"Photo"},{"@type":"BreadcrumbList","@id":"https:\/\/portaltela.pt\/noticias\/2026\/02\/22\/governo-promove-a-regionalizacao-de-politicas-publicas\/#breadcrumb","itemListElement":[{"@type":"ListItem","position":1,"name":"In\u00edcio","item":"https:\/\/portaltela.pt\/"},{"@type":"ListItem","position":2,"name":"Governo promove a regionaliza\u00e7\u00e3o de pol\u00edticas p\u00fablicas"}]},{"@type":"WebSite","@id":"https:\/\/portaltela.pt\/#website","url":"https:\/\/portaltela.pt\/","name":"Portal Tela Portugal","description":"","potentialAction":[{"@type":"SearchAction","target":{"@type":"EntryPoint","urlTemplate":"https:\/\/portaltela.pt\/?s={search_term_string}"},"query-input":{"@type":"PropertyValueSpecification","valueRequired":true,"valueName":"search_term_string"}}],"inLanguage":"pt-PT"},{"@type":"Person","@id":"https:\/\/portaltela.pt\/#\/schema\/person\/c4278d4a6028830caff9ee44b42d32ed","name":"Telinha","image":{"@type":"ImageObject","inLanguage":"pt-PT","@id":"https:\/\/portaltela.pt\/s.01k8rhncp4jt1\/2025\/11\/talking-bot-125x125.png","url":"https:\/\/portaltela.pt\/s.01k8rhncp4jt1\/2025\/11\/talking-bot-125x125.png","contentUrl":"https:\/\/portaltela.pt\/s.01k8rhncp4jt1\/2025\/11\/talking-bot-125x125.png","caption":"Telinha"},"sameAs":["https:\/\/portaltela.pt\/"],"url":"https:\/\/portaltela.pt\/por\/367410592786\/"}]}},"_links":{"self":[{"href":"https:\/\/portaltela.pt\/api\/wp\/v2\/posts\/222208","targetHints":{"allow":["GET"]}}],"collection":[{"href":"https:\/\/portaltela.pt\/api\/wp\/v2\/posts"}],"about":[{"href":"https:\/\/portaltela.pt\/api\/wp\/v2\/types\/post"}],"author":[{"embeddable":true,"href":"https:\/\/portaltela.pt\/api\/wp\/v2\/users\/2"}],"replies":[{"embeddable":true,"href":"https:\/\/portaltela.pt\/api\/wp\/v2\/comments?post=222208"}],"version-history":[{"count":0,"href":"https:\/\/portaltela.pt\/api\/wp\/v2\/posts\/222208\/revisions"}],"wp:featuredmedia":[{"embeddable":true,"href":"https:\/\/portaltela.pt\/api\/wp\/v2\/media\/222213"}],"wp:attachment":[{"href":"https:\/\/portaltela.pt\/api\/wp\/v2\/media?parent=222208"}],"wp:term":[{"taxonomy":"category","embeddable":true,"href":"https:\/\/portaltela.pt\/api\/wp\/v2\/categories?post=222208"},{"taxonomy":"post_tag","embeddable":true,"href":"https:\/\/portaltela.pt\/api\/wp\/v2\/tags?post=222208"}],"curies":[{"name":"wp","href":"https:\/\/api.w.org\/{rel}","templated":true}]}}