{"id":222189,"date":"2026-02-22T20:47:00","date_gmt":"2026-02-22T23:47:00","guid":{"rendered":"https:\/\/portaltela.pt\/noticias\/2026\/02\/22\/aposta-em-novos-materiais-reduz-preco-do-calcado-portugues\/"},"modified":"2026-02-22T20:47:00","modified_gmt":"2026-02-22T23:47:00","slug":"aposta-em-novos-materiais-reduz-preco-do-calcado-portugues","status":"publish","type":"post","link":"https:\/\/portaltela.pt\/noticias\/economia\/2026\/02\/22\/aposta-em-novos-materiais-reduz-preco-do-calcado-portugues\/","title":{"rendered":"Aposta em novos materiais reduz pre\u00e7o do cal\u00e7ado portugu\u00eas"},"content":{"rendered":"<p>O setor do cal\u00e7ado portugu\u00eas viu, em 2025, o pre\u00e7o m\u00e9dio dos sapatos diminuir devido ao maior uso de materiais t\u00e9cnicos. A APICCAPS aponta que a aposta em novas mat\u00e9rias est\u00e1 a influenciar a competitividade no mercado.<\/p>\n<p>A inova\u00e7\u00e3o acompanha o couro, ainda dominante, mas j\u00e1 se estende a pl\u00e1stico e t\u00eaxtil. O objetivo \u00e9 reduzir custos sem comprometer a qualidade, mantendo Portugal competitivo em n\u00edveis internacionais.<\/p>\n<p>A not\u00edcia foi avan\u00e7ada pelo diretor-executivo da Associa\u00e7\u00e3o Portuguesa da Ind\u00fastria do Cal\u00e7ado (APICCAPS). O apelo a materiais alternativos surge num contexto de maior inova\u00e7\u00e3o no setor.<\/p>\n<h3>Materiais e impacto<\/h3>\n<p>No conjunto, a ind\u00fastria tem aproveitado novas formula\u00e7\u00f5es para materiais t\u00e9cnicos. O resultado imediato \u00e9 uma redu\u00e7\u00e3o de 25 c\u00eantimos no pre\u00e7o m\u00e9dio de venda de sapatos em 2025, segundo a APICCAPS.<\/p>\n<p>O avan\u00e7o \u00e9 salientado em simult\u00e2neo com a participa\u00e7\u00e3o portuguesa no grande certame italiano, onde as inova\u00e7\u00f5es nacionais receberam destaque. O setor mant\u00e9m o foco no couro, mas diversifica a cadeia de suprimentos.<\/p>\n","protected":false},"excerpt":{"rendered":"<ul>\n<li>A aposta em materiais t\u00e9cnicos, como pl\u00e1stico e t\u00eaxtil, ganha espa\u00e7o no setor do cal\u00e7ado portugu\u00eas, ainda que o couro permane\u00e7a dominante, com destaque para o certame italiano.<\/li>\n<li>A inova\u00e7\u00e3o portuguesa foi bem representada no grande evento italiano, expandindo-se para novos materiais.<\/li>\n<li>O pre\u00e7o m\u00e9dio dos sapatos diminuiu 25 c\u00eantimos em 2025, segundo o diretor-executivo da Associa\u00e7\u00e3o Portuguesa da Ind\u00fastria do Cal\u00e7ado (APICCAPS).<\/li>\n<li>A redu\u00e7\u00e3o de pre\u00e7o reflete a maior utiliza\u00e7\u00e3o de materiais t\u00e9cnicos na cadeia produtiva.<\/li>\n<li>O setor mant\u00e9m o foco na inova\u00e7\u00e3o para manter competitividade, sem abandonar o couro como base de produ\u00e7\u00e3o.<\/li>\n<\/ul>\n","protected":false},"author":2,"featured_media":222191,"comment_status":"closed","ping_status":"closed","sticky":false,"template":"","format":"standard","meta":{"footnotes":""},"categories":[2,1],"tags":[28,2541,255,33,1033,1014],"class_list":["post-222189","post","type-post","status-publish","format-standard","has-post-thumbnail","hentry","category-economia","category-noticias","tag-economia","tag-exportacoes","tag-industria","tag-inovacao","tag-made-in-portugal","tag-portugal"],"yoast_head":"<!-- This site is optimized with the Yoast SEO plugin v27.2 - https:\/\/yoast.com\/product\/yoast-seo-wordpress\/ -->\n<title>Aposta em novos materiais reduz pre\u00e7o do cal\u00e7ado portugu\u00eas - Portal Tela Portugal<\/title>\n<meta name=\"robots\" content=\"index, follow, max-snippet:-1, max-image-preview:large, max-video-preview:-1\" \/>\n<meta property=\"og:locale\" content=\"pt_PT\" \/>\n<meta property=\"og:type\" content=\"article\" \/>\n<meta property=\"og:title\" content=\"Aposta em novos materiais reduz pre\u00e7o do cal\u00e7ado portugu\u00eas - Portal Tela Portugal\" \/>\n<meta property=\"og:description\" content=\"A aposta em materiais t\u00e9cnicos, como pl\u00e1stico e t\u00eaxtil, ganha espa\u00e7o no setor do cal\u00e7ado portugu\u00eas, ainda que o couro permane\u00e7a dominante, com destaque para o certame italiano. A inova\u00e7\u00e3o portuguesa foi bem representada no grande evento italiano, expandindo-se para novos materiais. O pre\u00e7o m\u00e9dio dos sapatos diminuiu 25 c\u00eantimos em 2025, segundo o diretor-executivo da Associa\u00e7\u00e3o Portuguesa da Ind\u00fastria do Cal\u00e7ado (APICCAPS). A redu\u00e7\u00e3o de pre\u00e7o reflete a maior utiliza\u00e7\u00e3o de materiais t\u00e9cnicos na cadeia produtiva. O setor mant\u00e9m o foco na inova\u00e7\u00e3o para manter competitividade, sem abandonar o couro como base de produ\u00e7\u00e3o.\" \/>\n<meta property=\"og:url\" content=\"https:\/\/portaltela.pt\/noticias\/2026\/02\/22\/aposta-em-novos-materiais-reduz-preco-do-calcado-portugues\/\" \/>\n<meta property=\"og:site_name\" content=\"Portal Tela Portugal\" \/>\n<meta property=\"article:published_time\" content=\"2026-02-22T23:47:00+00:00\" \/>\n<meta name=\"author\" content=\"Telinha\" \/>\n<meta name=\"twitter:card\" content=\"summary_large_image\" \/>\n<meta name=\"twitter:label1\" content=\"Escrito por\" \/>\n\t<meta name=\"twitter:data1\" content=\"Telinha\" \/>\n\t<meta name=\"twitter:label2\" content=\"Tempo estimado de leitura\" \/>\n\t<meta name=\"twitter:data2\" content=\"1 minuto\" \/>\n<script type=\"application\/ld+json\" class=\"yoast-schema-graph\">{\"@context\":\"https:\/\/schema.org\",\"@graph\":[{\"@type\":\"Article\",\"@id\":\"https:\/\/portaltela.pt\/noticias\/2026\/02\/22\/aposta-em-novos-materiais-reduz-preco-do-calcado-portugues\/#article\",\"isPartOf\":{\"@id\":\"https:\/\/portaltela.pt\/noticias\/2026\/02\/22\/aposta-em-novos-materiais-reduz-preco-do-calcado-portugues\/\"},\"author\":{\"name\":\"Telinha\",\"@id\":\"https:\/\/portaltela.pt\/#\/schema\/person\/c4278d4a6028830caff9ee44b42d32ed\"},\"headline\":\"Aposta em novos materiais reduz pre\u00e7o do cal\u00e7ado portugu\u00eas\",\"datePublished\":\"2026-02-22T23:47:00+00:00\",\"mainEntityOfPage\":{\"@id\":\"https:\/\/portaltela.pt\/noticias\/2026\/02\/22\/aposta-em-novos-materiais-reduz-preco-do-calcado-portugues\/\"},\"wordCount\":196,\"image\":{\"@id\":\"https:\/\/portaltela.pt\/noticias\/2026\/02\/22\/aposta-em-novos-materiais-reduz-preco-do-calcado-portugues\/#primaryimage\"},\"thumbnailUrl\":\"https:\/\/portaltela.pt\/s.01k8rhncp4jt1\/2026\/02\/image-1668.jpg\",\"keywords\":[\"economia\",\"exporta\u00e7\u00f5es\",\"ind\u00fastria\",\"inova\u00e7\u00e3o\",\"Made in Portugal\",\"Portugal\"],\"articleSection\":[\"Economia\",\"Not\u00edcias\"],\"inLanguage\":\"pt-PT\"},{\"@type\":\"WebPage\",\"@id\":\"https:\/\/portaltela.pt\/noticias\/2026\/02\/22\/aposta-em-novos-materiais-reduz-preco-do-calcado-portugues\/\",\"url\":\"https:\/\/portaltela.pt\/noticias\/2026\/02\/22\/aposta-em-novos-materiais-reduz-preco-do-calcado-portugues\/\",\"name\":\"Aposta em novos materiais reduz pre\u00e7o do cal\u00e7ado portugu\u00eas - Portal Tela Portugal\",\"isPartOf\":{\"@id\":\"https:\/\/portaltela.pt\/#website\"},\"primaryImageOfPage\":{\"@id\":\"https:\/\/portaltela.pt\/noticias\/2026\/02\/22\/aposta-em-novos-materiais-reduz-preco-do-calcado-portugues\/#primaryimage\"},\"image\":{\"@id\":\"https:\/\/portaltela.pt\/noticias\/2026\/02\/22\/aposta-em-novos-materiais-reduz-preco-do-calcado-portugues\/#primaryimage\"},\"thumbnailUrl\":\"https:\/\/portaltela.pt\/s.01k8rhncp4jt1\/2026\/02\/image-1668.jpg\",\"datePublished\":\"2026-02-22T23:47:00+00:00\",\"author\":{\"@id\":\"https:\/\/portaltela.pt\/#\/schema\/person\/c4278d4a6028830caff9ee44b42d32ed\"},\"breadcrumb\":{\"@id\":\"https:\/\/portaltela.pt\/noticias\/2026\/02\/22\/aposta-em-novos-materiais-reduz-preco-do-calcado-portugues\/#breadcrumb\"},\"inLanguage\":\"pt-PT\",\"potentialAction\":[{\"@type\":\"ReadAction\",\"target\":[\"https:\/\/portaltela.pt\/noticias\/2026\/02\/22\/aposta-em-novos-materiais-reduz-preco-do-calcado-portugues\/\"]}]},{\"@type\":\"ImageObject\",\"inLanguage\":\"pt-PT\",\"@id\":\"https:\/\/portaltela.pt\/noticias\/2026\/02\/22\/aposta-em-novos-materiais-reduz-preco-do-calcado-portugues\/#primaryimage\",\"url\":\"https:\/\/portaltela.pt\/s.01k8rhncp4jt1\/2026\/02\/image-1668.jpg\",\"contentUrl\":\"https:\/\/portaltela.pt\/s.01k8rhncp4jt1\/2026\/02\/image-1668.jpg\",\"width\":796,\"height\":448,\"caption\":\"Imagem de contexto do artigo Aposta em novos materiais diminui pre\u00e7o do cal\u00e7ado portugu\u00eas\"},{\"@type\":\"BreadcrumbList\",\"@id\":\"https:\/\/portaltela.pt\/noticias\/2026\/02\/22\/aposta-em-novos-materiais-reduz-preco-do-calcado-portugues\/#breadcrumb\",\"itemListElement\":[{\"@type\":\"ListItem\",\"position\":1,\"name\":\"In\u00edcio\",\"item\":\"https:\/\/portaltela.pt\/\"},{\"@type\":\"ListItem\",\"position\":2,\"name\":\"Aposta em novos materiais reduz pre\u00e7o do cal\u00e7ado portugu\u00eas\"}]},{\"@type\":\"WebSite\",\"@id\":\"https:\/\/portaltela.pt\/#website\",\"url\":\"https:\/\/portaltela.pt\/\",\"name\":\"Portal Tela Portugal\",\"description\":\"\",\"potentialAction\":[{\"@type\":\"SearchAction\",\"target\":{\"@type\":\"EntryPoint\",\"urlTemplate\":\"https:\/\/portaltela.pt\/?s={search_term_string}\"},\"query-input\":{\"@type\":\"PropertyValueSpecification\",\"valueRequired\":true,\"valueName\":\"search_term_string\"}}],\"inLanguage\":\"pt-PT\"},{\"@type\":\"Person\",\"@id\":\"https:\/\/portaltela.pt\/#\/schema\/person\/c4278d4a6028830caff9ee44b42d32ed\",\"name\":\"Telinha\",\"image\":{\"@type\":\"ImageObject\",\"inLanguage\":\"pt-PT\",\"@id\":\"https:\/\/portaltela.pt\/s.01k8rhncp4jt1\/2025\/11\/talking-bot-125x125.png\",\"url\":\"https:\/\/portaltela.pt\/s.01k8rhncp4jt1\/2025\/11\/talking-bot-125x125.png\",\"contentUrl\":\"https:\/\/portaltela.pt\/s.01k8rhncp4jt1\/2025\/11\/talking-bot-125x125.png\",\"caption\":\"Telinha\"},\"sameAs\":[\"https:\/\/portaltela.pt\/\"],\"url\":\"https:\/\/portaltela.pt\/por\/367410592786\/\"}]}<\/script>\n<!-- \/ Yoast SEO plugin. -->","yoast_head_json":{"title":"Aposta em novos materiais reduz pre\u00e7o do cal\u00e7ado portugu\u00eas - Portal Tela Portugal","robots":{"index":"index","follow":"follow","max-snippet":"max-snippet:-1","max-image-preview":"max-image-preview:large","max-video-preview":"max-video-preview:-1"},"og_locale":"pt_PT","og_type":"article","og_title":"Aposta em novos materiais reduz pre\u00e7o do cal\u00e7ado portugu\u00eas - Portal Tela Portugal","og_description":"A aposta em materiais t\u00e9cnicos, como pl\u00e1stico e t\u00eaxtil, ganha espa\u00e7o no setor do cal\u00e7ado portugu\u00eas, ainda que o couro permane\u00e7a dominante, com destaque para o certame italiano. A inova\u00e7\u00e3o portuguesa foi bem representada no grande evento italiano, expandindo-se para novos materiais. O pre\u00e7o m\u00e9dio dos sapatos diminuiu 25 c\u00eantimos em 2025, segundo o diretor-executivo da Associa\u00e7\u00e3o Portuguesa da Ind\u00fastria do Cal\u00e7ado (APICCAPS). A redu\u00e7\u00e3o de pre\u00e7o reflete a maior utiliza\u00e7\u00e3o de materiais t\u00e9cnicos na cadeia produtiva. O setor mant\u00e9m o foco na inova\u00e7\u00e3o para manter competitividade, sem abandonar o couro como base de produ\u00e7\u00e3o.","og_url":"https:\/\/portaltela.pt\/noticias\/2026\/02\/22\/aposta-em-novos-materiais-reduz-preco-do-calcado-portugues\/","og_site_name":"Portal Tela Portugal","article_published_time":"2026-02-22T23:47:00+00:00","author":"Telinha","twitter_card":"summary_large_image","twitter_misc":{"Escrito por":"Telinha","Tempo estimado de leitura":"1 minuto"},"schema":{"@context":"https:\/\/schema.org","@graph":[{"@type":"Article","@id":"https:\/\/portaltela.pt\/noticias\/2026\/02\/22\/aposta-em-novos-materiais-reduz-preco-do-calcado-portugues\/#article","isPartOf":{"@id":"https:\/\/portaltela.pt\/noticias\/2026\/02\/22\/aposta-em-novos-materiais-reduz-preco-do-calcado-portugues\/"},"author":{"name":"Telinha","@id":"https:\/\/portaltela.pt\/#\/schema\/person\/c4278d4a6028830caff9ee44b42d32ed"},"headline":"Aposta em novos materiais reduz pre\u00e7o do cal\u00e7ado portugu\u00eas","datePublished":"2026-02-22T23:47:00+00:00","mainEntityOfPage":{"@id":"https:\/\/portaltela.pt\/noticias\/2026\/02\/22\/aposta-em-novos-materiais-reduz-preco-do-calcado-portugues\/"},"wordCount":196,"image":{"@id":"https:\/\/portaltela.pt\/noticias\/2026\/02\/22\/aposta-em-novos-materiais-reduz-preco-do-calcado-portugues\/#primaryimage"},"thumbnailUrl":"https:\/\/portaltela.pt\/s.01k8rhncp4jt1\/2026\/02\/image-1668.jpg","keywords":["economia","exporta\u00e7\u00f5es","ind\u00fastria","inova\u00e7\u00e3o","Made in Portugal","Portugal"],"articleSection":["Economia","Not\u00edcias"],"inLanguage":"pt-PT"},{"@type":"WebPage","@id":"https:\/\/portaltela.pt\/noticias\/2026\/02\/22\/aposta-em-novos-materiais-reduz-preco-do-calcado-portugues\/","url":"https:\/\/portaltela.pt\/noticias\/2026\/02\/22\/aposta-em-novos-materiais-reduz-preco-do-calcado-portugues\/","name":"Aposta em novos materiais reduz pre\u00e7o do cal\u00e7ado portugu\u00eas - Portal Tela Portugal","isPartOf":{"@id":"https:\/\/portaltela.pt\/#website"},"primaryImageOfPage":{"@id":"https:\/\/portaltela.pt\/noticias\/2026\/02\/22\/aposta-em-novos-materiais-reduz-preco-do-calcado-portugues\/#primaryimage"},"image":{"@id":"https:\/\/portaltela.pt\/noticias\/2026\/02\/22\/aposta-em-novos-materiais-reduz-preco-do-calcado-portugues\/#primaryimage"},"thumbnailUrl":"https:\/\/portaltela.pt\/s.01k8rhncp4jt1\/2026\/02\/image-1668.jpg","datePublished":"2026-02-22T23:47:00+00:00","author":{"@id":"https:\/\/portaltela.pt\/#\/schema\/person\/c4278d4a6028830caff9ee44b42d32ed"},"breadcrumb":{"@id":"https:\/\/portaltela.pt\/noticias\/2026\/02\/22\/aposta-em-novos-materiais-reduz-preco-do-calcado-portugues\/#breadcrumb"},"inLanguage":"pt-PT","potentialAction":[{"@type":"ReadAction","target":["https:\/\/portaltela.pt\/noticias\/2026\/02\/22\/aposta-em-novos-materiais-reduz-preco-do-calcado-portugues\/"]}]},{"@type":"ImageObject","inLanguage":"pt-PT","@id":"https:\/\/portaltela.pt\/noticias\/2026\/02\/22\/aposta-em-novos-materiais-reduz-preco-do-calcado-portugues\/#primaryimage","url":"https:\/\/portaltela.pt\/s.01k8rhncp4jt1\/2026\/02\/image-1668.jpg","contentUrl":"https:\/\/portaltela.pt\/s.01k8rhncp4jt1\/2026\/02\/image-1668.jpg","width":796,"height":448,"caption":"Imagem de contexto do artigo Aposta em novos materiais diminui pre\u00e7o do cal\u00e7ado portugu\u00eas"},{"@type":"BreadcrumbList","@id":"https:\/\/portaltela.pt\/noticias\/2026\/02\/22\/aposta-em-novos-materiais-reduz-preco-do-calcado-portugues\/#breadcrumb","itemListElement":[{"@type":"ListItem","position":1,"name":"In\u00edcio","item":"https:\/\/portaltela.pt\/"},{"@type":"ListItem","position":2,"name":"Aposta em novos materiais reduz pre\u00e7o do cal\u00e7ado portugu\u00eas"}]},{"@type":"WebSite","@id":"https:\/\/portaltela.pt\/#website","url":"https:\/\/portaltela.pt\/","name":"Portal Tela Portugal","description":"","potentialAction":[{"@type":"SearchAction","target":{"@type":"EntryPoint","urlTemplate":"https:\/\/portaltela.pt\/?s={search_term_string}"},"query-input":{"@type":"PropertyValueSpecification","valueRequired":true,"valueName":"search_term_string"}}],"inLanguage":"pt-PT"},{"@type":"Person","@id":"https:\/\/portaltela.pt\/#\/schema\/person\/c4278d4a6028830caff9ee44b42d32ed","name":"Telinha","image":{"@type":"ImageObject","inLanguage":"pt-PT","@id":"https:\/\/portaltela.pt\/s.01k8rhncp4jt1\/2025\/11\/talking-bot-125x125.png","url":"https:\/\/portaltela.pt\/s.01k8rhncp4jt1\/2025\/11\/talking-bot-125x125.png","contentUrl":"https:\/\/portaltela.pt\/s.01k8rhncp4jt1\/2025\/11\/talking-bot-125x125.png","caption":"Telinha"},"sameAs":["https:\/\/portaltela.pt\/"],"url":"https:\/\/portaltela.pt\/por\/367410592786\/"}]}},"_links":{"self":[{"href":"https:\/\/portaltela.pt\/api\/wp\/v2\/posts\/222189","targetHints":{"allow":["GET"]}}],"collection":[{"href":"https:\/\/portaltela.pt\/api\/wp\/v2\/posts"}],"about":[{"href":"https:\/\/portaltela.pt\/api\/wp\/v2\/types\/post"}],"author":[{"embeddable":true,"href":"https:\/\/portaltela.pt\/api\/wp\/v2\/users\/2"}],"replies":[{"embeddable":true,"href":"https:\/\/portaltela.pt\/api\/wp\/v2\/comments?post=222189"}],"version-history":[{"count":0,"href":"https:\/\/portaltela.pt\/api\/wp\/v2\/posts\/222189\/revisions"}],"wp:featuredmedia":[{"embeddable":true,"href":"https:\/\/portaltela.pt\/api\/wp\/v2\/media\/222191"}],"wp:attachment":[{"href":"https:\/\/portaltela.pt\/api\/wp\/v2\/media?parent=222189"}],"wp:term":[{"taxonomy":"category","embeddable":true,"href":"https:\/\/portaltela.pt\/api\/wp\/v2\/categories?post=222189"},{"taxonomy":"post_tag","embeddable":true,"href":"https:\/\/portaltela.pt\/api\/wp\/v2\/tags?post=222189"}],"curies":[{"name":"wp","href":"https:\/\/api.w.org\/{rel}","templated":true}]}}