{"id":222141,"date":"2026-02-22T19:34:00","date_gmt":"2026-02-22T22:34:00","guid":{"rendered":"https:\/\/portaltela.pt\/noticias\/2026\/02\/22\/artista-cria-mona-lisa-latino-americana-com-100-mil-tampas-plasticas\/"},"modified":"2026-02-22T19:34:00","modified_gmt":"2026-02-22T22:34:00","slug":"artista-cria-mona-lisa-latino-americana-com-100-mil-tampas-plasticas","status":"publish","type":"post","link":"https:\/\/portaltela.pt\/noticias\/2026\/02\/22\/artista-cria-mona-lisa-latino-americana-com-100-mil-tampas-plasticas\/","title":{"rendered":"Artista cria Mona Lisa latino-americana com 100 mil tampas pl\u00e1sticas"},"content":{"rendered":"<p>Com uma abordagem in\u00e9dita, um mural de 13 metros de altura ganhou as propor\u00e7\u00f5es da Mona Lisa em El Salvador, criado com tampas de garrafa pl\u00e1sticas recicladas. A obra fica na fachada de um edif\u00edcio em Zacamil, no bairro Mejicanos, em San Salvador.<\/p>\n<p>O autor \u00e9 o artista venezuelano \u00d3scar Olivares, conhecido por intervenc\u0327o\u0303es em varios pa\u00edses. A personagem retratada \u00e9 uma mulher de tra\u00e7os latino-americanos, com cabelo escuro e traje colorido, apresentada em perfil.<\/p>\n<p>A execu\u00e7\u00e3o ocorreu em tr\u00eas semanas, enquanto a recolha, lavagem e separa\u00e7\u00e3o das tampas levaram meses, realizados pela comunidade local. A interven\u00e7\u00e3o busca renovar a perce\u00e7\u00e3o dos res\u00edduos pl\u00e1sticos.<\/p>\n<h3>Processo e impacto<\/h3>\n<p>A obra usa 100 mil tampas recicladas, numa releitura da Mona Lisa inspirada no pontilhismo de Paul Signac. Olivares afirma que a pe\u00e7a simboliza um renascimento hoje presente em El Salvador e no mundo.<\/p>\n<p>Segundo o artista, o mural serve tamb\u00e9m para refor\u00e7ar a participa\u00e7\u00e3o comunit\u00e1ria, transformando res\u00edduos em arte p\u00fablica. A interven\u00e7\u00e3o surge em contexto de menor atua\u00e7\u00e3o de gangues na regi\u00e3o, ap\u00f3s a pol\u00edtica de seguran\u00e7a do governo.<\/p>\n","protected":false},"excerpt":{"rendered":"<ul>\n<li>Um mural de 13 metros de altura, em Zacamil, bairro Mejicanos, San Salvador, retrata uma mulher latina e \u00e9 cria\u00e7\u00e3o do artista venezuelano \u00d3scar Olivares, feita com 100 mil tampas de garrafas pl\u00e1sticas recicladas.<\/li>\n<li>A obra, inspirada na pintura pontilhista de Paul Signac, \u00e9 a vers\u00e3o latino\u2011americana da Mona Lisa de Leonardo da Vinci.<\/li>\n<li>O mural foi executado em tr\u00eas semanas, mas a recolha, lavagem e separa\u00e7\u00e3o das tampas demoraram v\u00e1rios meses, com a participa\u00e7\u00e3o da comunidade.<\/li>\n<li>O local fica numa zona anteriormente controlada por gangues, cuja atividade foi significativamente reduzida ap\u00f3s a pol\u00edtica de seguran\u00e7a implementada pelo presidente Nayib Bukele.<\/li>\n<li>Olivares afirma que o objetivo \u00e9 promover uma nova perspetiva sobre res\u00edduos pl\u00e1sticos e mostrar que a arte pode ter impacto positivo nas comunidades, n\u00e3o apenas em museus.<\/li>\n<\/ul>\n","protected":false},"author":2,"featured_media":222147,"comment_status":"closed","ping_status":"closed","sticky":false,"template":"","format":"standard","meta":{"footnotes":""},"categories":[1],"tags":[167,5505,5642,3035,145,645],"class_list":["post-222141","post","type-post","status-publish","format-standard","has-post-thumbnail","hentry","category-noticias","tag-ambiente","tag-america","tag-arte-plastica","tag-comunidade","tag-cultura","tag-residuos"],"yoast_head":"<!-- This site is optimized with the Yoast SEO plugin v27.2 - https:\/\/yoast.com\/product\/yoast-seo-wordpress\/ -->\n<title>Artista cria Mona Lisa latino-americana com 100 mil tampas pl\u00e1sticas - Portal Tela Portugal<\/title>\n<meta name=\"robots\" content=\"index, follow, max-snippet:-1, max-image-preview:large, max-video-preview:-1\" \/>\n<meta property=\"og:locale\" content=\"pt_PT\" \/>\n<meta property=\"og:type\" content=\"article\" \/>\n<meta property=\"og:title\" content=\"Artista cria Mona Lisa latino-americana com 100 mil tampas pl\u00e1sticas - Portal Tela Portugal\" \/>\n<meta property=\"og:description\" content=\"Um mural de 13 metros de altura, em Zacamil, bairro Mejicanos, San Salvador, retrata uma mulher latina e \u00e9 cria\u00e7\u00e3o do artista venezuelano \u00d3scar Olivares, feita com 100 mil tampas de garrafas pl\u00e1sticas recicladas. A obra, inspirada na pintura pontilhista de Paul Signac, \u00e9 a vers\u00e3o latino\u2011americana da Mona Lisa de Leonardo da Vinci. O mural foi executado em tr\u00eas semanas, mas a recolha, lavagem e separa\u00e7\u00e3o das tampas demoraram v\u00e1rios meses, com a participa\u00e7\u00e3o da comunidade. O local fica numa zona anteriormente controlada por gangues, cuja atividade foi significativamente reduzida ap\u00f3s a pol\u00edtica de seguran\u00e7a implementada pelo presidente Nayib Bukele. Olivares afirma que o objetivo \u00e9 promover uma nova perspetiva sobre res\u00edduos pl\u00e1sticos e mostrar que a arte pode ter impacto positivo nas comunidades, n\u00e3o apenas em museus.\" \/>\n<meta property=\"og:url\" content=\"https:\/\/portaltela.pt\/noticias\/2026\/02\/22\/artista-cria-mona-lisa-latino-americana-com-100-mil-tampas-plasticas\/\" \/>\n<meta property=\"og:site_name\" content=\"Portal Tela Portugal\" \/>\n<meta property=\"article:published_time\" content=\"2026-02-22T22:34:00+00:00\" \/>\n<meta name=\"author\" content=\"Telinha\" \/>\n<meta name=\"twitter:card\" content=\"summary_large_image\" \/>\n<meta name=\"twitter:label1\" content=\"Escrito por\" \/>\n\t<meta name=\"twitter:data1\" content=\"Telinha\" \/>\n\t<meta name=\"twitter:label2\" content=\"Tempo estimado de leitura\" \/>\n\t<meta name=\"twitter:data2\" content=\"1 minuto\" \/>\n<script type=\"application\/ld+json\" class=\"yoast-schema-graph\">{\"@context\":\"https:\/\/schema.org\",\"@graph\":[{\"@type\":\"Article\",\"@id\":\"https:\/\/portaltela.pt\/noticias\/2026\/02\/22\/artista-cria-mona-lisa-latino-americana-com-100-mil-tampas-plasticas\/#article\",\"isPartOf\":{\"@id\":\"https:\/\/portaltela.pt\/noticias\/2026\/02\/22\/artista-cria-mona-lisa-latino-americana-com-100-mil-tampas-plasticas\/\"},\"author\":{\"name\":\"Telinha\",\"@id\":\"https:\/\/portaltela.pt\/#\/schema\/person\/c4278d4a6028830caff9ee44b42d32ed\"},\"headline\":\"Artista cria Mona Lisa latino-americana com 100 mil tampas pl\u00e1sticas\",\"datePublished\":\"2026-02-22T22:34:00+00:00\",\"mainEntityOfPage\":{\"@id\":\"https:\/\/portaltela.pt\/noticias\/2026\/02\/22\/artista-cria-mona-lisa-latino-americana-com-100-mil-tampas-plasticas\/\"},\"wordCount\":211,\"image\":{\"@id\":\"https:\/\/portaltela.pt\/noticias\/2026\/02\/22\/artista-cria-mona-lisa-latino-americana-com-100-mil-tampas-plasticas\/#primaryimage\"},\"thumbnailUrl\":\"https:\/\/portaltela.pt\/s.01k8rhncp4jt1\/2026\/02\/image-1664.jpg\",\"keywords\":[\"ambiente\",\"Am\u00e9rica\",\"Arte Pl\u00e1stica\",\"comunidade\",\"cultura\",\"res\u00edduos\"],\"articleSection\":[\"Not\u00edcias\"],\"inLanguage\":\"pt-PT\"},{\"@type\":\"WebPage\",\"@id\":\"https:\/\/portaltela.pt\/noticias\/2026\/02\/22\/artista-cria-mona-lisa-latino-americana-com-100-mil-tampas-plasticas\/\",\"url\":\"https:\/\/portaltela.pt\/noticias\/2026\/02\/22\/artista-cria-mona-lisa-latino-americana-com-100-mil-tampas-plasticas\/\",\"name\":\"Artista cria Mona Lisa latino-americana com 100 mil tampas pl\u00e1sticas - Portal Tela Portugal\",\"isPartOf\":{\"@id\":\"https:\/\/portaltela.pt\/#website\"},\"primaryImageOfPage\":{\"@id\":\"https:\/\/portaltela.pt\/noticias\/2026\/02\/22\/artista-cria-mona-lisa-latino-americana-com-100-mil-tampas-plasticas\/#primaryimage\"},\"image\":{\"@id\":\"https:\/\/portaltela.pt\/noticias\/2026\/02\/22\/artista-cria-mona-lisa-latino-americana-com-100-mil-tampas-plasticas\/#primaryimage\"},\"thumbnailUrl\":\"https:\/\/portaltela.pt\/s.01k8rhncp4jt1\/2026\/02\/image-1664.jpg\",\"datePublished\":\"2026-02-22T22:34:00+00:00\",\"author\":{\"@id\":\"https:\/\/portaltela.pt\/#\/schema\/person\/c4278d4a6028830caff9ee44b42d32ed\"},\"breadcrumb\":{\"@id\":\"https:\/\/portaltela.pt\/noticias\/2026\/02\/22\/artista-cria-mona-lisa-latino-americana-com-100-mil-tampas-plasticas\/#breadcrumb\"},\"inLanguage\":\"pt-PT\",\"potentialAction\":[{\"@type\":\"ReadAction\",\"target\":[\"https:\/\/portaltela.pt\/noticias\/2026\/02\/22\/artista-cria-mona-lisa-latino-americana-com-100-mil-tampas-plasticas\/\"]}]},{\"@type\":\"ImageObject\",\"inLanguage\":\"pt-PT\",\"@id\":\"https:\/\/portaltela.pt\/noticias\/2026\/02\/22\/artista-cria-mona-lisa-latino-americana-com-100-mil-tampas-plasticas\/#primaryimage\",\"url\":\"https:\/\/portaltela.pt\/s.01k8rhncp4jt1\/2026\/02\/image-1664.jpg\",\"contentUrl\":\"https:\/\/portaltela.pt\/s.01k8rhncp4jt1\/2026\/02\/image-1664.jpg\",\"width\":796,\"height\":448,\"caption\":\"Imagem de contexto do artigo Artista cria \\\"Mona Lisa latino-americana\\\" com 100 mil tampas de garrafas de pl\u00e1stico\"},{\"@type\":\"BreadcrumbList\",\"@id\":\"https:\/\/portaltela.pt\/noticias\/2026\/02\/22\/artista-cria-mona-lisa-latino-americana-com-100-mil-tampas-plasticas\/#breadcrumb\",\"itemListElement\":[{\"@type\":\"ListItem\",\"position\":1,\"name\":\"In\u00edcio\",\"item\":\"https:\/\/portaltela.pt\/\"},{\"@type\":\"ListItem\",\"position\":2,\"name\":\"Artista cria Mona Lisa latino-americana com 100 mil tampas pl\u00e1sticas\"}]},{\"@type\":\"WebSite\",\"@id\":\"https:\/\/portaltela.pt\/#website\",\"url\":\"https:\/\/portaltela.pt\/\",\"name\":\"Portal Tela Portugal\",\"description\":\"\",\"potentialAction\":[{\"@type\":\"SearchAction\",\"target\":{\"@type\":\"EntryPoint\",\"urlTemplate\":\"https:\/\/portaltela.pt\/?s={search_term_string}\"},\"query-input\":{\"@type\":\"PropertyValueSpecification\",\"valueRequired\":true,\"valueName\":\"search_term_string\"}}],\"inLanguage\":\"pt-PT\"},{\"@type\":\"Person\",\"@id\":\"https:\/\/portaltela.pt\/#\/schema\/person\/c4278d4a6028830caff9ee44b42d32ed\",\"name\":\"Telinha\",\"image\":{\"@type\":\"ImageObject\",\"inLanguage\":\"pt-PT\",\"@id\":\"https:\/\/portaltela.pt\/s.01k8rhncp4jt1\/2025\/11\/talking-bot-125x125.png\",\"url\":\"https:\/\/portaltela.pt\/s.01k8rhncp4jt1\/2025\/11\/talking-bot-125x125.png\",\"contentUrl\":\"https:\/\/portaltela.pt\/s.01k8rhncp4jt1\/2025\/11\/talking-bot-125x125.png\",\"caption\":\"Telinha\"},\"sameAs\":[\"https:\/\/portaltela.pt\/\"],\"url\":\"https:\/\/portaltela.pt\/por\/367410592786\/\"}]}<\/script>\n<!-- \/ Yoast SEO plugin. -->","yoast_head_json":{"title":"Artista cria Mona Lisa latino-americana com 100 mil tampas pl\u00e1sticas - Portal Tela Portugal","robots":{"index":"index","follow":"follow","max-snippet":"max-snippet:-1","max-image-preview":"max-image-preview:large","max-video-preview":"max-video-preview:-1"},"og_locale":"pt_PT","og_type":"article","og_title":"Artista cria Mona Lisa latino-americana com 100 mil tampas pl\u00e1sticas - Portal Tela Portugal","og_description":"Um mural de 13 metros de altura, em Zacamil, bairro Mejicanos, San Salvador, retrata uma mulher latina e \u00e9 cria\u00e7\u00e3o do artista venezuelano \u00d3scar Olivares, feita com 100 mil tampas de garrafas pl\u00e1sticas recicladas. A obra, inspirada na pintura pontilhista de Paul Signac, \u00e9 a vers\u00e3o latino\u2011americana da Mona Lisa de Leonardo da Vinci. O mural foi executado em tr\u00eas semanas, mas a recolha, lavagem e separa\u00e7\u00e3o das tampas demoraram v\u00e1rios meses, com a participa\u00e7\u00e3o da comunidade. O local fica numa zona anteriormente controlada por gangues, cuja atividade foi significativamente reduzida ap\u00f3s a pol\u00edtica de seguran\u00e7a implementada pelo presidente Nayib Bukele. Olivares afirma que o objetivo \u00e9 promover uma nova perspetiva sobre res\u00edduos pl\u00e1sticos e mostrar que a arte pode ter impacto positivo nas comunidades, n\u00e3o apenas em museus.","og_url":"https:\/\/portaltela.pt\/noticias\/2026\/02\/22\/artista-cria-mona-lisa-latino-americana-com-100-mil-tampas-plasticas\/","og_site_name":"Portal Tela Portugal","article_published_time":"2026-02-22T22:34:00+00:00","author":"Telinha","twitter_card":"summary_large_image","twitter_misc":{"Escrito por":"Telinha","Tempo estimado de leitura":"1 minuto"},"schema":{"@context":"https:\/\/schema.org","@graph":[{"@type":"Article","@id":"https:\/\/portaltela.pt\/noticias\/2026\/02\/22\/artista-cria-mona-lisa-latino-americana-com-100-mil-tampas-plasticas\/#article","isPartOf":{"@id":"https:\/\/portaltela.pt\/noticias\/2026\/02\/22\/artista-cria-mona-lisa-latino-americana-com-100-mil-tampas-plasticas\/"},"author":{"name":"Telinha","@id":"https:\/\/portaltela.pt\/#\/schema\/person\/c4278d4a6028830caff9ee44b42d32ed"},"headline":"Artista cria Mona Lisa latino-americana com 100 mil tampas pl\u00e1sticas","datePublished":"2026-02-22T22:34:00+00:00","mainEntityOfPage":{"@id":"https:\/\/portaltela.pt\/noticias\/2026\/02\/22\/artista-cria-mona-lisa-latino-americana-com-100-mil-tampas-plasticas\/"},"wordCount":211,"image":{"@id":"https:\/\/portaltela.pt\/noticias\/2026\/02\/22\/artista-cria-mona-lisa-latino-americana-com-100-mil-tampas-plasticas\/#primaryimage"},"thumbnailUrl":"https:\/\/portaltela.pt\/s.01k8rhncp4jt1\/2026\/02\/image-1664.jpg","keywords":["ambiente","Am\u00e9rica","Arte Pl\u00e1stica","comunidade","cultura","res\u00edduos"],"articleSection":["Not\u00edcias"],"inLanguage":"pt-PT"},{"@type":"WebPage","@id":"https:\/\/portaltela.pt\/noticias\/2026\/02\/22\/artista-cria-mona-lisa-latino-americana-com-100-mil-tampas-plasticas\/","url":"https:\/\/portaltela.pt\/noticias\/2026\/02\/22\/artista-cria-mona-lisa-latino-americana-com-100-mil-tampas-plasticas\/","name":"Artista cria Mona Lisa latino-americana com 100 mil tampas pl\u00e1sticas - Portal Tela Portugal","isPartOf":{"@id":"https:\/\/portaltela.pt\/#website"},"primaryImageOfPage":{"@id":"https:\/\/portaltela.pt\/noticias\/2026\/02\/22\/artista-cria-mona-lisa-latino-americana-com-100-mil-tampas-plasticas\/#primaryimage"},"image":{"@id":"https:\/\/portaltela.pt\/noticias\/2026\/02\/22\/artista-cria-mona-lisa-latino-americana-com-100-mil-tampas-plasticas\/#primaryimage"},"thumbnailUrl":"https:\/\/portaltela.pt\/s.01k8rhncp4jt1\/2026\/02\/image-1664.jpg","datePublished":"2026-02-22T22:34:00+00:00","author":{"@id":"https:\/\/portaltela.pt\/#\/schema\/person\/c4278d4a6028830caff9ee44b42d32ed"},"breadcrumb":{"@id":"https:\/\/portaltela.pt\/noticias\/2026\/02\/22\/artista-cria-mona-lisa-latino-americana-com-100-mil-tampas-plasticas\/#breadcrumb"},"inLanguage":"pt-PT","potentialAction":[{"@type":"ReadAction","target":["https:\/\/portaltela.pt\/noticias\/2026\/02\/22\/artista-cria-mona-lisa-latino-americana-com-100-mil-tampas-plasticas\/"]}]},{"@type":"ImageObject","inLanguage":"pt-PT","@id":"https:\/\/portaltela.pt\/noticias\/2026\/02\/22\/artista-cria-mona-lisa-latino-americana-com-100-mil-tampas-plasticas\/#primaryimage","url":"https:\/\/portaltela.pt\/s.01k8rhncp4jt1\/2026\/02\/image-1664.jpg","contentUrl":"https:\/\/portaltela.pt\/s.01k8rhncp4jt1\/2026\/02\/image-1664.jpg","width":796,"height":448,"caption":"Imagem de contexto do artigo Artista cria \"Mona Lisa latino-americana\" com 100 mil tampas de garrafas de pl\u00e1stico"},{"@type":"BreadcrumbList","@id":"https:\/\/portaltela.pt\/noticias\/2026\/02\/22\/artista-cria-mona-lisa-latino-americana-com-100-mil-tampas-plasticas\/#breadcrumb","itemListElement":[{"@type":"ListItem","position":1,"name":"In\u00edcio","item":"https:\/\/portaltela.pt\/"},{"@type":"ListItem","position":2,"name":"Artista cria Mona Lisa latino-americana com 100 mil tampas pl\u00e1sticas"}]},{"@type":"WebSite","@id":"https:\/\/portaltela.pt\/#website","url":"https:\/\/portaltela.pt\/","name":"Portal Tela Portugal","description":"","potentialAction":[{"@type":"SearchAction","target":{"@type":"EntryPoint","urlTemplate":"https:\/\/portaltela.pt\/?s={search_term_string}"},"query-input":{"@type":"PropertyValueSpecification","valueRequired":true,"valueName":"search_term_string"}}],"inLanguage":"pt-PT"},{"@type":"Person","@id":"https:\/\/portaltela.pt\/#\/schema\/person\/c4278d4a6028830caff9ee44b42d32ed","name":"Telinha","image":{"@type":"ImageObject","inLanguage":"pt-PT","@id":"https:\/\/portaltela.pt\/s.01k8rhncp4jt1\/2025\/11\/talking-bot-125x125.png","url":"https:\/\/portaltela.pt\/s.01k8rhncp4jt1\/2025\/11\/talking-bot-125x125.png","contentUrl":"https:\/\/portaltela.pt\/s.01k8rhncp4jt1\/2025\/11\/talking-bot-125x125.png","caption":"Telinha"},"sameAs":["https:\/\/portaltela.pt\/"],"url":"https:\/\/portaltela.pt\/por\/367410592786\/"}]}},"_links":{"self":[{"href":"https:\/\/portaltela.pt\/api\/wp\/v2\/posts\/222141","targetHints":{"allow":["GET"]}}],"collection":[{"href":"https:\/\/portaltela.pt\/api\/wp\/v2\/posts"}],"about":[{"href":"https:\/\/portaltela.pt\/api\/wp\/v2\/types\/post"}],"author":[{"embeddable":true,"href":"https:\/\/portaltela.pt\/api\/wp\/v2\/users\/2"}],"replies":[{"embeddable":true,"href":"https:\/\/portaltela.pt\/api\/wp\/v2\/comments?post=222141"}],"version-history":[{"count":0,"href":"https:\/\/portaltela.pt\/api\/wp\/v2\/posts\/222141\/revisions"}],"wp:featuredmedia":[{"embeddable":true,"href":"https:\/\/portaltela.pt\/api\/wp\/v2\/media\/222147"}],"wp:attachment":[{"href":"https:\/\/portaltela.pt\/api\/wp\/v2\/media?parent=222141"}],"wp:term":[{"taxonomy":"category","embeddable":true,"href":"https:\/\/portaltela.pt\/api\/wp\/v2\/categories?post=222141"},{"taxonomy":"post_tag","embeddable":true,"href":"https:\/\/portaltela.pt\/api\/wp\/v2\/tags?post=222141"}],"curies":[{"name":"wp","href":"https:\/\/api.w.org\/{rel}","templated":true}]}}