{"id":222136,"date":"2026-02-22T19:43:08","date_gmt":"2026-02-22T22:43:08","guid":{"rendered":"https:\/\/portaltela.pt\/noticias\/2026\/02\/22\/presidente-da-camara-de-braga-comenta-forma-de-apoiar-clube-e-cidade\/"},"modified":"2026-02-22T19:43:08","modified_gmt":"2026-02-22T22:43:08","slug":"presidente-da-camara-de-braga-comenta-forma-de-apoiar-clube-e-cidade","status":"publish","type":"post","link":"https:\/\/portaltela.pt\/noticias\/politica\/2026\/02\/22\/presidente-da-camara-de-braga-comenta-forma-de-apoiar-clube-e-cidade\/","title":{"rendered":"Presidente da C\u00e2mara de Braga comenta forma de apoiar clube e cidade"},"content":{"rendered":"<p>O presidente da C\u00e2mara Municipal de Braga, Jo\u00e3o Rodrigues, reagiu aos epis\u00f3dios que marcaram o d\u00e9rbi entre Sp. Braga e V. Guimar\u00e3es, no s\u00e1bado \u00e0 noite. Pediu apurar tudo com objetividade, rigor e responsabilidade para esclarecer os motivos da interven\u00e7\u00e3o.<\/p>\n<p>O autarca sublinhou que o caso vai al\u00e9m de um momento de tens\u00e3o no jogo, defendendo que importa tamb\u00e9m analisar a forma como se expressa o apoio a um clube e a uma cidade.<\/p>\n<p>Rodrigues destacou que a tarja apresentada pelos adeptos do Sp. Braga, conforme divulgada, n\u00e3o continha conte\u00fado ofensivo nem promovia \u00f3dio ou viol\u00eancia, refor\u00e7ando o orgulho da cidade de Braga e o seu sentido de perten\u00e7a.<\/p>\n<p>O presidente da C\u00e2mara acrescentou que Braga tem identidade e orgulho, que n\u00e3o se devem confundir com desordem ou ser tratados como problema. \u00c9 essencial manter o respeito, o bom senso e a proporcionalidade na atua\u00e7\u00e3o das institui\u00e7\u00f5es.<\/p>\n<p>Na \u00edntegra do comunicado, refor\u00e7a-se a necessidade de esclarecer os factos com rigor junto das entidades competentes. A PSP mant\u00e9m o papel de garantir a ordem p\u00fablica, desde que atuando de forma proporcionada e fundamentada.<\/p>\n<p>Ao encerrar, Jo\u00e3o Rodrigues afirmou que vai defender a cidade e os bracarenses, exigindo que as institui\u00e7\u00f5es atuem com serenidade e firmeza, sempre em benef\u00edcio da seguran\u00e7a e da coes\u00e3o da comunidade.<\/p>\n","protected":false},"excerpt":{"rendered":"<ul>\n<li>O presidente da C\u00e2mara Municipal de Braga, Jo\u00e3o Rodrigues, pediu que tudo seja apurado com objetividade, rigor e sentido de responsabilidade.<\/li>\n<li>O epis\u00f3dio ocorreu na altura do d\u00e9rbi entre Sp. Braga e Vit\u00f3ria SC, gerando v\u00e1rias rea\u00e7\u00f5es nas redes sociais.<\/li>\n<li>Rodrigues afirmou que n\u00e3o est\u00e1 em causa apenas a tens\u00e3o do jogo, mas a forma de expressar apoio a um clube e a uma cidade.<\/li>\n<li>A tarja dos adeptos do Sp. Braga, conforme publicitado, n\u00e3o tinha conte\u00fado ofensivo nem promovia \u00f3dio ou viol\u00eancia.<\/li>\n<li>O autarca destacou o papel da PSP na seguran\u00e7a p\u00fablica, defender Braga e exigir atua\u00e7\u00e3o proporcional, com serenidade e firmeza.<\/li>\n<\/ul>\n","protected":false},"author":2,"featured_media":222139,"comment_status":"closed","ping_status":"closed","sticky":false,"template":"","format":"standard","meta":{"footnotes":""},"categories":[1,5],"tags":[1207,32,216,250,2070,5393],"class_list":["post-222136","post","type-post","status-publish","format-standard","has-post-thumbnail","hentry","category-noticias","category-politica","tag-braga","tag-futebol","tag-ordem-publica","tag-seguranca-publica","tag-sp-braga","tag-v-guimaraes"],"yoast_head":"<!-- This site is optimized with the Yoast SEO plugin v27.2 - https:\/\/yoast.com\/product\/yoast-seo-wordpress\/ -->\n<title>Presidente da C\u00e2mara de Braga comenta forma de apoiar clube e cidade - Portal Tela Portugal<\/title>\n<meta name=\"robots\" content=\"index, follow, max-snippet:-1, max-image-preview:large, max-video-preview:-1\" \/>\n<meta property=\"og:locale\" content=\"pt_PT\" \/>\n<meta property=\"og:type\" content=\"article\" \/>\n<meta property=\"og:title\" content=\"Presidente da C\u00e2mara de Braga comenta forma de apoiar clube e cidade - Portal Tela Portugal\" \/>\n<meta property=\"og:description\" content=\"O presidente da C\u00e2mara Municipal de Braga, Jo\u00e3o Rodrigues, pediu que tudo seja apurado com objetividade, rigor e sentido de responsabilidade. O epis\u00f3dio ocorreu na altura do d\u00e9rbi entre Sp. Braga e Vit\u00f3ria SC, gerando v\u00e1rias rea\u00e7\u00f5es nas redes sociais. Rodrigues afirmou que n\u00e3o est\u00e1 em causa apenas a tens\u00e3o do jogo, mas a forma de expressar apoio a um clube e a uma cidade. A tarja dos adeptos do Sp. Braga, conforme publicitado, n\u00e3o tinha conte\u00fado ofensivo nem promovia \u00f3dio ou viol\u00eancia. O autarca destacou o papel da PSP na seguran\u00e7a p\u00fablica, defender Braga e exigir atua\u00e7\u00e3o proporcional, com serenidade e firmeza.\" \/>\n<meta property=\"og:url\" content=\"https:\/\/portaltela.pt\/noticias\/2026\/02\/22\/presidente-da-camara-de-braga-comenta-forma-de-apoiar-clube-e-cidade\/\" \/>\n<meta property=\"og:site_name\" content=\"Portal Tela Portugal\" \/>\n<meta property=\"article:published_time\" content=\"2026-02-22T22:43:08+00:00\" \/>\n<meta name=\"author\" content=\"Telinha\" \/>\n<meta name=\"twitter:card\" content=\"summary_large_image\" \/>\n<meta name=\"twitter:label1\" content=\"Escrito por\" \/>\n\t<meta name=\"twitter:data1\" content=\"Telinha\" \/>\n\t<meta name=\"twitter:label2\" content=\"Tempo estimado de leitura\" \/>\n\t<meta name=\"twitter:data2\" content=\"1 minuto\" \/>\n<script type=\"application\/ld+json\" class=\"yoast-schema-graph\">{\"@context\":\"https:\/\/schema.org\",\"@graph\":[{\"@type\":\"Article\",\"@id\":\"https:\/\/portaltela.pt\/noticias\/2026\/02\/22\/presidente-da-camara-de-braga-comenta-forma-de-apoiar-clube-e-cidade\/#article\",\"isPartOf\":{\"@id\":\"https:\/\/portaltela.pt\/noticias\/2026\/02\/22\/presidente-da-camara-de-braga-comenta-forma-de-apoiar-clube-e-cidade\/\"},\"author\":{\"name\":\"Telinha\",\"@id\":\"https:\/\/portaltela.pt\/#\/schema\/person\/c4278d4a6028830caff9ee44b42d32ed\"},\"headline\":\"Presidente da C\u00e2mara de Braga comenta forma de apoiar clube e cidade\",\"datePublished\":\"2026-02-22T22:43:08+00:00\",\"mainEntityOfPage\":{\"@id\":\"https:\/\/portaltela.pt\/noticias\/2026\/02\/22\/presidente-da-camara-de-braga-comenta-forma-de-apoiar-clube-e-cidade\/\"},\"wordCount\":252,\"image\":{\"@id\":\"https:\/\/portaltela.pt\/noticias\/2026\/02\/22\/presidente-da-camara-de-braga-comenta-forma-de-apoiar-clube-e-cidade\/#primaryimage\"},\"thumbnailUrl\":\"https:\/\/portaltela.pt\/s.01k8rhncp4jt1\/2026\/02\/img_920x518uu2026-02-21-19-54-34-2422957-2.jpg\",\"keywords\":[\"Braga\",\"futebol\",\"ordem p\u00fablica\",\"seguran\u00e7a p\u00fablica\",\"Sp. Braga\",\"V. Guimar\u00e3es\"],\"articleSection\":[\"Not\u00edcias\",\"Pol\u00edtica\"],\"inLanguage\":\"pt-PT\"},{\"@type\":\"WebPage\",\"@id\":\"https:\/\/portaltela.pt\/noticias\/2026\/02\/22\/presidente-da-camara-de-braga-comenta-forma-de-apoiar-clube-e-cidade\/\",\"url\":\"https:\/\/portaltela.pt\/noticias\/2026\/02\/22\/presidente-da-camara-de-braga-comenta-forma-de-apoiar-clube-e-cidade\/\",\"name\":\"Presidente da C\u00e2mara de Braga comenta forma de apoiar clube e cidade - Portal Tela Portugal\",\"isPartOf\":{\"@id\":\"https:\/\/portaltela.pt\/#website\"},\"primaryImageOfPage\":{\"@id\":\"https:\/\/portaltela.pt\/noticias\/2026\/02\/22\/presidente-da-camara-de-braga-comenta-forma-de-apoiar-clube-e-cidade\/#primaryimage\"},\"image\":{\"@id\":\"https:\/\/portaltela.pt\/noticias\/2026\/02\/22\/presidente-da-camara-de-braga-comenta-forma-de-apoiar-clube-e-cidade\/#primaryimage\"},\"thumbnailUrl\":\"https:\/\/portaltela.pt\/s.01k8rhncp4jt1\/2026\/02\/img_920x518uu2026-02-21-19-54-34-2422957-2.jpg\",\"datePublished\":\"2026-02-22T22:43:08+00:00\",\"author\":{\"@id\":\"https:\/\/portaltela.pt\/#\/schema\/person\/c4278d4a6028830caff9ee44b42d32ed\"},\"breadcrumb\":{\"@id\":\"https:\/\/portaltela.pt\/noticias\/2026\/02\/22\/presidente-da-camara-de-braga-comenta-forma-de-apoiar-clube-e-cidade\/#breadcrumb\"},\"inLanguage\":\"pt-PT\",\"potentialAction\":[{\"@type\":\"ReadAction\",\"target\":[\"https:\/\/portaltela.pt\/noticias\/2026\/02\/22\/presidente-da-camara-de-braga-comenta-forma-de-apoiar-clube-e-cidade\/\"]}]},{\"@type\":\"ImageObject\",\"inLanguage\":\"pt-PT\",\"@id\":\"https:\/\/portaltela.pt\/noticias\/2026\/02\/22\/presidente-da-camara-de-braga-comenta-forma-de-apoiar-clube-e-cidade\/#primaryimage\",\"url\":\"https:\/\/portaltela.pt\/s.01k8rhncp4jt1\/2026\/02\/img_920x518uu2026-02-21-19-54-34-2422957-2.jpg\",\"contentUrl\":\"https:\/\/portaltela.pt\/s.01k8rhncp4jt1\/2026\/02\/img_920x518uu2026-02-21-19-54-34-2422957-2.jpg\",\"width\":796,\"height\":448,\"caption\":\"A Tarja preparada para o d\u00e9rbi deste s\u00e1bado\"},{\"@type\":\"BreadcrumbList\",\"@id\":\"https:\/\/portaltela.pt\/noticias\/2026\/02\/22\/presidente-da-camara-de-braga-comenta-forma-de-apoiar-clube-e-cidade\/#breadcrumb\",\"itemListElement\":[{\"@type\":\"ListItem\",\"position\":1,\"name\":\"In\u00edcio\",\"item\":\"https:\/\/portaltela.pt\/\"},{\"@type\":\"ListItem\",\"position\":2,\"name\":\"Presidente da C\u00e2mara de Braga comenta forma de apoiar clube e cidade\"}]},{\"@type\":\"WebSite\",\"@id\":\"https:\/\/portaltela.pt\/#website\",\"url\":\"https:\/\/portaltela.pt\/\",\"name\":\"Portal Tela Portugal\",\"description\":\"\",\"potentialAction\":[{\"@type\":\"SearchAction\",\"target\":{\"@type\":\"EntryPoint\",\"urlTemplate\":\"https:\/\/portaltela.pt\/?s={search_term_string}\"},\"query-input\":{\"@type\":\"PropertyValueSpecification\",\"valueRequired\":true,\"valueName\":\"search_term_string\"}}],\"inLanguage\":\"pt-PT\"},{\"@type\":\"Person\",\"@id\":\"https:\/\/portaltela.pt\/#\/schema\/person\/c4278d4a6028830caff9ee44b42d32ed\",\"name\":\"Telinha\",\"image\":{\"@type\":\"ImageObject\",\"inLanguage\":\"pt-PT\",\"@id\":\"https:\/\/portaltela.pt\/s.01k8rhncp4jt1\/2025\/11\/talking-bot-125x125.png\",\"url\":\"https:\/\/portaltela.pt\/s.01k8rhncp4jt1\/2025\/11\/talking-bot-125x125.png\",\"contentUrl\":\"https:\/\/portaltela.pt\/s.01k8rhncp4jt1\/2025\/11\/talking-bot-125x125.png\",\"caption\":\"Telinha\"},\"sameAs\":[\"https:\/\/portaltela.pt\/\"],\"url\":\"https:\/\/portaltela.pt\/por\/367410592786\/\"}]}<\/script>\n<!-- \/ Yoast SEO plugin. -->","yoast_head_json":{"title":"Presidente da C\u00e2mara de Braga comenta forma de apoiar clube e cidade - Portal Tela Portugal","robots":{"index":"index","follow":"follow","max-snippet":"max-snippet:-1","max-image-preview":"max-image-preview:large","max-video-preview":"max-video-preview:-1"},"og_locale":"pt_PT","og_type":"article","og_title":"Presidente da C\u00e2mara de Braga comenta forma de apoiar clube e cidade - Portal Tela Portugal","og_description":"O presidente da C\u00e2mara Municipal de Braga, Jo\u00e3o Rodrigues, pediu que tudo seja apurado com objetividade, rigor e sentido de responsabilidade. O epis\u00f3dio ocorreu na altura do d\u00e9rbi entre Sp. Braga e Vit\u00f3ria SC, gerando v\u00e1rias rea\u00e7\u00f5es nas redes sociais. Rodrigues afirmou que n\u00e3o est\u00e1 em causa apenas a tens\u00e3o do jogo, mas a forma de expressar apoio a um clube e a uma cidade. A tarja dos adeptos do Sp. Braga, conforme publicitado, n\u00e3o tinha conte\u00fado ofensivo nem promovia \u00f3dio ou viol\u00eancia. O autarca destacou o papel da PSP na seguran\u00e7a p\u00fablica, defender Braga e exigir atua\u00e7\u00e3o proporcional, com serenidade e firmeza.","og_url":"https:\/\/portaltela.pt\/noticias\/2026\/02\/22\/presidente-da-camara-de-braga-comenta-forma-de-apoiar-clube-e-cidade\/","og_site_name":"Portal Tela Portugal","article_published_time":"2026-02-22T22:43:08+00:00","author":"Telinha","twitter_card":"summary_large_image","twitter_misc":{"Escrito por":"Telinha","Tempo estimado de leitura":"1 minuto"},"schema":{"@context":"https:\/\/schema.org","@graph":[{"@type":"Article","@id":"https:\/\/portaltela.pt\/noticias\/2026\/02\/22\/presidente-da-camara-de-braga-comenta-forma-de-apoiar-clube-e-cidade\/#article","isPartOf":{"@id":"https:\/\/portaltela.pt\/noticias\/2026\/02\/22\/presidente-da-camara-de-braga-comenta-forma-de-apoiar-clube-e-cidade\/"},"author":{"name":"Telinha","@id":"https:\/\/portaltela.pt\/#\/schema\/person\/c4278d4a6028830caff9ee44b42d32ed"},"headline":"Presidente da C\u00e2mara de Braga comenta forma de apoiar clube e cidade","datePublished":"2026-02-22T22:43:08+00:00","mainEntityOfPage":{"@id":"https:\/\/portaltela.pt\/noticias\/2026\/02\/22\/presidente-da-camara-de-braga-comenta-forma-de-apoiar-clube-e-cidade\/"},"wordCount":252,"image":{"@id":"https:\/\/portaltela.pt\/noticias\/2026\/02\/22\/presidente-da-camara-de-braga-comenta-forma-de-apoiar-clube-e-cidade\/#primaryimage"},"thumbnailUrl":"https:\/\/portaltela.pt\/s.01k8rhncp4jt1\/2026\/02\/img_920x518uu2026-02-21-19-54-34-2422957-2.jpg","keywords":["Braga","futebol","ordem p\u00fablica","seguran\u00e7a p\u00fablica","Sp. Braga","V. Guimar\u00e3es"],"articleSection":["Not\u00edcias","Pol\u00edtica"],"inLanguage":"pt-PT"},{"@type":"WebPage","@id":"https:\/\/portaltela.pt\/noticias\/2026\/02\/22\/presidente-da-camara-de-braga-comenta-forma-de-apoiar-clube-e-cidade\/","url":"https:\/\/portaltela.pt\/noticias\/2026\/02\/22\/presidente-da-camara-de-braga-comenta-forma-de-apoiar-clube-e-cidade\/","name":"Presidente da C\u00e2mara de Braga comenta forma de apoiar clube e cidade - Portal Tela Portugal","isPartOf":{"@id":"https:\/\/portaltela.pt\/#website"},"primaryImageOfPage":{"@id":"https:\/\/portaltela.pt\/noticias\/2026\/02\/22\/presidente-da-camara-de-braga-comenta-forma-de-apoiar-clube-e-cidade\/#primaryimage"},"image":{"@id":"https:\/\/portaltela.pt\/noticias\/2026\/02\/22\/presidente-da-camara-de-braga-comenta-forma-de-apoiar-clube-e-cidade\/#primaryimage"},"thumbnailUrl":"https:\/\/portaltela.pt\/s.01k8rhncp4jt1\/2026\/02\/img_920x518uu2026-02-21-19-54-34-2422957-2.jpg","datePublished":"2026-02-22T22:43:08+00:00","author":{"@id":"https:\/\/portaltela.pt\/#\/schema\/person\/c4278d4a6028830caff9ee44b42d32ed"},"breadcrumb":{"@id":"https:\/\/portaltela.pt\/noticias\/2026\/02\/22\/presidente-da-camara-de-braga-comenta-forma-de-apoiar-clube-e-cidade\/#breadcrumb"},"inLanguage":"pt-PT","potentialAction":[{"@type":"ReadAction","target":["https:\/\/portaltela.pt\/noticias\/2026\/02\/22\/presidente-da-camara-de-braga-comenta-forma-de-apoiar-clube-e-cidade\/"]}]},{"@type":"ImageObject","inLanguage":"pt-PT","@id":"https:\/\/portaltela.pt\/noticias\/2026\/02\/22\/presidente-da-camara-de-braga-comenta-forma-de-apoiar-clube-e-cidade\/#primaryimage","url":"https:\/\/portaltela.pt\/s.01k8rhncp4jt1\/2026\/02\/img_920x518uu2026-02-21-19-54-34-2422957-2.jpg","contentUrl":"https:\/\/portaltela.pt\/s.01k8rhncp4jt1\/2026\/02\/img_920x518uu2026-02-21-19-54-34-2422957-2.jpg","width":796,"height":448,"caption":"A Tarja preparada para o d\u00e9rbi deste s\u00e1bado"},{"@type":"BreadcrumbList","@id":"https:\/\/portaltela.pt\/noticias\/2026\/02\/22\/presidente-da-camara-de-braga-comenta-forma-de-apoiar-clube-e-cidade\/#breadcrumb","itemListElement":[{"@type":"ListItem","position":1,"name":"In\u00edcio","item":"https:\/\/portaltela.pt\/"},{"@type":"ListItem","position":2,"name":"Presidente da C\u00e2mara de Braga comenta forma de apoiar clube e cidade"}]},{"@type":"WebSite","@id":"https:\/\/portaltela.pt\/#website","url":"https:\/\/portaltela.pt\/","name":"Portal Tela Portugal","description":"","potentialAction":[{"@type":"SearchAction","target":{"@type":"EntryPoint","urlTemplate":"https:\/\/portaltela.pt\/?s={search_term_string}"},"query-input":{"@type":"PropertyValueSpecification","valueRequired":true,"valueName":"search_term_string"}}],"inLanguage":"pt-PT"},{"@type":"Person","@id":"https:\/\/portaltela.pt\/#\/schema\/person\/c4278d4a6028830caff9ee44b42d32ed","name":"Telinha","image":{"@type":"ImageObject","inLanguage":"pt-PT","@id":"https:\/\/portaltela.pt\/s.01k8rhncp4jt1\/2025\/11\/talking-bot-125x125.png","url":"https:\/\/portaltela.pt\/s.01k8rhncp4jt1\/2025\/11\/talking-bot-125x125.png","contentUrl":"https:\/\/portaltela.pt\/s.01k8rhncp4jt1\/2025\/11\/talking-bot-125x125.png","caption":"Telinha"},"sameAs":["https:\/\/portaltela.pt\/"],"url":"https:\/\/portaltela.pt\/por\/367410592786\/"}]}},"_links":{"self":[{"href":"https:\/\/portaltela.pt\/api\/wp\/v2\/posts\/222136","targetHints":{"allow":["GET"]}}],"collection":[{"href":"https:\/\/portaltela.pt\/api\/wp\/v2\/posts"}],"about":[{"href":"https:\/\/portaltela.pt\/api\/wp\/v2\/types\/post"}],"author":[{"embeddable":true,"href":"https:\/\/portaltela.pt\/api\/wp\/v2\/users\/2"}],"replies":[{"embeddable":true,"href":"https:\/\/portaltela.pt\/api\/wp\/v2\/comments?post=222136"}],"version-history":[{"count":0,"href":"https:\/\/portaltela.pt\/api\/wp\/v2\/posts\/222136\/revisions"}],"wp:featuredmedia":[{"embeddable":true,"href":"https:\/\/portaltela.pt\/api\/wp\/v2\/media\/222139"}],"wp:attachment":[{"href":"https:\/\/portaltela.pt\/api\/wp\/v2\/media?parent=222136"}],"wp:term":[{"taxonomy":"category","embeddable":true,"href":"https:\/\/portaltela.pt\/api\/wp\/v2\/categories?post=222136"},{"taxonomy":"post_tag","embeddable":true,"href":"https:\/\/portaltela.pt\/api\/wp\/v2\/tags?post=222136"}],"curies":[{"name":"wp","href":"https:\/\/api.w.org\/{rel}","templated":true}]}}