{"id":222116,"date":"2026-02-22T19:15:11","date_gmt":"2026-02-22T22:15:11","guid":{"rendered":"https:\/\/portaltela.pt\/noticias\/2026\/02\/22\/ex-principe-andre-reage-com-furia-a-saida-do-royal-lodge\/"},"modified":"2026-02-22T19:15:11","modified_gmt":"2026-02-22T22:15:11","slug":"ex-principe-andre-reage-com-furia-a-saida-do-royal-lodge","status":"publish","type":"post","link":"https:\/\/portaltela.pt\/noticias\/2026\/02\/22\/ex-principe-andre-reage-com-furia-a-saida-do-royal-lodge\/","title":{"rendered":"Ex-pr\u00edncipe Andr\u00e9 reage com f\u00faria \u00e0 sa\u00edda do Royal Lodge"},"content":{"rendered":"<p>O ex-pr\u00edncipe Andr\u00e9 deixou o Royal Lodge, em Windsor Great Park, no dia 2 de fevereiro. Transferiu-se temporariamente para Wood Farm, na propriedade de Sandringham, em Norfolk, e depois para outra casa em obras nas imedia\u00e7\u00f5es. A sa\u00edda ocorre numa altura de controv\u00e9rsia p\u00fablica.<\/p>\n<p>Segundo a imprensa, Andr\u00e9 ficou visivelmente perturbado ao saber que seria despejado. Uma fonte pr\u00f3xima referiu que o pr\u00edncipe contestou a decis\u00e3o e tentou resistir, alegando o seu estatuto de membro da fam\u00edlia real. A hist\u00f3ria ganhou contornos de crise familiar.<\/p>\n<p>Cerca de duas semanas depois, Andr\u00e9 foi detido no seu 66\u00ba anivers\u00e1rio por suspeitas de m\u00e1 conduta no exerc\u00edcio de cargo p\u00fablico. A deten\u00e7\u00e3o coincide com uma investiga\u00e7\u00e3o policial sobre alega\u00e7\u00f5es de envio de relat\u00f3rios com informa\u00e7\u00f5es sens\u00edveis a Jeffrey Epstein, durante o mandato como representante especial do Reino Unido para o Com\u00e9rcio Internacional.<\/p>\n<h3>Investiga\u00e7\u00e3o em curso<\/h3>\n<p>A pol\u00edcia abriu o inqu\u00e9rito para apurar a poss\u00edvel partilha de informa\u00e7\u00f5es confidenciais com Epstein. Os investigadores estudam se houve envio de relat\u00f3rios ou dados sens\u00edveis durante o per\u00edodo de servi\u00e7o do ex-pr\u00edncipe. N\u00e3o houve confirma\u00e7\u00e3o de responsabilidades, apenas a continuidade da investiga\u00e7\u00e3o.<\/p>\n<p>Imagens recolhidas mostram equipas policiais nos jardins do Royal Lodge durante buscas na antiga resid\u00eancia de Andr\u00e9. O ex-pr\u00edncipe j\u00e1 ter\u00e1 deixado a esquadra quando surgiram relatos sobre desenvolvimentos no caso. A situa\u00e7\u00e3o mant\u00e9m-se em fase de averigua\u00e7\u00e3o pelas autoridades competentes.<\/p>\n","protected":false},"excerpt":{"rendered":"<ul>\n<li>O ex-pr\u00edncipe Andr\u00e9 deixou o Royal Lodge, em Windsor Great Park, no dia 2 de fevereiro, transferindo-se temporariamente para Wood Farm, em Sandringham, e depois para outra propriedade em obras.<\/li>\n<li>Andr\u00e9 respondeu \u00e0 expuls\u00e3o com raiva, alegando ser o \u201csegundo filho da rainha\u201d e dizendo que os mandaram embora, segundo uma fonte do The Sun on Sunday.<\/li>\n<li>A fonte tamb\u00e9m afirmou que o pr\u00edncipe recorreu \u00e0 rela\u00e7\u00e3o com a realeza para justificar a sua posi\u00e7\u00e3o, enquanto o representante n\u00e3o confirmou as declara\u00e7\u00f5es ao Page Six.<\/li>\n<li>Cerca de duas semanas ap\u00f3s a mudan\u00e7a, Andr\u00e9 foi detido no seu 66\u00ba anivers\u00e1rio, sob suspeita de m\u00e1 conduta no exerc\u00edcio de cargo p\u00fablico.<\/li>\n<li>A deten\u00e7\u00e3o ocorreu no contexto de uma investiga\u00e7\u00e3o sobre se o ex-pr\u00edncipe enviou relat\u00f3rios com informa\u00e7\u00e3o sens\u00edvel a Jeffrey Epstein, durante o mandato como representante especial do Reino Unido para o Com\u00e9rcio Internacional.<\/li>\n<\/ul>\n","protected":false},"author":2,"featured_media":222119,"comment_status":"closed","ping_status":"closed","sticky":false,"template":"","format":"standard","meta":{"footnotes":""},"categories":[1],"tags":[5839,147,64,215,1802,2111],"class_list":["post-222116","post","type-post","status-publish","format-standard","has-post-thumbnail","hentry","category-noticias","tag-a-nobreza","tag-crime","tag-familia","tag-investigacao","tag-policia-judiciaria","tag-reino-unido"],"yoast_head":"<!-- This site is optimized with the Yoast SEO plugin v27.2 - https:\/\/yoast.com\/product\/yoast-seo-wordpress\/ -->\n<title>Ex-pr\u00edncipe Andr\u00e9 reage com f\u00faria \u00e0 sa\u00edda do Royal Lodge - Portal Tela Portugal<\/title>\n<meta name=\"robots\" content=\"index, follow, max-snippet:-1, max-image-preview:large, max-video-preview:-1\" \/>\n<meta property=\"og:locale\" content=\"pt_PT\" \/>\n<meta property=\"og:type\" content=\"article\" \/>\n<meta property=\"og:title\" content=\"Ex-pr\u00edncipe Andr\u00e9 reage com f\u00faria \u00e0 sa\u00edda do Royal Lodge - Portal Tela Portugal\" \/>\n<meta property=\"og:description\" content=\"O ex-pr\u00edncipe Andr\u00e9 deixou o Royal Lodge, em Windsor Great Park, no dia 2 de fevereiro, transferindo-se temporariamente para Wood Farm, em Sandringham, e depois para outra propriedade em obras. Andr\u00e9 respondeu \u00e0 expuls\u00e3o com raiva, alegando ser o \u201csegundo filho da rainha\u201d e dizendo que os mandaram embora, segundo uma fonte do The Sun on Sunday. A fonte tamb\u00e9m afirmou que o pr\u00edncipe recorreu \u00e0 rela\u00e7\u00e3o com a realeza para justificar a sua posi\u00e7\u00e3o, enquanto o representante n\u00e3o confirmou as declara\u00e7\u00f5es ao Page Six. Cerca de duas semanas ap\u00f3s a mudan\u00e7a, Andr\u00e9 foi detido no seu 66\u00ba anivers\u00e1rio, sob suspeita de m\u00e1 conduta no exerc\u00edcio de cargo p\u00fablico. A deten\u00e7\u00e3o ocorreu no contexto de uma investiga\u00e7\u00e3o sobre se o ex-pr\u00edncipe enviou relat\u00f3rios com informa\u00e7\u00e3o sens\u00edvel a Jeffrey Epstein, durante o mandato como representante especial do Reino Unido para o Com\u00e9rcio Internacional.\" \/>\n<meta property=\"og:url\" content=\"https:\/\/portaltela.pt\/noticias\/2026\/02\/22\/ex-principe-andre-reage-com-furia-a-saida-do-royal-lodge\/\" \/>\n<meta property=\"og:site_name\" content=\"Portal Tela Portugal\" \/>\n<meta property=\"article:published_time\" content=\"2026-02-22T22:15:11+00:00\" \/>\n<meta name=\"author\" content=\"Telinha\" \/>\n<meta name=\"twitter:card\" content=\"summary_large_image\" \/>\n<meta name=\"twitter:label1\" content=\"Escrito por\" \/>\n\t<meta name=\"twitter:data1\" content=\"Telinha\" \/>\n\t<meta name=\"twitter:label2\" content=\"Tempo estimado de leitura\" \/>\n\t<meta name=\"twitter:data2\" content=\"1 minuto\" \/>\n<script type=\"application\/ld+json\" class=\"yoast-schema-graph\">{\"@context\":\"https:\/\/schema.org\",\"@graph\":[{\"@type\":\"Article\",\"@id\":\"https:\/\/portaltela.pt\/noticias\/2026\/02\/22\/ex-principe-andre-reage-com-furia-a-saida-do-royal-lodge\/#article\",\"isPartOf\":{\"@id\":\"https:\/\/portaltela.pt\/noticias\/2026\/02\/22\/ex-principe-andre-reage-com-furia-a-saida-do-royal-lodge\/\"},\"author\":{\"name\":\"Telinha\",\"@id\":\"https:\/\/portaltela.pt\/#\/schema\/person\/c4278d4a6028830caff9ee44b42d32ed\"},\"headline\":\"Ex-pr\u00edncipe Andr\u00e9 reage com f\u00faria \u00e0 sa\u00edda do Royal Lodge\",\"datePublished\":\"2026-02-22T22:15:11+00:00\",\"mainEntityOfPage\":{\"@id\":\"https:\/\/portaltela.pt\/noticias\/2026\/02\/22\/ex-principe-andre-reage-com-furia-a-saida-do-royal-lodge\/\"},\"wordCount\":274,\"image\":{\"@id\":\"https:\/\/portaltela.pt\/noticias\/2026\/02\/22\/ex-principe-andre-reage-com-furia-a-saida-do-royal-lodge\/#primaryimage\"},\"thumbnailUrl\":\"https:\/\/portaltela.pt\/s.01k8rhncp4jt1\/2026\/02\/img_1280x718uu2026-02-08-21-50-00-2264589-2.jpg\",\"keywords\":[\"a nobreza\",\"crime\",\"fam\u00edlia\",\"investiga\u00e7\u00e3o\",\"Pol\u00edcia Judici\u00e1ria\",\"Reino Unido\"],\"articleSection\":[\"Not\u00edcias\"],\"inLanguage\":\"pt-PT\"},{\"@type\":\"WebPage\",\"@id\":\"https:\/\/portaltela.pt\/noticias\/2026\/02\/22\/ex-principe-andre-reage-com-furia-a-saida-do-royal-lodge\/\",\"url\":\"https:\/\/portaltela.pt\/noticias\/2026\/02\/22\/ex-principe-andre-reage-com-furia-a-saida-do-royal-lodge\/\",\"name\":\"Ex-pr\u00edncipe Andr\u00e9 reage com f\u00faria \u00e0 sa\u00edda do Royal Lodge - Portal Tela Portugal\",\"isPartOf\":{\"@id\":\"https:\/\/portaltela.pt\/#website\"},\"primaryImageOfPage\":{\"@id\":\"https:\/\/portaltela.pt\/noticias\/2026\/02\/22\/ex-principe-andre-reage-com-furia-a-saida-do-royal-lodge\/#primaryimage\"},\"image\":{\"@id\":\"https:\/\/portaltela.pt\/noticias\/2026\/02\/22\/ex-principe-andre-reage-com-furia-a-saida-do-royal-lodge\/#primaryimage\"},\"thumbnailUrl\":\"https:\/\/portaltela.pt\/s.01k8rhncp4jt1\/2026\/02\/img_1280x718uu2026-02-08-21-50-00-2264589-2.jpg\",\"datePublished\":\"2026-02-22T22:15:11+00:00\",\"author\":{\"@id\":\"https:\/\/portaltela.pt\/#\/schema\/person\/c4278d4a6028830caff9ee44b42d32ed\"},\"breadcrumb\":{\"@id\":\"https:\/\/portaltela.pt\/noticias\/2026\/02\/22\/ex-principe-andre-reage-com-furia-a-saida-do-royal-lodge\/#breadcrumb\"},\"inLanguage\":\"pt-PT\",\"potentialAction\":[{\"@type\":\"ReadAction\",\"target\":[\"https:\/\/portaltela.pt\/noticias\/2026\/02\/22\/ex-principe-andre-reage-com-furia-a-saida-do-royal-lodge\/\"]}]},{\"@type\":\"ImageObject\",\"inLanguage\":\"pt-PT\",\"@id\":\"https:\/\/portaltela.pt\/noticias\/2026\/02\/22\/ex-principe-andre-reage-com-furia-a-saida-do-royal-lodge\/#primaryimage\",\"url\":\"https:\/\/portaltela.pt\/s.01k8rhncp4jt1\/2026\/02\/img_1280x718uu2026-02-08-21-50-00-2264589-2.jpg\",\"contentUrl\":\"https:\/\/portaltela.pt\/s.01k8rhncp4jt1\/2026\/02\/img_1280x718uu2026-02-08-21-50-00-2264589-2.jpg\",\"width\":796,\"height\":448,\"caption\":\"Photo\"},{\"@type\":\"BreadcrumbList\",\"@id\":\"https:\/\/portaltela.pt\/noticias\/2026\/02\/22\/ex-principe-andre-reage-com-furia-a-saida-do-royal-lodge\/#breadcrumb\",\"itemListElement\":[{\"@type\":\"ListItem\",\"position\":1,\"name\":\"In\u00edcio\",\"item\":\"https:\/\/portaltela.pt\/\"},{\"@type\":\"ListItem\",\"position\":2,\"name\":\"Ex-pr\u00edncipe Andr\u00e9 reage com f\u00faria \u00e0 sa\u00edda do Royal Lodge\"}]},{\"@type\":\"WebSite\",\"@id\":\"https:\/\/portaltela.pt\/#website\",\"url\":\"https:\/\/portaltela.pt\/\",\"name\":\"Portal Tela Portugal\",\"description\":\"\",\"potentialAction\":[{\"@type\":\"SearchAction\",\"target\":{\"@type\":\"EntryPoint\",\"urlTemplate\":\"https:\/\/portaltela.pt\/?s={search_term_string}\"},\"query-input\":{\"@type\":\"PropertyValueSpecification\",\"valueRequired\":true,\"valueName\":\"search_term_string\"}}],\"inLanguage\":\"pt-PT\"},{\"@type\":\"Person\",\"@id\":\"https:\/\/portaltela.pt\/#\/schema\/person\/c4278d4a6028830caff9ee44b42d32ed\",\"name\":\"Telinha\",\"image\":{\"@type\":\"ImageObject\",\"inLanguage\":\"pt-PT\",\"@id\":\"https:\/\/portaltela.pt\/s.01k8rhncp4jt1\/2025\/11\/talking-bot-125x125.png\",\"url\":\"https:\/\/portaltela.pt\/s.01k8rhncp4jt1\/2025\/11\/talking-bot-125x125.png\",\"contentUrl\":\"https:\/\/portaltela.pt\/s.01k8rhncp4jt1\/2025\/11\/talking-bot-125x125.png\",\"caption\":\"Telinha\"},\"sameAs\":[\"https:\/\/portaltela.pt\/\"],\"url\":\"https:\/\/portaltela.pt\/por\/367410592786\/\"}]}<\/script>\n<!-- \/ Yoast SEO plugin. -->","yoast_head_json":{"title":"Ex-pr\u00edncipe Andr\u00e9 reage com f\u00faria \u00e0 sa\u00edda do Royal Lodge - Portal Tela Portugal","robots":{"index":"index","follow":"follow","max-snippet":"max-snippet:-1","max-image-preview":"max-image-preview:large","max-video-preview":"max-video-preview:-1"},"og_locale":"pt_PT","og_type":"article","og_title":"Ex-pr\u00edncipe Andr\u00e9 reage com f\u00faria \u00e0 sa\u00edda do Royal Lodge - Portal Tela Portugal","og_description":"O ex-pr\u00edncipe Andr\u00e9 deixou o Royal Lodge, em Windsor Great Park, no dia 2 de fevereiro, transferindo-se temporariamente para Wood Farm, em Sandringham, e depois para outra propriedade em obras. Andr\u00e9 respondeu \u00e0 expuls\u00e3o com raiva, alegando ser o \u201csegundo filho da rainha\u201d e dizendo que os mandaram embora, segundo uma fonte do The Sun on Sunday. A fonte tamb\u00e9m afirmou que o pr\u00edncipe recorreu \u00e0 rela\u00e7\u00e3o com a realeza para justificar a sua posi\u00e7\u00e3o, enquanto o representante n\u00e3o confirmou as declara\u00e7\u00f5es ao Page Six. Cerca de duas semanas ap\u00f3s a mudan\u00e7a, Andr\u00e9 foi detido no seu 66\u00ba anivers\u00e1rio, sob suspeita de m\u00e1 conduta no exerc\u00edcio de cargo p\u00fablico. A deten\u00e7\u00e3o ocorreu no contexto de uma investiga\u00e7\u00e3o sobre se o ex-pr\u00edncipe enviou relat\u00f3rios com informa\u00e7\u00e3o sens\u00edvel a Jeffrey Epstein, durante o mandato como representante especial do Reino Unido para o Com\u00e9rcio Internacional.","og_url":"https:\/\/portaltela.pt\/noticias\/2026\/02\/22\/ex-principe-andre-reage-com-furia-a-saida-do-royal-lodge\/","og_site_name":"Portal Tela Portugal","article_published_time":"2026-02-22T22:15:11+00:00","author":"Telinha","twitter_card":"summary_large_image","twitter_misc":{"Escrito por":"Telinha","Tempo estimado de leitura":"1 minuto"},"schema":{"@context":"https:\/\/schema.org","@graph":[{"@type":"Article","@id":"https:\/\/portaltela.pt\/noticias\/2026\/02\/22\/ex-principe-andre-reage-com-furia-a-saida-do-royal-lodge\/#article","isPartOf":{"@id":"https:\/\/portaltela.pt\/noticias\/2026\/02\/22\/ex-principe-andre-reage-com-furia-a-saida-do-royal-lodge\/"},"author":{"name":"Telinha","@id":"https:\/\/portaltela.pt\/#\/schema\/person\/c4278d4a6028830caff9ee44b42d32ed"},"headline":"Ex-pr\u00edncipe Andr\u00e9 reage com f\u00faria \u00e0 sa\u00edda do Royal Lodge","datePublished":"2026-02-22T22:15:11+00:00","mainEntityOfPage":{"@id":"https:\/\/portaltela.pt\/noticias\/2026\/02\/22\/ex-principe-andre-reage-com-furia-a-saida-do-royal-lodge\/"},"wordCount":274,"image":{"@id":"https:\/\/portaltela.pt\/noticias\/2026\/02\/22\/ex-principe-andre-reage-com-furia-a-saida-do-royal-lodge\/#primaryimage"},"thumbnailUrl":"https:\/\/portaltela.pt\/s.01k8rhncp4jt1\/2026\/02\/img_1280x718uu2026-02-08-21-50-00-2264589-2.jpg","keywords":["a nobreza","crime","fam\u00edlia","investiga\u00e7\u00e3o","Pol\u00edcia Judici\u00e1ria","Reino Unido"],"articleSection":["Not\u00edcias"],"inLanguage":"pt-PT"},{"@type":"WebPage","@id":"https:\/\/portaltela.pt\/noticias\/2026\/02\/22\/ex-principe-andre-reage-com-furia-a-saida-do-royal-lodge\/","url":"https:\/\/portaltela.pt\/noticias\/2026\/02\/22\/ex-principe-andre-reage-com-furia-a-saida-do-royal-lodge\/","name":"Ex-pr\u00edncipe Andr\u00e9 reage com f\u00faria \u00e0 sa\u00edda do Royal Lodge - Portal Tela Portugal","isPartOf":{"@id":"https:\/\/portaltela.pt\/#website"},"primaryImageOfPage":{"@id":"https:\/\/portaltela.pt\/noticias\/2026\/02\/22\/ex-principe-andre-reage-com-furia-a-saida-do-royal-lodge\/#primaryimage"},"image":{"@id":"https:\/\/portaltela.pt\/noticias\/2026\/02\/22\/ex-principe-andre-reage-com-furia-a-saida-do-royal-lodge\/#primaryimage"},"thumbnailUrl":"https:\/\/portaltela.pt\/s.01k8rhncp4jt1\/2026\/02\/img_1280x718uu2026-02-08-21-50-00-2264589-2.jpg","datePublished":"2026-02-22T22:15:11+00:00","author":{"@id":"https:\/\/portaltela.pt\/#\/schema\/person\/c4278d4a6028830caff9ee44b42d32ed"},"breadcrumb":{"@id":"https:\/\/portaltela.pt\/noticias\/2026\/02\/22\/ex-principe-andre-reage-com-furia-a-saida-do-royal-lodge\/#breadcrumb"},"inLanguage":"pt-PT","potentialAction":[{"@type":"ReadAction","target":["https:\/\/portaltela.pt\/noticias\/2026\/02\/22\/ex-principe-andre-reage-com-furia-a-saida-do-royal-lodge\/"]}]},{"@type":"ImageObject","inLanguage":"pt-PT","@id":"https:\/\/portaltela.pt\/noticias\/2026\/02\/22\/ex-principe-andre-reage-com-furia-a-saida-do-royal-lodge\/#primaryimage","url":"https:\/\/portaltela.pt\/s.01k8rhncp4jt1\/2026\/02\/img_1280x718uu2026-02-08-21-50-00-2264589-2.jpg","contentUrl":"https:\/\/portaltela.pt\/s.01k8rhncp4jt1\/2026\/02\/img_1280x718uu2026-02-08-21-50-00-2264589-2.jpg","width":796,"height":448,"caption":"Photo"},{"@type":"BreadcrumbList","@id":"https:\/\/portaltela.pt\/noticias\/2026\/02\/22\/ex-principe-andre-reage-com-furia-a-saida-do-royal-lodge\/#breadcrumb","itemListElement":[{"@type":"ListItem","position":1,"name":"In\u00edcio","item":"https:\/\/portaltela.pt\/"},{"@type":"ListItem","position":2,"name":"Ex-pr\u00edncipe Andr\u00e9 reage com f\u00faria \u00e0 sa\u00edda do Royal Lodge"}]},{"@type":"WebSite","@id":"https:\/\/portaltela.pt\/#website","url":"https:\/\/portaltela.pt\/","name":"Portal Tela Portugal","description":"","potentialAction":[{"@type":"SearchAction","target":{"@type":"EntryPoint","urlTemplate":"https:\/\/portaltela.pt\/?s={search_term_string}"},"query-input":{"@type":"PropertyValueSpecification","valueRequired":true,"valueName":"search_term_string"}}],"inLanguage":"pt-PT"},{"@type":"Person","@id":"https:\/\/portaltela.pt\/#\/schema\/person\/c4278d4a6028830caff9ee44b42d32ed","name":"Telinha","image":{"@type":"ImageObject","inLanguage":"pt-PT","@id":"https:\/\/portaltela.pt\/s.01k8rhncp4jt1\/2025\/11\/talking-bot-125x125.png","url":"https:\/\/portaltela.pt\/s.01k8rhncp4jt1\/2025\/11\/talking-bot-125x125.png","contentUrl":"https:\/\/portaltela.pt\/s.01k8rhncp4jt1\/2025\/11\/talking-bot-125x125.png","caption":"Telinha"},"sameAs":["https:\/\/portaltela.pt\/"],"url":"https:\/\/portaltela.pt\/por\/367410592786\/"}]}},"_links":{"self":[{"href":"https:\/\/portaltela.pt\/api\/wp\/v2\/posts\/222116","targetHints":{"allow":["GET"]}}],"collection":[{"href":"https:\/\/portaltela.pt\/api\/wp\/v2\/posts"}],"about":[{"href":"https:\/\/portaltela.pt\/api\/wp\/v2\/types\/post"}],"author":[{"embeddable":true,"href":"https:\/\/portaltela.pt\/api\/wp\/v2\/users\/2"}],"replies":[{"embeddable":true,"href":"https:\/\/portaltela.pt\/api\/wp\/v2\/comments?post=222116"}],"version-history":[{"count":0,"href":"https:\/\/portaltela.pt\/api\/wp\/v2\/posts\/222116\/revisions"}],"wp:featuredmedia":[{"embeddable":true,"href":"https:\/\/portaltela.pt\/api\/wp\/v2\/media\/222119"}],"wp:attachment":[{"href":"https:\/\/portaltela.pt\/api\/wp\/v2\/media?parent=222116"}],"wp:term":[{"taxonomy":"category","embeddable":true,"href":"https:\/\/portaltela.pt\/api\/wp\/v2\/categories?post=222116"},{"taxonomy":"post_tag","embeddable":true,"href":"https:\/\/portaltela.pt\/api\/wp\/v2\/tags?post=222116"}],"curies":[{"name":"wp","href":"https:\/\/api.w.org\/{rel}","templated":true}]}}