{"id":222110,"date":"2026-02-22T19:23:00","date_gmt":"2026-02-22T22:23:00","guid":{"rendered":"https:\/\/portaltela.pt\/noticias\/2026\/02\/22\/alpinista-italiano-morre-em-avalanche-na-suica\/"},"modified":"2026-02-22T19:23:00","modified_gmt":"2026-02-22T22:23:00","slug":"alpinista-italiano-morre-em-avalanche-na-suica","status":"publish","type":"post","link":"https:\/\/portaltela.pt\/desporto\/2026\/02\/22\/alpinista-italiano-morre-em-avalanche-na-suica\/","title":{"rendered":"Alpinista italiano morre em avalanche na Su\u00ed\u00e7a"},"content":{"rendered":"<p>O corpo de um jovem italiano desaparecido desde quarta-feira foi encontrado enterrado por uma avalancha nos Alpes orientais da Su\u00ed\u00e7a. A descoberta foi anunciada pela pol\u00edcia.<\/p>\n<p>Segundo a pol\u00edcia do cant\u00e3o de Graub\u00fcnden, o jovem tem 25 anos e era entusiasta de esqui e alpinismo. O alerta de busca foi emitido na quinta-feira, ap\u00f3s o seu desaparecimento em Pontresina.<\/p>\n<p>O cad\u00e1ver foi localizad o sob a neve em Val d&#8217;Arlas, ap\u00f3s dias de buscas com c\u00e3es farejadores e helic\u00f3pteros, informou o comunicado oficial.<\/p>\n<p>Segundo o site 20Minutes, o homem \u00e9 natural de N\u00e1poles e trabalhava na est\u00e2ncia de Saint Moritz.<\/p>\n<p>A forte queda de neve elevou o risco de avalanches em vastas \u00e1reas dos Alpes, contribuindo para o elevado n\u00famero de ocorr\u00eancias e mortes de esquiadores nas \u00faltimas semanas.<\/p>\n<h3>Contexto de avalanches<\/h3>\n<ul>\n<li>As autoridades destacam que as condi\u00e7\u00f5es muito inst\u00e1veis mant\u00eam o risco elevado em v\u00e1rias regi\u00f5es alpinas.<\/li>\n<li>As equipas continuam a monitorizar zonas de afloramento de neve e a realizar buscas adicionais onde necess\u00e1rio.<\/li>\n<\/ul>\n","protected":false},"excerpt":{"rendered":"<ul>\n<li>O corpo de um jovem italiano de 25 anos, desaparecido desde quarta-feira, foi encontrado debaixo de uma avalanche nos Alpes orientais su\u00ed\u00e7os.<\/li>\n<li>O achado ocorreu em Val d&#8217;Arlas, depois de dias de buscas com c\u00e3es farejadores e helic\u00f3pteros.<\/li>\n<li>O jovem era entusiasta de esqui e alpinismo e era natural de N\u00e1poles; trabalhava na est\u00e2ncia de Saint Moritz.<\/li>\n<li>O alerta de pesquisa foi acionado na quinta-feira, ap\u00f3s o desaparecimento em Pontresina.<\/li>\n<li>A forte queda de neve manteve elevado o risco de avalanches na regi\u00e3o, com v\u00e1rias mortes registadas nos \u00faltimos dias.<\/li>\n<\/ul>\n","protected":false},"author":2,"featured_media":222117,"comment_status":"closed","ping_status":"closed","sticky":false,"template":"","format":"standard","meta":{"footnotes":""},"categories":[21],"tags":[5008,1857,2991],"class_list":["post-222110","post","type-post","status-publish","format-standard","has-post-thumbnail","hentry","category-desporto","tag-esqui-de-fundo","tag-italia","tag-suica"],"yoast_head":"<!-- This site is optimized with the Yoast SEO plugin v27.2 - https:\/\/yoast.com\/product\/yoast-seo-wordpress\/ -->\n<title>Alpinista italiano morre em avalanche na Su\u00ed\u00e7a - Portal Tela Portugal<\/title>\n<meta name=\"robots\" content=\"index, follow, max-snippet:-1, max-image-preview:large, max-video-preview:-1\" \/>\n<meta property=\"og:locale\" content=\"pt_PT\" \/>\n<meta property=\"og:type\" content=\"article\" \/>\n<meta property=\"og:title\" content=\"Alpinista italiano morre em avalanche na Su\u00ed\u00e7a - Portal Tela Portugal\" \/>\n<meta property=\"og:description\" content=\"O corpo de um jovem italiano de 25 anos, desaparecido desde quarta-feira, foi encontrado debaixo de uma avalanche nos Alpes orientais su\u00ed\u00e7os. O achado ocorreu em Val d&#039;Arlas, depois de dias de buscas com c\u00e3es farejadores e helic\u00f3pteros. O jovem era entusiasta de esqui e alpinismo e era natural de N\u00e1poles; trabalhava na est\u00e2ncia de Saint Moritz. O alerta de pesquisa foi acionado na quinta-feira, ap\u00f3s o desaparecimento em Pontresina. A forte queda de neve manteve elevado o risco de avalanches na regi\u00e3o, com v\u00e1rias mortes registadas nos \u00faltimos dias.\" \/>\n<meta property=\"og:url\" content=\"https:\/\/portaltela.pt\/noticias\/2026\/02\/22\/alpinista-italiano-morre-em-avalanche-na-suica\/\" \/>\n<meta property=\"og:site_name\" content=\"Portal Tela Portugal\" \/>\n<meta property=\"article:published_time\" content=\"2026-02-22T22:23:00+00:00\" \/>\n<meta name=\"author\" content=\"Telinha\" \/>\n<meta name=\"twitter:card\" content=\"summary_large_image\" \/>\n<meta name=\"twitter:label1\" content=\"Escrito por\" \/>\n\t<meta name=\"twitter:data1\" content=\"Telinha\" \/>\n\t<meta name=\"twitter:label2\" content=\"Tempo estimado de leitura\" \/>\n\t<meta name=\"twitter:data2\" content=\"1 minuto\" \/>\n<script type=\"application\/ld+json\" class=\"yoast-schema-graph\">{\"@context\":\"https:\/\/schema.org\",\"@graph\":[{\"@type\":\"Article\",\"@id\":\"https:\/\/portaltela.pt\/noticias\/2026\/02\/22\/alpinista-italiano-morre-em-avalanche-na-suica\/#article\",\"isPartOf\":{\"@id\":\"https:\/\/portaltela.pt\/noticias\/2026\/02\/22\/alpinista-italiano-morre-em-avalanche-na-suica\/\"},\"author\":{\"name\":\"Telinha\",\"@id\":\"https:\/\/portaltela.pt\/#\/schema\/person\/c4278d4a6028830caff9ee44b42d32ed\"},\"headline\":\"Alpinista italiano morre em avalanche na Su\u00ed\u00e7a\",\"datePublished\":\"2026-02-22T22:23:00+00:00\",\"mainEntityOfPage\":{\"@id\":\"https:\/\/portaltela.pt\/noticias\/2026\/02\/22\/alpinista-italiano-morre-em-avalanche-na-suica\/\"},\"wordCount\":192,\"image\":{\"@id\":\"https:\/\/portaltela.pt\/noticias\/2026\/02\/22\/alpinista-italiano-morre-em-avalanche-na-suica\/#primaryimage\"},\"thumbnailUrl\":\"https:\/\/portaltela.pt\/s.01k8rhncp4jt1\/2026\/02\/image-1661.jpg\",\"keywords\":[\"esqui de fundo\",\"It\u00e1lia\",\"Su\u00ed\u00e7a\"],\"articleSection\":[\"Desporto\"],\"inLanguage\":\"pt-PT\"},{\"@type\":\"WebPage\",\"@id\":\"https:\/\/portaltela.pt\/noticias\/2026\/02\/22\/alpinista-italiano-morre-em-avalanche-na-suica\/\",\"url\":\"https:\/\/portaltela.pt\/noticias\/2026\/02\/22\/alpinista-italiano-morre-em-avalanche-na-suica\/\",\"name\":\"Alpinista italiano morre em avalanche na Su\u00ed\u00e7a - Portal Tela Portugal\",\"isPartOf\":{\"@id\":\"https:\/\/portaltela.pt\/#website\"},\"primaryImageOfPage\":{\"@id\":\"https:\/\/portaltela.pt\/noticias\/2026\/02\/22\/alpinista-italiano-morre-em-avalanche-na-suica\/#primaryimage\"},\"image\":{\"@id\":\"https:\/\/portaltela.pt\/noticias\/2026\/02\/22\/alpinista-italiano-morre-em-avalanche-na-suica\/#primaryimage\"},\"thumbnailUrl\":\"https:\/\/portaltela.pt\/s.01k8rhncp4jt1\/2026\/02\/image-1661.jpg\",\"datePublished\":\"2026-02-22T22:23:00+00:00\",\"author\":{\"@id\":\"https:\/\/portaltela.pt\/#\/schema\/person\/c4278d4a6028830caff9ee44b42d32ed\"},\"breadcrumb\":{\"@id\":\"https:\/\/portaltela.pt\/noticias\/2026\/02\/22\/alpinista-italiano-morre-em-avalanche-na-suica\/#breadcrumb\"},\"inLanguage\":\"pt-PT\",\"potentialAction\":[{\"@type\":\"ReadAction\",\"target\":[\"https:\/\/portaltela.pt\/noticias\/2026\/02\/22\/alpinista-italiano-morre-em-avalanche-na-suica\/\"]}]},{\"@type\":\"ImageObject\",\"inLanguage\":\"pt-PT\",\"@id\":\"https:\/\/portaltela.pt\/noticias\/2026\/02\/22\/alpinista-italiano-morre-em-avalanche-na-suica\/#primaryimage\",\"url\":\"https:\/\/portaltela.pt\/s.01k8rhncp4jt1\/2026\/02\/image-1661.jpg\",\"contentUrl\":\"https:\/\/portaltela.pt\/s.01k8rhncp4jt1\/2026\/02\/image-1661.jpg\",\"width\":796,\"height\":448,\"caption\":\"Foto: Jean-Pierre Clatot\/AFP\"},{\"@type\":\"BreadcrumbList\",\"@id\":\"https:\/\/portaltela.pt\/noticias\/2026\/02\/22\/alpinista-italiano-morre-em-avalanche-na-suica\/#breadcrumb\",\"itemListElement\":[{\"@type\":\"ListItem\",\"position\":1,\"name\":\"In\u00edcio\",\"item\":\"https:\/\/portaltela.pt\/\"},{\"@type\":\"ListItem\",\"position\":2,\"name\":\"Alpinista italiano morre em avalanche na Su\u00ed\u00e7a\"}]},{\"@type\":\"WebSite\",\"@id\":\"https:\/\/portaltela.pt\/#website\",\"url\":\"https:\/\/portaltela.pt\/\",\"name\":\"Portal Tela Portugal\",\"description\":\"\",\"potentialAction\":[{\"@type\":\"SearchAction\",\"target\":{\"@type\":\"EntryPoint\",\"urlTemplate\":\"https:\/\/portaltela.pt\/?s={search_term_string}\"},\"query-input\":{\"@type\":\"PropertyValueSpecification\",\"valueRequired\":true,\"valueName\":\"search_term_string\"}}],\"inLanguage\":\"pt-PT\"},{\"@type\":\"Person\",\"@id\":\"https:\/\/portaltela.pt\/#\/schema\/person\/c4278d4a6028830caff9ee44b42d32ed\",\"name\":\"Telinha\",\"image\":{\"@type\":\"ImageObject\",\"inLanguage\":\"pt-PT\",\"@id\":\"https:\/\/portaltela.pt\/s.01k8rhncp4jt1\/2025\/11\/talking-bot-125x125.png\",\"url\":\"https:\/\/portaltela.pt\/s.01k8rhncp4jt1\/2025\/11\/talking-bot-125x125.png\",\"contentUrl\":\"https:\/\/portaltela.pt\/s.01k8rhncp4jt1\/2025\/11\/talking-bot-125x125.png\",\"caption\":\"Telinha\"},\"sameAs\":[\"https:\/\/portaltela.pt\/\"],\"url\":\"https:\/\/portaltela.pt\/por\/367410592786\/\"}]}<\/script>\n<!-- \/ Yoast SEO plugin. -->","yoast_head_json":{"title":"Alpinista italiano morre em avalanche na Su\u00ed\u00e7a - Portal Tela Portugal","robots":{"index":"index","follow":"follow","max-snippet":"max-snippet:-1","max-image-preview":"max-image-preview:large","max-video-preview":"max-video-preview:-1"},"og_locale":"pt_PT","og_type":"article","og_title":"Alpinista italiano morre em avalanche na Su\u00ed\u00e7a - Portal Tela Portugal","og_description":"O corpo de um jovem italiano de 25 anos, desaparecido desde quarta-feira, foi encontrado debaixo de uma avalanche nos Alpes orientais su\u00ed\u00e7os. O achado ocorreu em Val d'Arlas, depois de dias de buscas com c\u00e3es farejadores e helic\u00f3pteros. O jovem era entusiasta de esqui e alpinismo e era natural de N\u00e1poles; trabalhava na est\u00e2ncia de Saint Moritz. O alerta de pesquisa foi acionado na quinta-feira, ap\u00f3s o desaparecimento em Pontresina. A forte queda de neve manteve elevado o risco de avalanches na regi\u00e3o, com v\u00e1rias mortes registadas nos \u00faltimos dias.","og_url":"https:\/\/portaltela.pt\/noticias\/2026\/02\/22\/alpinista-italiano-morre-em-avalanche-na-suica\/","og_site_name":"Portal Tela Portugal","article_published_time":"2026-02-22T22:23:00+00:00","author":"Telinha","twitter_card":"summary_large_image","twitter_misc":{"Escrito por":"Telinha","Tempo estimado de leitura":"1 minuto"},"schema":{"@context":"https:\/\/schema.org","@graph":[{"@type":"Article","@id":"https:\/\/portaltela.pt\/noticias\/2026\/02\/22\/alpinista-italiano-morre-em-avalanche-na-suica\/#article","isPartOf":{"@id":"https:\/\/portaltela.pt\/noticias\/2026\/02\/22\/alpinista-italiano-morre-em-avalanche-na-suica\/"},"author":{"name":"Telinha","@id":"https:\/\/portaltela.pt\/#\/schema\/person\/c4278d4a6028830caff9ee44b42d32ed"},"headline":"Alpinista italiano morre em avalanche na Su\u00ed\u00e7a","datePublished":"2026-02-22T22:23:00+00:00","mainEntityOfPage":{"@id":"https:\/\/portaltela.pt\/noticias\/2026\/02\/22\/alpinista-italiano-morre-em-avalanche-na-suica\/"},"wordCount":192,"image":{"@id":"https:\/\/portaltela.pt\/noticias\/2026\/02\/22\/alpinista-italiano-morre-em-avalanche-na-suica\/#primaryimage"},"thumbnailUrl":"https:\/\/portaltela.pt\/s.01k8rhncp4jt1\/2026\/02\/image-1661.jpg","keywords":["esqui de fundo","It\u00e1lia","Su\u00ed\u00e7a"],"articleSection":["Desporto"],"inLanguage":"pt-PT"},{"@type":"WebPage","@id":"https:\/\/portaltela.pt\/noticias\/2026\/02\/22\/alpinista-italiano-morre-em-avalanche-na-suica\/","url":"https:\/\/portaltela.pt\/noticias\/2026\/02\/22\/alpinista-italiano-morre-em-avalanche-na-suica\/","name":"Alpinista italiano morre em avalanche na Su\u00ed\u00e7a - Portal Tela Portugal","isPartOf":{"@id":"https:\/\/portaltela.pt\/#website"},"primaryImageOfPage":{"@id":"https:\/\/portaltela.pt\/noticias\/2026\/02\/22\/alpinista-italiano-morre-em-avalanche-na-suica\/#primaryimage"},"image":{"@id":"https:\/\/portaltela.pt\/noticias\/2026\/02\/22\/alpinista-italiano-morre-em-avalanche-na-suica\/#primaryimage"},"thumbnailUrl":"https:\/\/portaltela.pt\/s.01k8rhncp4jt1\/2026\/02\/image-1661.jpg","datePublished":"2026-02-22T22:23:00+00:00","author":{"@id":"https:\/\/portaltela.pt\/#\/schema\/person\/c4278d4a6028830caff9ee44b42d32ed"},"breadcrumb":{"@id":"https:\/\/portaltela.pt\/noticias\/2026\/02\/22\/alpinista-italiano-morre-em-avalanche-na-suica\/#breadcrumb"},"inLanguage":"pt-PT","potentialAction":[{"@type":"ReadAction","target":["https:\/\/portaltela.pt\/noticias\/2026\/02\/22\/alpinista-italiano-morre-em-avalanche-na-suica\/"]}]},{"@type":"ImageObject","inLanguage":"pt-PT","@id":"https:\/\/portaltela.pt\/noticias\/2026\/02\/22\/alpinista-italiano-morre-em-avalanche-na-suica\/#primaryimage","url":"https:\/\/portaltela.pt\/s.01k8rhncp4jt1\/2026\/02\/image-1661.jpg","contentUrl":"https:\/\/portaltela.pt\/s.01k8rhncp4jt1\/2026\/02\/image-1661.jpg","width":796,"height":448,"caption":"Foto: Jean-Pierre Clatot\/AFP"},{"@type":"BreadcrumbList","@id":"https:\/\/portaltela.pt\/noticias\/2026\/02\/22\/alpinista-italiano-morre-em-avalanche-na-suica\/#breadcrumb","itemListElement":[{"@type":"ListItem","position":1,"name":"In\u00edcio","item":"https:\/\/portaltela.pt\/"},{"@type":"ListItem","position":2,"name":"Alpinista italiano morre em avalanche na Su\u00ed\u00e7a"}]},{"@type":"WebSite","@id":"https:\/\/portaltela.pt\/#website","url":"https:\/\/portaltela.pt\/","name":"Portal Tela Portugal","description":"","potentialAction":[{"@type":"SearchAction","target":{"@type":"EntryPoint","urlTemplate":"https:\/\/portaltela.pt\/?s={search_term_string}"},"query-input":{"@type":"PropertyValueSpecification","valueRequired":true,"valueName":"search_term_string"}}],"inLanguage":"pt-PT"},{"@type":"Person","@id":"https:\/\/portaltela.pt\/#\/schema\/person\/c4278d4a6028830caff9ee44b42d32ed","name":"Telinha","image":{"@type":"ImageObject","inLanguage":"pt-PT","@id":"https:\/\/portaltela.pt\/s.01k8rhncp4jt1\/2025\/11\/talking-bot-125x125.png","url":"https:\/\/portaltela.pt\/s.01k8rhncp4jt1\/2025\/11\/talking-bot-125x125.png","contentUrl":"https:\/\/portaltela.pt\/s.01k8rhncp4jt1\/2025\/11\/talking-bot-125x125.png","caption":"Telinha"},"sameAs":["https:\/\/portaltela.pt\/"],"url":"https:\/\/portaltela.pt\/por\/367410592786\/"}]}},"_links":{"self":[{"href":"https:\/\/portaltela.pt\/api\/wp\/v2\/posts\/222110","targetHints":{"allow":["GET"]}}],"collection":[{"href":"https:\/\/portaltela.pt\/api\/wp\/v2\/posts"}],"about":[{"href":"https:\/\/portaltela.pt\/api\/wp\/v2\/types\/post"}],"author":[{"embeddable":true,"href":"https:\/\/portaltela.pt\/api\/wp\/v2\/users\/2"}],"replies":[{"embeddable":true,"href":"https:\/\/portaltela.pt\/api\/wp\/v2\/comments?post=222110"}],"version-history":[{"count":0,"href":"https:\/\/portaltela.pt\/api\/wp\/v2\/posts\/222110\/revisions"}],"wp:featuredmedia":[{"embeddable":true,"href":"https:\/\/portaltela.pt\/api\/wp\/v2\/media\/222117"}],"wp:attachment":[{"href":"https:\/\/portaltela.pt\/api\/wp\/v2\/media?parent=222110"}],"wp:term":[{"taxonomy":"category","embeddable":true,"href":"https:\/\/portaltela.pt\/api\/wp\/v2\/categories?post=222110"},{"taxonomy":"post_tag","embeddable":true,"href":"https:\/\/portaltela.pt\/api\/wp\/v2\/tags?post=222110"}],"curies":[{"name":"wp","href":"https:\/\/api.w.org\/{rel}","templated":true}]}}