{"id":222075,"date":"2026-02-22T18:27:00","date_gmt":"2026-02-22T21:27:00","guid":{"rendered":"https:\/\/portaltela.pt\/noticias\/2026\/02\/22\/luis-neves-mantem-secretarios-de-estado-da-antecessora-na-administracao-interna\/"},"modified":"2026-02-22T18:27:00","modified_gmt":"2026-02-22T21:27:00","slug":"luis-neves-mantem-secretarios-de-estado-da-antecessora-na-administracao-interna","status":"publish","type":"post","link":"https:\/\/portaltela.pt\/noticias\/politica\/2026\/02\/22\/luis-neves-mantem-secretarios-de-estado-da-antecessora-na-administracao-interna\/","title":{"rendered":"Lu\u00eds Neves mant\u00e9m secret\u00e1rios de Estado da antecessora na Administra\u00e7\u00e3o Interna"},"content":{"rendered":"<p>Lu\u00eds Neves vai tomar posse como ministro da Administra\u00e7\u00e3o Interna e manter\u00e1 no cargo os secret\u00e1rios de Estado Paulo Sim\u00f5es Ribeiro, Telmo Correia e Rui Rocha. A confirma\u00e7\u00e3o foi indireta pelo Presidente da Rep\u00fablica, atrav\u00e9s da agenda de tomada de posse. Os nomes ainda n\u00e3o tinham sido anunciados pelo Governo.<\/p>\n<p>A not\u00edcia surge ap\u00f3s a divulga\u00e7\u00e3o de uma nota de agenda associada \u00e0 cerim\u00f3nia de posse de Neves. A confirma\u00e7\u00e3o oficial de que os tr\u00eas secret\u00e1rios de Estado permanecer\u00e3o nos seus cargos depende de an\u00fancios formais do Executivo.<\/p>\n<h3>Secret\u00e1rios de Estado mant\u00eam fun\u00e7\u00f5es<\/h3>\n<p>O P\u00daBLICO avan\u00e7a, entretanto, que os governantes em causa j\u00e1 exerceram fun\u00e7\u00f5es ao lado de Maria L\u00facia Amaral, outra figura associada \u00e0 gest\u00e3o anterior. A confirma\u00e7\u00e3o final das nomea\u00e7\u00f5es dever\u00e1 ocorrer em breve, segundo fontes pr\u00f3ximas do processo.<\/p>\n","protected":false},"excerpt":{"rendered":"<ul>\n<li>Lu\u00eds Neves vai tomar posse como ministro da Administra\u00e7\u00e3o Interna.<\/li>\n<li>Secret\u00e1rios de Estado Paulo Sim\u00f5es Ribeiro, Telmo Correia e Rui Rocha mant\u00eam os cargos.<\/li>\n<li>Os tr\u00eas secret\u00e1rios tomam posse juntamente com Lu\u00eds Neves.<\/li>\n<li>A confirma\u00e7\u00e3o p\u00fablica veio indiretamente atrav\u00e9s da agenda de posse.<\/li>\n<li>O P\u00daBLICO confirmou que os governantes s\u00e3o os que estiveram ao lado de Maria L\u00facia Amaral.<\/li>\n<\/ul>\n","protected":false},"author":2,"featured_media":222076,"comment_status":"closed","ping_status":"closed","sticky":false,"template":"","format":"standard","meta":{"footnotes":""},"categories":[1,5],"tags":[5806,34,4523,2832,30],"class_list":["post-222075","post","type-post","status-publish","format-standard","has-post-thumbnail","hentry","category-noticias","category-politica","tag-a-administracao-interna","tag-governo","tag-nomeacoes","tag-politica","tag-presidente"],"yoast_head":"<!-- This site is optimized with the Yoast SEO plugin v27.2 - https:\/\/yoast.com\/product\/yoast-seo-wordpress\/ -->\n<title>Lu\u00eds Neves mant\u00e9m secret\u00e1rios de Estado da antecessora na Administra\u00e7\u00e3o Interna - Portal Tela Portugal<\/title>\n<meta name=\"robots\" content=\"index, follow, max-snippet:-1, max-image-preview:large, max-video-preview:-1\" \/>\n<meta property=\"og:locale\" content=\"pt_PT\" \/>\n<meta property=\"og:type\" content=\"article\" \/>\n<meta property=\"og:title\" content=\"Lu\u00eds Neves mant\u00e9m secret\u00e1rios de Estado da antecessora na Administra\u00e7\u00e3o Interna - Portal Tela Portugal\" \/>\n<meta property=\"og:description\" content=\"Lu\u00eds Neves vai tomar posse como ministro da Administra\u00e7\u00e3o Interna. Secret\u00e1rios de Estado Paulo Sim\u00f5es Ribeiro, Telmo Correia e Rui Rocha mant\u00eam os cargos. Os tr\u00eas secret\u00e1rios tomam posse juntamente com Lu\u00eds Neves. A confirma\u00e7\u00e3o p\u00fablica veio indiretamente atrav\u00e9s da agenda de posse. O P\u00daBLICO confirmou que os governantes s\u00e3o os que estiveram ao lado de Maria L\u00facia Amaral.\" \/>\n<meta property=\"og:url\" content=\"https:\/\/portaltela.pt\/noticias\/2026\/02\/22\/luis-neves-mantem-secretarios-de-estado-da-antecessora-na-administracao-interna\/\" \/>\n<meta property=\"og:site_name\" content=\"Portal Tela Portugal\" \/>\n<meta property=\"article:published_time\" content=\"2026-02-22T21:27:00+00:00\" \/>\n<meta name=\"author\" content=\"Telinha\" \/>\n<meta name=\"twitter:card\" content=\"summary_large_image\" \/>\n<meta name=\"twitter:label1\" content=\"Escrito por\" \/>\n\t<meta name=\"twitter:data1\" content=\"Telinha\" \/>\n\t<meta name=\"twitter:label2\" content=\"Tempo estimado de leitura\" \/>\n\t<meta name=\"twitter:data2\" content=\"1 minuto\" \/>\n<script type=\"application\/ld+json\" class=\"yoast-schema-graph\">{\"@context\":\"https:\/\/schema.org\",\"@graph\":[{\"@type\":\"Article\",\"@id\":\"https:\/\/portaltela.pt\/noticias\/2026\/02\/22\/luis-neves-mantem-secretarios-de-estado-da-antecessora-na-administracao-interna\/#article\",\"isPartOf\":{\"@id\":\"https:\/\/portaltela.pt\/noticias\/2026\/02\/22\/luis-neves-mantem-secretarios-de-estado-da-antecessora-na-administracao-interna\/\"},\"author\":{\"name\":\"Telinha\",\"@id\":\"https:\/\/portaltela.pt\/#\/schema\/person\/c4278d4a6028830caff9ee44b42d32ed\"},\"headline\":\"Lu\u00eds Neves mant\u00e9m secret\u00e1rios de Estado da antecessora na Administra\u00e7\u00e3o Interna\",\"datePublished\":\"2026-02-22T21:27:00+00:00\",\"mainEntityOfPage\":{\"@id\":\"https:\/\/portaltela.pt\/noticias\/2026\/02\/22\/luis-neves-mantem-secretarios-de-estado-da-antecessora-na-administracao-interna\/\"},\"wordCount\":172,\"image\":{\"@id\":\"https:\/\/portaltela.pt\/noticias\/2026\/02\/22\/luis-neves-mantem-secretarios-de-estado-da-antecessora-na-administracao-interna\/#primaryimage\"},\"thumbnailUrl\":\"https:\/\/portaltela.pt\/s.01k8rhncp4jt1\/2026\/02\/2069040.jpg\",\"keywords\":[\"A Administra\u00e7\u00e3o Interna\",\"governo\",\"nomea\u00e7\u00f5es\",\"pol\u00edtica\",\"presidente\"],\"articleSection\":[\"Not\u00edcias\",\"Pol\u00edtica\"],\"inLanguage\":\"pt-PT\"},{\"@type\":\"WebPage\",\"@id\":\"https:\/\/portaltela.pt\/noticias\/2026\/02\/22\/luis-neves-mantem-secretarios-de-estado-da-antecessora-na-administracao-interna\/\",\"url\":\"https:\/\/portaltela.pt\/noticias\/2026\/02\/22\/luis-neves-mantem-secretarios-de-estado-da-antecessora-na-administracao-interna\/\",\"name\":\"Lu\u00eds Neves mant\u00e9m secret\u00e1rios de Estado da antecessora na Administra\u00e7\u00e3o Interna - Portal Tela Portugal\",\"isPartOf\":{\"@id\":\"https:\/\/portaltela.pt\/#website\"},\"primaryImageOfPage\":{\"@id\":\"https:\/\/portaltela.pt\/noticias\/2026\/02\/22\/luis-neves-mantem-secretarios-de-estado-da-antecessora-na-administracao-interna\/#primaryimage\"},\"image\":{\"@id\":\"https:\/\/portaltela.pt\/noticias\/2026\/02\/22\/luis-neves-mantem-secretarios-de-estado-da-antecessora-na-administracao-interna\/#primaryimage\"},\"thumbnailUrl\":\"https:\/\/portaltela.pt\/s.01k8rhncp4jt1\/2026\/02\/2069040.jpg\",\"datePublished\":\"2026-02-22T21:27:00+00:00\",\"author\":{\"@id\":\"https:\/\/portaltela.pt\/#\/schema\/person\/c4278d4a6028830caff9ee44b42d32ed\"},\"breadcrumb\":{\"@id\":\"https:\/\/portaltela.pt\/noticias\/2026\/02\/22\/luis-neves-mantem-secretarios-de-estado-da-antecessora-na-administracao-interna\/#breadcrumb\"},\"inLanguage\":\"pt-PT\",\"potentialAction\":[{\"@type\":\"ReadAction\",\"target\":[\"https:\/\/portaltela.pt\/noticias\/2026\/02\/22\/luis-neves-mantem-secretarios-de-estado-da-antecessora-na-administracao-interna\/\"]}]},{\"@type\":\"ImageObject\",\"inLanguage\":\"pt-PT\",\"@id\":\"https:\/\/portaltela.pt\/noticias\/2026\/02\/22\/luis-neves-mantem-secretarios-de-estado-da-antecessora-na-administracao-interna\/#primaryimage\",\"url\":\"https:\/\/portaltela.pt\/s.01k8rhncp4jt1\/2026\/02\/2069040.jpg\",\"contentUrl\":\"https:\/\/portaltela.pt\/s.01k8rhncp4jt1\/2026\/02\/2069040.jpg\",\"width\":796,\"height\":448,\"caption\":\"Equipa de Lu\u00eds Neves no minist\u00e9rio mant\u00e9m-se com os tr\u00eas secret\u00e1rios de Estado que trabalharam com Maria L\u00facia Amaral\"},{\"@type\":\"BreadcrumbList\",\"@id\":\"https:\/\/portaltela.pt\/noticias\/2026\/02\/22\/luis-neves-mantem-secretarios-de-estado-da-antecessora-na-administracao-interna\/#breadcrumb\",\"itemListElement\":[{\"@type\":\"ListItem\",\"position\":1,\"name\":\"In\u00edcio\",\"item\":\"https:\/\/portaltela.pt\/\"},{\"@type\":\"ListItem\",\"position\":2,\"name\":\"Lu\u00eds Neves mant\u00e9m secret\u00e1rios de Estado da antecessora na Administra\u00e7\u00e3o Interna\"}]},{\"@type\":\"WebSite\",\"@id\":\"https:\/\/portaltela.pt\/#website\",\"url\":\"https:\/\/portaltela.pt\/\",\"name\":\"Portal Tela Portugal\",\"description\":\"\",\"potentialAction\":[{\"@type\":\"SearchAction\",\"target\":{\"@type\":\"EntryPoint\",\"urlTemplate\":\"https:\/\/portaltela.pt\/?s={search_term_string}\"},\"query-input\":{\"@type\":\"PropertyValueSpecification\",\"valueRequired\":true,\"valueName\":\"search_term_string\"}}],\"inLanguage\":\"pt-PT\"},{\"@type\":\"Person\",\"@id\":\"https:\/\/portaltela.pt\/#\/schema\/person\/c4278d4a6028830caff9ee44b42d32ed\",\"name\":\"Telinha\",\"image\":{\"@type\":\"ImageObject\",\"inLanguage\":\"pt-PT\",\"@id\":\"https:\/\/portaltela.pt\/s.01k8rhncp4jt1\/2025\/11\/talking-bot-125x125.png\",\"url\":\"https:\/\/portaltela.pt\/s.01k8rhncp4jt1\/2025\/11\/talking-bot-125x125.png\",\"contentUrl\":\"https:\/\/portaltela.pt\/s.01k8rhncp4jt1\/2025\/11\/talking-bot-125x125.png\",\"caption\":\"Telinha\"},\"sameAs\":[\"https:\/\/portaltela.pt\/\"],\"url\":\"https:\/\/portaltela.pt\/por\/367410592786\/\"}]}<\/script>\n<!-- \/ Yoast SEO plugin. -->","yoast_head_json":{"title":"Lu\u00eds Neves mant\u00e9m secret\u00e1rios de Estado da antecessora na Administra\u00e7\u00e3o Interna - Portal Tela Portugal","robots":{"index":"index","follow":"follow","max-snippet":"max-snippet:-1","max-image-preview":"max-image-preview:large","max-video-preview":"max-video-preview:-1"},"og_locale":"pt_PT","og_type":"article","og_title":"Lu\u00eds Neves mant\u00e9m secret\u00e1rios de Estado da antecessora na Administra\u00e7\u00e3o Interna - Portal Tela Portugal","og_description":"Lu\u00eds Neves vai tomar posse como ministro da Administra\u00e7\u00e3o Interna. Secret\u00e1rios de Estado Paulo Sim\u00f5es Ribeiro, Telmo Correia e Rui Rocha mant\u00eam os cargos. Os tr\u00eas secret\u00e1rios tomam posse juntamente com Lu\u00eds Neves. A confirma\u00e7\u00e3o p\u00fablica veio indiretamente atrav\u00e9s da agenda de posse. O P\u00daBLICO confirmou que os governantes s\u00e3o os que estiveram ao lado de Maria L\u00facia Amaral.","og_url":"https:\/\/portaltela.pt\/noticias\/2026\/02\/22\/luis-neves-mantem-secretarios-de-estado-da-antecessora-na-administracao-interna\/","og_site_name":"Portal Tela Portugal","article_published_time":"2026-02-22T21:27:00+00:00","author":"Telinha","twitter_card":"summary_large_image","twitter_misc":{"Escrito por":"Telinha","Tempo estimado de leitura":"1 minuto"},"schema":{"@context":"https:\/\/schema.org","@graph":[{"@type":"Article","@id":"https:\/\/portaltela.pt\/noticias\/2026\/02\/22\/luis-neves-mantem-secretarios-de-estado-da-antecessora-na-administracao-interna\/#article","isPartOf":{"@id":"https:\/\/portaltela.pt\/noticias\/2026\/02\/22\/luis-neves-mantem-secretarios-de-estado-da-antecessora-na-administracao-interna\/"},"author":{"name":"Telinha","@id":"https:\/\/portaltela.pt\/#\/schema\/person\/c4278d4a6028830caff9ee44b42d32ed"},"headline":"Lu\u00eds Neves mant\u00e9m secret\u00e1rios de Estado da antecessora na Administra\u00e7\u00e3o Interna","datePublished":"2026-02-22T21:27:00+00:00","mainEntityOfPage":{"@id":"https:\/\/portaltela.pt\/noticias\/2026\/02\/22\/luis-neves-mantem-secretarios-de-estado-da-antecessora-na-administracao-interna\/"},"wordCount":172,"image":{"@id":"https:\/\/portaltela.pt\/noticias\/2026\/02\/22\/luis-neves-mantem-secretarios-de-estado-da-antecessora-na-administracao-interna\/#primaryimage"},"thumbnailUrl":"https:\/\/portaltela.pt\/s.01k8rhncp4jt1\/2026\/02\/2069040.jpg","keywords":["A Administra\u00e7\u00e3o Interna","governo","nomea\u00e7\u00f5es","pol\u00edtica","presidente"],"articleSection":["Not\u00edcias","Pol\u00edtica"],"inLanguage":"pt-PT"},{"@type":"WebPage","@id":"https:\/\/portaltela.pt\/noticias\/2026\/02\/22\/luis-neves-mantem-secretarios-de-estado-da-antecessora-na-administracao-interna\/","url":"https:\/\/portaltela.pt\/noticias\/2026\/02\/22\/luis-neves-mantem-secretarios-de-estado-da-antecessora-na-administracao-interna\/","name":"Lu\u00eds Neves mant\u00e9m secret\u00e1rios de Estado da antecessora na Administra\u00e7\u00e3o Interna - Portal Tela Portugal","isPartOf":{"@id":"https:\/\/portaltela.pt\/#website"},"primaryImageOfPage":{"@id":"https:\/\/portaltela.pt\/noticias\/2026\/02\/22\/luis-neves-mantem-secretarios-de-estado-da-antecessora-na-administracao-interna\/#primaryimage"},"image":{"@id":"https:\/\/portaltela.pt\/noticias\/2026\/02\/22\/luis-neves-mantem-secretarios-de-estado-da-antecessora-na-administracao-interna\/#primaryimage"},"thumbnailUrl":"https:\/\/portaltela.pt\/s.01k8rhncp4jt1\/2026\/02\/2069040.jpg","datePublished":"2026-02-22T21:27:00+00:00","author":{"@id":"https:\/\/portaltela.pt\/#\/schema\/person\/c4278d4a6028830caff9ee44b42d32ed"},"breadcrumb":{"@id":"https:\/\/portaltela.pt\/noticias\/2026\/02\/22\/luis-neves-mantem-secretarios-de-estado-da-antecessora-na-administracao-interna\/#breadcrumb"},"inLanguage":"pt-PT","potentialAction":[{"@type":"ReadAction","target":["https:\/\/portaltela.pt\/noticias\/2026\/02\/22\/luis-neves-mantem-secretarios-de-estado-da-antecessora-na-administracao-interna\/"]}]},{"@type":"ImageObject","inLanguage":"pt-PT","@id":"https:\/\/portaltela.pt\/noticias\/2026\/02\/22\/luis-neves-mantem-secretarios-de-estado-da-antecessora-na-administracao-interna\/#primaryimage","url":"https:\/\/portaltela.pt\/s.01k8rhncp4jt1\/2026\/02\/2069040.jpg","contentUrl":"https:\/\/portaltela.pt\/s.01k8rhncp4jt1\/2026\/02\/2069040.jpg","width":796,"height":448,"caption":"Equipa de Lu\u00eds Neves no minist\u00e9rio mant\u00e9m-se com os tr\u00eas secret\u00e1rios de Estado que trabalharam com Maria L\u00facia Amaral"},{"@type":"BreadcrumbList","@id":"https:\/\/portaltela.pt\/noticias\/2026\/02\/22\/luis-neves-mantem-secretarios-de-estado-da-antecessora-na-administracao-interna\/#breadcrumb","itemListElement":[{"@type":"ListItem","position":1,"name":"In\u00edcio","item":"https:\/\/portaltela.pt\/"},{"@type":"ListItem","position":2,"name":"Lu\u00eds Neves mant\u00e9m secret\u00e1rios de Estado da antecessora na Administra\u00e7\u00e3o Interna"}]},{"@type":"WebSite","@id":"https:\/\/portaltela.pt\/#website","url":"https:\/\/portaltela.pt\/","name":"Portal Tela Portugal","description":"","potentialAction":[{"@type":"SearchAction","target":{"@type":"EntryPoint","urlTemplate":"https:\/\/portaltela.pt\/?s={search_term_string}"},"query-input":{"@type":"PropertyValueSpecification","valueRequired":true,"valueName":"search_term_string"}}],"inLanguage":"pt-PT"},{"@type":"Person","@id":"https:\/\/portaltela.pt\/#\/schema\/person\/c4278d4a6028830caff9ee44b42d32ed","name":"Telinha","image":{"@type":"ImageObject","inLanguage":"pt-PT","@id":"https:\/\/portaltela.pt\/s.01k8rhncp4jt1\/2025\/11\/talking-bot-125x125.png","url":"https:\/\/portaltela.pt\/s.01k8rhncp4jt1\/2025\/11\/talking-bot-125x125.png","contentUrl":"https:\/\/portaltela.pt\/s.01k8rhncp4jt1\/2025\/11\/talking-bot-125x125.png","caption":"Telinha"},"sameAs":["https:\/\/portaltela.pt\/"],"url":"https:\/\/portaltela.pt\/por\/367410592786\/"}]}},"_links":{"self":[{"href":"https:\/\/portaltela.pt\/api\/wp\/v2\/posts\/222075","targetHints":{"allow":["GET"]}}],"collection":[{"href":"https:\/\/portaltela.pt\/api\/wp\/v2\/posts"}],"about":[{"href":"https:\/\/portaltela.pt\/api\/wp\/v2\/types\/post"}],"author":[{"embeddable":true,"href":"https:\/\/portaltela.pt\/api\/wp\/v2\/users\/2"}],"replies":[{"embeddable":true,"href":"https:\/\/portaltela.pt\/api\/wp\/v2\/comments?post=222075"}],"version-history":[{"count":0,"href":"https:\/\/portaltela.pt\/api\/wp\/v2\/posts\/222075\/revisions"}],"wp:featuredmedia":[{"embeddable":true,"href":"https:\/\/portaltela.pt\/api\/wp\/v2\/media\/222076"}],"wp:attachment":[{"href":"https:\/\/portaltela.pt\/api\/wp\/v2\/media?parent=222075"}],"wp:term":[{"taxonomy":"category","embeddable":true,"href":"https:\/\/portaltela.pt\/api\/wp\/v2\/categories?post=222075"},{"taxonomy":"post_tag","embeddable":true,"href":"https:\/\/portaltela.pt\/api\/wp\/v2\/tags?post=222075"}],"curies":[{"name":"wp","href":"https:\/\/api.w.org\/{rel}","templated":true}]}}