{"id":222059,"date":"2026-02-22T18:10:00","date_gmt":"2026-02-22T21:10:00","guid":{"rendered":"https:\/\/portaltela.pt\/noticias\/2026\/02\/22\/bah-regressa-a-competicao-e-e-saudado-pelos-colegas\/"},"modified":"2026-02-22T18:10:00","modified_gmt":"2026-02-22T21:10:00","slug":"bah-regressa-a-competicao-e-e-saudado-pelos-colegas","status":"publish","type":"post","link":"https:\/\/portaltela.pt\/desporto\/futebol\/2026\/02\/22\/bah-regressa-a-competicao-e-e-saudado-pelos-colegas\/","title":{"rendered":"Bah regressa \u00e0 competi\u00e7\u00e3o e \u00e9 saudado pelos colegas"},"content":{"rendered":"<p>O Benfica venceu o AVS por 3-0, com Bah a marcar e a regressar \u00e0 competi\u00e7\u00e3o ap\u00f3s mais de um ano ausente devido a uma rotura completa do ligamento cruzado anterior esquerdo, sofrida a 8 de fevereiro de 2025. A atua\u00e7\u00e3o do camisola 6 marcou o in\u00edcio da vit\u00f3ria.<\/p>\n<p>Bah regressou em pleno ap\u00f3s a longa paragem, destacando-se como ponto de virada da partida. O triunfo mant\u00e9m o Benfica firme na senda de resultados positivos na temporada.<\/p>\n<p>Trubin, Aursnes e Schjelderup proferiram mensagens de \u00c2nimo nas redes sociais, refletindo a liga\u00e7\u00e3o entre os jogadores. Trubin elogiou a recupera\u00e7\u00e3o do companheiro, Aursnes escreveu uma sauda\u00e7\u00e3o de boa entrada e Schjelderup, o melhor em campo, dirigiu-se a Bah como irm\u00e3o.<\/p>\n<h3>Mensagens de apoio nas redes<\/h3>\n<ul>\n<li>Trubin elogiou publicamente a evolu\u00e7\u00e3o de Bah ap\u00f3s o regresso.<\/li>\n<li>Aursnes, ausente do jogo para recuperar para a pr\u00f3xima desloca\u00e7\u00e3o a Madrid, desejou as boas-vindas.<\/li>\n<li>Schjelderup reconheceu Bah como o seu irm\u00e3o, enaltecendo o momento da reta final do regresso.<\/li>\n<\/ul>\n","protected":false},"excerpt":{"rendered":"<ul>\n<li>O Benfica venceu o AVS por 3-0, com Bah a marcar e a regressar \u00e0 competi\u00e7\u00e3o.<\/li>\n<li>Bah voltou ap\u00f3s mais de um ano ausente devido \u00e0 rotura completa do ligamento cruzado anterior do joelho esquerdo, sofrida a 8 de fevereiro de 2025.<\/li>\n<li>O golo inicial do encontro ajudou a desenhar a vit\u00f3ria diante do AVS.<\/li>\n<li>V\u00e1rios colegas elogiaram o regresso nas redes sociais: o guarda-redes Trubin disse \u201cFeliz por ver-te de volta\u201d, Aursnes escreveu \u201cBem-vindo de volta\u201d e Schjelderup, considerado o Homem do Jogo, chamou Bah de \u201cmeu irm\u00e3o\u201d.<\/li>\n<li>Aursnes ficou de fora do jogo para descansar antes da desloca\u00e7\u00e3o a Madrid; Schjelderup foi considerado o Homem do Jogo.<\/li>\n<\/ul>\n","protected":false},"author":2,"featured_media":222060,"comment_status":"closed","ping_status":"closed","sticky":false,"template":"","format":"standard","meta":{"footnotes":""},"categories":[21,24],"tags":[3758,1946,3972,32,5654,6257],"class_list":["post-222059","post","type-post","status-publish","format-standard","has-post-thumbnail","hentry","category-desporto","category-futebol","tag-aursnes","tag-benfica","tag-benfica-sad","tag-futebol","tag-schjelderup","tag-trubin"],"yoast_head":"<!-- This site is optimized with the Yoast SEO plugin v27.2 - https:\/\/yoast.com\/product\/yoast-seo-wordpress\/ -->\n<title>Bah regressa \u00e0 competi\u00e7\u00e3o e \u00e9 saudado pelos colegas - Portal Tela Portugal<\/title>\n<meta name=\"robots\" content=\"index, follow, max-snippet:-1, max-image-preview:large, max-video-preview:-1\" \/>\n<meta property=\"og:locale\" content=\"pt_PT\" \/>\n<meta property=\"og:type\" content=\"article\" \/>\n<meta property=\"og:title\" content=\"Bah regressa \u00e0 competi\u00e7\u00e3o e \u00e9 saudado pelos colegas - Portal Tela Portugal\" \/>\n<meta property=\"og:description\" content=\"O Benfica venceu o AVS por 3-0, com Bah a marcar e a regressar \u00e0 competi\u00e7\u00e3o. Bah voltou ap\u00f3s mais de um ano ausente devido \u00e0 rotura completa do ligamento cruzado anterior do joelho esquerdo, sofrida a 8 de fevereiro de 2025. O golo inicial do encontro ajudou a desenhar a vit\u00f3ria diante do AVS. V\u00e1rios colegas elogiaram o regresso nas redes sociais: o guarda-redes Trubin disse \u201cFeliz por ver-te de volta\u201d, Aursnes escreveu \u201cBem-vindo de volta\u201d e Schjelderup, considerado o Homem do Jogo, chamou Bah de \u201cmeu irm\u00e3o\u201d. Aursnes ficou de fora do jogo para descansar antes da desloca\u00e7\u00e3o a Madrid; Schjelderup foi considerado o Homem do Jogo.\" \/>\n<meta property=\"og:url\" content=\"https:\/\/portaltela.pt\/noticias\/2026\/02\/22\/bah-regressa-a-competicao-e-e-saudado-pelos-colegas\/\" \/>\n<meta property=\"og:site_name\" content=\"Portal Tela Portugal\" \/>\n<meta property=\"article:published_time\" content=\"2026-02-22T21:10:00+00:00\" \/>\n<meta name=\"author\" content=\"Telinha\" \/>\n<meta name=\"twitter:card\" content=\"summary_large_image\" \/>\n<meta name=\"twitter:label1\" content=\"Escrito por\" \/>\n\t<meta name=\"twitter:data1\" content=\"Telinha\" \/>\n\t<meta name=\"twitter:label2\" content=\"Tempo estimado de leitura\" \/>\n\t<meta name=\"twitter:data2\" content=\"1 minuto\" \/>\n<script type=\"application\/ld+json\" class=\"yoast-schema-graph\">{\"@context\":\"https:\/\/schema.org\",\"@graph\":[{\"@type\":\"Article\",\"@id\":\"https:\/\/portaltela.pt\/noticias\/2026\/02\/22\/bah-regressa-a-competicao-e-e-saudado-pelos-colegas\/#article\",\"isPartOf\":{\"@id\":\"https:\/\/portaltela.pt\/noticias\/2026\/02\/22\/bah-regressa-a-competicao-e-e-saudado-pelos-colegas\/\"},\"author\":{\"name\":\"Telinha\",\"@id\":\"https:\/\/portaltela.pt\/#\/schema\/person\/c4278d4a6028830caff9ee44b42d32ed\"},\"headline\":\"Bah regressa \u00e0 competi\u00e7\u00e3o e \u00e9 saudado pelos colegas\",\"datePublished\":\"2026-02-22T21:10:00+00:00\",\"mainEntityOfPage\":{\"@id\":\"https:\/\/portaltela.pt\/noticias\/2026\/02\/22\/bah-regressa-a-competicao-e-e-saudado-pelos-colegas\/\"},\"wordCount\":183,\"image\":{\"@id\":\"https:\/\/portaltela.pt\/noticias\/2026\/02\/22\/bah-regressa-a-competicao-e-e-saudado-pelos-colegas\/#primaryimage\"},\"thumbnailUrl\":\"https:\/\/portaltela.pt\/s.01k8rhncp4jt1\/2026\/02\/img_1200x721uu2026-02-22-21-07-37-2423190.jpg\",\"keywords\":[\"Aursnes\",\"Benfica\",\"Benfica SAD\",\"futebol\",\"Schjelderup\",\"Trubin\"],\"articleSection\":[\"Desporto\",\"Futebol\"],\"inLanguage\":\"pt-PT\"},{\"@type\":\"WebPage\",\"@id\":\"https:\/\/portaltela.pt\/noticias\/2026\/02\/22\/bah-regressa-a-competicao-e-e-saudado-pelos-colegas\/\",\"url\":\"https:\/\/portaltela.pt\/noticias\/2026\/02\/22\/bah-regressa-a-competicao-e-e-saudado-pelos-colegas\/\",\"name\":\"Bah regressa \u00e0 competi\u00e7\u00e3o e \u00e9 saudado pelos colegas - Portal Tela Portugal\",\"isPartOf\":{\"@id\":\"https:\/\/portaltela.pt\/#website\"},\"primaryImageOfPage\":{\"@id\":\"https:\/\/portaltela.pt\/noticias\/2026\/02\/22\/bah-regressa-a-competicao-e-e-saudado-pelos-colegas\/#primaryimage\"},\"image\":{\"@id\":\"https:\/\/portaltela.pt\/noticias\/2026\/02\/22\/bah-regressa-a-competicao-e-e-saudado-pelos-colegas\/#primaryimage\"},\"thumbnailUrl\":\"https:\/\/portaltela.pt\/s.01k8rhncp4jt1\/2026\/02\/img_1200x721uu2026-02-22-21-07-37-2423190.jpg\",\"datePublished\":\"2026-02-22T21:10:00+00:00\",\"author\":{\"@id\":\"https:\/\/portaltela.pt\/#\/schema\/person\/c4278d4a6028830caff9ee44b42d32ed\"},\"breadcrumb\":{\"@id\":\"https:\/\/portaltela.pt\/noticias\/2026\/02\/22\/bah-regressa-a-competicao-e-e-saudado-pelos-colegas\/#breadcrumb\"},\"inLanguage\":\"pt-PT\",\"potentialAction\":[{\"@type\":\"ReadAction\",\"target\":[\"https:\/\/portaltela.pt\/noticias\/2026\/02\/22\/bah-regressa-a-competicao-e-e-saudado-pelos-colegas\/\"]}]},{\"@type\":\"ImageObject\",\"inLanguage\":\"pt-PT\",\"@id\":\"https:\/\/portaltela.pt\/noticias\/2026\/02\/22\/bah-regressa-a-competicao-e-e-saudado-pelos-colegas\/#primaryimage\",\"url\":\"https:\/\/portaltela.pt\/s.01k8rhncp4jt1\/2026\/02\/img_1200x721uu2026-02-22-21-07-37-2423190.jpg\",\"contentUrl\":\"https:\/\/portaltela.pt\/s.01k8rhncp4jt1\/2026\/02\/img_1200x721uu2026-02-22-21-07-37-2423190.jpg\",\"width\":796,\"height\":448,\"caption\":\"Bah felicitado ap\u00f3s marcar ao AVS SAD\"},{\"@type\":\"BreadcrumbList\",\"@id\":\"https:\/\/portaltela.pt\/noticias\/2026\/02\/22\/bah-regressa-a-competicao-e-e-saudado-pelos-colegas\/#breadcrumb\",\"itemListElement\":[{\"@type\":\"ListItem\",\"position\":1,\"name\":\"In\u00edcio\",\"item\":\"https:\/\/portaltela.pt\/\"},{\"@type\":\"ListItem\",\"position\":2,\"name\":\"Bah regressa \u00e0 competi\u00e7\u00e3o e \u00e9 saudado pelos colegas\"}]},{\"@type\":\"WebSite\",\"@id\":\"https:\/\/portaltela.pt\/#website\",\"url\":\"https:\/\/portaltela.pt\/\",\"name\":\"Portal Tela Portugal\",\"description\":\"\",\"potentialAction\":[{\"@type\":\"SearchAction\",\"target\":{\"@type\":\"EntryPoint\",\"urlTemplate\":\"https:\/\/portaltela.pt\/?s={search_term_string}\"},\"query-input\":{\"@type\":\"PropertyValueSpecification\",\"valueRequired\":true,\"valueName\":\"search_term_string\"}}],\"inLanguage\":\"pt-PT\"},{\"@type\":\"Person\",\"@id\":\"https:\/\/portaltela.pt\/#\/schema\/person\/c4278d4a6028830caff9ee44b42d32ed\",\"name\":\"Telinha\",\"image\":{\"@type\":\"ImageObject\",\"inLanguage\":\"pt-PT\",\"@id\":\"https:\/\/portaltela.pt\/s.01k8rhncp4jt1\/2025\/11\/talking-bot-125x125.png\",\"url\":\"https:\/\/portaltela.pt\/s.01k8rhncp4jt1\/2025\/11\/talking-bot-125x125.png\",\"contentUrl\":\"https:\/\/portaltela.pt\/s.01k8rhncp4jt1\/2025\/11\/talking-bot-125x125.png\",\"caption\":\"Telinha\"},\"sameAs\":[\"https:\/\/portaltela.pt\/\"],\"url\":\"https:\/\/portaltela.pt\/por\/367410592786\/\"}]}<\/script>\n<!-- \/ Yoast SEO plugin. -->","yoast_head_json":{"title":"Bah regressa \u00e0 competi\u00e7\u00e3o e \u00e9 saudado pelos colegas - Portal Tela Portugal","robots":{"index":"index","follow":"follow","max-snippet":"max-snippet:-1","max-image-preview":"max-image-preview:large","max-video-preview":"max-video-preview:-1"},"og_locale":"pt_PT","og_type":"article","og_title":"Bah regressa \u00e0 competi\u00e7\u00e3o e \u00e9 saudado pelos colegas - Portal Tela Portugal","og_description":"O Benfica venceu o AVS por 3-0, com Bah a marcar e a regressar \u00e0 competi\u00e7\u00e3o. Bah voltou ap\u00f3s mais de um ano ausente devido \u00e0 rotura completa do ligamento cruzado anterior do joelho esquerdo, sofrida a 8 de fevereiro de 2025. O golo inicial do encontro ajudou a desenhar a vit\u00f3ria diante do AVS. V\u00e1rios colegas elogiaram o regresso nas redes sociais: o guarda-redes Trubin disse \u201cFeliz por ver-te de volta\u201d, Aursnes escreveu \u201cBem-vindo de volta\u201d e Schjelderup, considerado o Homem do Jogo, chamou Bah de \u201cmeu irm\u00e3o\u201d. Aursnes ficou de fora do jogo para descansar antes da desloca\u00e7\u00e3o a Madrid; Schjelderup foi considerado o Homem do Jogo.","og_url":"https:\/\/portaltela.pt\/noticias\/2026\/02\/22\/bah-regressa-a-competicao-e-e-saudado-pelos-colegas\/","og_site_name":"Portal Tela Portugal","article_published_time":"2026-02-22T21:10:00+00:00","author":"Telinha","twitter_card":"summary_large_image","twitter_misc":{"Escrito por":"Telinha","Tempo estimado de leitura":"1 minuto"},"schema":{"@context":"https:\/\/schema.org","@graph":[{"@type":"Article","@id":"https:\/\/portaltela.pt\/noticias\/2026\/02\/22\/bah-regressa-a-competicao-e-e-saudado-pelos-colegas\/#article","isPartOf":{"@id":"https:\/\/portaltela.pt\/noticias\/2026\/02\/22\/bah-regressa-a-competicao-e-e-saudado-pelos-colegas\/"},"author":{"name":"Telinha","@id":"https:\/\/portaltela.pt\/#\/schema\/person\/c4278d4a6028830caff9ee44b42d32ed"},"headline":"Bah regressa \u00e0 competi\u00e7\u00e3o e \u00e9 saudado pelos colegas","datePublished":"2026-02-22T21:10:00+00:00","mainEntityOfPage":{"@id":"https:\/\/portaltela.pt\/noticias\/2026\/02\/22\/bah-regressa-a-competicao-e-e-saudado-pelos-colegas\/"},"wordCount":183,"image":{"@id":"https:\/\/portaltela.pt\/noticias\/2026\/02\/22\/bah-regressa-a-competicao-e-e-saudado-pelos-colegas\/#primaryimage"},"thumbnailUrl":"https:\/\/portaltela.pt\/s.01k8rhncp4jt1\/2026\/02\/img_1200x721uu2026-02-22-21-07-37-2423190.jpg","keywords":["Aursnes","Benfica","Benfica SAD","futebol","Schjelderup","Trubin"],"articleSection":["Desporto","Futebol"],"inLanguage":"pt-PT"},{"@type":"WebPage","@id":"https:\/\/portaltela.pt\/noticias\/2026\/02\/22\/bah-regressa-a-competicao-e-e-saudado-pelos-colegas\/","url":"https:\/\/portaltela.pt\/noticias\/2026\/02\/22\/bah-regressa-a-competicao-e-e-saudado-pelos-colegas\/","name":"Bah regressa \u00e0 competi\u00e7\u00e3o e \u00e9 saudado pelos colegas - Portal Tela Portugal","isPartOf":{"@id":"https:\/\/portaltela.pt\/#website"},"primaryImageOfPage":{"@id":"https:\/\/portaltela.pt\/noticias\/2026\/02\/22\/bah-regressa-a-competicao-e-e-saudado-pelos-colegas\/#primaryimage"},"image":{"@id":"https:\/\/portaltela.pt\/noticias\/2026\/02\/22\/bah-regressa-a-competicao-e-e-saudado-pelos-colegas\/#primaryimage"},"thumbnailUrl":"https:\/\/portaltela.pt\/s.01k8rhncp4jt1\/2026\/02\/img_1200x721uu2026-02-22-21-07-37-2423190.jpg","datePublished":"2026-02-22T21:10:00+00:00","author":{"@id":"https:\/\/portaltela.pt\/#\/schema\/person\/c4278d4a6028830caff9ee44b42d32ed"},"breadcrumb":{"@id":"https:\/\/portaltela.pt\/noticias\/2026\/02\/22\/bah-regressa-a-competicao-e-e-saudado-pelos-colegas\/#breadcrumb"},"inLanguage":"pt-PT","potentialAction":[{"@type":"ReadAction","target":["https:\/\/portaltela.pt\/noticias\/2026\/02\/22\/bah-regressa-a-competicao-e-e-saudado-pelos-colegas\/"]}]},{"@type":"ImageObject","inLanguage":"pt-PT","@id":"https:\/\/portaltela.pt\/noticias\/2026\/02\/22\/bah-regressa-a-competicao-e-e-saudado-pelos-colegas\/#primaryimage","url":"https:\/\/portaltela.pt\/s.01k8rhncp4jt1\/2026\/02\/img_1200x721uu2026-02-22-21-07-37-2423190.jpg","contentUrl":"https:\/\/portaltela.pt\/s.01k8rhncp4jt1\/2026\/02\/img_1200x721uu2026-02-22-21-07-37-2423190.jpg","width":796,"height":448,"caption":"Bah felicitado ap\u00f3s marcar ao AVS SAD"},{"@type":"BreadcrumbList","@id":"https:\/\/portaltela.pt\/noticias\/2026\/02\/22\/bah-regressa-a-competicao-e-e-saudado-pelos-colegas\/#breadcrumb","itemListElement":[{"@type":"ListItem","position":1,"name":"In\u00edcio","item":"https:\/\/portaltela.pt\/"},{"@type":"ListItem","position":2,"name":"Bah regressa \u00e0 competi\u00e7\u00e3o e \u00e9 saudado pelos colegas"}]},{"@type":"WebSite","@id":"https:\/\/portaltela.pt\/#website","url":"https:\/\/portaltela.pt\/","name":"Portal Tela Portugal","description":"","potentialAction":[{"@type":"SearchAction","target":{"@type":"EntryPoint","urlTemplate":"https:\/\/portaltela.pt\/?s={search_term_string}"},"query-input":{"@type":"PropertyValueSpecification","valueRequired":true,"valueName":"search_term_string"}}],"inLanguage":"pt-PT"},{"@type":"Person","@id":"https:\/\/portaltela.pt\/#\/schema\/person\/c4278d4a6028830caff9ee44b42d32ed","name":"Telinha","image":{"@type":"ImageObject","inLanguage":"pt-PT","@id":"https:\/\/portaltela.pt\/s.01k8rhncp4jt1\/2025\/11\/talking-bot-125x125.png","url":"https:\/\/portaltela.pt\/s.01k8rhncp4jt1\/2025\/11\/talking-bot-125x125.png","contentUrl":"https:\/\/portaltela.pt\/s.01k8rhncp4jt1\/2025\/11\/talking-bot-125x125.png","caption":"Telinha"},"sameAs":["https:\/\/portaltela.pt\/"],"url":"https:\/\/portaltela.pt\/por\/367410592786\/"}]}},"_links":{"self":[{"href":"https:\/\/portaltela.pt\/api\/wp\/v2\/posts\/222059","targetHints":{"allow":["GET"]}}],"collection":[{"href":"https:\/\/portaltela.pt\/api\/wp\/v2\/posts"}],"about":[{"href":"https:\/\/portaltela.pt\/api\/wp\/v2\/types\/post"}],"author":[{"embeddable":true,"href":"https:\/\/portaltela.pt\/api\/wp\/v2\/users\/2"}],"replies":[{"embeddable":true,"href":"https:\/\/portaltela.pt\/api\/wp\/v2\/comments?post=222059"}],"version-history":[{"count":0,"href":"https:\/\/portaltela.pt\/api\/wp\/v2\/posts\/222059\/revisions"}],"wp:featuredmedia":[{"embeddable":true,"href":"https:\/\/portaltela.pt\/api\/wp\/v2\/media\/222060"}],"wp:attachment":[{"href":"https:\/\/portaltela.pt\/api\/wp\/v2\/media?parent=222059"}],"wp:term":[{"taxonomy":"category","embeddable":true,"href":"https:\/\/portaltela.pt\/api\/wp\/v2\/categories?post=222059"},{"taxonomy":"post_tag","embeddable":true,"href":"https:\/\/portaltela.pt\/api\/wp\/v2\/tags?post=222059"}],"curies":[{"name":"wp","href":"https:\/\/api.w.org\/{rel}","templated":true}]}}