{"id":222021,"date":"2026-02-22T17:30:00","date_gmt":"2026-02-22T20:30:00","guid":{"rendered":"https:\/\/portaltela.pt\/noticias\/2026\/02\/22\/chamas-consomem-armazem-em-obidos-causando-destruicao\/"},"modified":"2026-02-22T17:30:00","modified_gmt":"2026-02-22T20:30:00","slug":"chamas-consomem-armazem-em-obidos-causando-destruicao","status":"publish","type":"post","link":"https:\/\/portaltela.pt\/noticias\/2026\/02\/22\/chamas-consomem-armazem-em-obidos-causando-destruicao\/","title":{"rendered":"Chamas consomem armaz\u00e9m em \u00d3bidos causando destrui\u00e7\u00e3o"},"content":{"rendered":"<p>Um inc\u00eandio destruiu hoje um armaz\u00e9m de fruta em \u00d3bidos. Segundo as autoridades, dois bombeiros sofreram ferimentos leves e cerca de dez pessoas tiveram de abandonar as habita\u00e7\u00f5es por precau\u00e7\u00e3o. O fogo mobilizou mais de 100 bombeiros.<\/p>\n<p>O incidente aconteceu ao longo da manh\u00e3, num armaz\u00e9m na vila de \u00d3bidos. N\u00e3o foi indicado o motivo do fogo, nem se houveram v\u00edtimas entre civis. Seguran\u00e7a p\u00fablica manteve a evacua\u00e7\u00e3o preventiva de residentes pr\u00f3ximos.<\/p>\n<p>Fotografias da interven\u00e7\u00e3o destacam as chamas e a circula\u00e7\u00e3o de ve\u00edculos de combate a inc\u00eandios junto ao local. A opera\u00e7\u00e3o envolveu meios especializados para controlar o fogo e resguardar a popula\u00e7\u00e3o.<\/p>\n<h3>Interven\u00e7\u00e3o e avalia\u00e7\u00e3o de danos<\/h3>\n<p>Especialistas das opera\u00e7\u00f5es de prote\u00e7\u00e3o civil est\u00e3o a avaliar danos estruturais e risco de reativa\u00e7\u00e3o. O armaz\u00e9m afetado tinha armazenamento de fruta, segundo as autoridades locais. O acompanhamento continua a ser feito pelas autoridades competentes.<\/p>\n","protected":false},"excerpt":{"rendered":"<ul>\n<li>Inc\u00eandio destruiu hoje um armaz\u00e9m de fruta em \u00d3bidos.<\/li>\n<li>Mais de cem bombeiros estiveram no local para conter as chamas.<\/li>\n<li>Dois bombeiros ficaram feridos sem gravidade.<\/li>\n<li>Cerca de dez pessoas tiveram de abandonar as casas por preven\u00e7\u00e3o.<\/li>\n<li>As causas do fogo ainda n\u00e3o s\u00e3o conhecidas.<\/li>\n<\/ul>\n","protected":false},"author":2,"featured_media":222022,"comment_status":"closed","ping_status":"closed","sticky":false,"template":"","format":"standard","meta":{"footnotes":""},"categories":[1],"tags":[3765,971,4519,1438,1280,320],"class_list":["post-222021","post","type-post","status-publish","format-standard","has-post-thumbnail","hentry","category-noticias","tag-armazens","tag-bombeiros","tag-evacuacoes","tag-incendio","tag-obidos","tag-protecao-civil"],"yoast_head":"<!-- This site is optimized with the Yoast SEO plugin v27.2 - https:\/\/yoast.com\/product\/yoast-seo-wordpress\/ -->\n<title>Chamas consomem armaz\u00e9m em \u00d3bidos causando destrui\u00e7\u00e3o - Portal Tela Portugal<\/title>\n<meta name=\"robots\" content=\"index, follow, max-snippet:-1, max-image-preview:large, max-video-preview:-1\" \/>\n<meta property=\"og:locale\" content=\"pt_PT\" \/>\n<meta property=\"og:type\" content=\"article\" \/>\n<meta property=\"og:title\" content=\"Chamas consomem armaz\u00e9m em \u00d3bidos causando destrui\u00e7\u00e3o - Portal Tela Portugal\" \/>\n<meta property=\"og:description\" content=\"Inc\u00eandio destruiu hoje um armaz\u00e9m de fruta em \u00d3bidos. Mais de cem bombeiros estiveram no local para conter as chamas. Dois bombeiros ficaram feridos sem gravidade. Cerca de dez pessoas tiveram de abandonar as casas por preven\u00e7\u00e3o. As causas do fogo ainda n\u00e3o s\u00e3o conhecidas.\" \/>\n<meta property=\"og:url\" content=\"https:\/\/portaltela.pt\/noticias\/2026\/02\/22\/chamas-consomem-armazem-em-obidos-causando-destruicao\/\" \/>\n<meta property=\"og:site_name\" content=\"Portal Tela Portugal\" \/>\n<meta property=\"article:published_time\" content=\"2026-02-22T20:30:00+00:00\" \/>\n<meta name=\"author\" content=\"Telinha\" \/>\n<meta name=\"twitter:card\" content=\"summary_large_image\" \/>\n<meta name=\"twitter:label1\" content=\"Escrito por\" \/>\n\t<meta name=\"twitter:data1\" content=\"Telinha\" \/>\n\t<meta name=\"twitter:label2\" content=\"Tempo estimado de leitura\" \/>\n\t<meta name=\"twitter:data2\" content=\"1 minuto\" \/>\n<script type=\"application\/ld+json\" class=\"yoast-schema-graph\">{\"@context\":\"https:\/\/schema.org\",\"@graph\":[{\"@type\":\"Article\",\"@id\":\"https:\/\/portaltela.pt\/noticias\/2026\/02\/22\/chamas-consomem-armazem-em-obidos-causando-destruicao\/#article\",\"isPartOf\":{\"@id\":\"https:\/\/portaltela.pt\/noticias\/2026\/02\/22\/chamas-consomem-armazem-em-obidos-causando-destruicao\/\"},\"author\":{\"name\":\"Telinha\",\"@id\":\"https:\/\/portaltela.pt\/#\/schema\/person\/c4278d4a6028830caff9ee44b42d32ed\"},\"headline\":\"Chamas consomem armaz\u00e9m em \u00d3bidos causando destrui\u00e7\u00e3o\",\"datePublished\":\"2026-02-22T20:30:00+00:00\",\"mainEntityOfPage\":{\"@id\":\"https:\/\/portaltela.pt\/noticias\/2026\/02\/22\/chamas-consomem-armazem-em-obidos-causando-destruicao\/\"},\"wordCount\":175,\"image\":{\"@id\":\"https:\/\/portaltela.pt\/noticias\/2026\/02\/22\/chamas-consomem-armazem-em-obidos-causando-destruicao\/#primaryimage\"},\"thumbnailUrl\":\"https:\/\/portaltela.pt\/s.01k8rhncp4jt1\/2026\/02\/image-1654.jpg\",\"keywords\":[\"armaz\u00e9ns\",\"bombeiros\",\"evacua\u00e7\u00f5es\",\"inc\u00eandio\",\"\u00d3bidos\",\"prote\u00e7\u00e3o civil\"],\"articleSection\":[\"Not\u00edcias\"],\"inLanguage\":\"pt-PT\"},{\"@type\":\"WebPage\",\"@id\":\"https:\/\/portaltela.pt\/noticias\/2026\/02\/22\/chamas-consomem-armazem-em-obidos-causando-destruicao\/\",\"url\":\"https:\/\/portaltela.pt\/noticias\/2026\/02\/22\/chamas-consomem-armazem-em-obidos-causando-destruicao\/\",\"name\":\"Chamas consomem armaz\u00e9m em \u00d3bidos causando destrui\u00e7\u00e3o - Portal Tela Portugal\",\"isPartOf\":{\"@id\":\"https:\/\/portaltela.pt\/#website\"},\"primaryImageOfPage\":{\"@id\":\"https:\/\/portaltela.pt\/noticias\/2026\/02\/22\/chamas-consomem-armazem-em-obidos-causando-destruicao\/#primaryimage\"},\"image\":{\"@id\":\"https:\/\/portaltela.pt\/noticias\/2026\/02\/22\/chamas-consomem-armazem-em-obidos-causando-destruicao\/#primaryimage\"},\"thumbnailUrl\":\"https:\/\/portaltela.pt\/s.01k8rhncp4jt1\/2026\/02\/image-1654.jpg\",\"datePublished\":\"2026-02-22T20:30:00+00:00\",\"author\":{\"@id\":\"https:\/\/portaltela.pt\/#\/schema\/person\/c4278d4a6028830caff9ee44b42d32ed\"},\"breadcrumb\":{\"@id\":\"https:\/\/portaltela.pt\/noticias\/2026\/02\/22\/chamas-consomem-armazem-em-obidos-causando-destruicao\/#breadcrumb\"},\"inLanguage\":\"pt-PT\",\"potentialAction\":[{\"@type\":\"ReadAction\",\"target\":[\"https:\/\/portaltela.pt\/noticias\/2026\/02\/22\/chamas-consomem-armazem-em-obidos-causando-destruicao\/\"]}]},{\"@type\":\"ImageObject\",\"inLanguage\":\"pt-PT\",\"@id\":\"https:\/\/portaltela.pt\/noticias\/2026\/02\/22\/chamas-consomem-armazem-em-obidos-causando-destruicao\/#primaryimage\",\"url\":\"https:\/\/portaltela.pt\/s.01k8rhncp4jt1\/2026\/02\/image-1654.jpg\",\"contentUrl\":\"https:\/\/portaltela.pt\/s.01k8rhncp4jt1\/2026\/02\/image-1654.jpg\",\"width\":796,\"height\":448,\"caption\":\"Mais de 100 bombeiros estiveram a tentar conter as chamas\"},{\"@type\":\"BreadcrumbList\",\"@id\":\"https:\/\/portaltela.pt\/noticias\/2026\/02\/22\/chamas-consomem-armazem-em-obidos-causando-destruicao\/#breadcrumb\",\"itemListElement\":[{\"@type\":\"ListItem\",\"position\":1,\"name\":\"In\u00edcio\",\"item\":\"https:\/\/portaltela.pt\/\"},{\"@type\":\"ListItem\",\"position\":2,\"name\":\"Chamas consomem armaz\u00e9m em \u00d3bidos causando destrui\u00e7\u00e3o\"}]},{\"@type\":\"WebSite\",\"@id\":\"https:\/\/portaltela.pt\/#website\",\"url\":\"https:\/\/portaltela.pt\/\",\"name\":\"Portal Tela Portugal\",\"description\":\"\",\"potentialAction\":[{\"@type\":\"SearchAction\",\"target\":{\"@type\":\"EntryPoint\",\"urlTemplate\":\"https:\/\/portaltela.pt\/?s={search_term_string}\"},\"query-input\":{\"@type\":\"PropertyValueSpecification\",\"valueRequired\":true,\"valueName\":\"search_term_string\"}}],\"inLanguage\":\"pt-PT\"},{\"@type\":\"Person\",\"@id\":\"https:\/\/portaltela.pt\/#\/schema\/person\/c4278d4a6028830caff9ee44b42d32ed\",\"name\":\"Telinha\",\"image\":{\"@type\":\"ImageObject\",\"inLanguage\":\"pt-PT\",\"@id\":\"https:\/\/portaltela.pt\/s.01k8rhncp4jt1\/2025\/11\/talking-bot-125x125.png\",\"url\":\"https:\/\/portaltela.pt\/s.01k8rhncp4jt1\/2025\/11\/talking-bot-125x125.png\",\"contentUrl\":\"https:\/\/portaltela.pt\/s.01k8rhncp4jt1\/2025\/11\/talking-bot-125x125.png\",\"caption\":\"Telinha\"},\"sameAs\":[\"https:\/\/portaltela.pt\/\"],\"url\":\"https:\/\/portaltela.pt\/por\/367410592786\/\"}]}<\/script>\n<!-- \/ Yoast SEO plugin. -->","yoast_head_json":{"title":"Chamas consomem armaz\u00e9m em \u00d3bidos causando destrui\u00e7\u00e3o - Portal Tela Portugal","robots":{"index":"index","follow":"follow","max-snippet":"max-snippet:-1","max-image-preview":"max-image-preview:large","max-video-preview":"max-video-preview:-1"},"og_locale":"pt_PT","og_type":"article","og_title":"Chamas consomem armaz\u00e9m em \u00d3bidos causando destrui\u00e7\u00e3o - Portal Tela Portugal","og_description":"Inc\u00eandio destruiu hoje um armaz\u00e9m de fruta em \u00d3bidos. Mais de cem bombeiros estiveram no local para conter as chamas. Dois bombeiros ficaram feridos sem gravidade. Cerca de dez pessoas tiveram de abandonar as casas por preven\u00e7\u00e3o. As causas do fogo ainda n\u00e3o s\u00e3o conhecidas.","og_url":"https:\/\/portaltela.pt\/noticias\/2026\/02\/22\/chamas-consomem-armazem-em-obidos-causando-destruicao\/","og_site_name":"Portal Tela Portugal","article_published_time":"2026-02-22T20:30:00+00:00","author":"Telinha","twitter_card":"summary_large_image","twitter_misc":{"Escrito por":"Telinha","Tempo estimado de leitura":"1 minuto"},"schema":{"@context":"https:\/\/schema.org","@graph":[{"@type":"Article","@id":"https:\/\/portaltela.pt\/noticias\/2026\/02\/22\/chamas-consomem-armazem-em-obidos-causando-destruicao\/#article","isPartOf":{"@id":"https:\/\/portaltela.pt\/noticias\/2026\/02\/22\/chamas-consomem-armazem-em-obidos-causando-destruicao\/"},"author":{"name":"Telinha","@id":"https:\/\/portaltela.pt\/#\/schema\/person\/c4278d4a6028830caff9ee44b42d32ed"},"headline":"Chamas consomem armaz\u00e9m em \u00d3bidos causando destrui\u00e7\u00e3o","datePublished":"2026-02-22T20:30:00+00:00","mainEntityOfPage":{"@id":"https:\/\/portaltela.pt\/noticias\/2026\/02\/22\/chamas-consomem-armazem-em-obidos-causando-destruicao\/"},"wordCount":175,"image":{"@id":"https:\/\/portaltela.pt\/noticias\/2026\/02\/22\/chamas-consomem-armazem-em-obidos-causando-destruicao\/#primaryimage"},"thumbnailUrl":"https:\/\/portaltela.pt\/s.01k8rhncp4jt1\/2026\/02\/image-1654.jpg","keywords":["armaz\u00e9ns","bombeiros","evacua\u00e7\u00f5es","inc\u00eandio","\u00d3bidos","prote\u00e7\u00e3o civil"],"articleSection":["Not\u00edcias"],"inLanguage":"pt-PT"},{"@type":"WebPage","@id":"https:\/\/portaltela.pt\/noticias\/2026\/02\/22\/chamas-consomem-armazem-em-obidos-causando-destruicao\/","url":"https:\/\/portaltela.pt\/noticias\/2026\/02\/22\/chamas-consomem-armazem-em-obidos-causando-destruicao\/","name":"Chamas consomem armaz\u00e9m em \u00d3bidos causando destrui\u00e7\u00e3o - Portal Tela Portugal","isPartOf":{"@id":"https:\/\/portaltela.pt\/#website"},"primaryImageOfPage":{"@id":"https:\/\/portaltela.pt\/noticias\/2026\/02\/22\/chamas-consomem-armazem-em-obidos-causando-destruicao\/#primaryimage"},"image":{"@id":"https:\/\/portaltela.pt\/noticias\/2026\/02\/22\/chamas-consomem-armazem-em-obidos-causando-destruicao\/#primaryimage"},"thumbnailUrl":"https:\/\/portaltela.pt\/s.01k8rhncp4jt1\/2026\/02\/image-1654.jpg","datePublished":"2026-02-22T20:30:00+00:00","author":{"@id":"https:\/\/portaltela.pt\/#\/schema\/person\/c4278d4a6028830caff9ee44b42d32ed"},"breadcrumb":{"@id":"https:\/\/portaltela.pt\/noticias\/2026\/02\/22\/chamas-consomem-armazem-em-obidos-causando-destruicao\/#breadcrumb"},"inLanguage":"pt-PT","potentialAction":[{"@type":"ReadAction","target":["https:\/\/portaltela.pt\/noticias\/2026\/02\/22\/chamas-consomem-armazem-em-obidos-causando-destruicao\/"]}]},{"@type":"ImageObject","inLanguage":"pt-PT","@id":"https:\/\/portaltela.pt\/noticias\/2026\/02\/22\/chamas-consomem-armazem-em-obidos-causando-destruicao\/#primaryimage","url":"https:\/\/portaltela.pt\/s.01k8rhncp4jt1\/2026\/02\/image-1654.jpg","contentUrl":"https:\/\/portaltela.pt\/s.01k8rhncp4jt1\/2026\/02\/image-1654.jpg","width":796,"height":448,"caption":"Mais de 100 bombeiros estiveram a tentar conter as chamas"},{"@type":"BreadcrumbList","@id":"https:\/\/portaltela.pt\/noticias\/2026\/02\/22\/chamas-consomem-armazem-em-obidos-causando-destruicao\/#breadcrumb","itemListElement":[{"@type":"ListItem","position":1,"name":"In\u00edcio","item":"https:\/\/portaltela.pt\/"},{"@type":"ListItem","position":2,"name":"Chamas consomem armaz\u00e9m em \u00d3bidos causando destrui\u00e7\u00e3o"}]},{"@type":"WebSite","@id":"https:\/\/portaltela.pt\/#website","url":"https:\/\/portaltela.pt\/","name":"Portal Tela Portugal","description":"","potentialAction":[{"@type":"SearchAction","target":{"@type":"EntryPoint","urlTemplate":"https:\/\/portaltela.pt\/?s={search_term_string}"},"query-input":{"@type":"PropertyValueSpecification","valueRequired":true,"valueName":"search_term_string"}}],"inLanguage":"pt-PT"},{"@type":"Person","@id":"https:\/\/portaltela.pt\/#\/schema\/person\/c4278d4a6028830caff9ee44b42d32ed","name":"Telinha","image":{"@type":"ImageObject","inLanguage":"pt-PT","@id":"https:\/\/portaltela.pt\/s.01k8rhncp4jt1\/2025\/11\/talking-bot-125x125.png","url":"https:\/\/portaltela.pt\/s.01k8rhncp4jt1\/2025\/11\/talking-bot-125x125.png","contentUrl":"https:\/\/portaltela.pt\/s.01k8rhncp4jt1\/2025\/11\/talking-bot-125x125.png","caption":"Telinha"},"sameAs":["https:\/\/portaltela.pt\/"],"url":"https:\/\/portaltela.pt\/por\/367410592786\/"}]}},"_links":{"self":[{"href":"https:\/\/portaltela.pt\/api\/wp\/v2\/posts\/222021","targetHints":{"allow":["GET"]}}],"collection":[{"href":"https:\/\/portaltela.pt\/api\/wp\/v2\/posts"}],"about":[{"href":"https:\/\/portaltela.pt\/api\/wp\/v2\/types\/post"}],"author":[{"embeddable":true,"href":"https:\/\/portaltela.pt\/api\/wp\/v2\/users\/2"}],"replies":[{"embeddable":true,"href":"https:\/\/portaltela.pt\/api\/wp\/v2\/comments?post=222021"}],"version-history":[{"count":0,"href":"https:\/\/portaltela.pt\/api\/wp\/v2\/posts\/222021\/revisions"}],"wp:featuredmedia":[{"embeddable":true,"href":"https:\/\/portaltela.pt\/api\/wp\/v2\/media\/222022"}],"wp:attachment":[{"href":"https:\/\/portaltela.pt\/api\/wp\/v2\/media?parent=222021"}],"wp:term":[{"taxonomy":"category","embeddable":true,"href":"https:\/\/portaltela.pt\/api\/wp\/v2\/categories?post=222021"},{"taxonomy":"post_tag","embeddable":true,"href":"https:\/\/portaltela.pt\/api\/wp\/v2\/tags?post=222021"}],"curies":[{"name":"wp","href":"https:\/\/api.w.org\/{rel}","templated":true}]}}