{"id":221998,"date":"2026-02-22T16:43:00","date_gmt":"2026-02-22T19:43:00","guid":{"rendered":"https:\/\/portaltela.pt\/noticias\/2026\/02\/22\/milao-cortina-2026-26-curiosidades-sobre-os-jogos-olimpicos\/"},"modified":"2026-02-22T16:43:00","modified_gmt":"2026-02-22T19:43:00","slug":"milao-cortina-2026-26-curiosidades-sobre-os-jogos-olimpicos","status":"publish","type":"post","link":"https:\/\/portaltela.pt\/desporto\/2026\/02\/22\/milao-cortina-2026-26-curiosidades-sobre-os-jogos-olimpicos\/","title":{"rendered":"Mil\u00e3o-Cortina 2026: 26 curiosidades sobre os Jogos Ol\u00edmpicos"},"content":{"rendered":"<p>A cerim\u00f3nia de abertura dos Jogos Ol\u00edmpicos de Inverno Mil\u00e3o-Cortina ficou marcada por v\u00e1rias gafes do ent\u00e3o director da Rai Sport, Paolo Petrecca, que acabou por se demitir. O evento aconteceu no Est\u00e1dio San Siro, em Mil\u00e3o, e contou com equipas internacionais, apresenta\u00e7\u00f5es art\u00edsticas e v\u00e1rias controv\u00e9rsias. A regista e montagem gerou pol\u00e9mica por algumas falhas de identifica\u00e7\u00e3o e de nomenclatura.<\/p>\n<p>Durante a transmiss\u00e3o inicial, Petrecca falhou ao chamar o est\u00e1dio correto, confundindo-o com o Est\u00e1dio Ol\u00edmpico de Roma. Tamb\u00e9m confundiu figuras p\u00fablicas, como Matilda de Angelis, Mariah Carey, Laura Mattarella e Kirsty Coventry, presidente do Comit\u00e9 Ol\u00edmpico Internacional. No momento da passagem das selec\u00e7\u00f5es de voleibol, o apresentador esqueceu o nome de v\u00e1rias jogadoras, limitando-se a mencionar Paola Egonu.<\/p>\n<h3>Controv\u00e9rsias e curiosidades iniciais<\/h3>\n<p>Antes da cerim\u00f3nia, o v\u00eddeo promocional exibiu o Homem Vitruviano com os genitais censurados, gerando cr\u00edticas sobre a censura e as normas do COI. Paralelamente, surgiram d\u00favidas sobre o bid\u00e9 presente na aldeia ol\u00edmpica, com atletas de v\u00e1rias nacionalidades a questionarem a sua fun\u00e7\u00e3o pr\u00e1tica.<\/p>\n<h3>Casamentos, amores e encontros<\/h3>\n<p>Alguns momentos chamaram a aten\u00e7\u00e3o pela vida pessoal dos atletas. O patinador Jean-Luc Baker pediu em casamento a Olivia Smart, numa altura em que esta tinha 28 anos. Hilary Knight, capit\u00e3 da equipa norte-americana de h\u00f3quei em gelo, ficou noiva de Brittany Bowe. A justifica\u00e7\u00e3o para os pedidos passou pela coincid\u00eancia de terem conhecido nos \u00faltimos Jogos, h\u00e1 quatro anos.<\/p>\n<h3>Trai\u00e7\u00f5es, reconcilia\u00e7\u00f5es e recordes<\/h3>\n<p>Ap\u00f3s vencer o bronze na prova de 20 km de biatlo, Sturla Holm Laegreid pediu desculpas \u00e0 namorada que tra\u00edra h\u00e1 tr\u00eas meses e, novamente, ao colega Johan-Olav Botn, por ter utilizado o momento medi\u00e1tico para se colocar em evid\u00eancia. Em outra esfera, Elana Meyers-Taylor, aos 41 anos, tornou-se na segunda atleta mais velha a vencer ouro no bobsleigh.<\/p>\n<h3>Desvios e observa\u00e7\u00f5es t\u00e9cnicas<\/h3>\n<p>A jornalista Danika Mason, da Channel 9, fez um directo em estado de desinibi\u00e7\u00e3o que gerou pedido de desculpas. J\u00e1 Alysa Liu tornou-se campe\u00e3 ol\u00edmpicamente na patinagem art\u00edstica, quebrando a aus\u00eancia de uma conquista individual de uma patinadora norte-americana h\u00e1 24 anos. O caso de Ilia Malinin denunciou press\u00f5es psicol\u00f3gicas e cr\u00edticas online ap\u00f3s quedas na final.<\/p>\n<h3>Contextos e controv\u00e9rsia pol\u00edtica<\/h3>\n<p>Alguns atletas usaram o calor dos Jogos para expressar posi\u00e7\u00f5es pol\u00edticas. Entre eles, Hunter Hess apontou que defender direitos \u00e9 diferente de apoiar pol\u00edticas espec\u00edficas; Gus Kenworthy escreveu mensagens na neve com urina em refer\u00eancia a pol\u00edticas de imigra\u00e7\u00e3o. O evento tamb\u00e9m registou momentos de tens\u00e3o relacionados com Israel, incluindo controv\u00e9rsias sobre cobertura jornal\u00edstica e declara\u00e7\u00f5es de espectadores.<\/p>\n<h3>Outros fen\u00f3menos marcantes<\/h3>\n<p>A equipa de h\u00f3quei canadiana improvisou o uso do metro para desloca\u00e7\u00f5es pela cidade. Lucas Pinheiro Braathen tornou-se o primeiro sul-americano a conquistar uma medalha nos Jogos Ol\u00edmpicos de Inverno, ao vencer ouro no esqui alpino e dan\u00e7ar samba ap\u00f3s a vit\u00f3ria. A piloto de patinagem art\u00edstica Sara Conti e o seu parceiro Niccol\u00f2 Macii tamb\u00e9m protagonizaram momentos de aten\u00e7\u00e3o p\u00fablica.<\/p>\n<h3>Desportistas e inova\u00e7\u00e3o<\/h3>\n<p>A patinadora Madison Chock destacou-se pela criatividade ao desenhar os seus vestidos, enquanto Francesca Lollobrigida celebrou duas medalhas de ouro com o filho ao colo, levantando debate sobre maternidade no desporto de alto rendimento. A atleta italiana tornou-se s\u00edmbolo de combina\u00e7\u00e3o entre maternidade e competi\u00e7\u00e3o de alto n\u00edvel.<\/p>\n<h3>Recordes e celebra\u00e7\u00e3o<\/h3>\n<p>A atleta holandesa Jutta Leerdam conquistou ouro nos mil metros e prata nos 500 metros, gerando aten\u00e7\u00e3o pela sua apresenta\u00e7\u00e3o visual e pela presen\u00e7a digital associada. O evento tamb\u00e9m contou com momentos de humor, romance e supera\u00e7\u00e3o, refletindo a diversidade de hist\u00f3rias presentes nos Jogos Mil\u00e3o-Cortina.<\/p>\n","protected":false},"excerpt":{"rendered":"<ul>\n<li>A cerim\u00f3nia de abertura dos Jogos Ol\u00edmpicos de Inverno Mil\u00e3o-Cortina ficou marcada por gafes do ent\u00e3o director da Rai Sport, incluindo erros de localiza\u00e7\u00e3o, confus\u00f5es de pessoas e censura de um desenho de Leonardo da Vinci.<\/li>\n<li>V\u00e1rias curiosidades passaram pelos v\u00eddeos nas redes, como a d\u00favida sobre a fun\u00e7\u00e3o do bid\u00e9 na aldeia ol\u00edmpica e a pol\u00e9mica em torno de uma imagem censurada no evento.<\/li>\n<li>Momentos pessoais ganharam destaque, com propostas de casamento de atletas (Jean-Luc Baker com Olivia Smart; Hilary Knight com Brittany Bowe) e procura de companhia para o Dia dos Namorados por Sophia Kirkby.<\/li>\n<li>A n\u00edvel desportivo, destacam-se recordes e hist\u00f3rias: Elana Meyers-Taylor, aos 41 anos, conquista o ouro no bobsleigh; Lucas Pinheiro Braathen torna-se o primeiro sul-americano a ganhar uma medalha de ouro nos Jogos de Inverno; Francesca Lollobrigida vence duas medalhas de ouro.<\/li>\n<li>Houve ainda pol\u00e9micas pol\u00edticas e p\u00fablicas envolvendo Israel, com assobios durante o desfile e discuss\u00f5es entre jornalistas e entidades oficiais, levando a pedidos de explica\u00e7\u00e3o e retrata\u00e7\u00f5es p\u00fablicas.<\/li>\n<\/ul>\n","protected":false},"author":2,"featured_media":222000,"comment_status":"closed","ping_status":"closed","sticky":false,"template":"","format":"standard","meta":{"footnotes":""},"categories":[21],"tags":[152,5008,162,84,5309,44],"class_list":["post-221998","post","type-post","status-publish","format-standard","has-post-thumbnail","hentry","category-desporto","tag-desporto","tag-esqui-de-fundo","tag-hoquei-no-gelo","tag-olimpiadas","tag-patinagem-artistica","tag-polemicas"],"yoast_head":"<!-- This site is optimized with the Yoast SEO plugin v27.2 - https:\/\/yoast.com\/product\/yoast-seo-wordpress\/ -->\n<title>Mil\u00e3o-Cortina 2026: 26 curiosidades sobre os Jogos Ol\u00edmpicos - Portal Tela Portugal<\/title>\n<meta name=\"robots\" content=\"index, follow, max-snippet:-1, max-image-preview:large, max-video-preview:-1\" \/>\n<meta property=\"og:locale\" content=\"pt_PT\" \/>\n<meta property=\"og:type\" content=\"article\" \/>\n<meta property=\"og:title\" content=\"Mil\u00e3o-Cortina 2026: 26 curiosidades sobre os Jogos Ol\u00edmpicos - Portal Tela Portugal\" \/>\n<meta property=\"og:description\" content=\"A cerim\u00f3nia de abertura dos Jogos Ol\u00edmpicos de Inverno Mil\u00e3o-Cortina ficou marcada por gafes do ent\u00e3o director da Rai Sport, incluindo erros de localiza\u00e7\u00e3o, confus\u00f5es de pessoas e censura de um desenho de Leonardo da Vinci. V\u00e1rias curiosidades passaram pelos v\u00eddeos nas redes, como a d\u00favida sobre a fun\u00e7\u00e3o do bid\u00e9 na aldeia ol\u00edmpica e a pol\u00e9mica em torno de uma imagem censurada no evento. Momentos pessoais ganharam destaque, com propostas de casamento de atletas (Jean-Luc Baker com Olivia Smart; Hilary Knight com Brittany Bowe) e procura de companhia para o Dia dos Namorados por Sophia Kirkby. A n\u00edvel desportivo, destacam-se recordes e hist\u00f3rias: Elana Meyers-Taylor, aos 41 anos, conquista o ouro no bobsleigh; Lucas Pinheiro Braathen torna-se o primeiro sul-americano a ganhar uma medalha de ouro nos Jogos de Inverno; Francesca Lollobrigida vence duas medalhas de ouro. Houve ainda pol\u00e9micas pol\u00edticas e p\u00fablicas envolvendo Israel, com assobios durante o desfile e discuss\u00f5es entre jornalistas e entidades oficiais, levando a pedidos de explica\u00e7\u00e3o e retrata\u00e7\u00f5es p\u00fablicas.\" \/>\n<meta property=\"og:url\" content=\"https:\/\/portaltela.pt\/noticias\/2026\/02\/22\/milao-cortina-2026-26-curiosidades-sobre-os-jogos-olimpicos\/\" \/>\n<meta property=\"og:site_name\" content=\"Portal Tela Portugal\" \/>\n<meta property=\"article:published_time\" content=\"2026-02-22T19:43:00+00:00\" \/>\n<meta name=\"author\" content=\"Telinha\" \/>\n<meta name=\"twitter:card\" content=\"summary_large_image\" \/>\n<meta name=\"twitter:label1\" content=\"Escrito por\" \/>\n\t<meta name=\"twitter:data1\" content=\"Telinha\" \/>\n\t<meta name=\"twitter:label2\" content=\"Tempo estimado de leitura\" \/>\n\t<meta name=\"twitter:data2\" content=\"3 minutos\" \/>\n<script type=\"application\/ld+json\" class=\"yoast-schema-graph\">{\"@context\":\"https:\/\/schema.org\",\"@graph\":[{\"@type\":\"Article\",\"@id\":\"https:\/\/portaltela.pt\/noticias\/2026\/02\/22\/milao-cortina-2026-26-curiosidades-sobre-os-jogos-olimpicos\/#article\",\"isPartOf\":{\"@id\":\"https:\/\/portaltela.pt\/noticias\/2026\/02\/22\/milao-cortina-2026-26-curiosidades-sobre-os-jogos-olimpicos\/\"},\"author\":{\"name\":\"Telinha\",\"@id\":\"https:\/\/portaltela.pt\/#\/schema\/person\/c4278d4a6028830caff9ee44b42d32ed\"},\"headline\":\"Mil\u00e3o-Cortina 2026: 26 curiosidades sobre os Jogos Ol\u00edmpicos\",\"datePublished\":\"2026-02-22T19:43:00+00:00\",\"mainEntityOfPage\":{\"@id\":\"https:\/\/portaltela.pt\/noticias\/2026\/02\/22\/milao-cortina-2026-26-curiosidades-sobre-os-jogos-olimpicos\/\"},\"wordCount\":673,\"image\":{\"@id\":\"https:\/\/portaltela.pt\/noticias\/2026\/02\/22\/milao-cortina-2026-26-curiosidades-sobre-os-jogos-olimpicos\/#primaryimage\"},\"thumbnailUrl\":\"https:\/\/portaltela.pt\/s.01k8rhncp4jt1\/2026\/02\/2068949.jpg\",\"keywords\":[\"desporto\",\"esqui de fundo\",\"H\u00f3quei no gelo\",\"olimp\u00edadas\",\"patinagem art\u00edstica\",\"pol\u00eamicas\"],\"articleSection\":[\"Desporto\"],\"inLanguage\":\"pt-PT\"},{\"@type\":\"WebPage\",\"@id\":\"https:\/\/portaltela.pt\/noticias\/2026\/02\/22\/milao-cortina-2026-26-curiosidades-sobre-os-jogos-olimpicos\/\",\"url\":\"https:\/\/portaltela.pt\/noticias\/2026\/02\/22\/milao-cortina-2026-26-curiosidades-sobre-os-jogos-olimpicos\/\",\"name\":\"Mil\u00e3o-Cortina 2026: 26 curiosidades sobre os Jogos Ol\u00edmpicos - Portal Tela Portugal\",\"isPartOf\":{\"@id\":\"https:\/\/portaltela.pt\/#website\"},\"primaryImageOfPage\":{\"@id\":\"https:\/\/portaltela.pt\/noticias\/2026\/02\/22\/milao-cortina-2026-26-curiosidades-sobre-os-jogos-olimpicos\/#primaryimage\"},\"image\":{\"@id\":\"https:\/\/portaltela.pt\/noticias\/2026\/02\/22\/milao-cortina-2026-26-curiosidades-sobre-os-jogos-olimpicos\/#primaryimage\"},\"thumbnailUrl\":\"https:\/\/portaltela.pt\/s.01k8rhncp4jt1\/2026\/02\/2068949.jpg\",\"datePublished\":\"2026-02-22T19:43:00+00:00\",\"author\":{\"@id\":\"https:\/\/portaltela.pt\/#\/schema\/person\/c4278d4a6028830caff9ee44b42d32ed\"},\"breadcrumb\":{\"@id\":\"https:\/\/portaltela.pt\/noticias\/2026\/02\/22\/milao-cortina-2026-26-curiosidades-sobre-os-jogos-olimpicos\/#breadcrumb\"},\"inLanguage\":\"pt-PT\",\"potentialAction\":[{\"@type\":\"ReadAction\",\"target\":[\"https:\/\/portaltela.pt\/noticias\/2026\/02\/22\/milao-cortina-2026-26-curiosidades-sobre-os-jogos-olimpicos\/\"]}]},{\"@type\":\"ImageObject\",\"inLanguage\":\"pt-PT\",\"@id\":\"https:\/\/portaltela.pt\/noticias\/2026\/02\/22\/milao-cortina-2026-26-curiosidades-sobre-os-jogos-olimpicos\/#primaryimage\",\"url\":\"https:\/\/portaltela.pt\/s.01k8rhncp4jt1\/2026\/02\/2068949.jpg\",\"contentUrl\":\"https:\/\/portaltela.pt\/s.01k8rhncp4jt1\/2026\/02\/2068949.jpg\",\"width\":796,\"height\":448,\"caption\":\"A italiana Francesca Lollobrigida celebrou a vit\u00f3ria com o filho\"},{\"@type\":\"BreadcrumbList\",\"@id\":\"https:\/\/portaltela.pt\/noticias\/2026\/02\/22\/milao-cortina-2026-26-curiosidades-sobre-os-jogos-olimpicos\/#breadcrumb\",\"itemListElement\":[{\"@type\":\"ListItem\",\"position\":1,\"name\":\"In\u00edcio\",\"item\":\"https:\/\/portaltela.pt\/\"},{\"@type\":\"ListItem\",\"position\":2,\"name\":\"Mil\u00e3o-Cortina 2026: 26 curiosidades sobre os Jogos Ol\u00edmpicos\"}]},{\"@type\":\"WebSite\",\"@id\":\"https:\/\/portaltela.pt\/#website\",\"url\":\"https:\/\/portaltela.pt\/\",\"name\":\"Portal Tela Portugal\",\"description\":\"\",\"potentialAction\":[{\"@type\":\"SearchAction\",\"target\":{\"@type\":\"EntryPoint\",\"urlTemplate\":\"https:\/\/portaltela.pt\/?s={search_term_string}\"},\"query-input\":{\"@type\":\"PropertyValueSpecification\",\"valueRequired\":true,\"valueName\":\"search_term_string\"}}],\"inLanguage\":\"pt-PT\"},{\"@type\":\"Person\",\"@id\":\"https:\/\/portaltela.pt\/#\/schema\/person\/c4278d4a6028830caff9ee44b42d32ed\",\"name\":\"Telinha\",\"image\":{\"@type\":\"ImageObject\",\"inLanguage\":\"pt-PT\",\"@id\":\"https:\/\/portaltela.pt\/s.01k8rhncp4jt1\/2025\/11\/talking-bot-125x125.png\",\"url\":\"https:\/\/portaltela.pt\/s.01k8rhncp4jt1\/2025\/11\/talking-bot-125x125.png\",\"contentUrl\":\"https:\/\/portaltela.pt\/s.01k8rhncp4jt1\/2025\/11\/talking-bot-125x125.png\",\"caption\":\"Telinha\"},\"sameAs\":[\"https:\/\/portaltela.pt\/\"],\"url\":\"https:\/\/portaltela.pt\/por\/367410592786\/\"}]}<\/script>\n<!-- \/ Yoast SEO plugin. -->","yoast_head_json":{"title":"Mil\u00e3o-Cortina 2026: 26 curiosidades sobre os Jogos Ol\u00edmpicos - Portal Tela Portugal","robots":{"index":"index","follow":"follow","max-snippet":"max-snippet:-1","max-image-preview":"max-image-preview:large","max-video-preview":"max-video-preview:-1"},"og_locale":"pt_PT","og_type":"article","og_title":"Mil\u00e3o-Cortina 2026: 26 curiosidades sobre os Jogos Ol\u00edmpicos - Portal Tela Portugal","og_description":"A cerim\u00f3nia de abertura dos Jogos Ol\u00edmpicos de Inverno Mil\u00e3o-Cortina ficou marcada por gafes do ent\u00e3o director da Rai Sport, incluindo erros de localiza\u00e7\u00e3o, confus\u00f5es de pessoas e censura de um desenho de Leonardo da Vinci. V\u00e1rias curiosidades passaram pelos v\u00eddeos nas redes, como a d\u00favida sobre a fun\u00e7\u00e3o do bid\u00e9 na aldeia ol\u00edmpica e a pol\u00e9mica em torno de uma imagem censurada no evento. Momentos pessoais ganharam destaque, com propostas de casamento de atletas (Jean-Luc Baker com Olivia Smart; Hilary Knight com Brittany Bowe) e procura de companhia para o Dia dos Namorados por Sophia Kirkby. A n\u00edvel desportivo, destacam-se recordes e hist\u00f3rias: Elana Meyers-Taylor, aos 41 anos, conquista o ouro no bobsleigh; Lucas Pinheiro Braathen torna-se o primeiro sul-americano a ganhar uma medalha de ouro nos Jogos de Inverno; Francesca Lollobrigida vence duas medalhas de ouro. Houve ainda pol\u00e9micas pol\u00edticas e p\u00fablicas envolvendo Israel, com assobios durante o desfile e discuss\u00f5es entre jornalistas e entidades oficiais, levando a pedidos de explica\u00e7\u00e3o e retrata\u00e7\u00f5es p\u00fablicas.","og_url":"https:\/\/portaltela.pt\/noticias\/2026\/02\/22\/milao-cortina-2026-26-curiosidades-sobre-os-jogos-olimpicos\/","og_site_name":"Portal Tela Portugal","article_published_time":"2026-02-22T19:43:00+00:00","author":"Telinha","twitter_card":"summary_large_image","twitter_misc":{"Escrito por":"Telinha","Tempo estimado de leitura":"3 minutos"},"schema":{"@context":"https:\/\/schema.org","@graph":[{"@type":"Article","@id":"https:\/\/portaltela.pt\/noticias\/2026\/02\/22\/milao-cortina-2026-26-curiosidades-sobre-os-jogos-olimpicos\/#article","isPartOf":{"@id":"https:\/\/portaltela.pt\/noticias\/2026\/02\/22\/milao-cortina-2026-26-curiosidades-sobre-os-jogos-olimpicos\/"},"author":{"name":"Telinha","@id":"https:\/\/portaltela.pt\/#\/schema\/person\/c4278d4a6028830caff9ee44b42d32ed"},"headline":"Mil\u00e3o-Cortina 2026: 26 curiosidades sobre os Jogos Ol\u00edmpicos","datePublished":"2026-02-22T19:43:00+00:00","mainEntityOfPage":{"@id":"https:\/\/portaltela.pt\/noticias\/2026\/02\/22\/milao-cortina-2026-26-curiosidades-sobre-os-jogos-olimpicos\/"},"wordCount":673,"image":{"@id":"https:\/\/portaltela.pt\/noticias\/2026\/02\/22\/milao-cortina-2026-26-curiosidades-sobre-os-jogos-olimpicos\/#primaryimage"},"thumbnailUrl":"https:\/\/portaltela.pt\/s.01k8rhncp4jt1\/2026\/02\/2068949.jpg","keywords":["desporto","esqui de fundo","H\u00f3quei no gelo","olimp\u00edadas","patinagem art\u00edstica","pol\u00eamicas"],"articleSection":["Desporto"],"inLanguage":"pt-PT"},{"@type":"WebPage","@id":"https:\/\/portaltela.pt\/noticias\/2026\/02\/22\/milao-cortina-2026-26-curiosidades-sobre-os-jogos-olimpicos\/","url":"https:\/\/portaltela.pt\/noticias\/2026\/02\/22\/milao-cortina-2026-26-curiosidades-sobre-os-jogos-olimpicos\/","name":"Mil\u00e3o-Cortina 2026: 26 curiosidades sobre os Jogos Ol\u00edmpicos - Portal Tela Portugal","isPartOf":{"@id":"https:\/\/portaltela.pt\/#website"},"primaryImageOfPage":{"@id":"https:\/\/portaltela.pt\/noticias\/2026\/02\/22\/milao-cortina-2026-26-curiosidades-sobre-os-jogos-olimpicos\/#primaryimage"},"image":{"@id":"https:\/\/portaltela.pt\/noticias\/2026\/02\/22\/milao-cortina-2026-26-curiosidades-sobre-os-jogos-olimpicos\/#primaryimage"},"thumbnailUrl":"https:\/\/portaltela.pt\/s.01k8rhncp4jt1\/2026\/02\/2068949.jpg","datePublished":"2026-02-22T19:43:00+00:00","author":{"@id":"https:\/\/portaltela.pt\/#\/schema\/person\/c4278d4a6028830caff9ee44b42d32ed"},"breadcrumb":{"@id":"https:\/\/portaltela.pt\/noticias\/2026\/02\/22\/milao-cortina-2026-26-curiosidades-sobre-os-jogos-olimpicos\/#breadcrumb"},"inLanguage":"pt-PT","potentialAction":[{"@type":"ReadAction","target":["https:\/\/portaltela.pt\/noticias\/2026\/02\/22\/milao-cortina-2026-26-curiosidades-sobre-os-jogos-olimpicos\/"]}]},{"@type":"ImageObject","inLanguage":"pt-PT","@id":"https:\/\/portaltela.pt\/noticias\/2026\/02\/22\/milao-cortina-2026-26-curiosidades-sobre-os-jogos-olimpicos\/#primaryimage","url":"https:\/\/portaltela.pt\/s.01k8rhncp4jt1\/2026\/02\/2068949.jpg","contentUrl":"https:\/\/portaltela.pt\/s.01k8rhncp4jt1\/2026\/02\/2068949.jpg","width":796,"height":448,"caption":"A italiana Francesca Lollobrigida celebrou a vit\u00f3ria com o filho"},{"@type":"BreadcrumbList","@id":"https:\/\/portaltela.pt\/noticias\/2026\/02\/22\/milao-cortina-2026-26-curiosidades-sobre-os-jogos-olimpicos\/#breadcrumb","itemListElement":[{"@type":"ListItem","position":1,"name":"In\u00edcio","item":"https:\/\/portaltela.pt\/"},{"@type":"ListItem","position":2,"name":"Mil\u00e3o-Cortina 2026: 26 curiosidades sobre os Jogos Ol\u00edmpicos"}]},{"@type":"WebSite","@id":"https:\/\/portaltela.pt\/#website","url":"https:\/\/portaltela.pt\/","name":"Portal Tela Portugal","description":"","potentialAction":[{"@type":"SearchAction","target":{"@type":"EntryPoint","urlTemplate":"https:\/\/portaltela.pt\/?s={search_term_string}"},"query-input":{"@type":"PropertyValueSpecification","valueRequired":true,"valueName":"search_term_string"}}],"inLanguage":"pt-PT"},{"@type":"Person","@id":"https:\/\/portaltela.pt\/#\/schema\/person\/c4278d4a6028830caff9ee44b42d32ed","name":"Telinha","image":{"@type":"ImageObject","inLanguage":"pt-PT","@id":"https:\/\/portaltela.pt\/s.01k8rhncp4jt1\/2025\/11\/talking-bot-125x125.png","url":"https:\/\/portaltela.pt\/s.01k8rhncp4jt1\/2025\/11\/talking-bot-125x125.png","contentUrl":"https:\/\/portaltela.pt\/s.01k8rhncp4jt1\/2025\/11\/talking-bot-125x125.png","caption":"Telinha"},"sameAs":["https:\/\/portaltela.pt\/"],"url":"https:\/\/portaltela.pt\/por\/367410592786\/"}]}},"_links":{"self":[{"href":"https:\/\/portaltela.pt\/api\/wp\/v2\/posts\/221998","targetHints":{"allow":["GET"]}}],"collection":[{"href":"https:\/\/portaltela.pt\/api\/wp\/v2\/posts"}],"about":[{"href":"https:\/\/portaltela.pt\/api\/wp\/v2\/types\/post"}],"author":[{"embeddable":true,"href":"https:\/\/portaltela.pt\/api\/wp\/v2\/users\/2"}],"replies":[{"embeddable":true,"href":"https:\/\/portaltela.pt\/api\/wp\/v2\/comments?post=221998"}],"version-history":[{"count":0,"href":"https:\/\/portaltela.pt\/api\/wp\/v2\/posts\/221998\/revisions"}],"wp:featuredmedia":[{"embeddable":true,"href":"https:\/\/portaltela.pt\/api\/wp\/v2\/media\/222000"}],"wp:attachment":[{"href":"https:\/\/portaltela.pt\/api\/wp\/v2\/media?parent=221998"}],"wp:term":[{"taxonomy":"category","embeddable":true,"href":"https:\/\/portaltela.pt\/api\/wp\/v2\/categories?post=221998"},{"taxonomy":"post_tag","embeddable":true,"href":"https:\/\/portaltela.pt\/api\/wp\/v2\/tags?post=221998"}],"curies":[{"name":"wp","href":"https:\/\/api.w.org\/{rel}","templated":true}]}}