{"id":221970,"date":"2026-02-22T16:35:00","date_gmt":"2026-02-22T19:35:00","guid":{"rendered":"https:\/\/portaltela.pt\/noticias\/2026\/02\/22\/duplantis-vence-no-all-star-de-vara-sem-novo-recorde\/"},"modified":"2026-02-22T16:35:00","modified_gmt":"2026-02-22T19:35:00","slug":"duplantis-vence-no-all-star-de-vara-sem-novo-recorde","status":"publish","type":"post","link":"https:\/\/portaltela.pt\/desporto\/2026\/02\/22\/duplantis-vence-no-all-star-de-vara-sem-novo-recorde\/","title":{"rendered":"Duplantis vence no All Star de vara, sem novo recorde"},"content":{"rendered":"<p>Armand Duplantis venceu o All Star de vara em Clermont-Ferrand, com 6,06 metros, este domingo. O sueco dominou o concurso apesar de n\u00e3o estar plenamente recuperado de uma intoxica\u00e7\u00e3o alimentar recente.<\/p>\n<p>O detentor do recorde mundial tentou, sem sucesso, melhorar a marca. Mesmo assim, geriu o concurso com consist\u00eancia, ao vencer as dificuldades iniciais e entrar directamente em 5,70, 5,90 e 6,06, todos na primeira tentativa.<\/p>\n<p>A vit\u00f3ria foi assegurada numa prova marcada pela fadiga do campe\u00e3o ol\u00edmpico, que revelou ter ainda sinais da indisposi\u00e7\u00e3o. O resultado encerra uma fase de recupera\u00e7\u00e3o ap\u00f3s a intoxica\u00e7\u00e3o verificada na v\u00e9spera.<\/p>\n<p>O duelo ficou longe do recorde mundial, com o atleta australiano Kurtis Marschall a obter 6,00 metros e a alcan\u00e7ar o seu melhor resultado pessoal. Pelo lado do p\u00f3dio, Emmanouil Karalis ficou em terceiro com 5,90 metros.<\/p>\n<p>Duplantis compete cinco meses ap\u00f3s o t\u00edtulo mundial de T\u00f3quio de 2025 e de um recorde mundial adicional de 6,30 metros, atingido recentemente.<\/p>\n","protected":false},"excerpt":{"rendered":"<ul>\n<li>Armand Duplantis venceu o All Star de vara em Clermont-Ferrand com 6,06 metros, tentando sem sucesso bater o recorde mundial.<\/li>\n<li>O sueco n\u00e3o estava totalmente recuperado de uma intoxica\u00e7\u00e3o alimentar, referindo-se a sentir-se fatigado.<\/li>\n<li>O concurso foi ganho de forma relativamente f\u00e1cil, com derrubes a 6,31 metros indicando a sua condi\u00e7\u00e3o.<\/li>\n<li>Esta \u00e9 a 37.\u00aa vit\u00f3ria consecutiva de Duplantis, que s\u00f3 saltou a partir de 5,70 metros devido ao estado de sa\u00fade.<\/li>\n<li>O australiano Kurtis Marschall ficou em segundo com 6,00 metros, enquanto o grego Emmanouil Karalis ficou em terceiro com 5,90 metros.<\/li>\n<\/ul>\n","protected":false},"author":2,"featured_media":221980,"comment_status":"closed","ping_status":"closed","sticky":false,"template":"","format":"standard","meta":{"footnotes":""},"categories":[21],"tags":[137,2463,1856,3276,3609],"class_list":["post-221970","post","type-post","status-publish","format-standard","has-post-thumbnail","hentry","category-desporto","tag-atletismo","tag-competicao-internacional","tag-franca","tag-intoxicacao","tag-salto-com-vara"],"yoast_head":"<!-- This site is optimized with the Yoast SEO plugin v27.2 - https:\/\/yoast.com\/product\/yoast-seo-wordpress\/ -->\n<title>Duplantis vence no All Star de vara, sem novo recorde - Portal Tela Portugal<\/title>\n<meta name=\"robots\" content=\"index, follow, max-snippet:-1, max-image-preview:large, max-video-preview:-1\" \/>\n<meta property=\"og:locale\" content=\"pt_PT\" \/>\n<meta property=\"og:type\" content=\"article\" \/>\n<meta property=\"og:title\" content=\"Duplantis vence no All Star de vara, sem novo recorde - Portal Tela Portugal\" \/>\n<meta property=\"og:description\" content=\"Armand Duplantis venceu o All Star de vara em Clermont-Ferrand com 6,06 metros, tentando sem sucesso bater o recorde mundial. O sueco n\u00e3o estava totalmente recuperado de uma intoxica\u00e7\u00e3o alimentar, referindo-se a sentir-se fatigado. O concurso foi ganho de forma relativamente f\u00e1cil, com derrubes a 6,31 metros indicando a sua condi\u00e7\u00e3o. Esta \u00e9 a 37.\u00aa vit\u00f3ria consecutiva de Duplantis, que s\u00f3 saltou a partir de 5,70 metros devido ao estado de sa\u00fade. O australiano Kurtis Marschall ficou em segundo com 6,00 metros, enquanto o grego Emmanouil Karalis ficou em terceiro com 5,90 metros.\" \/>\n<meta property=\"og:url\" content=\"https:\/\/portaltela.pt\/noticias\/2026\/02\/22\/duplantis-vence-no-all-star-de-vara-sem-novo-recorde\/\" \/>\n<meta property=\"og:site_name\" content=\"Portal Tela Portugal\" \/>\n<meta property=\"article:published_time\" content=\"2026-02-22T19:35:00+00:00\" \/>\n<meta name=\"author\" content=\"Telinha\" \/>\n<meta name=\"twitter:card\" content=\"summary_large_image\" \/>\n<meta name=\"twitter:label1\" content=\"Escrito por\" \/>\n\t<meta name=\"twitter:data1\" content=\"Telinha\" \/>\n\t<meta name=\"twitter:label2\" content=\"Tempo estimado de leitura\" \/>\n\t<meta name=\"twitter:data2\" content=\"1 minuto\" \/>\n<script type=\"application\/ld+json\" class=\"yoast-schema-graph\">{\"@context\":\"https:\/\/schema.org\",\"@graph\":[{\"@type\":\"Article\",\"@id\":\"https:\/\/portaltela.pt\/noticias\/2026\/02\/22\/duplantis-vence-no-all-star-de-vara-sem-novo-recorde\/#article\",\"isPartOf\":{\"@id\":\"https:\/\/portaltela.pt\/noticias\/2026\/02\/22\/duplantis-vence-no-all-star-de-vara-sem-novo-recorde\/\"},\"author\":{\"name\":\"Telinha\",\"@id\":\"https:\/\/portaltela.pt\/#\/schema\/person\/c4278d4a6028830caff9ee44b42d32ed\"},\"headline\":\"Duplantis vence no All Star de vara, sem novo recorde\",\"datePublished\":\"2026-02-22T19:35:00+00:00\",\"mainEntityOfPage\":{\"@id\":\"https:\/\/portaltela.pt\/noticias\/2026\/02\/22\/duplantis-vence-no-all-star-de-vara-sem-novo-recorde\/\"},\"wordCount\":176,\"image\":{\"@id\":\"https:\/\/portaltela.pt\/noticias\/2026\/02\/22\/duplantis-vence-no-all-star-de-vara-sem-novo-recorde\/#primaryimage\"},\"thumbnailUrl\":\"https:\/\/portaltela.pt\/s.01k8rhncp4jt1\/2026\/02\/img_920x518uu2025-09-18-17-52-24-2390647.jpg\",\"keywords\":[\"atletismo\",\"competi\u00e7\u00e3o internacional\",\"Fran\u00e7a\",\"intoxica\u00e7\u00e3o\",\"salto com vara\"],\"articleSection\":[\"Desporto\"],\"inLanguage\":\"pt-PT\"},{\"@type\":\"WebPage\",\"@id\":\"https:\/\/portaltela.pt\/noticias\/2026\/02\/22\/duplantis-vence-no-all-star-de-vara-sem-novo-recorde\/\",\"url\":\"https:\/\/portaltela.pt\/noticias\/2026\/02\/22\/duplantis-vence-no-all-star-de-vara-sem-novo-recorde\/\",\"name\":\"Duplantis vence no All Star de vara, sem novo recorde - Portal Tela Portugal\",\"isPartOf\":{\"@id\":\"https:\/\/portaltela.pt\/#website\"},\"primaryImageOfPage\":{\"@id\":\"https:\/\/portaltela.pt\/noticias\/2026\/02\/22\/duplantis-vence-no-all-star-de-vara-sem-novo-recorde\/#primaryimage\"},\"image\":{\"@id\":\"https:\/\/portaltela.pt\/noticias\/2026\/02\/22\/duplantis-vence-no-all-star-de-vara-sem-novo-recorde\/#primaryimage\"},\"thumbnailUrl\":\"https:\/\/portaltela.pt\/s.01k8rhncp4jt1\/2026\/02\/img_920x518uu2025-09-18-17-52-24-2390647.jpg\",\"datePublished\":\"2026-02-22T19:35:00+00:00\",\"author\":{\"@id\":\"https:\/\/portaltela.pt\/#\/schema\/person\/c4278d4a6028830caff9ee44b42d32ed\"},\"breadcrumb\":{\"@id\":\"https:\/\/portaltela.pt\/noticias\/2026\/02\/22\/duplantis-vence-no-all-star-de-vara-sem-novo-recorde\/#breadcrumb\"},\"inLanguage\":\"pt-PT\",\"potentialAction\":[{\"@type\":\"ReadAction\",\"target\":[\"https:\/\/portaltela.pt\/noticias\/2026\/02\/22\/duplantis-vence-no-all-star-de-vara-sem-novo-recorde\/\"]}]},{\"@type\":\"ImageObject\",\"inLanguage\":\"pt-PT\",\"@id\":\"https:\/\/portaltela.pt\/noticias\/2026\/02\/22\/duplantis-vence-no-all-star-de-vara-sem-novo-recorde\/#primaryimage\",\"url\":\"https:\/\/portaltela.pt\/s.01k8rhncp4jt1\/2026\/02\/img_920x518uu2025-09-18-17-52-24-2390647.jpg\",\"contentUrl\":\"https:\/\/portaltela.pt\/s.01k8rhncp4jt1\/2026\/02\/img_920x518uu2025-09-18-17-52-24-2390647.jpg\",\"width\":796,\"height\":448,\"caption\":\"Duplantis\"},{\"@type\":\"BreadcrumbList\",\"@id\":\"https:\/\/portaltela.pt\/noticias\/2026\/02\/22\/duplantis-vence-no-all-star-de-vara-sem-novo-recorde\/#breadcrumb\",\"itemListElement\":[{\"@type\":\"ListItem\",\"position\":1,\"name\":\"In\u00edcio\",\"item\":\"https:\/\/portaltela.pt\/\"},{\"@type\":\"ListItem\",\"position\":2,\"name\":\"Duplantis vence no All Star de vara, sem novo recorde\"}]},{\"@type\":\"WebSite\",\"@id\":\"https:\/\/portaltela.pt\/#website\",\"url\":\"https:\/\/portaltela.pt\/\",\"name\":\"Portal Tela Portugal\",\"description\":\"\",\"potentialAction\":[{\"@type\":\"SearchAction\",\"target\":{\"@type\":\"EntryPoint\",\"urlTemplate\":\"https:\/\/portaltela.pt\/?s={search_term_string}\"},\"query-input\":{\"@type\":\"PropertyValueSpecification\",\"valueRequired\":true,\"valueName\":\"search_term_string\"}}],\"inLanguage\":\"pt-PT\"},{\"@type\":\"Person\",\"@id\":\"https:\/\/portaltela.pt\/#\/schema\/person\/c4278d4a6028830caff9ee44b42d32ed\",\"name\":\"Telinha\",\"image\":{\"@type\":\"ImageObject\",\"inLanguage\":\"pt-PT\",\"@id\":\"https:\/\/portaltela.pt\/s.01k8rhncp4jt1\/2025\/11\/talking-bot-125x125.png\",\"url\":\"https:\/\/portaltela.pt\/s.01k8rhncp4jt1\/2025\/11\/talking-bot-125x125.png\",\"contentUrl\":\"https:\/\/portaltela.pt\/s.01k8rhncp4jt1\/2025\/11\/talking-bot-125x125.png\",\"caption\":\"Telinha\"},\"sameAs\":[\"https:\/\/portaltela.pt\/\"],\"url\":\"https:\/\/portaltela.pt\/por\/367410592786\/\"}]}<\/script>\n<!-- \/ Yoast SEO plugin. -->","yoast_head_json":{"title":"Duplantis vence no All Star de vara, sem novo recorde - Portal Tela Portugal","robots":{"index":"index","follow":"follow","max-snippet":"max-snippet:-1","max-image-preview":"max-image-preview:large","max-video-preview":"max-video-preview:-1"},"og_locale":"pt_PT","og_type":"article","og_title":"Duplantis vence no All Star de vara, sem novo recorde - Portal Tela Portugal","og_description":"Armand Duplantis venceu o All Star de vara em Clermont-Ferrand com 6,06 metros, tentando sem sucesso bater o recorde mundial. O sueco n\u00e3o estava totalmente recuperado de uma intoxica\u00e7\u00e3o alimentar, referindo-se a sentir-se fatigado. O concurso foi ganho de forma relativamente f\u00e1cil, com derrubes a 6,31 metros indicando a sua condi\u00e7\u00e3o. Esta \u00e9 a 37.\u00aa vit\u00f3ria consecutiva de Duplantis, que s\u00f3 saltou a partir de 5,70 metros devido ao estado de sa\u00fade. O australiano Kurtis Marschall ficou em segundo com 6,00 metros, enquanto o grego Emmanouil Karalis ficou em terceiro com 5,90 metros.","og_url":"https:\/\/portaltela.pt\/noticias\/2026\/02\/22\/duplantis-vence-no-all-star-de-vara-sem-novo-recorde\/","og_site_name":"Portal Tela Portugal","article_published_time":"2026-02-22T19:35:00+00:00","author":"Telinha","twitter_card":"summary_large_image","twitter_misc":{"Escrito por":"Telinha","Tempo estimado de leitura":"1 minuto"},"schema":{"@context":"https:\/\/schema.org","@graph":[{"@type":"Article","@id":"https:\/\/portaltela.pt\/noticias\/2026\/02\/22\/duplantis-vence-no-all-star-de-vara-sem-novo-recorde\/#article","isPartOf":{"@id":"https:\/\/portaltela.pt\/noticias\/2026\/02\/22\/duplantis-vence-no-all-star-de-vara-sem-novo-recorde\/"},"author":{"name":"Telinha","@id":"https:\/\/portaltela.pt\/#\/schema\/person\/c4278d4a6028830caff9ee44b42d32ed"},"headline":"Duplantis vence no All Star de vara, sem novo recorde","datePublished":"2026-02-22T19:35:00+00:00","mainEntityOfPage":{"@id":"https:\/\/portaltela.pt\/noticias\/2026\/02\/22\/duplantis-vence-no-all-star-de-vara-sem-novo-recorde\/"},"wordCount":176,"image":{"@id":"https:\/\/portaltela.pt\/noticias\/2026\/02\/22\/duplantis-vence-no-all-star-de-vara-sem-novo-recorde\/#primaryimage"},"thumbnailUrl":"https:\/\/portaltela.pt\/s.01k8rhncp4jt1\/2026\/02\/img_920x518uu2025-09-18-17-52-24-2390647.jpg","keywords":["atletismo","competi\u00e7\u00e3o internacional","Fran\u00e7a","intoxica\u00e7\u00e3o","salto com vara"],"articleSection":["Desporto"],"inLanguage":"pt-PT"},{"@type":"WebPage","@id":"https:\/\/portaltela.pt\/noticias\/2026\/02\/22\/duplantis-vence-no-all-star-de-vara-sem-novo-recorde\/","url":"https:\/\/portaltela.pt\/noticias\/2026\/02\/22\/duplantis-vence-no-all-star-de-vara-sem-novo-recorde\/","name":"Duplantis vence no All Star de vara, sem novo recorde - Portal Tela Portugal","isPartOf":{"@id":"https:\/\/portaltela.pt\/#website"},"primaryImageOfPage":{"@id":"https:\/\/portaltela.pt\/noticias\/2026\/02\/22\/duplantis-vence-no-all-star-de-vara-sem-novo-recorde\/#primaryimage"},"image":{"@id":"https:\/\/portaltela.pt\/noticias\/2026\/02\/22\/duplantis-vence-no-all-star-de-vara-sem-novo-recorde\/#primaryimage"},"thumbnailUrl":"https:\/\/portaltela.pt\/s.01k8rhncp4jt1\/2026\/02\/img_920x518uu2025-09-18-17-52-24-2390647.jpg","datePublished":"2026-02-22T19:35:00+00:00","author":{"@id":"https:\/\/portaltela.pt\/#\/schema\/person\/c4278d4a6028830caff9ee44b42d32ed"},"breadcrumb":{"@id":"https:\/\/portaltela.pt\/noticias\/2026\/02\/22\/duplantis-vence-no-all-star-de-vara-sem-novo-recorde\/#breadcrumb"},"inLanguage":"pt-PT","potentialAction":[{"@type":"ReadAction","target":["https:\/\/portaltela.pt\/noticias\/2026\/02\/22\/duplantis-vence-no-all-star-de-vara-sem-novo-recorde\/"]}]},{"@type":"ImageObject","inLanguage":"pt-PT","@id":"https:\/\/portaltela.pt\/noticias\/2026\/02\/22\/duplantis-vence-no-all-star-de-vara-sem-novo-recorde\/#primaryimage","url":"https:\/\/portaltela.pt\/s.01k8rhncp4jt1\/2026\/02\/img_920x518uu2025-09-18-17-52-24-2390647.jpg","contentUrl":"https:\/\/portaltela.pt\/s.01k8rhncp4jt1\/2026\/02\/img_920x518uu2025-09-18-17-52-24-2390647.jpg","width":796,"height":448,"caption":"Duplantis"},{"@type":"BreadcrumbList","@id":"https:\/\/portaltela.pt\/noticias\/2026\/02\/22\/duplantis-vence-no-all-star-de-vara-sem-novo-recorde\/#breadcrumb","itemListElement":[{"@type":"ListItem","position":1,"name":"In\u00edcio","item":"https:\/\/portaltela.pt\/"},{"@type":"ListItem","position":2,"name":"Duplantis vence no All Star de vara, sem novo recorde"}]},{"@type":"WebSite","@id":"https:\/\/portaltela.pt\/#website","url":"https:\/\/portaltela.pt\/","name":"Portal Tela Portugal","description":"","potentialAction":[{"@type":"SearchAction","target":{"@type":"EntryPoint","urlTemplate":"https:\/\/portaltela.pt\/?s={search_term_string}"},"query-input":{"@type":"PropertyValueSpecification","valueRequired":true,"valueName":"search_term_string"}}],"inLanguage":"pt-PT"},{"@type":"Person","@id":"https:\/\/portaltela.pt\/#\/schema\/person\/c4278d4a6028830caff9ee44b42d32ed","name":"Telinha","image":{"@type":"ImageObject","inLanguage":"pt-PT","@id":"https:\/\/portaltela.pt\/s.01k8rhncp4jt1\/2025\/11\/talking-bot-125x125.png","url":"https:\/\/portaltela.pt\/s.01k8rhncp4jt1\/2025\/11\/talking-bot-125x125.png","contentUrl":"https:\/\/portaltela.pt\/s.01k8rhncp4jt1\/2025\/11\/talking-bot-125x125.png","caption":"Telinha"},"sameAs":["https:\/\/portaltela.pt\/"],"url":"https:\/\/portaltela.pt\/por\/367410592786\/"}]}},"_links":{"self":[{"href":"https:\/\/portaltela.pt\/api\/wp\/v2\/posts\/221970","targetHints":{"allow":["GET"]}}],"collection":[{"href":"https:\/\/portaltela.pt\/api\/wp\/v2\/posts"}],"about":[{"href":"https:\/\/portaltela.pt\/api\/wp\/v2\/types\/post"}],"author":[{"embeddable":true,"href":"https:\/\/portaltela.pt\/api\/wp\/v2\/users\/2"}],"replies":[{"embeddable":true,"href":"https:\/\/portaltela.pt\/api\/wp\/v2\/comments?post=221970"}],"version-history":[{"count":0,"href":"https:\/\/portaltela.pt\/api\/wp\/v2\/posts\/221970\/revisions"}],"wp:featuredmedia":[{"embeddable":true,"href":"https:\/\/portaltela.pt\/api\/wp\/v2\/media\/221980"}],"wp:attachment":[{"href":"https:\/\/portaltela.pt\/api\/wp\/v2\/media?parent=221970"}],"wp:term":[{"taxonomy":"category","embeddable":true,"href":"https:\/\/portaltela.pt\/api\/wp\/v2\/categories?post=221970"},{"taxonomy":"post_tag","embeddable":true,"href":"https:\/\/portaltela.pt\/api\/wp\/v2\/tags?post=221970"}],"curies":[{"name":"wp","href":"https:\/\/api.w.org\/{rel}","templated":true}]}}