{"id":221963,"date":"2026-02-22T16:39:00","date_gmt":"2026-02-22T19:39:00","guid":{"rendered":"https:\/\/portaltela.pt\/noticias\/2026\/02\/22\/segunda-embarcacao-abandonada-e-encontrada-no-rio-mira-com-jerricas-de-combustivel\/"},"modified":"2026-02-22T16:39:00","modified_gmt":"2026-02-22T19:39:00","slug":"segunda-embarcacao-abandonada-e-encontrada-no-rio-mira-com-jerricas-de-combustivel","status":"publish","type":"post","link":"https:\/\/portaltela.pt\/noticias\/2026\/02\/22\/segunda-embarcacao-abandonada-e-encontrada-no-rio-mira-com-jerricas-de-combustivel\/","title":{"rendered":"Segunda embarca\u00e7\u00e3o abandonada \u00e9 encontrada no rio Mira com jerric\u00e3s de combust\u00edvel"},"content":{"rendered":"<p>As autoridades identificaram este domingo uma segunda embarca\u00e7\u00e3o de alta velocidade abandonada no rio Mira, na zona de Odemira (Beja). A embarca\u00e7\u00e3o encontrava-se em \u00e1gua, sem tripula\u00e7\u00e3o, e continha jerric\u00e3s de combust\u00edvel no interior. A identifica\u00e7\u00e3o veio ap\u00f3s a PJ ter iniciado uma investiga\u00e7\u00e3o sobre uma primeira embarca\u00e7\u00e3o encontrada encalhada na regi\u00e3o de Vila Nova de Milfontes.<\/p>\n<p>A primeira embarca\u00e7\u00e3o foi encontrada encalhada por volta das 10h30, pela GNR, na zona de Vila Nova de Milfontes. Tamb\u00e9m continha jerric\u00e3s de combust\u00edvel no interior, e n\u00e3o havia tripulantes a bordo.<\/p>\n<p>Tendo em conta o reconhecimento realizado, a segunda embarca\u00e7\u00e3o chamou a aten\u00e7\u00e3o da opera\u00e7\u00e3o. Foi rebocada para Sines, e a PJ est\u00e1 a inspecionar as duas pe\u00e7as no \u00e2mbito do mesmo processo, com ind\u00edcios de liga\u00e7\u00e3o entre elas.<\/p>\n<h3>Investiga\u00e7\u00e3o em curso<\/h3>\n<p>As duas embarca\u00e7\u00f5es v\u00e3o ficar sob investiga\u00e7\u00e3o da PJ, que analisa poss\u00edveis liga\u00e7\u00f5es entre os barcos e o conte\u00fado das cargas, nomeadamente as jerric\u00e3s de combust\u00edvel, para apurar o eventual envolvimento em atividades il\u00edcitas. A GNR continua a apoiar as dilig\u00eancias no local.<\/p>\n","protected":false},"excerpt":{"rendered":"<ul>\n<li>Segunda embarca\u00e7\u00e3o de alta velocidade abandonada, sem tripulantes, foi encontrada no rio Mira, na zona de Odemira, com jerric\u00e3s de combust\u00edvel no interior.<\/li>\n<li>A primeira embarca\u00e7\u00e3o j\u00e1 tinha ficado encalhada; a segunda n\u00e3o estava encalhada e foi rebocada para Sines.<\/li>\n<li>A PJ iniciou, pela manh\u00e3, uma investiga\u00e7\u00e3o sobre uma outra lancha encalada em Vila Nova de Milfontes, por volta das 10h30.<\/li>\n<li>A PJ vai inspecionar as duas embarca\u00e7\u00f5es, que devem ficar sob o mesmo processo, com ind\u00edcios de liga\u00e7\u00e3o entre elas.<\/li>\n<li>As autoridades indicam que as duas embarca\u00e7\u00f5es foram encontradas pr\u00f3ximas uma da outra, sugerindo poss\u00edvel liga\u00e7\u00e3o entre os casos.<\/li>\n<\/ul>\n","protected":false},"author":2,"featured_media":221976,"comment_status":"closed","ping_status":"closed","sticky":false,"template":"","format":"standard","meta":{"footnotes":""},"categories":[1],"tags":[4419,1380,215,1081,1648,4313],"class_list":["post-221963","post","type-post","status-publish","format-standard","has-post-thumbnail","hentry","category-noticias","tag-embarcacoes","tag-gnr","tag-investigacao","tag-mira","tag-odemira","tag-pj"],"yoast_head":"<!-- This site is optimized with the Yoast SEO plugin v27.2 - https:\/\/yoast.com\/product\/yoast-seo-wordpress\/ -->\n<title>Segunda embarca\u00e7\u00e3o abandonada \u00e9 encontrada no rio Mira com jerric\u00e3s de combust\u00edvel - Portal Tela Portugal<\/title>\n<meta name=\"robots\" content=\"index, follow, max-snippet:-1, max-image-preview:large, max-video-preview:-1\" \/>\n<meta property=\"og:locale\" content=\"pt_PT\" \/>\n<meta property=\"og:type\" content=\"article\" \/>\n<meta property=\"og:title\" content=\"Segunda embarca\u00e7\u00e3o abandonada \u00e9 encontrada no rio Mira com jerric\u00e3s de combust\u00edvel - Portal Tela Portugal\" \/>\n<meta property=\"og:description\" content=\"Segunda embarca\u00e7\u00e3o de alta velocidade abandonada, sem tripulantes, foi encontrada no rio Mira, na zona de Odemira, com jerric\u00e3s de combust\u00edvel no interior. A primeira embarca\u00e7\u00e3o j\u00e1 tinha ficado encalhada; a segunda n\u00e3o estava encalhada e foi rebocada para Sines. A PJ iniciou, pela manh\u00e3, uma investiga\u00e7\u00e3o sobre uma outra lancha encalada em Vila Nova de Milfontes, por volta das 10h30. A PJ vai inspecionar as duas embarca\u00e7\u00f5es, que devem ficar sob o mesmo processo, com ind\u00edcios de liga\u00e7\u00e3o entre elas. As autoridades indicam que as duas embarca\u00e7\u00f5es foram encontradas pr\u00f3ximas uma da outra, sugerindo poss\u00edvel liga\u00e7\u00e3o entre os casos.\" \/>\n<meta property=\"og:url\" content=\"https:\/\/portaltela.pt\/noticias\/2026\/02\/22\/segunda-embarcacao-abandonada-e-encontrada-no-rio-mira-com-jerricas-de-combustivel\/\" \/>\n<meta property=\"og:site_name\" content=\"Portal Tela Portugal\" \/>\n<meta property=\"article:published_time\" content=\"2026-02-22T19:39:00+00:00\" \/>\n<meta name=\"author\" content=\"Telinha\" \/>\n<meta name=\"twitter:card\" content=\"summary_large_image\" \/>\n<meta name=\"twitter:label1\" content=\"Escrito por\" \/>\n\t<meta name=\"twitter:data1\" content=\"Telinha\" \/>\n\t<meta name=\"twitter:label2\" content=\"Tempo estimado de leitura\" \/>\n\t<meta name=\"twitter:data2\" content=\"1 minuto\" \/>\n<script type=\"application\/ld+json\" class=\"yoast-schema-graph\">{\"@context\":\"https:\/\/schema.org\",\"@graph\":[{\"@type\":\"Article\",\"@id\":\"https:\/\/portaltela.pt\/noticias\/2026\/02\/22\/segunda-embarcacao-abandonada-e-encontrada-no-rio-mira-com-jerricas-de-combustivel\/#article\",\"isPartOf\":{\"@id\":\"https:\/\/portaltela.pt\/noticias\/2026\/02\/22\/segunda-embarcacao-abandonada-e-encontrada-no-rio-mira-com-jerricas-de-combustivel\/\"},\"author\":{\"name\":\"Telinha\",\"@id\":\"https:\/\/portaltela.pt\/#\/schema\/person\/c4278d4a6028830caff9ee44b42d32ed\"},\"headline\":\"Segunda embarca\u00e7\u00e3o abandonada \u00e9 encontrada no rio Mira com jerric\u00e3s de combust\u00edvel\",\"datePublished\":\"2026-02-22T19:39:00+00:00\",\"mainEntityOfPage\":{\"@id\":\"https:\/\/portaltela.pt\/noticias\/2026\/02\/22\/segunda-embarcacao-abandonada-e-encontrada-no-rio-mira-com-jerricas-de-combustivel\/\"},\"wordCount\":219,\"image\":{\"@id\":\"https:\/\/portaltela.pt\/noticias\/2026\/02\/22\/segunda-embarcacao-abandonada-e-encontrada-no-rio-mira-com-jerricas-de-combustivel\/#primaryimage\"},\"thumbnailUrl\":\"https:\/\/portaltela.pt\/s.01k8rhncp4jt1\/2026\/02\/image-1648.jpg\",\"keywords\":[\"embarca\u00e7\u00f5es\",\"GNR\",\"investiga\u00e7\u00e3o\",\"Mira\",\"Odemira\",\"PJ\"],\"articleSection\":[\"Not\u00edcias\"],\"inLanguage\":\"pt-PT\"},{\"@type\":\"WebPage\",\"@id\":\"https:\/\/portaltela.pt\/noticias\/2026\/02\/22\/segunda-embarcacao-abandonada-e-encontrada-no-rio-mira-com-jerricas-de-combustivel\/\",\"url\":\"https:\/\/portaltela.pt\/noticias\/2026\/02\/22\/segunda-embarcacao-abandonada-e-encontrada-no-rio-mira-com-jerricas-de-combustivel\/\",\"name\":\"Segunda embarca\u00e7\u00e3o abandonada \u00e9 encontrada no rio Mira com jerric\u00e3s de combust\u00edvel - Portal Tela Portugal\",\"isPartOf\":{\"@id\":\"https:\/\/portaltela.pt\/#website\"},\"primaryImageOfPage\":{\"@id\":\"https:\/\/portaltela.pt\/noticias\/2026\/02\/22\/segunda-embarcacao-abandonada-e-encontrada-no-rio-mira-com-jerricas-de-combustivel\/#primaryimage\"},\"image\":{\"@id\":\"https:\/\/portaltela.pt\/noticias\/2026\/02\/22\/segunda-embarcacao-abandonada-e-encontrada-no-rio-mira-com-jerricas-de-combustivel\/#primaryimage\"},\"thumbnailUrl\":\"https:\/\/portaltela.pt\/s.01k8rhncp4jt1\/2026\/02\/image-1648.jpg\",\"datePublished\":\"2026-02-22T19:39:00+00:00\",\"author\":{\"@id\":\"https:\/\/portaltela.pt\/#\/schema\/person\/c4278d4a6028830caff9ee44b42d32ed\"},\"breadcrumb\":{\"@id\":\"https:\/\/portaltela.pt\/noticias\/2026\/02\/22\/segunda-embarcacao-abandonada-e-encontrada-no-rio-mira-com-jerricas-de-combustivel\/#breadcrumb\"},\"inLanguage\":\"pt-PT\",\"potentialAction\":[{\"@type\":\"ReadAction\",\"target\":[\"https:\/\/portaltela.pt\/noticias\/2026\/02\/22\/segunda-embarcacao-abandonada-e-encontrada-no-rio-mira-com-jerricas-de-combustivel\/\"]}]},{\"@type\":\"ImageObject\",\"inLanguage\":\"pt-PT\",\"@id\":\"https:\/\/portaltela.pt\/noticias\/2026\/02\/22\/segunda-embarcacao-abandonada-e-encontrada-no-rio-mira-com-jerricas-de-combustivel\/#primaryimage\",\"url\":\"https:\/\/portaltela.pt\/s.01k8rhncp4jt1\/2026\/02\/image-1648.jpg\",\"contentUrl\":\"https:\/\/portaltela.pt\/s.01k8rhncp4jt1\/2026\/02\/image-1648.jpg\",\"width\":796,\"height\":448,\"caption\":\"Foto: Pedro Correia\"},{\"@type\":\"BreadcrumbList\",\"@id\":\"https:\/\/portaltela.pt\/noticias\/2026\/02\/22\/segunda-embarcacao-abandonada-e-encontrada-no-rio-mira-com-jerricas-de-combustivel\/#breadcrumb\",\"itemListElement\":[{\"@type\":\"ListItem\",\"position\":1,\"name\":\"In\u00edcio\",\"item\":\"https:\/\/portaltela.pt\/\"},{\"@type\":\"ListItem\",\"position\":2,\"name\":\"Segunda embarca\u00e7\u00e3o abandonada \u00e9 encontrada no rio Mira com jerric\u00e3s de combust\u00edvel\"}]},{\"@type\":\"WebSite\",\"@id\":\"https:\/\/portaltela.pt\/#website\",\"url\":\"https:\/\/portaltela.pt\/\",\"name\":\"Portal Tela Portugal\",\"description\":\"\",\"potentialAction\":[{\"@type\":\"SearchAction\",\"target\":{\"@type\":\"EntryPoint\",\"urlTemplate\":\"https:\/\/portaltela.pt\/?s={search_term_string}\"},\"query-input\":{\"@type\":\"PropertyValueSpecification\",\"valueRequired\":true,\"valueName\":\"search_term_string\"}}],\"inLanguage\":\"pt-PT\"},{\"@type\":\"Person\",\"@id\":\"https:\/\/portaltela.pt\/#\/schema\/person\/c4278d4a6028830caff9ee44b42d32ed\",\"name\":\"Telinha\",\"image\":{\"@type\":\"ImageObject\",\"inLanguage\":\"pt-PT\",\"@id\":\"https:\/\/portaltela.pt\/s.01k8rhncp4jt1\/2025\/11\/talking-bot-125x125.png\",\"url\":\"https:\/\/portaltela.pt\/s.01k8rhncp4jt1\/2025\/11\/talking-bot-125x125.png\",\"contentUrl\":\"https:\/\/portaltela.pt\/s.01k8rhncp4jt1\/2025\/11\/talking-bot-125x125.png\",\"caption\":\"Telinha\"},\"sameAs\":[\"https:\/\/portaltela.pt\/\"],\"url\":\"https:\/\/portaltela.pt\/por\/367410592786\/\"}]}<\/script>\n<!-- \/ Yoast SEO plugin. -->","yoast_head_json":{"title":"Segunda embarca\u00e7\u00e3o abandonada \u00e9 encontrada no rio Mira com jerric\u00e3s de combust\u00edvel - Portal Tela Portugal","robots":{"index":"index","follow":"follow","max-snippet":"max-snippet:-1","max-image-preview":"max-image-preview:large","max-video-preview":"max-video-preview:-1"},"og_locale":"pt_PT","og_type":"article","og_title":"Segunda embarca\u00e7\u00e3o abandonada \u00e9 encontrada no rio Mira com jerric\u00e3s de combust\u00edvel - Portal Tela Portugal","og_description":"Segunda embarca\u00e7\u00e3o de alta velocidade abandonada, sem tripulantes, foi encontrada no rio Mira, na zona de Odemira, com jerric\u00e3s de combust\u00edvel no interior. A primeira embarca\u00e7\u00e3o j\u00e1 tinha ficado encalhada; a segunda n\u00e3o estava encalhada e foi rebocada para Sines. A PJ iniciou, pela manh\u00e3, uma investiga\u00e7\u00e3o sobre uma outra lancha encalada em Vila Nova de Milfontes, por volta das 10h30. A PJ vai inspecionar as duas embarca\u00e7\u00f5es, que devem ficar sob o mesmo processo, com ind\u00edcios de liga\u00e7\u00e3o entre elas. As autoridades indicam que as duas embarca\u00e7\u00f5es foram encontradas pr\u00f3ximas uma da outra, sugerindo poss\u00edvel liga\u00e7\u00e3o entre os casos.","og_url":"https:\/\/portaltela.pt\/noticias\/2026\/02\/22\/segunda-embarcacao-abandonada-e-encontrada-no-rio-mira-com-jerricas-de-combustivel\/","og_site_name":"Portal Tela Portugal","article_published_time":"2026-02-22T19:39:00+00:00","author":"Telinha","twitter_card":"summary_large_image","twitter_misc":{"Escrito por":"Telinha","Tempo estimado de leitura":"1 minuto"},"schema":{"@context":"https:\/\/schema.org","@graph":[{"@type":"Article","@id":"https:\/\/portaltela.pt\/noticias\/2026\/02\/22\/segunda-embarcacao-abandonada-e-encontrada-no-rio-mira-com-jerricas-de-combustivel\/#article","isPartOf":{"@id":"https:\/\/portaltela.pt\/noticias\/2026\/02\/22\/segunda-embarcacao-abandonada-e-encontrada-no-rio-mira-com-jerricas-de-combustivel\/"},"author":{"name":"Telinha","@id":"https:\/\/portaltela.pt\/#\/schema\/person\/c4278d4a6028830caff9ee44b42d32ed"},"headline":"Segunda embarca\u00e7\u00e3o abandonada \u00e9 encontrada no rio Mira com jerric\u00e3s de combust\u00edvel","datePublished":"2026-02-22T19:39:00+00:00","mainEntityOfPage":{"@id":"https:\/\/portaltela.pt\/noticias\/2026\/02\/22\/segunda-embarcacao-abandonada-e-encontrada-no-rio-mira-com-jerricas-de-combustivel\/"},"wordCount":219,"image":{"@id":"https:\/\/portaltela.pt\/noticias\/2026\/02\/22\/segunda-embarcacao-abandonada-e-encontrada-no-rio-mira-com-jerricas-de-combustivel\/#primaryimage"},"thumbnailUrl":"https:\/\/portaltela.pt\/s.01k8rhncp4jt1\/2026\/02\/image-1648.jpg","keywords":["embarca\u00e7\u00f5es","GNR","investiga\u00e7\u00e3o","Mira","Odemira","PJ"],"articleSection":["Not\u00edcias"],"inLanguage":"pt-PT"},{"@type":"WebPage","@id":"https:\/\/portaltela.pt\/noticias\/2026\/02\/22\/segunda-embarcacao-abandonada-e-encontrada-no-rio-mira-com-jerricas-de-combustivel\/","url":"https:\/\/portaltela.pt\/noticias\/2026\/02\/22\/segunda-embarcacao-abandonada-e-encontrada-no-rio-mira-com-jerricas-de-combustivel\/","name":"Segunda embarca\u00e7\u00e3o abandonada \u00e9 encontrada no rio Mira com jerric\u00e3s de combust\u00edvel - Portal Tela Portugal","isPartOf":{"@id":"https:\/\/portaltela.pt\/#website"},"primaryImageOfPage":{"@id":"https:\/\/portaltela.pt\/noticias\/2026\/02\/22\/segunda-embarcacao-abandonada-e-encontrada-no-rio-mira-com-jerricas-de-combustivel\/#primaryimage"},"image":{"@id":"https:\/\/portaltela.pt\/noticias\/2026\/02\/22\/segunda-embarcacao-abandonada-e-encontrada-no-rio-mira-com-jerricas-de-combustivel\/#primaryimage"},"thumbnailUrl":"https:\/\/portaltela.pt\/s.01k8rhncp4jt1\/2026\/02\/image-1648.jpg","datePublished":"2026-02-22T19:39:00+00:00","author":{"@id":"https:\/\/portaltela.pt\/#\/schema\/person\/c4278d4a6028830caff9ee44b42d32ed"},"breadcrumb":{"@id":"https:\/\/portaltela.pt\/noticias\/2026\/02\/22\/segunda-embarcacao-abandonada-e-encontrada-no-rio-mira-com-jerricas-de-combustivel\/#breadcrumb"},"inLanguage":"pt-PT","potentialAction":[{"@type":"ReadAction","target":["https:\/\/portaltela.pt\/noticias\/2026\/02\/22\/segunda-embarcacao-abandonada-e-encontrada-no-rio-mira-com-jerricas-de-combustivel\/"]}]},{"@type":"ImageObject","inLanguage":"pt-PT","@id":"https:\/\/portaltela.pt\/noticias\/2026\/02\/22\/segunda-embarcacao-abandonada-e-encontrada-no-rio-mira-com-jerricas-de-combustivel\/#primaryimage","url":"https:\/\/portaltela.pt\/s.01k8rhncp4jt1\/2026\/02\/image-1648.jpg","contentUrl":"https:\/\/portaltela.pt\/s.01k8rhncp4jt1\/2026\/02\/image-1648.jpg","width":796,"height":448,"caption":"Foto: Pedro Correia"},{"@type":"BreadcrumbList","@id":"https:\/\/portaltela.pt\/noticias\/2026\/02\/22\/segunda-embarcacao-abandonada-e-encontrada-no-rio-mira-com-jerricas-de-combustivel\/#breadcrumb","itemListElement":[{"@type":"ListItem","position":1,"name":"In\u00edcio","item":"https:\/\/portaltela.pt\/"},{"@type":"ListItem","position":2,"name":"Segunda embarca\u00e7\u00e3o abandonada \u00e9 encontrada no rio Mira com jerric\u00e3s de combust\u00edvel"}]},{"@type":"WebSite","@id":"https:\/\/portaltela.pt\/#website","url":"https:\/\/portaltela.pt\/","name":"Portal Tela Portugal","description":"","potentialAction":[{"@type":"SearchAction","target":{"@type":"EntryPoint","urlTemplate":"https:\/\/portaltela.pt\/?s={search_term_string}"},"query-input":{"@type":"PropertyValueSpecification","valueRequired":true,"valueName":"search_term_string"}}],"inLanguage":"pt-PT"},{"@type":"Person","@id":"https:\/\/portaltela.pt\/#\/schema\/person\/c4278d4a6028830caff9ee44b42d32ed","name":"Telinha","image":{"@type":"ImageObject","inLanguage":"pt-PT","@id":"https:\/\/portaltela.pt\/s.01k8rhncp4jt1\/2025\/11\/talking-bot-125x125.png","url":"https:\/\/portaltela.pt\/s.01k8rhncp4jt1\/2025\/11\/talking-bot-125x125.png","contentUrl":"https:\/\/portaltela.pt\/s.01k8rhncp4jt1\/2025\/11\/talking-bot-125x125.png","caption":"Telinha"},"sameAs":["https:\/\/portaltela.pt\/"],"url":"https:\/\/portaltela.pt\/por\/367410592786\/"}]}},"_links":{"self":[{"href":"https:\/\/portaltela.pt\/api\/wp\/v2\/posts\/221963","targetHints":{"allow":["GET"]}}],"collection":[{"href":"https:\/\/portaltela.pt\/api\/wp\/v2\/posts"}],"about":[{"href":"https:\/\/portaltela.pt\/api\/wp\/v2\/types\/post"}],"author":[{"embeddable":true,"href":"https:\/\/portaltela.pt\/api\/wp\/v2\/users\/2"}],"replies":[{"embeddable":true,"href":"https:\/\/portaltela.pt\/api\/wp\/v2\/comments?post=221963"}],"version-history":[{"count":0,"href":"https:\/\/portaltela.pt\/api\/wp\/v2\/posts\/221963\/revisions"}],"wp:featuredmedia":[{"embeddable":true,"href":"https:\/\/portaltela.pt\/api\/wp\/v2\/media\/221976"}],"wp:attachment":[{"href":"https:\/\/portaltela.pt\/api\/wp\/v2\/media?parent=221963"}],"wp:term":[{"taxonomy":"category","embeddable":true,"href":"https:\/\/portaltela.pt\/api\/wp\/v2\/categories?post=221963"},{"taxonomy":"post_tag","embeddable":true,"href":"https:\/\/portaltela.pt\/api\/wp\/v2\/tags?post=221963"}],"curies":[{"name":"wp","href":"https:\/\/api.w.org\/{rel}","templated":true}]}}