{"id":221959,"date":"2026-02-22T16:30:00","date_gmt":"2026-02-22T19:30:00","guid":{"rendered":"https:\/\/portaltela.pt\/noticias\/2026\/02\/22\/apa-quer-rever-defesas-do-baixo-mondego-face-as-alteracoes-climaticas\/"},"modified":"2026-02-22T16:30:00","modified_gmt":"2026-02-22T19:30:00","slug":"apa-quer-rever-defesas-do-baixo-mondego-face-as-alteracoes-climaticas","status":"publish","type":"post","link":"https:\/\/portaltela.pt\/noticias\/2026\/02\/22\/apa-quer-rever-defesas-do-baixo-mondego-face-as-alteracoes-climaticas\/","title":{"rendered":"APA quer rever defesas do Baixo Mondego face \u00e0s altera\u00e7\u00f5es clim\u00e1ticas"},"content":{"rendered":"<p>A Ag\u00eancia Portuguesa do Ambiente (APA) anunciou, este domingo ao JN, que pretende rever as defesas do Baixo Mondego face \u00e0s altera\u00e7\u00f5es clim\u00e1ticas. A prioridade \u00e9 identificar os pontos mais vulner\u00e1veis ao longo dos diques, canais e estruturas de drenagem.<\/p>\n<p>A APA indica ainda a defini\u00e7\u00e3o de medidas adicionais de prote\u00e7\u00e3o para cen\u00e1rios de rutura ou falha estrutural. Esses cen\u00e1rios poderiam afectar campos agr\u00edcolas, vias de comunica\u00e7\u00e3o e zonas habitadas, sobretudo em situa\u00e7\u00f5es de cheias extremas.<\/p>\n<p>Segundo o relat\u00f3rio inicial, o sistema de defesa pode n\u00e3o acompanhar o novo regime de cheias que se prev\u00ea. A institui\u00e7\u00e3o sublinha a necessidade de reavalia\u00e7\u00e3o das infraestruturas e da gest\u00e3o do rio, face a fen\u00f3menos cada vez mais frequentes e caudais mais dif\u00edceis de controlar.<\/p>\n<h3>Medidas e objetivos<\/h3>\n<p>A an\u00e1lise visa mapear vulnerabilidades ao longo do Baixo Mondego e propor melhorias de prote\u00e7\u00e3o. Este trabalho envolve potenciais refor\u00e7os de diques, melhorias de drenagem e planos de resposta a emerg\u00eancias. A iniciativa depende de coopera\u00e7\u00e3o entre entidades p\u00fablicas e locais.<\/p>\n<p>As chuvas deste inverno, que bateram recorde em Coimbra, s\u00e3o citadas como contexto para a revis\u00e3o. A APA acrescenta que a adapta\u00e7\u00e3o clim\u00e1tica exige decis\u00f5es baseadas em dados e em cen\u00e1rios de risco atualizados.<\/p>\n","protected":false},"excerpt":{"rendered":"<ul>\n<li>A Ag\u00eancia Portuguesa do Ambiente (APA) quer rever as defesas do Baixo Mondego face \u00e0s altera\u00e7\u00f5es clim\u00e1ticas, segundo comunicado ao JN neste domingo.<\/li>\n<li>A prioridade \u00e9 identificar os pontos mais vulner\u00e1veis ao longo dos diques, canais e estruturas de drenagem e definir medidas adicionais de prote\u00e7\u00e3o.<\/li>\n<li>Pretendem preparar respostas para cen\u00e1rios de rutura ou falha estrutural que possam afectar campos agr\u00edcolas, vias de comunica\u00e7\u00e3o e zonas habitadas.<\/li>\n<li>O sistema de defesa pode j\u00e1 n\u00e3o estar preparado para o novo regime de cheias que se aproxima, com fen\u00f3menos extremos mais frequentes e caudais dif\u00edceis de controlar.<\/li>\n<li>A APA defende a reavalia\u00e7\u00e3o das infraestruturas e da gest\u00e3o do rio Baixo Mondego.<\/li>\n<\/ul>\n","protected":false},"author":2,"featured_media":221977,"comment_status":"closed","ping_status":"closed","sticky":false,"template":"","format":"standard","meta":{"footnotes":""},"categories":[1],"tags":[1272,2665,4085,3701,1070,258],"class_list":["post-221959","post","type-post","status-publish","format-standard","has-post-thumbnail","hentry","category-noticias","tag-adaptacao-climatica","tag-alteracoes-climaticas","tag-apa","tag-cheias","tag-coimbra","tag-infraestruturas"],"yoast_head":"<!-- This site is optimized with the Yoast SEO plugin v27.2 - https:\/\/yoast.com\/product\/yoast-seo-wordpress\/ -->\n<title>APA quer rever defesas do Baixo Mondego face \u00e0s altera\u00e7\u00f5es clim\u00e1ticas - Portal Tela Portugal<\/title>\n<meta name=\"robots\" content=\"index, follow, max-snippet:-1, max-image-preview:large, max-video-preview:-1\" \/>\n<meta property=\"og:locale\" content=\"pt_PT\" \/>\n<meta property=\"og:type\" content=\"article\" \/>\n<meta property=\"og:title\" content=\"APA quer rever defesas do Baixo Mondego face \u00e0s altera\u00e7\u00f5es clim\u00e1ticas - Portal Tela Portugal\" \/>\n<meta property=\"og:description\" content=\"A Ag\u00eancia Portuguesa do Ambiente (APA) quer rever as defesas do Baixo Mondego face \u00e0s altera\u00e7\u00f5es clim\u00e1ticas, segundo comunicado ao JN neste domingo. A prioridade \u00e9 identificar os pontos mais vulner\u00e1veis ao longo dos diques, canais e estruturas de drenagem e definir medidas adicionais de prote\u00e7\u00e3o. Pretendem preparar respostas para cen\u00e1rios de rutura ou falha estrutural que possam afectar campos agr\u00edcolas, vias de comunica\u00e7\u00e3o e zonas habitadas. O sistema de defesa pode j\u00e1 n\u00e3o estar preparado para o novo regime de cheias que se aproxima, com fen\u00f3menos extremos mais frequentes e caudais dif\u00edceis de controlar. A APA defende a reavalia\u00e7\u00e3o das infraestruturas e da gest\u00e3o do rio Baixo Mondego.\" \/>\n<meta property=\"og:url\" content=\"https:\/\/portaltela.pt\/noticias\/2026\/02\/22\/apa-quer-rever-defesas-do-baixo-mondego-face-as-alteracoes-climaticas\/\" \/>\n<meta property=\"og:site_name\" content=\"Portal Tela Portugal\" \/>\n<meta property=\"article:published_time\" content=\"2026-02-22T19:30:00+00:00\" \/>\n<meta name=\"author\" content=\"Telinha\" \/>\n<meta name=\"twitter:card\" content=\"summary_large_image\" \/>\n<meta name=\"twitter:label1\" content=\"Escrito por\" \/>\n\t<meta name=\"twitter:data1\" content=\"Telinha\" \/>\n\t<meta name=\"twitter:label2\" content=\"Tempo estimado de leitura\" \/>\n\t<meta name=\"twitter:data2\" content=\"1 minuto\" \/>\n<script type=\"application\/ld+json\" class=\"yoast-schema-graph\">{\"@context\":\"https:\/\/schema.org\",\"@graph\":[{\"@type\":\"Article\",\"@id\":\"https:\/\/portaltela.pt\/noticias\/2026\/02\/22\/apa-quer-rever-defesas-do-baixo-mondego-face-as-alteracoes-climaticas\/#article\",\"isPartOf\":{\"@id\":\"https:\/\/portaltela.pt\/noticias\/2026\/02\/22\/apa-quer-rever-defesas-do-baixo-mondego-face-as-alteracoes-climaticas\/\"},\"author\":{\"name\":\"Telinha\",\"@id\":\"https:\/\/portaltela.pt\/#\/schema\/person\/c4278d4a6028830caff9ee44b42d32ed\"},\"headline\":\"APA quer rever defesas do Baixo Mondego face \u00e0s altera\u00e7\u00f5es clim\u00e1ticas\",\"datePublished\":\"2026-02-22T19:30:00+00:00\",\"mainEntityOfPage\":{\"@id\":\"https:\/\/portaltela.pt\/noticias\/2026\/02\/22\/apa-quer-rever-defesas-do-baixo-mondego-face-as-alteracoes-climaticas\/\"},\"wordCount\":242,\"image\":{\"@id\":\"https:\/\/portaltela.pt\/noticias\/2026\/02\/22\/apa-quer-rever-defesas-do-baixo-mondego-face-as-alteracoes-climaticas\/#primaryimage\"},\"thumbnailUrl\":\"https:\/\/portaltela.pt\/s.01k8rhncp4jt1\/2026\/02\/image-1649.jpg\",\"keywords\":[\"adapta\u00e7\u00e3o clim\u00e1tica\",\"Altera\u00e7\u00f5es Clim\u00e1ticas\",\"APA\",\"cheias\",\"Coimbra\",\"infraestruturas\"],\"articleSection\":[\"Not\u00edcias\"],\"inLanguage\":\"pt-PT\"},{\"@type\":\"WebPage\",\"@id\":\"https:\/\/portaltela.pt\/noticias\/2026\/02\/22\/apa-quer-rever-defesas-do-baixo-mondego-face-as-alteracoes-climaticas\/\",\"url\":\"https:\/\/portaltela.pt\/noticias\/2026\/02\/22\/apa-quer-rever-defesas-do-baixo-mondego-face-as-alteracoes-climaticas\/\",\"name\":\"APA quer rever defesas do Baixo Mondego face \u00e0s altera\u00e7\u00f5es clim\u00e1ticas - Portal Tela Portugal\",\"isPartOf\":{\"@id\":\"https:\/\/portaltela.pt\/#website\"},\"primaryImageOfPage\":{\"@id\":\"https:\/\/portaltela.pt\/noticias\/2026\/02\/22\/apa-quer-rever-defesas-do-baixo-mondego-face-as-alteracoes-climaticas\/#primaryimage\"},\"image\":{\"@id\":\"https:\/\/portaltela.pt\/noticias\/2026\/02\/22\/apa-quer-rever-defesas-do-baixo-mondego-face-as-alteracoes-climaticas\/#primaryimage\"},\"thumbnailUrl\":\"https:\/\/portaltela.pt\/s.01k8rhncp4jt1\/2026\/02\/image-1649.jpg\",\"datePublished\":\"2026-02-22T19:30:00+00:00\",\"author\":{\"@id\":\"https:\/\/portaltela.pt\/#\/schema\/person\/c4278d4a6028830caff9ee44b42d32ed\"},\"breadcrumb\":{\"@id\":\"https:\/\/portaltela.pt\/noticias\/2026\/02\/22\/apa-quer-rever-defesas-do-baixo-mondego-face-as-alteracoes-climaticas\/#breadcrumb\"},\"inLanguage\":\"pt-PT\",\"potentialAction\":[{\"@type\":\"ReadAction\",\"target\":[\"https:\/\/portaltela.pt\/noticias\/2026\/02\/22\/apa-quer-rever-defesas-do-baixo-mondego-face-as-alteracoes-climaticas\/\"]}]},{\"@type\":\"ImageObject\",\"inLanguage\":\"pt-PT\",\"@id\":\"https:\/\/portaltela.pt\/noticias\/2026\/02\/22\/apa-quer-rever-defesas-do-baixo-mondego-face-as-alteracoes-climaticas\/#primaryimage\",\"url\":\"https:\/\/portaltela.pt\/s.01k8rhncp4jt1\/2026\/02\/image-1649.jpg\",\"contentUrl\":\"https:\/\/portaltela.pt\/s.01k8rhncp4jt1\/2026\/02\/image-1649.jpg\",\"width\":796,\"height\":448,\"caption\":\"Chuvas deste inverno bateram recorde em Coimbra\"},{\"@type\":\"BreadcrumbList\",\"@id\":\"https:\/\/portaltela.pt\/noticias\/2026\/02\/22\/apa-quer-rever-defesas-do-baixo-mondego-face-as-alteracoes-climaticas\/#breadcrumb\",\"itemListElement\":[{\"@type\":\"ListItem\",\"position\":1,\"name\":\"In\u00edcio\",\"item\":\"https:\/\/portaltela.pt\/\"},{\"@type\":\"ListItem\",\"position\":2,\"name\":\"APA quer rever defesas do Baixo Mondego face \u00e0s altera\u00e7\u00f5es clim\u00e1ticas\"}]},{\"@type\":\"WebSite\",\"@id\":\"https:\/\/portaltela.pt\/#website\",\"url\":\"https:\/\/portaltela.pt\/\",\"name\":\"Portal Tela Portugal\",\"description\":\"\",\"potentialAction\":[{\"@type\":\"SearchAction\",\"target\":{\"@type\":\"EntryPoint\",\"urlTemplate\":\"https:\/\/portaltela.pt\/?s={search_term_string}\"},\"query-input\":{\"@type\":\"PropertyValueSpecification\",\"valueRequired\":true,\"valueName\":\"search_term_string\"}}],\"inLanguage\":\"pt-PT\"},{\"@type\":\"Person\",\"@id\":\"https:\/\/portaltela.pt\/#\/schema\/person\/c4278d4a6028830caff9ee44b42d32ed\",\"name\":\"Telinha\",\"image\":{\"@type\":\"ImageObject\",\"inLanguage\":\"pt-PT\",\"@id\":\"https:\/\/portaltela.pt\/s.01k8rhncp4jt1\/2025\/11\/talking-bot-125x125.png\",\"url\":\"https:\/\/portaltela.pt\/s.01k8rhncp4jt1\/2025\/11\/talking-bot-125x125.png\",\"contentUrl\":\"https:\/\/portaltela.pt\/s.01k8rhncp4jt1\/2025\/11\/talking-bot-125x125.png\",\"caption\":\"Telinha\"},\"sameAs\":[\"https:\/\/portaltela.pt\/\"],\"url\":\"https:\/\/portaltela.pt\/por\/367410592786\/\"}]}<\/script>\n<!-- \/ Yoast SEO plugin. -->","yoast_head_json":{"title":"APA quer rever defesas do Baixo Mondego face \u00e0s altera\u00e7\u00f5es clim\u00e1ticas - Portal Tela Portugal","robots":{"index":"index","follow":"follow","max-snippet":"max-snippet:-1","max-image-preview":"max-image-preview:large","max-video-preview":"max-video-preview:-1"},"og_locale":"pt_PT","og_type":"article","og_title":"APA quer rever defesas do Baixo Mondego face \u00e0s altera\u00e7\u00f5es clim\u00e1ticas - Portal Tela Portugal","og_description":"A Ag\u00eancia Portuguesa do Ambiente (APA) quer rever as defesas do Baixo Mondego face \u00e0s altera\u00e7\u00f5es clim\u00e1ticas, segundo comunicado ao JN neste domingo. A prioridade \u00e9 identificar os pontos mais vulner\u00e1veis ao longo dos diques, canais e estruturas de drenagem e definir medidas adicionais de prote\u00e7\u00e3o. Pretendem preparar respostas para cen\u00e1rios de rutura ou falha estrutural que possam afectar campos agr\u00edcolas, vias de comunica\u00e7\u00e3o e zonas habitadas. O sistema de defesa pode j\u00e1 n\u00e3o estar preparado para o novo regime de cheias que se aproxima, com fen\u00f3menos extremos mais frequentes e caudais dif\u00edceis de controlar. A APA defende a reavalia\u00e7\u00e3o das infraestruturas e da gest\u00e3o do rio Baixo Mondego.","og_url":"https:\/\/portaltela.pt\/noticias\/2026\/02\/22\/apa-quer-rever-defesas-do-baixo-mondego-face-as-alteracoes-climaticas\/","og_site_name":"Portal Tela Portugal","article_published_time":"2026-02-22T19:30:00+00:00","author":"Telinha","twitter_card":"summary_large_image","twitter_misc":{"Escrito por":"Telinha","Tempo estimado de leitura":"1 minuto"},"schema":{"@context":"https:\/\/schema.org","@graph":[{"@type":"Article","@id":"https:\/\/portaltela.pt\/noticias\/2026\/02\/22\/apa-quer-rever-defesas-do-baixo-mondego-face-as-alteracoes-climaticas\/#article","isPartOf":{"@id":"https:\/\/portaltela.pt\/noticias\/2026\/02\/22\/apa-quer-rever-defesas-do-baixo-mondego-face-as-alteracoes-climaticas\/"},"author":{"name":"Telinha","@id":"https:\/\/portaltela.pt\/#\/schema\/person\/c4278d4a6028830caff9ee44b42d32ed"},"headline":"APA quer rever defesas do Baixo Mondego face \u00e0s altera\u00e7\u00f5es clim\u00e1ticas","datePublished":"2026-02-22T19:30:00+00:00","mainEntityOfPage":{"@id":"https:\/\/portaltela.pt\/noticias\/2026\/02\/22\/apa-quer-rever-defesas-do-baixo-mondego-face-as-alteracoes-climaticas\/"},"wordCount":242,"image":{"@id":"https:\/\/portaltela.pt\/noticias\/2026\/02\/22\/apa-quer-rever-defesas-do-baixo-mondego-face-as-alteracoes-climaticas\/#primaryimage"},"thumbnailUrl":"https:\/\/portaltela.pt\/s.01k8rhncp4jt1\/2026\/02\/image-1649.jpg","keywords":["adapta\u00e7\u00e3o clim\u00e1tica","Altera\u00e7\u00f5es Clim\u00e1ticas","APA","cheias","Coimbra","infraestruturas"],"articleSection":["Not\u00edcias"],"inLanguage":"pt-PT"},{"@type":"WebPage","@id":"https:\/\/portaltela.pt\/noticias\/2026\/02\/22\/apa-quer-rever-defesas-do-baixo-mondego-face-as-alteracoes-climaticas\/","url":"https:\/\/portaltela.pt\/noticias\/2026\/02\/22\/apa-quer-rever-defesas-do-baixo-mondego-face-as-alteracoes-climaticas\/","name":"APA quer rever defesas do Baixo Mondego face \u00e0s altera\u00e7\u00f5es clim\u00e1ticas - Portal Tela Portugal","isPartOf":{"@id":"https:\/\/portaltela.pt\/#website"},"primaryImageOfPage":{"@id":"https:\/\/portaltela.pt\/noticias\/2026\/02\/22\/apa-quer-rever-defesas-do-baixo-mondego-face-as-alteracoes-climaticas\/#primaryimage"},"image":{"@id":"https:\/\/portaltela.pt\/noticias\/2026\/02\/22\/apa-quer-rever-defesas-do-baixo-mondego-face-as-alteracoes-climaticas\/#primaryimage"},"thumbnailUrl":"https:\/\/portaltela.pt\/s.01k8rhncp4jt1\/2026\/02\/image-1649.jpg","datePublished":"2026-02-22T19:30:00+00:00","author":{"@id":"https:\/\/portaltela.pt\/#\/schema\/person\/c4278d4a6028830caff9ee44b42d32ed"},"breadcrumb":{"@id":"https:\/\/portaltela.pt\/noticias\/2026\/02\/22\/apa-quer-rever-defesas-do-baixo-mondego-face-as-alteracoes-climaticas\/#breadcrumb"},"inLanguage":"pt-PT","potentialAction":[{"@type":"ReadAction","target":["https:\/\/portaltela.pt\/noticias\/2026\/02\/22\/apa-quer-rever-defesas-do-baixo-mondego-face-as-alteracoes-climaticas\/"]}]},{"@type":"ImageObject","inLanguage":"pt-PT","@id":"https:\/\/portaltela.pt\/noticias\/2026\/02\/22\/apa-quer-rever-defesas-do-baixo-mondego-face-as-alteracoes-climaticas\/#primaryimage","url":"https:\/\/portaltela.pt\/s.01k8rhncp4jt1\/2026\/02\/image-1649.jpg","contentUrl":"https:\/\/portaltela.pt\/s.01k8rhncp4jt1\/2026\/02\/image-1649.jpg","width":796,"height":448,"caption":"Chuvas deste inverno bateram recorde em Coimbra"},{"@type":"BreadcrumbList","@id":"https:\/\/portaltela.pt\/noticias\/2026\/02\/22\/apa-quer-rever-defesas-do-baixo-mondego-face-as-alteracoes-climaticas\/#breadcrumb","itemListElement":[{"@type":"ListItem","position":1,"name":"In\u00edcio","item":"https:\/\/portaltela.pt\/"},{"@type":"ListItem","position":2,"name":"APA quer rever defesas do Baixo Mondego face \u00e0s altera\u00e7\u00f5es clim\u00e1ticas"}]},{"@type":"WebSite","@id":"https:\/\/portaltela.pt\/#website","url":"https:\/\/portaltela.pt\/","name":"Portal Tela Portugal","description":"","potentialAction":[{"@type":"SearchAction","target":{"@type":"EntryPoint","urlTemplate":"https:\/\/portaltela.pt\/?s={search_term_string}"},"query-input":{"@type":"PropertyValueSpecification","valueRequired":true,"valueName":"search_term_string"}}],"inLanguage":"pt-PT"},{"@type":"Person","@id":"https:\/\/portaltela.pt\/#\/schema\/person\/c4278d4a6028830caff9ee44b42d32ed","name":"Telinha","image":{"@type":"ImageObject","inLanguage":"pt-PT","@id":"https:\/\/portaltela.pt\/s.01k8rhncp4jt1\/2025\/11\/talking-bot-125x125.png","url":"https:\/\/portaltela.pt\/s.01k8rhncp4jt1\/2025\/11\/talking-bot-125x125.png","contentUrl":"https:\/\/portaltela.pt\/s.01k8rhncp4jt1\/2025\/11\/talking-bot-125x125.png","caption":"Telinha"},"sameAs":["https:\/\/portaltela.pt\/"],"url":"https:\/\/portaltela.pt\/por\/367410592786\/"}]}},"_links":{"self":[{"href":"https:\/\/portaltela.pt\/api\/wp\/v2\/posts\/221959","targetHints":{"allow":["GET"]}}],"collection":[{"href":"https:\/\/portaltela.pt\/api\/wp\/v2\/posts"}],"about":[{"href":"https:\/\/portaltela.pt\/api\/wp\/v2\/types\/post"}],"author":[{"embeddable":true,"href":"https:\/\/portaltela.pt\/api\/wp\/v2\/users\/2"}],"replies":[{"embeddable":true,"href":"https:\/\/portaltela.pt\/api\/wp\/v2\/comments?post=221959"}],"version-history":[{"count":0,"href":"https:\/\/portaltela.pt\/api\/wp\/v2\/posts\/221959\/revisions"}],"wp:featuredmedia":[{"embeddable":true,"href":"https:\/\/portaltela.pt\/api\/wp\/v2\/media\/221977"}],"wp:attachment":[{"href":"https:\/\/portaltela.pt\/api\/wp\/v2\/media?parent=221959"}],"wp:term":[{"taxonomy":"category","embeddable":true,"href":"https:\/\/portaltela.pt\/api\/wp\/v2\/categories?post=221959"},{"taxonomy":"post_tag","embeddable":true,"href":"https:\/\/portaltela.pt\/api\/wp\/v2\/tags?post=221959"}],"curies":[{"name":"wp","href":"https:\/\/api.w.org\/{rel}","templated":true}]}}