{"id":221935,"date":"2026-02-22T16:25:00","date_gmt":"2026-02-22T19:25:00","guid":{"rendered":"https:\/\/portaltela.pt\/noticias\/2026\/02\/22\/rugby-de-setubal-acusa-adeptos-do-crav-de-racismo-minhotos-apresentam-queixa-crime\/"},"modified":"2026-02-22T16:25:00","modified_gmt":"2026-02-22T19:25:00","slug":"rugby-de-setubal-acusa-adeptos-do-crav-de-racismo-minhotos-apresentam-queixa-crime","status":"publish","type":"post","link":"https:\/\/portaltela.pt\/desporto\/2026\/02\/22\/rugby-de-setubal-acusa-adeptos-do-crav-de-racismo-minhotos-apresentam-queixa-crime\/","title":{"rendered":"Rugby de Set\u00fabal acusa adeptos do CRAV de racismo; Minhotos apresentam queixa-crime"},"content":{"rendered":"<p>O Rugby de Set\u00fabal acusa adeptos do CRAV de racismo durante a quarta jornada da fase final do Campeonato Nacional. O incidente ocorreu no s\u00e1bado, na segunda parte, quando o juiz de linha Daniel Sebasti\u00e1n foi alvo de insultos racistas constantes por parte de adeptos da equipa visitante. O clube setubalense afirma que o termo macaco foi utilizado repetidamente, reiterando que racismo n\u00e3o \u00e9 apenas calor do jogo, \u00e9 crime.<\/p>\n<p>Ap\u00f3s o apito final, houve invas\u00e3o de campo por parte de adeptos do Clube de Rugby de Arcos de Valdevez (CRAV), que desceram da bancada para agredir o juiz de linha. O presidente e o treinador do Set\u00fabal, Jo\u00e3o Terlim, ter\u00e3o sido agredidos ao tentar proteger o colega. O emblema setubalense sustenta ainda que o \u00e1rbitro principal impediu o registo dos factos no boletim de jogo, alegando tentativa de silenciar a verdade perante as inst\u00e2ncias disciplinares.<\/p>\n<h3>Rea\u00e7\u00e3o do Rugby de Set\u00fabal<\/h3>\n<p>O clube de Set\u00fabal reuniu provas de v\u00eddeo e informou que as enviar\u00e1 \u00e0 Federa\u00e7\u00e3o Portuguesa de Rugby (FPR) e \u00e0 APCVD, mantendo a firmeza de que n\u00e3o tolerar\u00e1 racismo nem viol\u00eancia f\u00edsica, independentemente de quem aponte o dedo.<\/p>\n<h3>Resposta do CRAV<\/h3>\n<p>O CRAV contestou as acusa\u00e7\u00f5es, classificando-as de mentiras e deturpa\u00e7\u00f5es que visam manchar a institui\u00e7\u00e3o. O clube minhoto informou que rompeu rela\u00e7\u00f5es institucionais com o Set\u00fabal e anunciou uma queixa por difama\u00e7\u00e3o em tribunal civil. O CRAV afirmou ainda disponibilidade para colaborar com eventuais averigua\u00e7\u00f5es disciplinares.<\/p>\n","protected":false},"excerpt":{"rendered":"<ul>\n<li>A Academia de Rugby Club de Set\u00fabal denunciou, num comunicado, insultos racistas dirigidos ao juiz de linha Daniel Sebasti\u00e1n durante a segunda parte da quarta jornada da fase final do Campeonato Nacional.<\/li>\n<li>O clube afirma que o termo &#8220;macaco&#8221; foi repetidamente usado por adeptos da equipa visitante, e que racismo e xenofobia n\u00e3o s\u00e3o \u201ccalor do jogo\u201d, configurando crime.<\/li>\n<li>Ap\u00f3s o apito final ocorreu uma invas\u00e3o de campo por adeptos do Clube de Rugby de Arcos de Valdevez, que desceram da bancada para agredir o juiz; o presidente e o treinador do Set\u00fabal, Jo\u00e3o Terlim, foram agredidos ao tentar proteg\u00ea-lo.<\/li>\n<li>O Rugby de Set\u00fabal diz que o \u00e1rbitro principal impediu o registo dos factos no boletim de jogo e enviou provas de v\u00eddeo \u00e0 Federa\u00e7\u00e3o Portuguesa de Rugby (FPR) e \u00e0 Autoridade para a Preven\u00e7\u00e3o e Combate \u00e0 Viol\u00eancia no Desporto (APCVD).<\/li>\n<li>O CRAV rejeitou as acusa\u00e7\u00f5es, classificando-as como mentiras e deturpa\u00e7\u00f5es, anunciou o corte de rela\u00e7\u00f5es com Set\u00fabal e revelou a inten\u00e7\u00e3o de apresentar queixa por difama\u00e7\u00e3o; afirmou estar dispon\u00edvel para colaborar com eventuais averigua\u00e7\u00f5es.<\/li>\n<\/ul>\n","protected":false},"author":2,"featured_media":221942,"comment_status":"closed","ping_status":"closed","sticky":false,"template":"","format":"standard","meta":{"footnotes":""},"categories":[21],"tags":[1781,2442,1571,6032,994,939],"class_list":["post-221935","post","type-post","status-publish","format-standard","has-post-thumbnail","hentry","category-desporto","tag-arcos-de-valdevez","tag-difamacao","tag-queixa-crime","tag-racismo","tag-setubal","tag-violencia"],"yoast_head":"<!-- This site is optimized with the Yoast SEO plugin v27.2 - https:\/\/yoast.com\/product\/yoast-seo-wordpress\/ -->\n<title>Rugby de Set\u00fabal acusa adeptos do CRAV de racismo; Minhotos apresentam queixa-crime - Portal Tela Portugal<\/title>\n<meta name=\"robots\" content=\"index, follow, max-snippet:-1, max-image-preview:large, max-video-preview:-1\" \/>\n<meta property=\"og:locale\" content=\"pt_PT\" \/>\n<meta property=\"og:type\" content=\"article\" \/>\n<meta property=\"og:title\" content=\"Rugby de Set\u00fabal acusa adeptos do CRAV de racismo; Minhotos apresentam queixa-crime - Portal Tela Portugal\" \/>\n<meta property=\"og:description\" content=\"A Academia de Rugby Club de Set\u00fabal denunciou, num comunicado, insultos racistas dirigidos ao juiz de linha Daniel Sebasti\u00e1n durante a segunda parte da quarta jornada da fase final do Campeonato Nacional. O clube afirma que o termo &quot;macaco&quot; foi repetidamente usado por adeptos da equipa visitante, e que racismo e xenofobia n\u00e3o s\u00e3o \u201ccalor do jogo\u201d, configurando crime. Ap\u00f3s o apito final ocorreu uma invas\u00e3o de campo por adeptos do Clube de Rugby de Arcos de Valdevez, que desceram da bancada para agredir o juiz; o presidente e o treinador do Set\u00fabal, Jo\u00e3o Terlim, foram agredidos ao tentar proteg\u00ea-lo. O Rugby de Set\u00fabal diz que o \u00e1rbitro principal impediu o registo dos factos no boletim de jogo e enviou provas de v\u00eddeo \u00e0 Federa\u00e7\u00e3o Portuguesa de Rugby (FPR) e \u00e0 Autoridade para a Preven\u00e7\u00e3o e Combate \u00e0 Viol\u00eancia no Desporto (APCVD). O CRAV rejeitou as acusa\u00e7\u00f5es, classificando-as como mentiras e deturpa\u00e7\u00f5es, anunciou o corte de rela\u00e7\u00f5es com Set\u00fabal e revelou a inten\u00e7\u00e3o de apresentar queixa por difama\u00e7\u00e3o; afirmou estar dispon\u00edvel para colaborar com eventuais averigua\u00e7\u00f5es.\" \/>\n<meta property=\"og:url\" content=\"https:\/\/portaltela.pt\/noticias\/2026\/02\/22\/rugby-de-setubal-acusa-adeptos-do-crav-de-racismo-minhotos-apresentam-queixa-crime\/\" \/>\n<meta property=\"og:site_name\" content=\"Portal Tela Portugal\" \/>\n<meta property=\"article:published_time\" content=\"2026-02-22T19:25:00+00:00\" \/>\n<meta name=\"author\" content=\"Telinha\" \/>\n<meta name=\"twitter:card\" content=\"summary_large_image\" \/>\n<meta name=\"twitter:label1\" content=\"Escrito por\" \/>\n\t<meta name=\"twitter:data1\" content=\"Telinha\" \/>\n\t<meta name=\"twitter:label2\" content=\"Tempo estimado de leitura\" \/>\n\t<meta name=\"twitter:data2\" content=\"1 minuto\" \/>\n<script type=\"application\/ld+json\" class=\"yoast-schema-graph\">{\"@context\":\"https:\/\/schema.org\",\"@graph\":[{\"@type\":\"Article\",\"@id\":\"https:\/\/portaltela.pt\/noticias\/2026\/02\/22\/rugby-de-setubal-acusa-adeptos-do-crav-de-racismo-minhotos-apresentam-queixa-crime\/#article\",\"isPartOf\":{\"@id\":\"https:\/\/portaltela.pt\/noticias\/2026\/02\/22\/rugby-de-setubal-acusa-adeptos-do-crav-de-racismo-minhotos-apresentam-queixa-crime\/\"},\"author\":{\"name\":\"Telinha\",\"@id\":\"https:\/\/portaltela.pt\/#\/schema\/person\/c4278d4a6028830caff9ee44b42d32ed\"},\"headline\":\"Rugby de Set\u00fabal acusa adeptos do CRAV de racismo; Minhotos apresentam queixa-crime\",\"datePublished\":\"2026-02-22T19:25:00+00:00\",\"mainEntityOfPage\":{\"@id\":\"https:\/\/portaltela.pt\/noticias\/2026\/02\/22\/rugby-de-setubal-acusa-adeptos-do-crav-de-racismo-minhotos-apresentam-queixa-crime\/\"},\"wordCount\":273,\"image\":{\"@id\":\"https:\/\/portaltela.pt\/noticias\/2026\/02\/22\/rugby-de-setubal-acusa-adeptos-do-crav-de-racismo-minhotos-apresentam-queixa-crime\/#primaryimage\"},\"thumbnailUrl\":\"https:\/\/portaltela.pt\/s.01k8rhncp4jt1\/2026\/02\/eaa2bad7-7ba1-468b-971e-00a4c73aced6_1200x675.jpg\",\"keywords\":[\"Arcos de Valdevez\",\"difama\u00e7\u00e3o\",\"queixa-crime\",\"racismo\",\"Set\u00fabal\",\"viol\u00eancia\"],\"articleSection\":[\"Desporto\"],\"inLanguage\":\"pt-PT\"},{\"@type\":\"WebPage\",\"@id\":\"https:\/\/portaltela.pt\/noticias\/2026\/02\/22\/rugby-de-setubal-acusa-adeptos-do-crav-de-racismo-minhotos-apresentam-queixa-crime\/\",\"url\":\"https:\/\/portaltela.pt\/noticias\/2026\/02\/22\/rugby-de-setubal-acusa-adeptos-do-crav-de-racismo-minhotos-apresentam-queixa-crime\/\",\"name\":\"Rugby de Set\u00fabal acusa adeptos do CRAV de racismo; Minhotos apresentam queixa-crime - Portal Tela Portugal\",\"isPartOf\":{\"@id\":\"https:\/\/portaltela.pt\/#website\"},\"primaryImageOfPage\":{\"@id\":\"https:\/\/portaltela.pt\/noticias\/2026\/02\/22\/rugby-de-setubal-acusa-adeptos-do-crav-de-racismo-minhotos-apresentam-queixa-crime\/#primaryimage\"},\"image\":{\"@id\":\"https:\/\/portaltela.pt\/noticias\/2026\/02\/22\/rugby-de-setubal-acusa-adeptos-do-crav-de-racismo-minhotos-apresentam-queixa-crime\/#primaryimage\"},\"thumbnailUrl\":\"https:\/\/portaltela.pt\/s.01k8rhncp4jt1\/2026\/02\/eaa2bad7-7ba1-468b-971e-00a4c73aced6_1200x675.jpg\",\"datePublished\":\"2026-02-22T19:25:00+00:00\",\"author\":{\"@id\":\"https:\/\/portaltela.pt\/#\/schema\/person\/c4278d4a6028830caff9ee44b42d32ed\"},\"breadcrumb\":{\"@id\":\"https:\/\/portaltela.pt\/noticias\/2026\/02\/22\/rugby-de-setubal-acusa-adeptos-do-crav-de-racismo-minhotos-apresentam-queixa-crime\/#breadcrumb\"},\"inLanguage\":\"pt-PT\",\"potentialAction\":[{\"@type\":\"ReadAction\",\"target\":[\"https:\/\/portaltela.pt\/noticias\/2026\/02\/22\/rugby-de-setubal-acusa-adeptos-do-crav-de-racismo-minhotos-apresentam-queixa-crime\/\"]}]},{\"@type\":\"ImageObject\",\"inLanguage\":\"pt-PT\",\"@id\":\"https:\/\/portaltela.pt\/noticias\/2026\/02\/22\/rugby-de-setubal-acusa-adeptos-do-crav-de-racismo-minhotos-apresentam-queixa-crime\/#primaryimage\",\"url\":\"https:\/\/portaltela.pt\/s.01k8rhncp4jt1\/2026\/02\/eaa2bad7-7ba1-468b-971e-00a4c73aced6_1200x675.jpg\",\"contentUrl\":\"https:\/\/portaltela.pt\/s.01k8rhncp4jt1\/2026\/02\/eaa2bad7-7ba1-468b-971e-00a4c73aced6_1200x675.jpg\",\"width\":796,\"height\":448,\"caption\":\"Foto: unsplash\"},{\"@type\":\"BreadcrumbList\",\"@id\":\"https:\/\/portaltela.pt\/noticias\/2026\/02\/22\/rugby-de-setubal-acusa-adeptos-do-crav-de-racismo-minhotos-apresentam-queixa-crime\/#breadcrumb\",\"itemListElement\":[{\"@type\":\"ListItem\",\"position\":1,\"name\":\"In\u00edcio\",\"item\":\"https:\/\/portaltela.pt\/\"},{\"@type\":\"ListItem\",\"position\":2,\"name\":\"Rugby de Set\u00fabal acusa adeptos do CRAV de racismo; Minhotos apresentam queixa-crime\"}]},{\"@type\":\"WebSite\",\"@id\":\"https:\/\/portaltela.pt\/#website\",\"url\":\"https:\/\/portaltela.pt\/\",\"name\":\"Portal Tela Portugal\",\"description\":\"\",\"potentialAction\":[{\"@type\":\"SearchAction\",\"target\":{\"@type\":\"EntryPoint\",\"urlTemplate\":\"https:\/\/portaltela.pt\/?s={search_term_string}\"},\"query-input\":{\"@type\":\"PropertyValueSpecification\",\"valueRequired\":true,\"valueName\":\"search_term_string\"}}],\"inLanguage\":\"pt-PT\"},{\"@type\":\"Person\",\"@id\":\"https:\/\/portaltela.pt\/#\/schema\/person\/c4278d4a6028830caff9ee44b42d32ed\",\"name\":\"Telinha\",\"image\":{\"@type\":\"ImageObject\",\"inLanguage\":\"pt-PT\",\"@id\":\"https:\/\/portaltela.pt\/s.01k8rhncp4jt1\/2025\/11\/talking-bot-125x125.png\",\"url\":\"https:\/\/portaltela.pt\/s.01k8rhncp4jt1\/2025\/11\/talking-bot-125x125.png\",\"contentUrl\":\"https:\/\/portaltela.pt\/s.01k8rhncp4jt1\/2025\/11\/talking-bot-125x125.png\",\"caption\":\"Telinha\"},\"sameAs\":[\"https:\/\/portaltela.pt\/\"],\"url\":\"https:\/\/portaltela.pt\/por\/367410592786\/\"}]}<\/script>\n<!-- \/ Yoast SEO plugin. -->","yoast_head_json":{"title":"Rugby de Set\u00fabal acusa adeptos do CRAV de racismo; Minhotos apresentam queixa-crime - Portal Tela Portugal","robots":{"index":"index","follow":"follow","max-snippet":"max-snippet:-1","max-image-preview":"max-image-preview:large","max-video-preview":"max-video-preview:-1"},"og_locale":"pt_PT","og_type":"article","og_title":"Rugby de Set\u00fabal acusa adeptos do CRAV de racismo; Minhotos apresentam queixa-crime - Portal Tela Portugal","og_description":"A Academia de Rugby Club de Set\u00fabal denunciou, num comunicado, insultos racistas dirigidos ao juiz de linha Daniel Sebasti\u00e1n durante a segunda parte da quarta jornada da fase final do Campeonato Nacional. O clube afirma que o termo \"macaco\" foi repetidamente usado por adeptos da equipa visitante, e que racismo e xenofobia n\u00e3o s\u00e3o \u201ccalor do jogo\u201d, configurando crime. Ap\u00f3s o apito final ocorreu uma invas\u00e3o de campo por adeptos do Clube de Rugby de Arcos de Valdevez, que desceram da bancada para agredir o juiz; o presidente e o treinador do Set\u00fabal, Jo\u00e3o Terlim, foram agredidos ao tentar proteg\u00ea-lo. O Rugby de Set\u00fabal diz que o \u00e1rbitro principal impediu o registo dos factos no boletim de jogo e enviou provas de v\u00eddeo \u00e0 Federa\u00e7\u00e3o Portuguesa de Rugby (FPR) e \u00e0 Autoridade para a Preven\u00e7\u00e3o e Combate \u00e0 Viol\u00eancia no Desporto (APCVD). O CRAV rejeitou as acusa\u00e7\u00f5es, classificando-as como mentiras e deturpa\u00e7\u00f5es, anunciou o corte de rela\u00e7\u00f5es com Set\u00fabal e revelou a inten\u00e7\u00e3o de apresentar queixa por difama\u00e7\u00e3o; afirmou estar dispon\u00edvel para colaborar com eventuais averigua\u00e7\u00f5es.","og_url":"https:\/\/portaltela.pt\/noticias\/2026\/02\/22\/rugby-de-setubal-acusa-adeptos-do-crav-de-racismo-minhotos-apresentam-queixa-crime\/","og_site_name":"Portal Tela Portugal","article_published_time":"2026-02-22T19:25:00+00:00","author":"Telinha","twitter_card":"summary_large_image","twitter_misc":{"Escrito por":"Telinha","Tempo estimado de leitura":"1 minuto"},"schema":{"@context":"https:\/\/schema.org","@graph":[{"@type":"Article","@id":"https:\/\/portaltela.pt\/noticias\/2026\/02\/22\/rugby-de-setubal-acusa-adeptos-do-crav-de-racismo-minhotos-apresentam-queixa-crime\/#article","isPartOf":{"@id":"https:\/\/portaltela.pt\/noticias\/2026\/02\/22\/rugby-de-setubal-acusa-adeptos-do-crav-de-racismo-minhotos-apresentam-queixa-crime\/"},"author":{"name":"Telinha","@id":"https:\/\/portaltela.pt\/#\/schema\/person\/c4278d4a6028830caff9ee44b42d32ed"},"headline":"Rugby de Set\u00fabal acusa adeptos do CRAV de racismo; Minhotos apresentam queixa-crime","datePublished":"2026-02-22T19:25:00+00:00","mainEntityOfPage":{"@id":"https:\/\/portaltela.pt\/noticias\/2026\/02\/22\/rugby-de-setubal-acusa-adeptos-do-crav-de-racismo-minhotos-apresentam-queixa-crime\/"},"wordCount":273,"image":{"@id":"https:\/\/portaltela.pt\/noticias\/2026\/02\/22\/rugby-de-setubal-acusa-adeptos-do-crav-de-racismo-minhotos-apresentam-queixa-crime\/#primaryimage"},"thumbnailUrl":"https:\/\/portaltela.pt\/s.01k8rhncp4jt1\/2026\/02\/eaa2bad7-7ba1-468b-971e-00a4c73aced6_1200x675.jpg","keywords":["Arcos de Valdevez","difama\u00e7\u00e3o","queixa-crime","racismo","Set\u00fabal","viol\u00eancia"],"articleSection":["Desporto"],"inLanguage":"pt-PT"},{"@type":"WebPage","@id":"https:\/\/portaltela.pt\/noticias\/2026\/02\/22\/rugby-de-setubal-acusa-adeptos-do-crav-de-racismo-minhotos-apresentam-queixa-crime\/","url":"https:\/\/portaltela.pt\/noticias\/2026\/02\/22\/rugby-de-setubal-acusa-adeptos-do-crav-de-racismo-minhotos-apresentam-queixa-crime\/","name":"Rugby de Set\u00fabal acusa adeptos do CRAV de racismo; Minhotos apresentam queixa-crime - Portal Tela Portugal","isPartOf":{"@id":"https:\/\/portaltela.pt\/#website"},"primaryImageOfPage":{"@id":"https:\/\/portaltela.pt\/noticias\/2026\/02\/22\/rugby-de-setubal-acusa-adeptos-do-crav-de-racismo-minhotos-apresentam-queixa-crime\/#primaryimage"},"image":{"@id":"https:\/\/portaltela.pt\/noticias\/2026\/02\/22\/rugby-de-setubal-acusa-adeptos-do-crav-de-racismo-minhotos-apresentam-queixa-crime\/#primaryimage"},"thumbnailUrl":"https:\/\/portaltela.pt\/s.01k8rhncp4jt1\/2026\/02\/eaa2bad7-7ba1-468b-971e-00a4c73aced6_1200x675.jpg","datePublished":"2026-02-22T19:25:00+00:00","author":{"@id":"https:\/\/portaltela.pt\/#\/schema\/person\/c4278d4a6028830caff9ee44b42d32ed"},"breadcrumb":{"@id":"https:\/\/portaltela.pt\/noticias\/2026\/02\/22\/rugby-de-setubal-acusa-adeptos-do-crav-de-racismo-minhotos-apresentam-queixa-crime\/#breadcrumb"},"inLanguage":"pt-PT","potentialAction":[{"@type":"ReadAction","target":["https:\/\/portaltela.pt\/noticias\/2026\/02\/22\/rugby-de-setubal-acusa-adeptos-do-crav-de-racismo-minhotos-apresentam-queixa-crime\/"]}]},{"@type":"ImageObject","inLanguage":"pt-PT","@id":"https:\/\/portaltela.pt\/noticias\/2026\/02\/22\/rugby-de-setubal-acusa-adeptos-do-crav-de-racismo-minhotos-apresentam-queixa-crime\/#primaryimage","url":"https:\/\/portaltela.pt\/s.01k8rhncp4jt1\/2026\/02\/eaa2bad7-7ba1-468b-971e-00a4c73aced6_1200x675.jpg","contentUrl":"https:\/\/portaltela.pt\/s.01k8rhncp4jt1\/2026\/02\/eaa2bad7-7ba1-468b-971e-00a4c73aced6_1200x675.jpg","width":796,"height":448,"caption":"Foto: unsplash"},{"@type":"BreadcrumbList","@id":"https:\/\/portaltela.pt\/noticias\/2026\/02\/22\/rugby-de-setubal-acusa-adeptos-do-crav-de-racismo-minhotos-apresentam-queixa-crime\/#breadcrumb","itemListElement":[{"@type":"ListItem","position":1,"name":"In\u00edcio","item":"https:\/\/portaltela.pt\/"},{"@type":"ListItem","position":2,"name":"Rugby de Set\u00fabal acusa adeptos do CRAV de racismo; Minhotos apresentam queixa-crime"}]},{"@type":"WebSite","@id":"https:\/\/portaltela.pt\/#website","url":"https:\/\/portaltela.pt\/","name":"Portal Tela Portugal","description":"","potentialAction":[{"@type":"SearchAction","target":{"@type":"EntryPoint","urlTemplate":"https:\/\/portaltela.pt\/?s={search_term_string}"},"query-input":{"@type":"PropertyValueSpecification","valueRequired":true,"valueName":"search_term_string"}}],"inLanguage":"pt-PT"},{"@type":"Person","@id":"https:\/\/portaltela.pt\/#\/schema\/person\/c4278d4a6028830caff9ee44b42d32ed","name":"Telinha","image":{"@type":"ImageObject","inLanguage":"pt-PT","@id":"https:\/\/portaltela.pt\/s.01k8rhncp4jt1\/2025\/11\/talking-bot-125x125.png","url":"https:\/\/portaltela.pt\/s.01k8rhncp4jt1\/2025\/11\/talking-bot-125x125.png","contentUrl":"https:\/\/portaltela.pt\/s.01k8rhncp4jt1\/2025\/11\/talking-bot-125x125.png","caption":"Telinha"},"sameAs":["https:\/\/portaltela.pt\/"],"url":"https:\/\/portaltela.pt\/por\/367410592786\/"}]}},"_links":{"self":[{"href":"https:\/\/portaltela.pt\/api\/wp\/v2\/posts\/221935","targetHints":{"allow":["GET"]}}],"collection":[{"href":"https:\/\/portaltela.pt\/api\/wp\/v2\/posts"}],"about":[{"href":"https:\/\/portaltela.pt\/api\/wp\/v2\/types\/post"}],"author":[{"embeddable":true,"href":"https:\/\/portaltela.pt\/api\/wp\/v2\/users\/2"}],"replies":[{"embeddable":true,"href":"https:\/\/portaltela.pt\/api\/wp\/v2\/comments?post=221935"}],"version-history":[{"count":0,"href":"https:\/\/portaltela.pt\/api\/wp\/v2\/posts\/221935\/revisions"}],"wp:featuredmedia":[{"embeddable":true,"href":"https:\/\/portaltela.pt\/api\/wp\/v2\/media\/221942"}],"wp:attachment":[{"href":"https:\/\/portaltela.pt\/api\/wp\/v2\/media?parent=221935"}],"wp:term":[{"taxonomy":"category","embeddable":true,"href":"https:\/\/portaltela.pt\/api\/wp\/v2\/categories?post=221935"},{"taxonomy":"post_tag","embeddable":true,"href":"https:\/\/portaltela.pt\/api\/wp\/v2\/tags?post=221935"}],"curies":[{"name":"wp","href":"https:\/\/api.w.org\/{rel}","templated":true}]}}