{"id":221904,"date":"2026-02-22T15:53:00","date_gmt":"2026-02-22T18:53:00","guid":{"rendered":"https:\/\/portaltela.pt\/noticias\/2026\/02\/22\/sp-braga-reage-ao-comunicado-da-psp-e-confirma-censura-ao-clube-e-aos-adeptos\/"},"modified":"2026-02-22T15:53:00","modified_gmt":"2026-02-22T18:53:00","slug":"sp-braga-reage-ao-comunicado-da-psp-e-confirma-censura-ao-clube-e-aos-adeptos","status":"publish","type":"post","link":"https:\/\/portaltela.pt\/desporto\/futebol\/2026\/02\/22\/sp-braga-reage-ao-comunicado-da-psp-e-confirma-censura-ao-clube-e-aos-adeptos\/","title":{"rendered":"Sp. Braga reage ao comunicado da PSP e confirma censura ao clube e aos adeptos"},"content":{"rendered":"<p>O Sporting Clube de Braga reagiu ao comunicado do Comando Distrital de Braga da PSP, confirmando que a autoridade policial censurou a tarja preparada para o d\u00e9rbi do Minho. Os bracarenses alegam que a PSP n\u00e3o os contactou para corrigir a situa\u00e7\u00e3o, apenas apontando riscos.<\/p>\n<p>A cr\u00edtica do clube \u00e9 de censura pr\u00e9via a mensagens emitidas pela massa adepta. O SC Braga afirma que, em 2026, rasurar mensagens por an\u00e1lise de significado revela uma preocupa\u00e7\u00e3o societal e provoca temores de tempos passados.<\/p>\n<p>A PSP sustentou que a proximidade da tela prevista para a exibi\u00e7\u00e3o com artefactos pirot\u00e9cnicos de proje\u00e7\u00e3o representava riscos reais para a integridade f\u00edsica de adeptos na bancada nascente. O clube diz n\u00e3o ter sido contactado para mitigar tais riscos.<\/p>\n<p>O SC Braga refor\u00e7a que n\u00e3o houve qualquer contacto para adotar medidas, como reposicionar ou remover artefactos. A dire\u00e7\u00e3o afirma que a censura visava apenas a mensagem de exalta\u00e7\u00e3o da hist\u00f3ria e do orgulho do clube.<\/p>\n<p>O clube solicitou publicamente que entidades relevantes se pronunciem sobre o tema, mantendo a posi\u00e7\u00e3o de que a PSP violou a seu ver a ordem p\u00fablica. O SC Braga adianta reuni\u00f5es para os pr\u00f3ximos dias e pretende recorrer a inst\u00e2ncias cab\u00edveis para evitar repeti\u00e7\u00e3o.<\/p>\n<p>A PSP \u00e9 respons\u00e1vel pela manuten\u00e7\u00e3o da ordem p\u00fablica, segundo o clube, cuja dire\u00e7\u00e3o assegura que n\u00e3o aceitar\u00e1 que o epis\u00f3dio se repita. Nada indica, ainda, que haja um desmentido oficial adicional por parte da PSP nesta mat\u00e9ria.<\/p>\n","protected":false},"excerpt":{"rendered":"<ul>\n<li>O Sporting Clube de Braga reagiu ao comunicado da PSP, afirmando que a PSP censurou o clube e os seus adeptos ao proibir a tarja preparada para o d\u00e9rbi do Minho.<\/li>\n<li>A PSP alegou riscos reais para a integridade f\u00edsica dos presentes na bancada nascente devido \u00e0 tela com artefactos pirot\u00e9cnicos de proje\u00e7\u00e3o, licenciados pela pr\u00f3pria PSP.<\/li>\n<li>O SC Braga diz n\u00e3o ter sido contactado para mitigar esses riscos, incluindo a poss\u00edvel remo\u00e7\u00e3o ou recoloca\u00e7\u00e3o dos artefactos, mantendo que a censura foi a quest\u00e3o central.<\/li>\n<li>O clube critica o que chama de \u201cconduta cens\u00f3ria\u201d e alerta para as consequ\u00eancias, nomeadamente agress\u00f5es a s\u00f3cios e adeptos, incluindo idosos e crian\u00e7as.<\/li>\n<li>O Braga informou que j\u00e1 tem reuni\u00f5es agendadas e pretende recorrer a todas as inst\u00e2ncias para evitar que este epis\u00f3dio se repita.<\/li>\n<\/ul>\n","protected":false},"author":2,"featured_media":221911,"comment_status":"closed","ping_status":"closed","sticky":false,"template":"","format":"standard","meta":{"footnotes":""},"categories":[21,24],"tags":[2533,1207,5349,32,216,3418],"class_list":["post-221904","post","type-post","status-publish","format-standard","has-post-thumbnail","hentry","category-desporto","category-futebol","tag-adeptos","tag-braga","tag-censura","tag-futebol","tag-ordem-publica","tag-policia-de-seguranca-publica"],"yoast_head":"<!-- This site is optimized with the Yoast SEO plugin v27.2 - https:\/\/yoast.com\/product\/yoast-seo-wordpress\/ -->\n<title>Sp. Braga reage ao comunicado da PSP e confirma censura ao clube e aos adeptos - Portal Tela Portugal<\/title>\n<meta name=\"robots\" content=\"index, follow, max-snippet:-1, max-image-preview:large, max-video-preview:-1\" \/>\n<meta property=\"og:locale\" content=\"pt_PT\" \/>\n<meta property=\"og:type\" content=\"article\" \/>\n<meta property=\"og:title\" content=\"Sp. Braga reage ao comunicado da PSP e confirma censura ao clube e aos adeptos - Portal Tela Portugal\" \/>\n<meta property=\"og:description\" content=\"O Sporting Clube de Braga reagiu ao comunicado da PSP, afirmando que a PSP censurou o clube e os seus adeptos ao proibir a tarja preparada para o d\u00e9rbi do Minho. A PSP alegou riscos reais para a integridade f\u00edsica dos presentes na bancada nascente devido \u00e0 tela com artefactos pirot\u00e9cnicos de proje\u00e7\u00e3o, licenciados pela pr\u00f3pria PSP. O SC Braga diz n\u00e3o ter sido contactado para mitigar esses riscos, incluindo a poss\u00edvel remo\u00e7\u00e3o ou recoloca\u00e7\u00e3o dos artefactos, mantendo que a censura foi a quest\u00e3o central. O clube critica o que chama de \u201cconduta cens\u00f3ria\u201d e alerta para as consequ\u00eancias, nomeadamente agress\u00f5es a s\u00f3cios e adeptos, incluindo idosos e crian\u00e7as. O Braga informou que j\u00e1 tem reuni\u00f5es agendadas e pretende recorrer a todas as inst\u00e2ncias para evitar que este epis\u00f3dio se repita.\" \/>\n<meta property=\"og:url\" content=\"https:\/\/portaltela.pt\/noticias\/2026\/02\/22\/sp-braga-reage-ao-comunicado-da-psp-e-confirma-censura-ao-clube-e-aos-adeptos\/\" \/>\n<meta property=\"og:site_name\" content=\"Portal Tela Portugal\" \/>\n<meta property=\"article:published_time\" content=\"2026-02-22T18:53:00+00:00\" \/>\n<meta name=\"author\" content=\"Telinha\" \/>\n<meta name=\"twitter:card\" content=\"summary_large_image\" \/>\n<meta name=\"twitter:label1\" content=\"Escrito por\" \/>\n\t<meta name=\"twitter:data1\" content=\"Telinha\" \/>\n\t<meta name=\"twitter:label2\" content=\"Tempo estimado de leitura\" \/>\n\t<meta name=\"twitter:data2\" content=\"1 minuto\" \/>\n<script type=\"application\/ld+json\" class=\"yoast-schema-graph\">{\"@context\":\"https:\/\/schema.org\",\"@graph\":[{\"@type\":\"Article\",\"@id\":\"https:\/\/portaltela.pt\/noticias\/2026\/02\/22\/sp-braga-reage-ao-comunicado-da-psp-e-confirma-censura-ao-clube-e-aos-adeptos\/#article\",\"isPartOf\":{\"@id\":\"https:\/\/portaltela.pt\/noticias\/2026\/02\/22\/sp-braga-reage-ao-comunicado-da-psp-e-confirma-censura-ao-clube-e-aos-adeptos\/\"},\"author\":{\"name\":\"Telinha\",\"@id\":\"https:\/\/portaltela.pt\/#\/schema\/person\/c4278d4a6028830caff9ee44b42d32ed\"},\"headline\":\"Sp. Braga reage ao comunicado da PSP e confirma censura ao clube e aos adeptos\",\"datePublished\":\"2026-02-22T18:53:00+00:00\",\"mainEntityOfPage\":{\"@id\":\"https:\/\/portaltela.pt\/noticias\/2026\/02\/22\/sp-braga-reage-ao-comunicado-da-psp-e-confirma-censura-ao-clube-e-aos-adeptos\/\"},\"wordCount\":283,\"image\":{\"@id\":\"https:\/\/portaltela.pt\/noticias\/2026\/02\/22\/sp-braga-reage-ao-comunicado-da-psp-e-confirma-censura-ao-clube-e-aos-adeptos\/#primaryimage\"},\"thumbnailUrl\":\"https:\/\/portaltela.pt\/s.01k8rhncp4jt1\/2026\/02\/img_920x518uu2026-02-21-19-54-34-2422957.jpg\",\"keywords\":[\"adeptos\",\"Braga\",\"censura\",\"futebol\",\"ordem p\u00fablica\",\"Pol\u00edcia de Seguran\u00e7a P\u00fablica\"],\"articleSection\":[\"Desporto\",\"Futebol\"],\"inLanguage\":\"pt-PT\"},{\"@type\":\"WebPage\",\"@id\":\"https:\/\/portaltela.pt\/noticias\/2026\/02\/22\/sp-braga-reage-ao-comunicado-da-psp-e-confirma-censura-ao-clube-e-aos-adeptos\/\",\"url\":\"https:\/\/portaltela.pt\/noticias\/2026\/02\/22\/sp-braga-reage-ao-comunicado-da-psp-e-confirma-censura-ao-clube-e-aos-adeptos\/\",\"name\":\"Sp. Braga reage ao comunicado da PSP e confirma censura ao clube e aos adeptos - Portal Tela Portugal\",\"isPartOf\":{\"@id\":\"https:\/\/portaltela.pt\/#website\"},\"primaryImageOfPage\":{\"@id\":\"https:\/\/portaltela.pt\/noticias\/2026\/02\/22\/sp-braga-reage-ao-comunicado-da-psp-e-confirma-censura-ao-clube-e-aos-adeptos\/#primaryimage\"},\"image\":{\"@id\":\"https:\/\/portaltela.pt\/noticias\/2026\/02\/22\/sp-braga-reage-ao-comunicado-da-psp-e-confirma-censura-ao-clube-e-aos-adeptos\/#primaryimage\"},\"thumbnailUrl\":\"https:\/\/portaltela.pt\/s.01k8rhncp4jt1\/2026\/02\/img_920x518uu2026-02-21-19-54-34-2422957.jpg\",\"datePublished\":\"2026-02-22T18:53:00+00:00\",\"author\":{\"@id\":\"https:\/\/portaltela.pt\/#\/schema\/person\/c4278d4a6028830caff9ee44b42d32ed\"},\"breadcrumb\":{\"@id\":\"https:\/\/portaltela.pt\/noticias\/2026\/02\/22\/sp-braga-reage-ao-comunicado-da-psp-e-confirma-censura-ao-clube-e-aos-adeptos\/#breadcrumb\"},\"inLanguage\":\"pt-PT\",\"potentialAction\":[{\"@type\":\"ReadAction\",\"target\":[\"https:\/\/portaltela.pt\/noticias\/2026\/02\/22\/sp-braga-reage-ao-comunicado-da-psp-e-confirma-censura-ao-clube-e-aos-adeptos\/\"]}]},{\"@type\":\"ImageObject\",\"inLanguage\":\"pt-PT\",\"@id\":\"https:\/\/portaltela.pt\/noticias\/2026\/02\/22\/sp-braga-reage-ao-comunicado-da-psp-e-confirma-censura-ao-clube-e-aos-adeptos\/#primaryimage\",\"url\":\"https:\/\/portaltela.pt\/s.01k8rhncp4jt1\/2026\/02\/img_920x518uu2026-02-21-19-54-34-2422957.jpg\",\"contentUrl\":\"https:\/\/portaltela.pt\/s.01k8rhncp4jt1\/2026\/02\/img_920x518uu2026-02-21-19-54-34-2422957.jpg\",\"width\":796,\"height\":448,\"caption\":\"A Tarja preparada para o d\u00e9rbi deste s\u00e1bado\"},{\"@type\":\"BreadcrumbList\",\"@id\":\"https:\/\/portaltela.pt\/noticias\/2026\/02\/22\/sp-braga-reage-ao-comunicado-da-psp-e-confirma-censura-ao-clube-e-aos-adeptos\/#breadcrumb\",\"itemListElement\":[{\"@type\":\"ListItem\",\"position\":1,\"name\":\"In\u00edcio\",\"item\":\"https:\/\/portaltela.pt\/\"},{\"@type\":\"ListItem\",\"position\":2,\"name\":\"Sp. Braga reage ao comunicado da PSP e confirma censura ao clube e aos adeptos\"}]},{\"@type\":\"WebSite\",\"@id\":\"https:\/\/portaltela.pt\/#website\",\"url\":\"https:\/\/portaltela.pt\/\",\"name\":\"Portal Tela Portugal\",\"description\":\"\",\"potentialAction\":[{\"@type\":\"SearchAction\",\"target\":{\"@type\":\"EntryPoint\",\"urlTemplate\":\"https:\/\/portaltela.pt\/?s={search_term_string}\"},\"query-input\":{\"@type\":\"PropertyValueSpecification\",\"valueRequired\":true,\"valueName\":\"search_term_string\"}}],\"inLanguage\":\"pt-PT\"},{\"@type\":\"Person\",\"@id\":\"https:\/\/portaltela.pt\/#\/schema\/person\/c4278d4a6028830caff9ee44b42d32ed\",\"name\":\"Telinha\",\"image\":{\"@type\":\"ImageObject\",\"inLanguage\":\"pt-PT\",\"@id\":\"https:\/\/portaltela.pt\/s.01k8rhncp4jt1\/2025\/11\/talking-bot-125x125.png\",\"url\":\"https:\/\/portaltela.pt\/s.01k8rhncp4jt1\/2025\/11\/talking-bot-125x125.png\",\"contentUrl\":\"https:\/\/portaltela.pt\/s.01k8rhncp4jt1\/2025\/11\/talking-bot-125x125.png\",\"caption\":\"Telinha\"},\"sameAs\":[\"https:\/\/portaltela.pt\/\"],\"url\":\"https:\/\/portaltela.pt\/por\/367410592786\/\"}]}<\/script>\n<!-- \/ Yoast SEO plugin. -->","yoast_head_json":{"title":"Sp. Braga reage ao comunicado da PSP e confirma censura ao clube e aos adeptos - Portal Tela Portugal","robots":{"index":"index","follow":"follow","max-snippet":"max-snippet:-1","max-image-preview":"max-image-preview:large","max-video-preview":"max-video-preview:-1"},"og_locale":"pt_PT","og_type":"article","og_title":"Sp. Braga reage ao comunicado da PSP e confirma censura ao clube e aos adeptos - Portal Tela Portugal","og_description":"O Sporting Clube de Braga reagiu ao comunicado da PSP, afirmando que a PSP censurou o clube e os seus adeptos ao proibir a tarja preparada para o d\u00e9rbi do Minho. A PSP alegou riscos reais para a integridade f\u00edsica dos presentes na bancada nascente devido \u00e0 tela com artefactos pirot\u00e9cnicos de proje\u00e7\u00e3o, licenciados pela pr\u00f3pria PSP. O SC Braga diz n\u00e3o ter sido contactado para mitigar esses riscos, incluindo a poss\u00edvel remo\u00e7\u00e3o ou recoloca\u00e7\u00e3o dos artefactos, mantendo que a censura foi a quest\u00e3o central. O clube critica o que chama de \u201cconduta cens\u00f3ria\u201d e alerta para as consequ\u00eancias, nomeadamente agress\u00f5es a s\u00f3cios e adeptos, incluindo idosos e crian\u00e7as. O Braga informou que j\u00e1 tem reuni\u00f5es agendadas e pretende recorrer a todas as inst\u00e2ncias para evitar que este epis\u00f3dio se repita.","og_url":"https:\/\/portaltela.pt\/noticias\/2026\/02\/22\/sp-braga-reage-ao-comunicado-da-psp-e-confirma-censura-ao-clube-e-aos-adeptos\/","og_site_name":"Portal Tela Portugal","article_published_time":"2026-02-22T18:53:00+00:00","author":"Telinha","twitter_card":"summary_large_image","twitter_misc":{"Escrito por":"Telinha","Tempo estimado de leitura":"1 minuto"},"schema":{"@context":"https:\/\/schema.org","@graph":[{"@type":"Article","@id":"https:\/\/portaltela.pt\/noticias\/2026\/02\/22\/sp-braga-reage-ao-comunicado-da-psp-e-confirma-censura-ao-clube-e-aos-adeptos\/#article","isPartOf":{"@id":"https:\/\/portaltela.pt\/noticias\/2026\/02\/22\/sp-braga-reage-ao-comunicado-da-psp-e-confirma-censura-ao-clube-e-aos-adeptos\/"},"author":{"name":"Telinha","@id":"https:\/\/portaltela.pt\/#\/schema\/person\/c4278d4a6028830caff9ee44b42d32ed"},"headline":"Sp. Braga reage ao comunicado da PSP e confirma censura ao clube e aos adeptos","datePublished":"2026-02-22T18:53:00+00:00","mainEntityOfPage":{"@id":"https:\/\/portaltela.pt\/noticias\/2026\/02\/22\/sp-braga-reage-ao-comunicado-da-psp-e-confirma-censura-ao-clube-e-aos-adeptos\/"},"wordCount":283,"image":{"@id":"https:\/\/portaltela.pt\/noticias\/2026\/02\/22\/sp-braga-reage-ao-comunicado-da-psp-e-confirma-censura-ao-clube-e-aos-adeptos\/#primaryimage"},"thumbnailUrl":"https:\/\/portaltela.pt\/s.01k8rhncp4jt1\/2026\/02\/img_920x518uu2026-02-21-19-54-34-2422957.jpg","keywords":["adeptos","Braga","censura","futebol","ordem p\u00fablica","Pol\u00edcia de Seguran\u00e7a P\u00fablica"],"articleSection":["Desporto","Futebol"],"inLanguage":"pt-PT"},{"@type":"WebPage","@id":"https:\/\/portaltela.pt\/noticias\/2026\/02\/22\/sp-braga-reage-ao-comunicado-da-psp-e-confirma-censura-ao-clube-e-aos-adeptos\/","url":"https:\/\/portaltela.pt\/noticias\/2026\/02\/22\/sp-braga-reage-ao-comunicado-da-psp-e-confirma-censura-ao-clube-e-aos-adeptos\/","name":"Sp. Braga reage ao comunicado da PSP e confirma censura ao clube e aos adeptos - Portal Tela Portugal","isPartOf":{"@id":"https:\/\/portaltela.pt\/#website"},"primaryImageOfPage":{"@id":"https:\/\/portaltela.pt\/noticias\/2026\/02\/22\/sp-braga-reage-ao-comunicado-da-psp-e-confirma-censura-ao-clube-e-aos-adeptos\/#primaryimage"},"image":{"@id":"https:\/\/portaltela.pt\/noticias\/2026\/02\/22\/sp-braga-reage-ao-comunicado-da-psp-e-confirma-censura-ao-clube-e-aos-adeptos\/#primaryimage"},"thumbnailUrl":"https:\/\/portaltela.pt\/s.01k8rhncp4jt1\/2026\/02\/img_920x518uu2026-02-21-19-54-34-2422957.jpg","datePublished":"2026-02-22T18:53:00+00:00","author":{"@id":"https:\/\/portaltela.pt\/#\/schema\/person\/c4278d4a6028830caff9ee44b42d32ed"},"breadcrumb":{"@id":"https:\/\/portaltela.pt\/noticias\/2026\/02\/22\/sp-braga-reage-ao-comunicado-da-psp-e-confirma-censura-ao-clube-e-aos-adeptos\/#breadcrumb"},"inLanguage":"pt-PT","potentialAction":[{"@type":"ReadAction","target":["https:\/\/portaltela.pt\/noticias\/2026\/02\/22\/sp-braga-reage-ao-comunicado-da-psp-e-confirma-censura-ao-clube-e-aos-adeptos\/"]}]},{"@type":"ImageObject","inLanguage":"pt-PT","@id":"https:\/\/portaltela.pt\/noticias\/2026\/02\/22\/sp-braga-reage-ao-comunicado-da-psp-e-confirma-censura-ao-clube-e-aos-adeptos\/#primaryimage","url":"https:\/\/portaltela.pt\/s.01k8rhncp4jt1\/2026\/02\/img_920x518uu2026-02-21-19-54-34-2422957.jpg","contentUrl":"https:\/\/portaltela.pt\/s.01k8rhncp4jt1\/2026\/02\/img_920x518uu2026-02-21-19-54-34-2422957.jpg","width":796,"height":448,"caption":"A Tarja preparada para o d\u00e9rbi deste s\u00e1bado"},{"@type":"BreadcrumbList","@id":"https:\/\/portaltela.pt\/noticias\/2026\/02\/22\/sp-braga-reage-ao-comunicado-da-psp-e-confirma-censura-ao-clube-e-aos-adeptos\/#breadcrumb","itemListElement":[{"@type":"ListItem","position":1,"name":"In\u00edcio","item":"https:\/\/portaltela.pt\/"},{"@type":"ListItem","position":2,"name":"Sp. Braga reage ao comunicado da PSP e confirma censura ao clube e aos adeptos"}]},{"@type":"WebSite","@id":"https:\/\/portaltela.pt\/#website","url":"https:\/\/portaltela.pt\/","name":"Portal Tela Portugal","description":"","potentialAction":[{"@type":"SearchAction","target":{"@type":"EntryPoint","urlTemplate":"https:\/\/portaltela.pt\/?s={search_term_string}"},"query-input":{"@type":"PropertyValueSpecification","valueRequired":true,"valueName":"search_term_string"}}],"inLanguage":"pt-PT"},{"@type":"Person","@id":"https:\/\/portaltela.pt\/#\/schema\/person\/c4278d4a6028830caff9ee44b42d32ed","name":"Telinha","image":{"@type":"ImageObject","inLanguage":"pt-PT","@id":"https:\/\/portaltela.pt\/s.01k8rhncp4jt1\/2025\/11\/talking-bot-125x125.png","url":"https:\/\/portaltela.pt\/s.01k8rhncp4jt1\/2025\/11\/talking-bot-125x125.png","contentUrl":"https:\/\/portaltela.pt\/s.01k8rhncp4jt1\/2025\/11\/talking-bot-125x125.png","caption":"Telinha"},"sameAs":["https:\/\/portaltela.pt\/"],"url":"https:\/\/portaltela.pt\/por\/367410592786\/"}]}},"_links":{"self":[{"href":"https:\/\/portaltela.pt\/api\/wp\/v2\/posts\/221904","targetHints":{"allow":["GET"]}}],"collection":[{"href":"https:\/\/portaltela.pt\/api\/wp\/v2\/posts"}],"about":[{"href":"https:\/\/portaltela.pt\/api\/wp\/v2\/types\/post"}],"author":[{"embeddable":true,"href":"https:\/\/portaltela.pt\/api\/wp\/v2\/users\/2"}],"replies":[{"embeddable":true,"href":"https:\/\/portaltela.pt\/api\/wp\/v2\/comments?post=221904"}],"version-history":[{"count":0,"href":"https:\/\/portaltela.pt\/api\/wp\/v2\/posts\/221904\/revisions"}],"wp:featuredmedia":[{"embeddable":true,"href":"https:\/\/portaltela.pt\/api\/wp\/v2\/media\/221911"}],"wp:attachment":[{"href":"https:\/\/portaltela.pt\/api\/wp\/v2\/media?parent=221904"}],"wp:term":[{"taxonomy":"category","embeddable":true,"href":"https:\/\/portaltela.pt\/api\/wp\/v2\/categories?post=221904"},{"taxonomy":"post_tag","embeddable":true,"href":"https:\/\/portaltela.pt\/api\/wp\/v2\/tags?post=221904"}],"curies":[{"name":"wp","href":"https:\/\/api.w.org\/{rel}","templated":true}]}}