{"id":221898,"date":"2026-02-22T15:54:03","date_gmt":"2026-02-22T18:54:03","guid":{"rendered":"https:\/\/portaltela.pt\/noticias\/2026\/02\/22\/comandante-da-gnr-de-tavira-acusado-de-tortura\/"},"modified":"2026-02-22T15:54:03","modified_gmt":"2026-02-22T18:54:03","slug":"comandante-da-gnr-de-tavira-acusado-de-tortura","status":"publish","type":"post","link":"https:\/\/portaltela.pt\/noticias\/2026\/02\/22\/comandante-da-gnr-de-tavira-acusado-de-tortura\/","title":{"rendered":"Comandante da GNR de Tavira acusado de tortura"},"content":{"rendered":"<p>O Minist\u00e9rio P\u00fablico acusou o comandante da GNR de Tavira de tortura a um cidad\u00e3o luso-marroquino, alegadamente apanhado a roubar bicicletas numa praia da regi\u00e3o. O caso envolve viol\u00eancia durante a deten\u00e7\u00e3o, segundo a acusa\u00e7\u00e3o.<\/p>\n<p>O incidente ocorreu a 1 de abril de 2025, na praia onde o suspeito foi detido ap\u00f3s resist\u00eancia durante a a\u00e7\u00e3o policial. A acusa\u00e7\u00e3o sustenta que o comandante agrediu o detido na face e no corpo, mesmo depois de este j\u00e1 estar algemado.<\/p>\n<p>A agress\u00e3o ter\u00e1 continuado na esquadra, durante os dois dias de deten\u00e7\u00e3o, de acordo com o Minist\u00e9rio P\u00fablico. O comandante Ricardo Sousa nega ter desferido qualquer soco ou golpe, segundo o seman\u00e1rio Expresso.<\/p>\n<p>O suspeito tamb\u00e9m apresentou uma queixa contra outro militar da GNR, que acabou por ser arquivada. Enquanto isso, o militar envolvido foi afastado do posto de Tavira e est\u00e1 a atuar numa unidade operacional da GNR, a pedido do MP.<\/p>\n","protected":false},"excerpt":{"rendered":"<ul>\n<li>O Minist\u00e9rio P\u00fablico acusou o comandante da GNR de Tavira de tortura a um cidad\u00e3o luso-marroquino detido por alegado roubo de bicicletas numa praia da zona, em 1 de abril de 2025.<\/li>\n<li>Segundo a acusa\u00e7\u00e3o, houve resist\u00eancia do detido e agress\u00f5es m\u00fatuas, com ferimentos na cara e na m\u00e3o do comandante.<\/li>\n<li>Ap\u00f3s ser algemado, o detido ter\u00e1 sido agredido novamente pelo comandante, situa\u00e7\u00e3o que se repetiu na esquadra nos dois dias de deten\u00e7\u00e3o.<\/li>\n<li>O comandante, Ricardo Sousa, nega ter batido no detido, tendo dito ao seman\u00e1rio Expresso que n\u00e3o houve agress\u00f5es.<\/li>\n<li>O militar foi afastado do posto de Tavira e est\u00e1 a trabalhar numa unidade operacional da GNR a pedido do Minist\u00e9rio P\u00fablico; o suspeito ter\u00e1 apresentado queixa contra outro militar, que ter\u00e1 sido arquivada.<\/li>\n<\/ul>\n","protected":false},"author":2,"featured_media":221903,"comment_status":"closed","ping_status":"closed","sticky":false,"template":"","format":"standard","meta":{"footnotes":""},"categories":[1],"tags":[1380,217,203,2687,3535,939],"class_list":["post-221898","post","type-post","status-publish","format-standard","has-post-thumbnail","hentry","category-noticias","tag-gnr","tag-investigacao-criminal","tag-roubo","tag-tavira","tag-tortura","tag-violencia"],"yoast_head":"<!-- This site is optimized with the Yoast SEO plugin v27.2 - https:\/\/yoast.com\/product\/yoast-seo-wordpress\/ -->\n<title>Comandante da GNR de Tavira acusado de tortura - Portal Tela Portugal<\/title>\n<meta name=\"robots\" content=\"index, follow, max-snippet:-1, max-image-preview:large, max-video-preview:-1\" \/>\n<meta property=\"og:locale\" content=\"pt_PT\" \/>\n<meta property=\"og:type\" content=\"article\" \/>\n<meta property=\"og:title\" content=\"Comandante da GNR de Tavira acusado de tortura - Portal Tela Portugal\" \/>\n<meta property=\"og:description\" content=\"O Minist\u00e9rio P\u00fablico acusou o comandante da GNR de Tavira de tortura a um cidad\u00e3o luso-marroquino detido por alegado roubo de bicicletas numa praia da zona, em 1 de abril de 2025. Segundo a acusa\u00e7\u00e3o, houve resist\u00eancia do detido e agress\u00f5es m\u00fatuas, com ferimentos na cara e na m\u00e3o do comandante. Ap\u00f3s ser algemado, o detido ter\u00e1 sido agredido novamente pelo comandante, situa\u00e7\u00e3o que se repetiu na esquadra nos dois dias de deten\u00e7\u00e3o. O comandante, Ricardo Sousa, nega ter batido no detido, tendo dito ao seman\u00e1rio Expresso que n\u00e3o houve agress\u00f5es. O militar foi afastado do posto de Tavira e est\u00e1 a trabalhar numa unidade operacional da GNR a pedido do Minist\u00e9rio P\u00fablico; o suspeito ter\u00e1 apresentado queixa contra outro militar, que ter\u00e1 sido arquivada.\" \/>\n<meta property=\"og:url\" content=\"https:\/\/portaltela.pt\/noticias\/2026\/02\/22\/comandante-da-gnr-de-tavira-acusado-de-tortura\/\" \/>\n<meta property=\"og:site_name\" content=\"Portal Tela Portugal\" \/>\n<meta property=\"article:published_time\" content=\"2026-02-22T18:54:03+00:00\" \/>\n<meta name=\"author\" content=\"Telinha\" \/>\n<meta name=\"twitter:card\" content=\"summary_large_image\" \/>\n<meta name=\"twitter:label1\" content=\"Escrito por\" \/>\n\t<meta name=\"twitter:data1\" content=\"Telinha\" \/>\n\t<meta name=\"twitter:label2\" content=\"Tempo estimado de leitura\" \/>\n\t<meta name=\"twitter:data2\" content=\"1 minuto\" \/>\n<script type=\"application\/ld+json\" class=\"yoast-schema-graph\">{\"@context\":\"https:\/\/schema.org\",\"@graph\":[{\"@type\":\"Article\",\"@id\":\"https:\/\/portaltela.pt\/noticias\/2026\/02\/22\/comandante-da-gnr-de-tavira-acusado-de-tortura\/#article\",\"isPartOf\":{\"@id\":\"https:\/\/portaltela.pt\/noticias\/2026\/02\/22\/comandante-da-gnr-de-tavira-acusado-de-tortura\/\"},\"author\":{\"name\":\"Telinha\",\"@id\":\"https:\/\/portaltela.pt\/#\/schema\/person\/c4278d4a6028830caff9ee44b42d32ed\"},\"headline\":\"Comandante da GNR de Tavira acusado de tortura\",\"datePublished\":\"2026-02-22T18:54:03+00:00\",\"mainEntityOfPage\":{\"@id\":\"https:\/\/portaltela.pt\/noticias\/2026\/02\/22\/comandante-da-gnr-de-tavira-acusado-de-tortura\/\"},\"wordCount\":174,\"image\":{\"@id\":\"https:\/\/portaltela.pt\/noticias\/2026\/02\/22\/comandante-da-gnr-de-tavira-acusado-de-tortura\/#primaryimage\"},\"thumbnailUrl\":\"https:\/\/portaltela.pt\/s.01k8rhncp4jt1\/2026\/02\/img_1280x721uu2026-02-22-18-45-54-2268356.jpg\",\"keywords\":[\"GNR\",\"investiga\u00e7\u00e3o criminal\",\"roubo\",\"Tavira\",\"tortura\",\"viol\u00eancia\"],\"articleSection\":[\"Not\u00edcias\"],\"inLanguage\":\"pt-PT\"},{\"@type\":\"WebPage\",\"@id\":\"https:\/\/portaltela.pt\/noticias\/2026\/02\/22\/comandante-da-gnr-de-tavira-acusado-de-tortura\/\",\"url\":\"https:\/\/portaltela.pt\/noticias\/2026\/02\/22\/comandante-da-gnr-de-tavira-acusado-de-tortura\/\",\"name\":\"Comandante da GNR de Tavira acusado de tortura - Portal Tela Portugal\",\"isPartOf\":{\"@id\":\"https:\/\/portaltela.pt\/#website\"},\"primaryImageOfPage\":{\"@id\":\"https:\/\/portaltela.pt\/noticias\/2026\/02\/22\/comandante-da-gnr-de-tavira-acusado-de-tortura\/#primaryimage\"},\"image\":{\"@id\":\"https:\/\/portaltela.pt\/noticias\/2026\/02\/22\/comandante-da-gnr-de-tavira-acusado-de-tortura\/#primaryimage\"},\"thumbnailUrl\":\"https:\/\/portaltela.pt\/s.01k8rhncp4jt1\/2026\/02\/img_1280x721uu2026-02-22-18-45-54-2268356.jpg\",\"datePublished\":\"2026-02-22T18:54:03+00:00\",\"author\":{\"@id\":\"https:\/\/portaltela.pt\/#\/schema\/person\/c4278d4a6028830caff9ee44b42d32ed\"},\"breadcrumb\":{\"@id\":\"https:\/\/portaltela.pt\/noticias\/2026\/02\/22\/comandante-da-gnr-de-tavira-acusado-de-tortura\/#breadcrumb\"},\"inLanguage\":\"pt-PT\",\"potentialAction\":[{\"@type\":\"ReadAction\",\"target\":[\"https:\/\/portaltela.pt\/noticias\/2026\/02\/22\/comandante-da-gnr-de-tavira-acusado-de-tortura\/\"]}]},{\"@type\":\"ImageObject\",\"inLanguage\":\"pt-PT\",\"@id\":\"https:\/\/portaltela.pt\/noticias\/2026\/02\/22\/comandante-da-gnr-de-tavira-acusado-de-tortura\/#primaryimage\",\"url\":\"https:\/\/portaltela.pt\/s.01k8rhncp4jt1\/2026\/02\/img_1280x721uu2026-02-22-18-45-54-2268356.jpg\",\"contentUrl\":\"https:\/\/portaltela.pt\/s.01k8rhncp4jt1\/2026\/02\/img_1280x721uu2026-02-22-18-45-54-2268356.jpg\",\"width\":796,\"height\":448,\"caption\":\"Photo\"},{\"@type\":\"BreadcrumbList\",\"@id\":\"https:\/\/portaltela.pt\/noticias\/2026\/02\/22\/comandante-da-gnr-de-tavira-acusado-de-tortura\/#breadcrumb\",\"itemListElement\":[{\"@type\":\"ListItem\",\"position\":1,\"name\":\"In\u00edcio\",\"item\":\"https:\/\/portaltela.pt\/\"},{\"@type\":\"ListItem\",\"position\":2,\"name\":\"Comandante da GNR de Tavira acusado de tortura\"}]},{\"@type\":\"WebSite\",\"@id\":\"https:\/\/portaltela.pt\/#website\",\"url\":\"https:\/\/portaltela.pt\/\",\"name\":\"Portal Tela Portugal\",\"description\":\"\",\"potentialAction\":[{\"@type\":\"SearchAction\",\"target\":{\"@type\":\"EntryPoint\",\"urlTemplate\":\"https:\/\/portaltela.pt\/?s={search_term_string}\"},\"query-input\":{\"@type\":\"PropertyValueSpecification\",\"valueRequired\":true,\"valueName\":\"search_term_string\"}}],\"inLanguage\":\"pt-PT\"},{\"@type\":\"Person\",\"@id\":\"https:\/\/portaltela.pt\/#\/schema\/person\/c4278d4a6028830caff9ee44b42d32ed\",\"name\":\"Telinha\",\"image\":{\"@type\":\"ImageObject\",\"inLanguage\":\"pt-PT\",\"@id\":\"https:\/\/portaltela.pt\/s.01k8rhncp4jt1\/2025\/11\/talking-bot-125x125.png\",\"url\":\"https:\/\/portaltela.pt\/s.01k8rhncp4jt1\/2025\/11\/talking-bot-125x125.png\",\"contentUrl\":\"https:\/\/portaltela.pt\/s.01k8rhncp4jt1\/2025\/11\/talking-bot-125x125.png\",\"caption\":\"Telinha\"},\"sameAs\":[\"https:\/\/portaltela.pt\/\"],\"url\":\"https:\/\/portaltela.pt\/por\/367410592786\/\"}]}<\/script>\n<!-- \/ Yoast SEO plugin. -->","yoast_head_json":{"title":"Comandante da GNR de Tavira acusado de tortura - Portal Tela Portugal","robots":{"index":"index","follow":"follow","max-snippet":"max-snippet:-1","max-image-preview":"max-image-preview:large","max-video-preview":"max-video-preview:-1"},"og_locale":"pt_PT","og_type":"article","og_title":"Comandante da GNR de Tavira acusado de tortura - Portal Tela Portugal","og_description":"O Minist\u00e9rio P\u00fablico acusou o comandante da GNR de Tavira de tortura a um cidad\u00e3o luso-marroquino detido por alegado roubo de bicicletas numa praia da zona, em 1 de abril de 2025. Segundo a acusa\u00e7\u00e3o, houve resist\u00eancia do detido e agress\u00f5es m\u00fatuas, com ferimentos na cara e na m\u00e3o do comandante. Ap\u00f3s ser algemado, o detido ter\u00e1 sido agredido novamente pelo comandante, situa\u00e7\u00e3o que se repetiu na esquadra nos dois dias de deten\u00e7\u00e3o. O comandante, Ricardo Sousa, nega ter batido no detido, tendo dito ao seman\u00e1rio Expresso que n\u00e3o houve agress\u00f5es. O militar foi afastado do posto de Tavira e est\u00e1 a trabalhar numa unidade operacional da GNR a pedido do Minist\u00e9rio P\u00fablico; o suspeito ter\u00e1 apresentado queixa contra outro militar, que ter\u00e1 sido arquivada.","og_url":"https:\/\/portaltela.pt\/noticias\/2026\/02\/22\/comandante-da-gnr-de-tavira-acusado-de-tortura\/","og_site_name":"Portal Tela Portugal","article_published_time":"2026-02-22T18:54:03+00:00","author":"Telinha","twitter_card":"summary_large_image","twitter_misc":{"Escrito por":"Telinha","Tempo estimado de leitura":"1 minuto"},"schema":{"@context":"https:\/\/schema.org","@graph":[{"@type":"Article","@id":"https:\/\/portaltela.pt\/noticias\/2026\/02\/22\/comandante-da-gnr-de-tavira-acusado-de-tortura\/#article","isPartOf":{"@id":"https:\/\/portaltela.pt\/noticias\/2026\/02\/22\/comandante-da-gnr-de-tavira-acusado-de-tortura\/"},"author":{"name":"Telinha","@id":"https:\/\/portaltela.pt\/#\/schema\/person\/c4278d4a6028830caff9ee44b42d32ed"},"headline":"Comandante da GNR de Tavira acusado de tortura","datePublished":"2026-02-22T18:54:03+00:00","mainEntityOfPage":{"@id":"https:\/\/portaltela.pt\/noticias\/2026\/02\/22\/comandante-da-gnr-de-tavira-acusado-de-tortura\/"},"wordCount":174,"image":{"@id":"https:\/\/portaltela.pt\/noticias\/2026\/02\/22\/comandante-da-gnr-de-tavira-acusado-de-tortura\/#primaryimage"},"thumbnailUrl":"https:\/\/portaltela.pt\/s.01k8rhncp4jt1\/2026\/02\/img_1280x721uu2026-02-22-18-45-54-2268356.jpg","keywords":["GNR","investiga\u00e7\u00e3o criminal","roubo","Tavira","tortura","viol\u00eancia"],"articleSection":["Not\u00edcias"],"inLanguage":"pt-PT"},{"@type":"WebPage","@id":"https:\/\/portaltela.pt\/noticias\/2026\/02\/22\/comandante-da-gnr-de-tavira-acusado-de-tortura\/","url":"https:\/\/portaltela.pt\/noticias\/2026\/02\/22\/comandante-da-gnr-de-tavira-acusado-de-tortura\/","name":"Comandante da GNR de Tavira acusado de tortura - Portal Tela Portugal","isPartOf":{"@id":"https:\/\/portaltela.pt\/#website"},"primaryImageOfPage":{"@id":"https:\/\/portaltela.pt\/noticias\/2026\/02\/22\/comandante-da-gnr-de-tavira-acusado-de-tortura\/#primaryimage"},"image":{"@id":"https:\/\/portaltela.pt\/noticias\/2026\/02\/22\/comandante-da-gnr-de-tavira-acusado-de-tortura\/#primaryimage"},"thumbnailUrl":"https:\/\/portaltela.pt\/s.01k8rhncp4jt1\/2026\/02\/img_1280x721uu2026-02-22-18-45-54-2268356.jpg","datePublished":"2026-02-22T18:54:03+00:00","author":{"@id":"https:\/\/portaltela.pt\/#\/schema\/person\/c4278d4a6028830caff9ee44b42d32ed"},"breadcrumb":{"@id":"https:\/\/portaltela.pt\/noticias\/2026\/02\/22\/comandante-da-gnr-de-tavira-acusado-de-tortura\/#breadcrumb"},"inLanguage":"pt-PT","potentialAction":[{"@type":"ReadAction","target":["https:\/\/portaltela.pt\/noticias\/2026\/02\/22\/comandante-da-gnr-de-tavira-acusado-de-tortura\/"]}]},{"@type":"ImageObject","inLanguage":"pt-PT","@id":"https:\/\/portaltela.pt\/noticias\/2026\/02\/22\/comandante-da-gnr-de-tavira-acusado-de-tortura\/#primaryimage","url":"https:\/\/portaltela.pt\/s.01k8rhncp4jt1\/2026\/02\/img_1280x721uu2026-02-22-18-45-54-2268356.jpg","contentUrl":"https:\/\/portaltela.pt\/s.01k8rhncp4jt1\/2026\/02\/img_1280x721uu2026-02-22-18-45-54-2268356.jpg","width":796,"height":448,"caption":"Photo"},{"@type":"BreadcrumbList","@id":"https:\/\/portaltela.pt\/noticias\/2026\/02\/22\/comandante-da-gnr-de-tavira-acusado-de-tortura\/#breadcrumb","itemListElement":[{"@type":"ListItem","position":1,"name":"In\u00edcio","item":"https:\/\/portaltela.pt\/"},{"@type":"ListItem","position":2,"name":"Comandante da GNR de Tavira acusado de tortura"}]},{"@type":"WebSite","@id":"https:\/\/portaltela.pt\/#website","url":"https:\/\/portaltela.pt\/","name":"Portal Tela Portugal","description":"","potentialAction":[{"@type":"SearchAction","target":{"@type":"EntryPoint","urlTemplate":"https:\/\/portaltela.pt\/?s={search_term_string}"},"query-input":{"@type":"PropertyValueSpecification","valueRequired":true,"valueName":"search_term_string"}}],"inLanguage":"pt-PT"},{"@type":"Person","@id":"https:\/\/portaltela.pt\/#\/schema\/person\/c4278d4a6028830caff9ee44b42d32ed","name":"Telinha","image":{"@type":"ImageObject","inLanguage":"pt-PT","@id":"https:\/\/portaltela.pt\/s.01k8rhncp4jt1\/2025\/11\/talking-bot-125x125.png","url":"https:\/\/portaltela.pt\/s.01k8rhncp4jt1\/2025\/11\/talking-bot-125x125.png","contentUrl":"https:\/\/portaltela.pt\/s.01k8rhncp4jt1\/2025\/11\/talking-bot-125x125.png","caption":"Telinha"},"sameAs":["https:\/\/portaltela.pt\/"],"url":"https:\/\/portaltela.pt\/por\/367410592786\/"}]}},"_links":{"self":[{"href":"https:\/\/portaltela.pt\/api\/wp\/v2\/posts\/221898","targetHints":{"allow":["GET"]}}],"collection":[{"href":"https:\/\/portaltela.pt\/api\/wp\/v2\/posts"}],"about":[{"href":"https:\/\/portaltela.pt\/api\/wp\/v2\/types\/post"}],"author":[{"embeddable":true,"href":"https:\/\/portaltela.pt\/api\/wp\/v2\/users\/2"}],"replies":[{"embeddable":true,"href":"https:\/\/portaltela.pt\/api\/wp\/v2\/comments?post=221898"}],"version-history":[{"count":0,"href":"https:\/\/portaltela.pt\/api\/wp\/v2\/posts\/221898\/revisions"}],"wp:featuredmedia":[{"embeddable":true,"href":"https:\/\/portaltela.pt\/api\/wp\/v2\/media\/221903"}],"wp:attachment":[{"href":"https:\/\/portaltela.pt\/api\/wp\/v2\/media?parent=221898"}],"wp:term":[{"taxonomy":"category","embeddable":true,"href":"https:\/\/portaltela.pt\/api\/wp\/v2\/categories?post=221898"},{"taxonomy":"post_tag","embeddable":true,"href":"https:\/\/portaltela.pt\/api\/wp\/v2\/tags?post=221898"}],"curies":[{"name":"wp","href":"https:\/\/api.w.org\/{rel}","templated":true}]}}