{"id":221890,"date":"2026-02-22T14:51:00","date_gmt":"2026-02-22T17:51:00","guid":{"rendered":"https:\/\/portaltela.pt\/noticias\/2026\/02\/22\/aguiar-branco-em-alcacer-do-sal-no-parlamento-proximo-dedicado-a-setubal\/"},"modified":"2026-02-22T14:51:00","modified_gmt":"2026-02-22T17:51:00","slug":"aguiar-branco-em-alcacer-do-sal-no-parlamento-proximo-dedicado-a-setubal","status":"publish","type":"post","link":"https:\/\/portaltela.pt\/noticias\/politica\/2026\/02\/22\/aguiar-branco-em-alcacer-do-sal-no-parlamento-proximo-dedicado-a-setubal\/","title":{"rendered":"Aguiar-Branco em Alc\u00e1cer do Sal no Parlamento Pr\u00f3ximo dedicado a Set\u00fabal"},"content":{"rendered":"<p>O deputado Aguiar-Branco participou em Alc\u00e1cer do Sal no ciclo Parlamento pr\u00f3ximo, dedicado ao distrito de Set\u00fabal. A iniciativa tem foco em temas da regi\u00e3o e contou com a presen\u00e7a de representantes locais.<\/p>\n<p>O objetivo do encontro foi debater quest\u00f5es relevantes para Set\u00fabal, reunindo dirigentes municipais e outras figuras p\u00fablicas da \u00e1rea. A sess\u00e3o integra uma s\u00e9rie de eventos regionais.<\/p>\n<p>O original da Lusa indica que o conte\u00fado completo est\u00e1 acess\u00edvel apenas para subscritores. A ag\u00eancia mant\u00e9m o formato informativo, sem incluir opini\u00f5es ou conclus\u00f5es.<\/p>\n<p>Este artigo reescreve as informa\u00e7\u00f5es dispon\u00edveis, sem acrescentar dados n\u00e3o verificados. Fonte: Lusa.<\/p>\n","protected":false},"excerpt":{"rendered":"<ul>\n<li>Aguiar-Branco esteve em Alc\u00e1cer do Sal, no Parlamento pr\u00f3ximo dedicado ao distrito de Set\u00fabal.<\/li>\n<li>A iniciativa foca temas e quest\u00f5es da regi\u00e3o de Set\u00fabal.<\/li>\n<li>O conte\u00fado completo da not\u00edcia est\u00e1 dispon\u00edvel apenas para subscritores.<\/li>\n<li>O evento ocorreu na cidade de Alc\u00e1cer do Sal.<\/li>\n<li>O texto n\u00e3o fornece detalhes adicionais sobre as falas ou a\u00e7\u00f5es espec\u00edficas.<\/li>\n<\/ul>\n","protected":false},"author":2,"featured_media":221895,"comment_status":"closed","ping_status":"closed","sticky":false,"template":"","format":"standard","meta":{"footnotes":""},"categories":[1,5],"tags":[1998,3057,67,2832,994],"class_list":["post-221890","post","type-post","status-publish","format-standard","has-post-thumbnail","hentry","category-noticias","category-politica","tag-alcacer-do-sal","tag-autarcas","tag-deputados","tag-politica","tag-setubal"],"yoast_head":"<!-- This site is optimized with the Yoast SEO plugin v27.2 - https:\/\/yoast.com\/product\/yoast-seo-wordpress\/ -->\n<title>Aguiar-Branco em Alc\u00e1cer do Sal no Parlamento Pr\u00f3ximo dedicado a Set\u00fabal - Portal Tela Portugal<\/title>\n<meta name=\"robots\" content=\"index, follow, max-snippet:-1, max-image-preview:large, max-video-preview:-1\" \/>\n<meta property=\"og:locale\" content=\"pt_PT\" \/>\n<meta property=\"og:type\" content=\"article\" \/>\n<meta property=\"og:title\" content=\"Aguiar-Branco em Alc\u00e1cer do Sal no Parlamento Pr\u00f3ximo dedicado a Set\u00fabal - Portal Tela Portugal\" \/>\n<meta property=\"og:description\" content=\"Aguiar-Branco esteve em Alc\u00e1cer do Sal, no Parlamento pr\u00f3ximo dedicado ao distrito de Set\u00fabal. A iniciativa foca temas e quest\u00f5es da regi\u00e3o de Set\u00fabal. O conte\u00fado completo da not\u00edcia est\u00e1 dispon\u00edvel apenas para subscritores. O evento ocorreu na cidade de Alc\u00e1cer do Sal. O texto n\u00e3o fornece detalhes adicionais sobre as falas ou a\u00e7\u00f5es espec\u00edficas.\" \/>\n<meta property=\"og:url\" content=\"https:\/\/portaltela.pt\/noticias\/2026\/02\/22\/aguiar-branco-em-alcacer-do-sal-no-parlamento-proximo-dedicado-a-setubal\/\" \/>\n<meta property=\"og:site_name\" content=\"Portal Tela Portugal\" \/>\n<meta property=\"article:published_time\" content=\"2026-02-22T17:51:00+00:00\" \/>\n<meta name=\"author\" content=\"Telinha\" \/>\n<meta name=\"twitter:card\" content=\"summary_large_image\" \/>\n<meta name=\"twitter:label1\" content=\"Escrito por\" \/>\n\t<meta name=\"twitter:data1\" content=\"Telinha\" \/>\n\t<meta name=\"twitter:label2\" content=\"Tempo estimado de leitura\" \/>\n\t<meta name=\"twitter:data2\" content=\"1 minuto\" \/>\n<script type=\"application\/ld+json\" class=\"yoast-schema-graph\">{\"@context\":\"https:\/\/schema.org\",\"@graph\":[{\"@type\":\"Article\",\"@id\":\"https:\/\/portaltela.pt\/noticias\/2026\/02\/22\/aguiar-branco-em-alcacer-do-sal-no-parlamento-proximo-dedicado-a-setubal\/#article\",\"isPartOf\":{\"@id\":\"https:\/\/portaltela.pt\/noticias\/2026\/02\/22\/aguiar-branco-em-alcacer-do-sal-no-parlamento-proximo-dedicado-a-setubal\/\"},\"author\":{\"name\":\"Telinha\",\"@id\":\"https:\/\/portaltela.pt\/#\/schema\/person\/c4278d4a6028830caff9ee44b42d32ed\"},\"headline\":\"Aguiar-Branco em Alc\u00e1cer do Sal no Parlamento Pr\u00f3ximo dedicado a Set\u00fabal\",\"datePublished\":\"2026-02-22T17:51:00+00:00\",\"mainEntityOfPage\":{\"@id\":\"https:\/\/portaltela.pt\/noticias\/2026\/02\/22\/aguiar-branco-em-alcacer-do-sal-no-parlamento-proximo-dedicado-a-setubal\/\"},\"wordCount\":131,\"image\":{\"@id\":\"https:\/\/portaltela.pt\/noticias\/2026\/02\/22\/aguiar-branco-em-alcacer-do-sal-no-parlamento-proximo-dedicado-a-setubal\/#primaryimage\"},\"thumbnailUrl\":\"https:\/\/portaltela.pt\/s.01k8rhncp4jt1\/2026\/02\/CACHE_780X1200_ANALOG_WATERMARKED_46599688_2237103_19022026034154.jpg\",\"keywords\":[\"Alc\u00e1cer do Sal\",\"autarcas\",\"deputados\",\"pol\u00edtica\",\"Set\u00fabal\"],\"articleSection\":[\"Not\u00edcias\",\"Pol\u00edtica\"],\"inLanguage\":\"pt-PT\"},{\"@type\":\"WebPage\",\"@id\":\"https:\/\/portaltela.pt\/noticias\/2026\/02\/22\/aguiar-branco-em-alcacer-do-sal-no-parlamento-proximo-dedicado-a-setubal\/\",\"url\":\"https:\/\/portaltela.pt\/noticias\/2026\/02\/22\/aguiar-branco-em-alcacer-do-sal-no-parlamento-proximo-dedicado-a-setubal\/\",\"name\":\"Aguiar-Branco em Alc\u00e1cer do Sal no Parlamento Pr\u00f3ximo dedicado a Set\u00fabal - Portal Tela Portugal\",\"isPartOf\":{\"@id\":\"https:\/\/portaltela.pt\/#website\"},\"primaryImageOfPage\":{\"@id\":\"https:\/\/portaltela.pt\/noticias\/2026\/02\/22\/aguiar-branco-em-alcacer-do-sal-no-parlamento-proximo-dedicado-a-setubal\/#primaryimage\"},\"image\":{\"@id\":\"https:\/\/portaltela.pt\/noticias\/2026\/02\/22\/aguiar-branco-em-alcacer-do-sal-no-parlamento-proximo-dedicado-a-setubal\/#primaryimage\"},\"thumbnailUrl\":\"https:\/\/portaltela.pt\/s.01k8rhncp4jt1\/2026\/02\/CACHE_780X1200_ANALOG_WATERMARKED_46599688_2237103_19022026034154.jpg\",\"datePublished\":\"2026-02-22T17:51:00+00:00\",\"author\":{\"@id\":\"https:\/\/portaltela.pt\/#\/schema\/person\/c4278d4a6028830caff9ee44b42d32ed\"},\"breadcrumb\":{\"@id\":\"https:\/\/portaltela.pt\/noticias\/2026\/02\/22\/aguiar-branco-em-alcacer-do-sal-no-parlamento-proximo-dedicado-a-setubal\/#breadcrumb\"},\"inLanguage\":\"pt-PT\",\"potentialAction\":[{\"@type\":\"ReadAction\",\"target\":[\"https:\/\/portaltela.pt\/noticias\/2026\/02\/22\/aguiar-branco-em-alcacer-do-sal-no-parlamento-proximo-dedicado-a-setubal\/\"]}]},{\"@type\":\"ImageObject\",\"inLanguage\":\"pt-PT\",\"@id\":\"https:\/\/portaltela.pt\/noticias\/2026\/02\/22\/aguiar-branco-em-alcacer-do-sal-no-parlamento-proximo-dedicado-a-setubal\/#primaryimage\",\"url\":\"https:\/\/portaltela.pt\/s.01k8rhncp4jt1\/2026\/02\/CACHE_780X1200_ANALOG_WATERMARKED_46599688_2237103_19022026034154.jpg\",\"contentUrl\":\"https:\/\/portaltela.pt\/s.01k8rhncp4jt1\/2026\/02\/CACHE_780X1200_ANALOG_WATERMARKED_46599688_2237103_19022026034154.jpg\",\"width\":796,\"height\":448,\"caption\":\"Aguiar-Branco em Alc\u00e1cer do Sal no \u201cParlamento pr\u00f3ximo\u201d dedicado ao distrito de Set\u00fabal\"},{\"@type\":\"BreadcrumbList\",\"@id\":\"https:\/\/portaltela.pt\/noticias\/2026\/02\/22\/aguiar-branco-em-alcacer-do-sal-no-parlamento-proximo-dedicado-a-setubal\/#breadcrumb\",\"itemListElement\":[{\"@type\":\"ListItem\",\"position\":1,\"name\":\"In\u00edcio\",\"item\":\"https:\/\/portaltela.pt\/\"},{\"@type\":\"ListItem\",\"position\":2,\"name\":\"Aguiar-Branco em Alc\u00e1cer do Sal no Parlamento Pr\u00f3ximo dedicado a Set\u00fabal\"}]},{\"@type\":\"WebSite\",\"@id\":\"https:\/\/portaltela.pt\/#website\",\"url\":\"https:\/\/portaltela.pt\/\",\"name\":\"Portal Tela Portugal\",\"description\":\"\",\"potentialAction\":[{\"@type\":\"SearchAction\",\"target\":{\"@type\":\"EntryPoint\",\"urlTemplate\":\"https:\/\/portaltela.pt\/?s={search_term_string}\"},\"query-input\":{\"@type\":\"PropertyValueSpecification\",\"valueRequired\":true,\"valueName\":\"search_term_string\"}}],\"inLanguage\":\"pt-PT\"},{\"@type\":\"Person\",\"@id\":\"https:\/\/portaltela.pt\/#\/schema\/person\/c4278d4a6028830caff9ee44b42d32ed\",\"name\":\"Telinha\",\"image\":{\"@type\":\"ImageObject\",\"inLanguage\":\"pt-PT\",\"@id\":\"https:\/\/portaltela.pt\/s.01k8rhncp4jt1\/2025\/11\/talking-bot-125x125.png\",\"url\":\"https:\/\/portaltela.pt\/s.01k8rhncp4jt1\/2025\/11\/talking-bot-125x125.png\",\"contentUrl\":\"https:\/\/portaltela.pt\/s.01k8rhncp4jt1\/2025\/11\/talking-bot-125x125.png\",\"caption\":\"Telinha\"},\"sameAs\":[\"https:\/\/portaltela.pt\/\"],\"url\":\"https:\/\/portaltela.pt\/por\/367410592786\/\"}]}<\/script>\n<!-- \/ Yoast SEO plugin. -->","yoast_head_json":{"title":"Aguiar-Branco em Alc\u00e1cer do Sal no Parlamento Pr\u00f3ximo dedicado a Set\u00fabal - Portal Tela Portugal","robots":{"index":"index","follow":"follow","max-snippet":"max-snippet:-1","max-image-preview":"max-image-preview:large","max-video-preview":"max-video-preview:-1"},"og_locale":"pt_PT","og_type":"article","og_title":"Aguiar-Branco em Alc\u00e1cer do Sal no Parlamento Pr\u00f3ximo dedicado a Set\u00fabal - Portal Tela Portugal","og_description":"Aguiar-Branco esteve em Alc\u00e1cer do Sal, no Parlamento pr\u00f3ximo dedicado ao distrito de Set\u00fabal. A iniciativa foca temas e quest\u00f5es da regi\u00e3o de Set\u00fabal. O conte\u00fado completo da not\u00edcia est\u00e1 dispon\u00edvel apenas para subscritores. O evento ocorreu na cidade de Alc\u00e1cer do Sal. O texto n\u00e3o fornece detalhes adicionais sobre as falas ou a\u00e7\u00f5es espec\u00edficas.","og_url":"https:\/\/portaltela.pt\/noticias\/2026\/02\/22\/aguiar-branco-em-alcacer-do-sal-no-parlamento-proximo-dedicado-a-setubal\/","og_site_name":"Portal Tela Portugal","article_published_time":"2026-02-22T17:51:00+00:00","author":"Telinha","twitter_card":"summary_large_image","twitter_misc":{"Escrito por":"Telinha","Tempo estimado de leitura":"1 minuto"},"schema":{"@context":"https:\/\/schema.org","@graph":[{"@type":"Article","@id":"https:\/\/portaltela.pt\/noticias\/2026\/02\/22\/aguiar-branco-em-alcacer-do-sal-no-parlamento-proximo-dedicado-a-setubal\/#article","isPartOf":{"@id":"https:\/\/portaltela.pt\/noticias\/2026\/02\/22\/aguiar-branco-em-alcacer-do-sal-no-parlamento-proximo-dedicado-a-setubal\/"},"author":{"name":"Telinha","@id":"https:\/\/portaltela.pt\/#\/schema\/person\/c4278d4a6028830caff9ee44b42d32ed"},"headline":"Aguiar-Branco em Alc\u00e1cer do Sal no Parlamento Pr\u00f3ximo dedicado a Set\u00fabal","datePublished":"2026-02-22T17:51:00+00:00","mainEntityOfPage":{"@id":"https:\/\/portaltela.pt\/noticias\/2026\/02\/22\/aguiar-branco-em-alcacer-do-sal-no-parlamento-proximo-dedicado-a-setubal\/"},"wordCount":131,"image":{"@id":"https:\/\/portaltela.pt\/noticias\/2026\/02\/22\/aguiar-branco-em-alcacer-do-sal-no-parlamento-proximo-dedicado-a-setubal\/#primaryimage"},"thumbnailUrl":"https:\/\/portaltela.pt\/s.01k8rhncp4jt1\/2026\/02\/CACHE_780X1200_ANALOG_WATERMARKED_46599688_2237103_19022026034154.jpg","keywords":["Alc\u00e1cer do Sal","autarcas","deputados","pol\u00edtica","Set\u00fabal"],"articleSection":["Not\u00edcias","Pol\u00edtica"],"inLanguage":"pt-PT"},{"@type":"WebPage","@id":"https:\/\/portaltela.pt\/noticias\/2026\/02\/22\/aguiar-branco-em-alcacer-do-sal-no-parlamento-proximo-dedicado-a-setubal\/","url":"https:\/\/portaltela.pt\/noticias\/2026\/02\/22\/aguiar-branco-em-alcacer-do-sal-no-parlamento-proximo-dedicado-a-setubal\/","name":"Aguiar-Branco em Alc\u00e1cer do Sal no Parlamento Pr\u00f3ximo dedicado a Set\u00fabal - Portal Tela Portugal","isPartOf":{"@id":"https:\/\/portaltela.pt\/#website"},"primaryImageOfPage":{"@id":"https:\/\/portaltela.pt\/noticias\/2026\/02\/22\/aguiar-branco-em-alcacer-do-sal-no-parlamento-proximo-dedicado-a-setubal\/#primaryimage"},"image":{"@id":"https:\/\/portaltela.pt\/noticias\/2026\/02\/22\/aguiar-branco-em-alcacer-do-sal-no-parlamento-proximo-dedicado-a-setubal\/#primaryimage"},"thumbnailUrl":"https:\/\/portaltela.pt\/s.01k8rhncp4jt1\/2026\/02\/CACHE_780X1200_ANALOG_WATERMARKED_46599688_2237103_19022026034154.jpg","datePublished":"2026-02-22T17:51:00+00:00","author":{"@id":"https:\/\/portaltela.pt\/#\/schema\/person\/c4278d4a6028830caff9ee44b42d32ed"},"breadcrumb":{"@id":"https:\/\/portaltela.pt\/noticias\/2026\/02\/22\/aguiar-branco-em-alcacer-do-sal-no-parlamento-proximo-dedicado-a-setubal\/#breadcrumb"},"inLanguage":"pt-PT","potentialAction":[{"@type":"ReadAction","target":["https:\/\/portaltela.pt\/noticias\/2026\/02\/22\/aguiar-branco-em-alcacer-do-sal-no-parlamento-proximo-dedicado-a-setubal\/"]}]},{"@type":"ImageObject","inLanguage":"pt-PT","@id":"https:\/\/portaltela.pt\/noticias\/2026\/02\/22\/aguiar-branco-em-alcacer-do-sal-no-parlamento-proximo-dedicado-a-setubal\/#primaryimage","url":"https:\/\/portaltela.pt\/s.01k8rhncp4jt1\/2026\/02\/CACHE_780X1200_ANALOG_WATERMARKED_46599688_2237103_19022026034154.jpg","contentUrl":"https:\/\/portaltela.pt\/s.01k8rhncp4jt1\/2026\/02\/CACHE_780X1200_ANALOG_WATERMARKED_46599688_2237103_19022026034154.jpg","width":796,"height":448,"caption":"Aguiar-Branco em Alc\u00e1cer do Sal no \u201cParlamento pr\u00f3ximo\u201d dedicado ao distrito de Set\u00fabal"},{"@type":"BreadcrumbList","@id":"https:\/\/portaltela.pt\/noticias\/2026\/02\/22\/aguiar-branco-em-alcacer-do-sal-no-parlamento-proximo-dedicado-a-setubal\/#breadcrumb","itemListElement":[{"@type":"ListItem","position":1,"name":"In\u00edcio","item":"https:\/\/portaltela.pt\/"},{"@type":"ListItem","position":2,"name":"Aguiar-Branco em Alc\u00e1cer do Sal no Parlamento Pr\u00f3ximo dedicado a Set\u00fabal"}]},{"@type":"WebSite","@id":"https:\/\/portaltela.pt\/#website","url":"https:\/\/portaltela.pt\/","name":"Portal Tela Portugal","description":"","potentialAction":[{"@type":"SearchAction","target":{"@type":"EntryPoint","urlTemplate":"https:\/\/portaltela.pt\/?s={search_term_string}"},"query-input":{"@type":"PropertyValueSpecification","valueRequired":true,"valueName":"search_term_string"}}],"inLanguage":"pt-PT"},{"@type":"Person","@id":"https:\/\/portaltela.pt\/#\/schema\/person\/c4278d4a6028830caff9ee44b42d32ed","name":"Telinha","image":{"@type":"ImageObject","inLanguage":"pt-PT","@id":"https:\/\/portaltela.pt\/s.01k8rhncp4jt1\/2025\/11\/talking-bot-125x125.png","url":"https:\/\/portaltela.pt\/s.01k8rhncp4jt1\/2025\/11\/talking-bot-125x125.png","contentUrl":"https:\/\/portaltela.pt\/s.01k8rhncp4jt1\/2025\/11\/talking-bot-125x125.png","caption":"Telinha"},"sameAs":["https:\/\/portaltela.pt\/"],"url":"https:\/\/portaltela.pt\/por\/367410592786\/"}]}},"_links":{"self":[{"href":"https:\/\/portaltela.pt\/api\/wp\/v2\/posts\/221890","targetHints":{"allow":["GET"]}}],"collection":[{"href":"https:\/\/portaltela.pt\/api\/wp\/v2\/posts"}],"about":[{"href":"https:\/\/portaltela.pt\/api\/wp\/v2\/types\/post"}],"author":[{"embeddable":true,"href":"https:\/\/portaltela.pt\/api\/wp\/v2\/users\/2"}],"replies":[{"embeddable":true,"href":"https:\/\/portaltela.pt\/api\/wp\/v2\/comments?post=221890"}],"version-history":[{"count":0,"href":"https:\/\/portaltela.pt\/api\/wp\/v2\/posts\/221890\/revisions"}],"wp:featuredmedia":[{"embeddable":true,"href":"https:\/\/portaltela.pt\/api\/wp\/v2\/media\/221895"}],"wp:attachment":[{"href":"https:\/\/portaltela.pt\/api\/wp\/v2\/media?parent=221890"}],"wp:term":[{"taxonomy":"category","embeddable":true,"href":"https:\/\/portaltela.pt\/api\/wp\/v2\/categories?post=221890"},{"taxonomy":"post_tag","embeddable":true,"href":"https:\/\/portaltela.pt\/api\/wp\/v2\/tags?post=221890"}],"curies":[{"name":"wp","href":"https:\/\/api.w.org\/{rel}","templated":true}]}}