{"id":221816,"date":"2026-02-22T14:31:00","date_gmt":"2026-02-22T17:31:00","guid":{"rendered":"https:\/\/portaltela.pt\/noticias\/2026\/02\/22\/real-madrid-em-alerta-mbappe-sem-marcar-ha-dois-jogos-e-joelho-preocupa\/"},"modified":"2026-02-22T14:31:00","modified_gmt":"2026-02-22T17:31:00","slug":"real-madrid-em-alerta-mbappe-sem-marcar-ha-dois-jogos-e-joelho-preocupa","status":"publish","type":"post","link":"https:\/\/portaltela.pt\/desporto\/futebol\/2026\/02\/22\/real-madrid-em-alerta-mbappe-sem-marcar-ha-dois-jogos-e-joelho-preocupa\/","title":{"rendered":"Real Madrid em alerta: Mbapp\u00e9 sem marcar h\u00e1 dois jogos e joelho preocupa"},"content":{"rendered":"<p>Kylian Mbapp\u00e9, 27 anos, continua a ser o principal marcador do Real Madrid, mas atravessa um momento de menor rendimento. O avan\u00e7ado n\u00e3o viu a baliza nas duas \u00faltimas jornadas, ap\u00f3s o desaire com o Osasuna (1-2) e o empate sem gols com o Benfica.<\/p>\n<p>A imprensa espanhola destaca o impacto das queixas no joelho desde o in\u00edcio do ano. Mbapp\u00e9 falhou o encontro frente \u00e0 Real Sociedad e regressou ao servi\u00e7o com 7 golos em 4 partidas, mas o rendimento voltou a abrandar.<\/p>\n<p>O jogo com o Benfica, na Luz, est\u00e1 agendado para a 2.\u00aa m\u00e3o da eliminat\u00f3ria da Liga dos Campe\u00f5es. O Real Madrid j\u00e1 acusou uma pausa estrat\u00e9gica antes da visita, mas o calend\u00e1rio n\u00e3o permite mais gest\u00e3o por parte de Arbeloa.<\/p>\n<h3>An\u00e1lise da forma e do contexto<\/h3>\n<p>A equipa enfrenta press\u00e3o para manter a vantagem na eliminat\u00f3ria, com Mbapp\u00e9 sob observa\u00e7\u00e3o pelos respons\u00e1veis m\u00e9dicos e t\u00e9cnicos. A opini\u00e3o de especialistas aponta para o peso das limita\u00e7\u00f5es f\u00edsicas na produ\u00e7\u00e3o ofensiva.<\/p>\n<h3>Perspetivas para o confronto europeu<\/h3>\n<p>Fernando Alonso, treinador adjunto, aponta que o plantel precisa de alternativas ofensivas enquanto Mbapp\u00e9 tenta recuperar o ritmo. A comunidade m\u00e9dica mant\u00e9m o foco no joelho, visando evitar agravamento.<\/p>\n<h3>Situa\u00e7\u00e3o cl\u00ednica e pr\u00f3ximos passos<\/h3>\n<p>Continuar monitoriza\u00e7\u00e3o \u00e9 essencial, com decis\u00f5es pr\u00f3ximas sobre o regime de treinos e carga de jogos. Os respons\u00e1veis do clube n\u00e3o deram detalhes oficiais, mantendo o sil\u00eancio em rela\u00e7\u00e3o ao estado f\u00edsico atual.<\/p>\n","protected":false},"excerpt":{"rendered":"<ul>\n<li>Mbapp\u00e9 n\u00e3o marca h\u00e1 dois jogos, com a derrota frente ao Osasuna (1-2) e o jogo frente ao Benfica sem tento, na primeira m\u00e3o da eliminat\u00f3ria.<\/li>\n<li>O avan\u00e7ado franc\u00eas tem queixas no joelho desde o in\u00edcio do ano, o que o levou a falhar tr\u00eas jogos em janeiro e a jogar apenas 15 minutos na Supercopa de Espanha.<\/li>\n<li>Ap\u00f3s regressar, Mbapp\u00e9 chegou a marcar sete golos em quatro partidas, mas o rendimento voltou a cair, refletindo o momento atual.<\/li>\n<li>A imprensa espanhola sublinha o mau momento do internacional franc\u00eas antes da rece\u00e7\u00e3o ao Benfica, quarta-feira, na segunda m\u00e3o do playoff da Liga dos Campe\u00f5es.<\/li>\n<li>O Real Madrid enfrenta o calend\u00e1rio apertado sem margem para mais gest\u00e3o, com \u00c1lvaro Arbeloa no banco.<\/li>\n<\/ul>\n","protected":false},"author":2,"featured_media":221818,"comment_status":"closed","ping_status":"closed","sticky":false,"template":"","format":"standard","meta":{"footnotes":""},"categories":[21,24],"tags":[3577,32,2799,2538,3375,2714],"class_list":["post-221816","post","type-post","status-publish","format-standard","has-post-thumbnail","hentry","category-desporto","category-futebol","tag-champions-league","tag-futebol","tag-joelhos","tag-lesoes","tag-mbappe","tag-real-madrid"],"yoast_head":"<!-- This site is optimized with the Yoast SEO plugin v27.2 - https:\/\/yoast.com\/product\/yoast-seo-wordpress\/ -->\n<title>Real Madrid em alerta: Mbapp\u00e9 sem marcar h\u00e1 dois jogos e joelho preocupa - Portal Tela Portugal<\/title>\n<meta name=\"robots\" content=\"index, follow, max-snippet:-1, max-image-preview:large, max-video-preview:-1\" \/>\n<meta property=\"og:locale\" content=\"pt_PT\" \/>\n<meta property=\"og:type\" content=\"article\" \/>\n<meta property=\"og:title\" content=\"Real Madrid em alerta: Mbapp\u00e9 sem marcar h\u00e1 dois jogos e joelho preocupa - Portal Tela Portugal\" \/>\n<meta property=\"og:description\" content=\"Mbapp\u00e9 n\u00e3o marca h\u00e1 dois jogos, com a derrota frente ao Osasuna (1-2) e o jogo frente ao Benfica sem tento, na primeira m\u00e3o da eliminat\u00f3ria. O avan\u00e7ado franc\u00eas tem queixas no joelho desde o in\u00edcio do ano, o que o levou a falhar tr\u00eas jogos em janeiro e a jogar apenas 15 minutos na Supercopa de Espanha. Ap\u00f3s regressar, Mbapp\u00e9 chegou a marcar sete golos em quatro partidas, mas o rendimento voltou a cair, refletindo o momento atual. A imprensa espanhola sublinha o mau momento do internacional franc\u00eas antes da rece\u00e7\u00e3o ao Benfica, quarta-feira, na segunda m\u00e3o do playoff da Liga dos Campe\u00f5es. O Real Madrid enfrenta o calend\u00e1rio apertado sem margem para mais gest\u00e3o, com \u00c1lvaro Arbeloa no banco.\" \/>\n<meta property=\"og:url\" content=\"https:\/\/portaltela.pt\/noticias\/2026\/02\/22\/real-madrid-em-alerta-mbappe-sem-marcar-ha-dois-jogos-e-joelho-preocupa\/\" \/>\n<meta property=\"og:site_name\" content=\"Portal Tela Portugal\" \/>\n<meta property=\"article:published_time\" content=\"2026-02-22T17:31:00+00:00\" \/>\n<meta name=\"author\" content=\"Telinha\" \/>\n<meta name=\"twitter:card\" content=\"summary_large_image\" \/>\n<meta name=\"twitter:label1\" content=\"Escrito por\" \/>\n\t<meta name=\"twitter:data1\" content=\"Telinha\" \/>\n\t<meta name=\"twitter:label2\" content=\"Tempo estimado de leitura\" \/>\n\t<meta name=\"twitter:data2\" content=\"1 minuto\" \/>\n<script type=\"application\/ld+json\" class=\"yoast-schema-graph\">{\"@context\":\"https:\/\/schema.org\",\"@graph\":[{\"@type\":\"Article\",\"@id\":\"https:\/\/portaltela.pt\/noticias\/2026\/02\/22\/real-madrid-em-alerta-mbappe-sem-marcar-ha-dois-jogos-e-joelho-preocupa\/#article\",\"isPartOf\":{\"@id\":\"https:\/\/portaltela.pt\/noticias\/2026\/02\/22\/real-madrid-em-alerta-mbappe-sem-marcar-ha-dois-jogos-e-joelho-preocupa\/\"},\"author\":{\"name\":\"Telinha\",\"@id\":\"https:\/\/portaltela.pt\/#\/schema\/person\/c4278d4a6028830caff9ee44b42d32ed\"},\"headline\":\"Real Madrid em alerta: Mbapp\u00e9 sem marcar h\u00e1 dois jogos e joelho preocupa\",\"datePublished\":\"2026-02-22T17:31:00+00:00\",\"mainEntityOfPage\":{\"@id\":\"https:\/\/portaltela.pt\/noticias\/2026\/02\/22\/real-madrid-em-alerta-mbappe-sem-marcar-ha-dois-jogos-e-joelho-preocupa\/\"},\"wordCount\":279,\"image\":{\"@id\":\"https:\/\/portaltela.pt\/noticias\/2026\/02\/22\/real-madrid-em-alerta-mbappe-sem-marcar-ha-dois-jogos-e-joelho-preocupa\/#primaryimage\"},\"thumbnailUrl\":\"https:\/\/portaltela.pt\/s.01k8rhncp4jt1\/2026\/02\/img_920x518uu2026-02-22-17-28-19-2423123.jpg\",\"keywords\":[\"Champions League\",\"futebol\",\"joelhos\",\"les\u00f5es\",\"Mbapp\u00e9\",\"Real Madrid\"],\"articleSection\":[\"Desporto\",\"Futebol\"],\"inLanguage\":\"pt-PT\"},{\"@type\":\"WebPage\",\"@id\":\"https:\/\/portaltela.pt\/noticias\/2026\/02\/22\/real-madrid-em-alerta-mbappe-sem-marcar-ha-dois-jogos-e-joelho-preocupa\/\",\"url\":\"https:\/\/portaltela.pt\/noticias\/2026\/02\/22\/real-madrid-em-alerta-mbappe-sem-marcar-ha-dois-jogos-e-joelho-preocupa\/\",\"name\":\"Real Madrid em alerta: Mbapp\u00e9 sem marcar h\u00e1 dois jogos e joelho preocupa - Portal Tela Portugal\",\"isPartOf\":{\"@id\":\"https:\/\/portaltela.pt\/#website\"},\"primaryImageOfPage\":{\"@id\":\"https:\/\/portaltela.pt\/noticias\/2026\/02\/22\/real-madrid-em-alerta-mbappe-sem-marcar-ha-dois-jogos-e-joelho-preocupa\/#primaryimage\"},\"image\":{\"@id\":\"https:\/\/portaltela.pt\/noticias\/2026\/02\/22\/real-madrid-em-alerta-mbappe-sem-marcar-ha-dois-jogos-e-joelho-preocupa\/#primaryimage\"},\"thumbnailUrl\":\"https:\/\/portaltela.pt\/s.01k8rhncp4jt1\/2026\/02\/img_920x518uu2026-02-22-17-28-19-2423123.jpg\",\"datePublished\":\"2026-02-22T17:31:00+00:00\",\"author\":{\"@id\":\"https:\/\/portaltela.pt\/#\/schema\/person\/c4278d4a6028830caff9ee44b42d32ed\"},\"breadcrumb\":{\"@id\":\"https:\/\/portaltela.pt\/noticias\/2026\/02\/22\/real-madrid-em-alerta-mbappe-sem-marcar-ha-dois-jogos-e-joelho-preocupa\/#breadcrumb\"},\"inLanguage\":\"pt-PT\",\"potentialAction\":[{\"@type\":\"ReadAction\",\"target\":[\"https:\/\/portaltela.pt\/noticias\/2026\/02\/22\/real-madrid-em-alerta-mbappe-sem-marcar-ha-dois-jogos-e-joelho-preocupa\/\"]}]},{\"@type\":\"ImageObject\",\"inLanguage\":\"pt-PT\",\"@id\":\"https:\/\/portaltela.pt\/noticias\/2026\/02\/22\/real-madrid-em-alerta-mbappe-sem-marcar-ha-dois-jogos-e-joelho-preocupa\/#primaryimage\",\"url\":\"https:\/\/portaltela.pt\/s.01k8rhncp4jt1\/2026\/02\/img_920x518uu2026-02-22-17-28-19-2423123.jpg\",\"contentUrl\":\"https:\/\/portaltela.pt\/s.01k8rhncp4jt1\/2026\/02\/img_920x518uu2026-02-22-17-28-19-2423123.jpg\",\"width\":796,\"height\":448,\"caption\":\"Mbapp\u00e9 ficou em branco na Luz, a semana passada\"},{\"@type\":\"BreadcrumbList\",\"@id\":\"https:\/\/portaltela.pt\/noticias\/2026\/02\/22\/real-madrid-em-alerta-mbappe-sem-marcar-ha-dois-jogos-e-joelho-preocupa\/#breadcrumb\",\"itemListElement\":[{\"@type\":\"ListItem\",\"position\":1,\"name\":\"In\u00edcio\",\"item\":\"https:\/\/portaltela.pt\/\"},{\"@type\":\"ListItem\",\"position\":2,\"name\":\"Real Madrid em alerta: Mbapp\u00e9 sem marcar h\u00e1 dois jogos e joelho preocupa\"}]},{\"@type\":\"WebSite\",\"@id\":\"https:\/\/portaltela.pt\/#website\",\"url\":\"https:\/\/portaltela.pt\/\",\"name\":\"Portal Tela Portugal\",\"description\":\"\",\"potentialAction\":[{\"@type\":\"SearchAction\",\"target\":{\"@type\":\"EntryPoint\",\"urlTemplate\":\"https:\/\/portaltela.pt\/?s={search_term_string}\"},\"query-input\":{\"@type\":\"PropertyValueSpecification\",\"valueRequired\":true,\"valueName\":\"search_term_string\"}}],\"inLanguage\":\"pt-PT\"},{\"@type\":\"Person\",\"@id\":\"https:\/\/portaltela.pt\/#\/schema\/person\/c4278d4a6028830caff9ee44b42d32ed\",\"name\":\"Telinha\",\"image\":{\"@type\":\"ImageObject\",\"inLanguage\":\"pt-PT\",\"@id\":\"https:\/\/portaltela.pt\/s.01k8rhncp4jt1\/2025\/11\/talking-bot-125x125.png\",\"url\":\"https:\/\/portaltela.pt\/s.01k8rhncp4jt1\/2025\/11\/talking-bot-125x125.png\",\"contentUrl\":\"https:\/\/portaltela.pt\/s.01k8rhncp4jt1\/2025\/11\/talking-bot-125x125.png\",\"caption\":\"Telinha\"},\"sameAs\":[\"https:\/\/portaltela.pt\/\"],\"url\":\"https:\/\/portaltela.pt\/por\/367410592786\/\"}]}<\/script>\n<!-- \/ Yoast SEO plugin. -->","yoast_head_json":{"title":"Real Madrid em alerta: Mbapp\u00e9 sem marcar h\u00e1 dois jogos e joelho preocupa - Portal Tela Portugal","robots":{"index":"index","follow":"follow","max-snippet":"max-snippet:-1","max-image-preview":"max-image-preview:large","max-video-preview":"max-video-preview:-1"},"og_locale":"pt_PT","og_type":"article","og_title":"Real Madrid em alerta: Mbapp\u00e9 sem marcar h\u00e1 dois jogos e joelho preocupa - Portal Tela Portugal","og_description":"Mbapp\u00e9 n\u00e3o marca h\u00e1 dois jogos, com a derrota frente ao Osasuna (1-2) e o jogo frente ao Benfica sem tento, na primeira m\u00e3o da eliminat\u00f3ria. O avan\u00e7ado franc\u00eas tem queixas no joelho desde o in\u00edcio do ano, o que o levou a falhar tr\u00eas jogos em janeiro e a jogar apenas 15 minutos na Supercopa de Espanha. Ap\u00f3s regressar, Mbapp\u00e9 chegou a marcar sete golos em quatro partidas, mas o rendimento voltou a cair, refletindo o momento atual. A imprensa espanhola sublinha o mau momento do internacional franc\u00eas antes da rece\u00e7\u00e3o ao Benfica, quarta-feira, na segunda m\u00e3o do playoff da Liga dos Campe\u00f5es. O Real Madrid enfrenta o calend\u00e1rio apertado sem margem para mais gest\u00e3o, com \u00c1lvaro Arbeloa no banco.","og_url":"https:\/\/portaltela.pt\/noticias\/2026\/02\/22\/real-madrid-em-alerta-mbappe-sem-marcar-ha-dois-jogos-e-joelho-preocupa\/","og_site_name":"Portal Tela Portugal","article_published_time":"2026-02-22T17:31:00+00:00","author":"Telinha","twitter_card":"summary_large_image","twitter_misc":{"Escrito por":"Telinha","Tempo estimado de leitura":"1 minuto"},"schema":{"@context":"https:\/\/schema.org","@graph":[{"@type":"Article","@id":"https:\/\/portaltela.pt\/noticias\/2026\/02\/22\/real-madrid-em-alerta-mbappe-sem-marcar-ha-dois-jogos-e-joelho-preocupa\/#article","isPartOf":{"@id":"https:\/\/portaltela.pt\/noticias\/2026\/02\/22\/real-madrid-em-alerta-mbappe-sem-marcar-ha-dois-jogos-e-joelho-preocupa\/"},"author":{"name":"Telinha","@id":"https:\/\/portaltela.pt\/#\/schema\/person\/c4278d4a6028830caff9ee44b42d32ed"},"headline":"Real Madrid em alerta: Mbapp\u00e9 sem marcar h\u00e1 dois jogos e joelho preocupa","datePublished":"2026-02-22T17:31:00+00:00","mainEntityOfPage":{"@id":"https:\/\/portaltela.pt\/noticias\/2026\/02\/22\/real-madrid-em-alerta-mbappe-sem-marcar-ha-dois-jogos-e-joelho-preocupa\/"},"wordCount":279,"image":{"@id":"https:\/\/portaltela.pt\/noticias\/2026\/02\/22\/real-madrid-em-alerta-mbappe-sem-marcar-ha-dois-jogos-e-joelho-preocupa\/#primaryimage"},"thumbnailUrl":"https:\/\/portaltela.pt\/s.01k8rhncp4jt1\/2026\/02\/img_920x518uu2026-02-22-17-28-19-2423123.jpg","keywords":["Champions League","futebol","joelhos","les\u00f5es","Mbapp\u00e9","Real Madrid"],"articleSection":["Desporto","Futebol"],"inLanguage":"pt-PT"},{"@type":"WebPage","@id":"https:\/\/portaltela.pt\/noticias\/2026\/02\/22\/real-madrid-em-alerta-mbappe-sem-marcar-ha-dois-jogos-e-joelho-preocupa\/","url":"https:\/\/portaltela.pt\/noticias\/2026\/02\/22\/real-madrid-em-alerta-mbappe-sem-marcar-ha-dois-jogos-e-joelho-preocupa\/","name":"Real Madrid em alerta: Mbapp\u00e9 sem marcar h\u00e1 dois jogos e joelho preocupa - Portal Tela Portugal","isPartOf":{"@id":"https:\/\/portaltela.pt\/#website"},"primaryImageOfPage":{"@id":"https:\/\/portaltela.pt\/noticias\/2026\/02\/22\/real-madrid-em-alerta-mbappe-sem-marcar-ha-dois-jogos-e-joelho-preocupa\/#primaryimage"},"image":{"@id":"https:\/\/portaltela.pt\/noticias\/2026\/02\/22\/real-madrid-em-alerta-mbappe-sem-marcar-ha-dois-jogos-e-joelho-preocupa\/#primaryimage"},"thumbnailUrl":"https:\/\/portaltela.pt\/s.01k8rhncp4jt1\/2026\/02\/img_920x518uu2026-02-22-17-28-19-2423123.jpg","datePublished":"2026-02-22T17:31:00+00:00","author":{"@id":"https:\/\/portaltela.pt\/#\/schema\/person\/c4278d4a6028830caff9ee44b42d32ed"},"breadcrumb":{"@id":"https:\/\/portaltela.pt\/noticias\/2026\/02\/22\/real-madrid-em-alerta-mbappe-sem-marcar-ha-dois-jogos-e-joelho-preocupa\/#breadcrumb"},"inLanguage":"pt-PT","potentialAction":[{"@type":"ReadAction","target":["https:\/\/portaltela.pt\/noticias\/2026\/02\/22\/real-madrid-em-alerta-mbappe-sem-marcar-ha-dois-jogos-e-joelho-preocupa\/"]}]},{"@type":"ImageObject","inLanguage":"pt-PT","@id":"https:\/\/portaltela.pt\/noticias\/2026\/02\/22\/real-madrid-em-alerta-mbappe-sem-marcar-ha-dois-jogos-e-joelho-preocupa\/#primaryimage","url":"https:\/\/portaltela.pt\/s.01k8rhncp4jt1\/2026\/02\/img_920x518uu2026-02-22-17-28-19-2423123.jpg","contentUrl":"https:\/\/portaltela.pt\/s.01k8rhncp4jt1\/2026\/02\/img_920x518uu2026-02-22-17-28-19-2423123.jpg","width":796,"height":448,"caption":"Mbapp\u00e9 ficou em branco na Luz, a semana passada"},{"@type":"BreadcrumbList","@id":"https:\/\/portaltela.pt\/noticias\/2026\/02\/22\/real-madrid-em-alerta-mbappe-sem-marcar-ha-dois-jogos-e-joelho-preocupa\/#breadcrumb","itemListElement":[{"@type":"ListItem","position":1,"name":"In\u00edcio","item":"https:\/\/portaltela.pt\/"},{"@type":"ListItem","position":2,"name":"Real Madrid em alerta: Mbapp\u00e9 sem marcar h\u00e1 dois jogos e joelho preocupa"}]},{"@type":"WebSite","@id":"https:\/\/portaltela.pt\/#website","url":"https:\/\/portaltela.pt\/","name":"Portal Tela Portugal","description":"","potentialAction":[{"@type":"SearchAction","target":{"@type":"EntryPoint","urlTemplate":"https:\/\/portaltela.pt\/?s={search_term_string}"},"query-input":{"@type":"PropertyValueSpecification","valueRequired":true,"valueName":"search_term_string"}}],"inLanguage":"pt-PT"},{"@type":"Person","@id":"https:\/\/portaltela.pt\/#\/schema\/person\/c4278d4a6028830caff9ee44b42d32ed","name":"Telinha","image":{"@type":"ImageObject","inLanguage":"pt-PT","@id":"https:\/\/portaltela.pt\/s.01k8rhncp4jt1\/2025\/11\/talking-bot-125x125.png","url":"https:\/\/portaltela.pt\/s.01k8rhncp4jt1\/2025\/11\/talking-bot-125x125.png","contentUrl":"https:\/\/portaltela.pt\/s.01k8rhncp4jt1\/2025\/11\/talking-bot-125x125.png","caption":"Telinha"},"sameAs":["https:\/\/portaltela.pt\/"],"url":"https:\/\/portaltela.pt\/por\/367410592786\/"}]}},"_links":{"self":[{"href":"https:\/\/portaltela.pt\/api\/wp\/v2\/posts\/221816","targetHints":{"allow":["GET"]}}],"collection":[{"href":"https:\/\/portaltela.pt\/api\/wp\/v2\/posts"}],"about":[{"href":"https:\/\/portaltela.pt\/api\/wp\/v2\/types\/post"}],"author":[{"embeddable":true,"href":"https:\/\/portaltela.pt\/api\/wp\/v2\/users\/2"}],"replies":[{"embeddable":true,"href":"https:\/\/portaltela.pt\/api\/wp\/v2\/comments?post=221816"}],"version-history":[{"count":0,"href":"https:\/\/portaltela.pt\/api\/wp\/v2\/posts\/221816\/revisions"}],"wp:featuredmedia":[{"embeddable":true,"href":"https:\/\/portaltela.pt\/api\/wp\/v2\/media\/221818"}],"wp:attachment":[{"href":"https:\/\/portaltela.pt\/api\/wp\/v2\/media?parent=221816"}],"wp:term":[{"taxonomy":"category","embeddable":true,"href":"https:\/\/portaltela.pt\/api\/wp\/v2\/categories?post=221816"},{"taxonomy":"post_tag","embeddable":true,"href":"https:\/\/portaltela.pt\/api\/wp\/v2\/tags?post=221816"}],"curies":[{"name":"wp","href":"https:\/\/api.w.org\/{rel}","templated":true}]}}