{"id":221789,"date":"2026-02-22T14:29:04","date_gmt":"2026-02-22T17:29:04","guid":{"rendered":"https:\/\/portaltela.pt\/noticias\/2026\/02\/22\/tempo-ruim-eleva-precos-de-frutas-e-horticolas\/"},"modified":"2026-02-22T14:29:04","modified_gmt":"2026-02-22T17:29:04","slug":"tempo-ruim-eleva-precos-de-frutas-e-horticolas","status":"publish","type":"post","link":"https:\/\/portaltela.pt\/noticias\/economia\/2026\/02\/22\/tempo-ruim-eleva-precos-de-frutas-e-horticolas\/","title":{"rendered":"Tempo ruim eleva pre\u00e7os de frutas e hort\u00edcolas"},"content":{"rendered":"<p>O custo do cabaz alimentar da Deco Proteste registou uma ligeira descida nesta semana, mas alguns produtos essenciais continuam a subir devido ao mau tempo. Hort\u00edcolas e frutos s\u00e3o os mais afetados pela destrui\u00e7\u00e3o de estufas e pelos aumentos nos custos de transporte.<\/p>\n<p>Entre os produtos com maior varia\u00e7\u00e3o semanal est\u00e3o a cebola, a ma\u00e7\u00e3 golden, a batata vermelha e a alface frisada, que integram o grupo dos aumentos mais relevantes. A curgete dispara 71% face ao in\u00edcio do ano, tornando-se o item com maior varia\u00e7\u00e3o desde janeiro.<\/p>\n<p>O pre\u00e7o do azeite virgem extra acompanha a tend\u00eancia de subida, com a garrafa de 75 cl a ultrapassar os sete euros. Em sentido contr\u00e1rio, o cabaz global mant\u00e9m-se elevado, refletindo a fraca produ\u00e7\u00e3o em v\u00e1rias \u00e1reas de hort\u00edcolas.<\/p>\n<p>A Deco Proteste aponta que a destrui\u00e7\u00e3o de estufas e o aumento dos custos de transporte s\u00e3o fatores-chave para as subidas de pre\u00e7os. Os ovos tamb\u00e9m devem registar aumentos nas pr\u00f3ximas semanas, ap\u00f3s a quebra de avi\u00e1rios provocada pelas tempestades.<\/p>\n<p>Comparando com h\u00e1 um ano, a caixa de seis ovos est\u00e1 mais cara em 49 c\u00eantimos, o que representa um crescimento de 30%. O cabaz total, composto por 63 itens essenciais, ficou esta semana nos 253,27 euros, um dos valores mais altos desde o in\u00edcio do monitoriza\u00e7\u00e3o em 2022.<\/p>\n","protected":false},"excerpt":{"rendered":"<ul>\n<li>O cabaz alimentar da Deco Proteste desacelerou esta semana, mas alguns itens de hort\u00edcolas e frutos subiram devido ao mau tempo; o cabaz totalizou 253,27 euros.<\/li>\n<li>Desde o in\u00edcio do ano, a curgete atingiu a maior varia\u00e7\u00e3o de pre\u00e7o entre os itens essenciais, subindo 71% para 3,23 euros por quilo.<\/li>\n<li>Em termos semanais, a cebola (1,44 euros), a ma\u00e7\u00e3 golden (2,08 euros), a batata vermelha (1,40 euros) e a alface frisada (2,83 euros) est\u00e3o entre os maiores aumentos.<\/li>\n<li>O azeite virgem extra est\u00e1 entre os maiores aumentos, com uma garrafa de 75 centilitros a custar 7,12 euros, acima dos sete euros.<\/li>\n<li>Os ovos devem registar aumentos nas pr\u00f3ximas semanas devido \u00e0 destrui\u00e7\u00e3o de avi\u00e1rios causadas pelas tempestades; a caixa de seis ovos custa 2,12 euros, subindo 49 c\u00eantimos (30%) em rela\u00e7\u00e3o a h\u00e1 um ano.<\/li>\n<\/ul>\n","protected":false},"author":2,"featured_media":221794,"comment_status":"closed","ping_status":"closed","sticky":false,"template":"","format":"standard","meta":{"footnotes":""},"categories":[2,1],"tags":[179,760,86,28,3481,192],"class_list":["post-221789","post","type-post","status-publish","format-standard","has-post-thumbnail","hentry","category-economia","category-noticias","tag-agricultura","tag-agroalimentar","tag-alimentacao","tag-economia","tag-horticultura","tag-transporte"],"yoast_head":"<!-- This site is optimized with the Yoast SEO plugin v27.2 - https:\/\/yoast.com\/product\/yoast-seo-wordpress\/ -->\n<title>Tempo ruim eleva pre\u00e7os de frutas e hort\u00edcolas - Portal Tela Portugal<\/title>\n<meta name=\"robots\" content=\"index, follow, max-snippet:-1, max-image-preview:large, max-video-preview:-1\" \/>\n<meta property=\"og:locale\" content=\"pt_PT\" \/>\n<meta property=\"og:type\" content=\"article\" \/>\n<meta property=\"og:title\" content=\"Tempo ruim eleva pre\u00e7os de frutas e hort\u00edcolas - Portal Tela Portugal\" \/>\n<meta property=\"og:description\" content=\"O cabaz alimentar da Deco Proteste desacelerou esta semana, mas alguns itens de hort\u00edcolas e frutos subiram devido ao mau tempo; o cabaz totalizou 253,27 euros. Desde o in\u00edcio do ano, a curgete atingiu a maior varia\u00e7\u00e3o de pre\u00e7o entre os itens essenciais, subindo 71% para 3,23 euros por quilo. Em termos semanais, a cebola (1,44 euros), a ma\u00e7\u00e3 golden (2,08 euros), a batata vermelha (1,40 euros) e a alface frisada (2,83 euros) est\u00e3o entre os maiores aumentos. O azeite virgem extra est\u00e1 entre os maiores aumentos, com uma garrafa de 75 centilitros a custar 7,12 euros, acima dos sete euros. Os ovos devem registar aumentos nas pr\u00f3ximas semanas devido \u00e0 destrui\u00e7\u00e3o de avi\u00e1rios causadas pelas tempestades; a caixa de seis ovos custa 2,12 euros, subindo 49 c\u00eantimos (30%) em rela\u00e7\u00e3o a h\u00e1 um ano.\" \/>\n<meta property=\"og:url\" content=\"https:\/\/portaltela.pt\/noticias\/2026\/02\/22\/tempo-ruim-eleva-precos-de-frutas-e-horticolas\/\" \/>\n<meta property=\"og:site_name\" content=\"Portal Tela Portugal\" \/>\n<meta property=\"article:published_time\" content=\"2026-02-22T17:29:04+00:00\" \/>\n<meta name=\"author\" content=\"Telinha\" \/>\n<meta name=\"twitter:card\" content=\"summary_large_image\" \/>\n<meta name=\"twitter:label1\" content=\"Escrito por\" \/>\n\t<meta name=\"twitter:data1\" content=\"Telinha\" \/>\n\t<meta name=\"twitter:label2\" content=\"Tempo estimado de leitura\" \/>\n\t<meta name=\"twitter:data2\" content=\"1 minuto\" \/>\n<script type=\"application\/ld+json\" class=\"yoast-schema-graph\">{\"@context\":\"https:\/\/schema.org\",\"@graph\":[{\"@type\":\"Article\",\"@id\":\"https:\/\/portaltela.pt\/noticias\/2026\/02\/22\/tempo-ruim-eleva-precos-de-frutas-e-horticolas\/#article\",\"isPartOf\":{\"@id\":\"https:\/\/portaltela.pt\/noticias\/2026\/02\/22\/tempo-ruim-eleva-precos-de-frutas-e-horticolas\/\"},\"author\":{\"name\":\"Telinha\",\"@id\":\"https:\/\/portaltela.pt\/#\/schema\/person\/c4278d4a6028830caff9ee44b42d32ed\"},\"headline\":\"Tempo ruim eleva pre\u00e7os de frutas e hort\u00edcolas\",\"datePublished\":\"2026-02-22T17:29:04+00:00\",\"mainEntityOfPage\":{\"@id\":\"https:\/\/portaltela.pt\/noticias\/2026\/02\/22\/tempo-ruim-eleva-precos-de-frutas-e-horticolas\/\"},\"wordCount\":243,\"image\":{\"@id\":\"https:\/\/portaltela.pt\/noticias\/2026\/02\/22\/tempo-ruim-eleva-precos-de-frutas-e-horticolas\/#primaryimage\"},\"thumbnailUrl\":\"https:\/\/portaltela.pt\/s.01k8rhncp4jt1\/2026\/02\/img_1500x1000uu2024-02-17-20-37-06-1574289.jpg\",\"keywords\":[\"agricultura\",\"agroalimentar\",\"alimenta\u00e7\u00e3o\",\"economia\",\"horticultura\",\"transporte\"],\"articleSection\":[\"Economia\",\"Not\u00edcias\"],\"inLanguage\":\"pt-PT\"},{\"@type\":\"WebPage\",\"@id\":\"https:\/\/portaltela.pt\/noticias\/2026\/02\/22\/tempo-ruim-eleva-precos-de-frutas-e-horticolas\/\",\"url\":\"https:\/\/portaltela.pt\/noticias\/2026\/02\/22\/tempo-ruim-eleva-precos-de-frutas-e-horticolas\/\",\"name\":\"Tempo ruim eleva pre\u00e7os de frutas e hort\u00edcolas - Portal Tela Portugal\",\"isPartOf\":{\"@id\":\"https:\/\/portaltela.pt\/#website\"},\"primaryImageOfPage\":{\"@id\":\"https:\/\/portaltela.pt\/noticias\/2026\/02\/22\/tempo-ruim-eleva-precos-de-frutas-e-horticolas\/#primaryimage\"},\"image\":{\"@id\":\"https:\/\/portaltela.pt\/noticias\/2026\/02\/22\/tempo-ruim-eleva-precos-de-frutas-e-horticolas\/#primaryimage\"},\"thumbnailUrl\":\"https:\/\/portaltela.pt\/s.01k8rhncp4jt1\/2026\/02\/img_1500x1000uu2024-02-17-20-37-06-1574289.jpg\",\"datePublished\":\"2026-02-22T17:29:04+00:00\",\"author\":{\"@id\":\"https:\/\/portaltela.pt\/#\/schema\/person\/c4278d4a6028830caff9ee44b42d32ed\"},\"breadcrumb\":{\"@id\":\"https:\/\/portaltela.pt\/noticias\/2026\/02\/22\/tempo-ruim-eleva-precos-de-frutas-e-horticolas\/#breadcrumb\"},\"inLanguage\":\"pt-PT\",\"potentialAction\":[{\"@type\":\"ReadAction\",\"target\":[\"https:\/\/portaltela.pt\/noticias\/2026\/02\/22\/tempo-ruim-eleva-precos-de-frutas-e-horticolas\/\"]}]},{\"@type\":\"ImageObject\",\"inLanguage\":\"pt-PT\",\"@id\":\"https:\/\/portaltela.pt\/noticias\/2026\/02\/22\/tempo-ruim-eleva-precos-de-frutas-e-horticolas\/#primaryimage\",\"url\":\"https:\/\/portaltela.pt\/s.01k8rhncp4jt1\/2026\/02\/img_1500x1000uu2024-02-17-20-37-06-1574289.jpg\",\"contentUrl\":\"https:\/\/portaltela.pt\/s.01k8rhncp4jt1\/2026\/02\/img_1500x1000uu2024-02-17-20-37-06-1574289.jpg\",\"width\":796,\"height\":448,\"caption\":\"supermercado, x\"},{\"@type\":\"BreadcrumbList\",\"@id\":\"https:\/\/portaltela.pt\/noticias\/2026\/02\/22\/tempo-ruim-eleva-precos-de-frutas-e-horticolas\/#breadcrumb\",\"itemListElement\":[{\"@type\":\"ListItem\",\"position\":1,\"name\":\"In\u00edcio\",\"item\":\"https:\/\/portaltela.pt\/\"},{\"@type\":\"ListItem\",\"position\":2,\"name\":\"Tempo ruim eleva pre\u00e7os de frutas e hort\u00edcolas\"}]},{\"@type\":\"WebSite\",\"@id\":\"https:\/\/portaltela.pt\/#website\",\"url\":\"https:\/\/portaltela.pt\/\",\"name\":\"Portal Tela Portugal\",\"description\":\"\",\"potentialAction\":[{\"@type\":\"SearchAction\",\"target\":{\"@type\":\"EntryPoint\",\"urlTemplate\":\"https:\/\/portaltela.pt\/?s={search_term_string}\"},\"query-input\":{\"@type\":\"PropertyValueSpecification\",\"valueRequired\":true,\"valueName\":\"search_term_string\"}}],\"inLanguage\":\"pt-PT\"},{\"@type\":\"Person\",\"@id\":\"https:\/\/portaltela.pt\/#\/schema\/person\/c4278d4a6028830caff9ee44b42d32ed\",\"name\":\"Telinha\",\"image\":{\"@type\":\"ImageObject\",\"inLanguage\":\"pt-PT\",\"@id\":\"https:\/\/portaltela.pt\/s.01k8rhncp4jt1\/2025\/11\/talking-bot-125x125.png\",\"url\":\"https:\/\/portaltela.pt\/s.01k8rhncp4jt1\/2025\/11\/talking-bot-125x125.png\",\"contentUrl\":\"https:\/\/portaltela.pt\/s.01k8rhncp4jt1\/2025\/11\/talking-bot-125x125.png\",\"caption\":\"Telinha\"},\"sameAs\":[\"https:\/\/portaltela.pt\/\"],\"url\":\"https:\/\/portaltela.pt\/por\/367410592786\/\"}]}<\/script>\n<!-- \/ Yoast SEO plugin. -->","yoast_head_json":{"title":"Tempo ruim eleva pre\u00e7os de frutas e hort\u00edcolas - Portal Tela Portugal","robots":{"index":"index","follow":"follow","max-snippet":"max-snippet:-1","max-image-preview":"max-image-preview:large","max-video-preview":"max-video-preview:-1"},"og_locale":"pt_PT","og_type":"article","og_title":"Tempo ruim eleva pre\u00e7os de frutas e hort\u00edcolas - Portal Tela Portugal","og_description":"O cabaz alimentar da Deco Proteste desacelerou esta semana, mas alguns itens de hort\u00edcolas e frutos subiram devido ao mau tempo; o cabaz totalizou 253,27 euros. Desde o in\u00edcio do ano, a curgete atingiu a maior varia\u00e7\u00e3o de pre\u00e7o entre os itens essenciais, subindo 71% para 3,23 euros por quilo. Em termos semanais, a cebola (1,44 euros), a ma\u00e7\u00e3 golden (2,08 euros), a batata vermelha (1,40 euros) e a alface frisada (2,83 euros) est\u00e3o entre os maiores aumentos. O azeite virgem extra est\u00e1 entre os maiores aumentos, com uma garrafa de 75 centilitros a custar 7,12 euros, acima dos sete euros. Os ovos devem registar aumentos nas pr\u00f3ximas semanas devido \u00e0 destrui\u00e7\u00e3o de avi\u00e1rios causadas pelas tempestades; a caixa de seis ovos custa 2,12 euros, subindo 49 c\u00eantimos (30%) em rela\u00e7\u00e3o a h\u00e1 um ano.","og_url":"https:\/\/portaltela.pt\/noticias\/2026\/02\/22\/tempo-ruim-eleva-precos-de-frutas-e-horticolas\/","og_site_name":"Portal Tela Portugal","article_published_time":"2026-02-22T17:29:04+00:00","author":"Telinha","twitter_card":"summary_large_image","twitter_misc":{"Escrito por":"Telinha","Tempo estimado de leitura":"1 minuto"},"schema":{"@context":"https:\/\/schema.org","@graph":[{"@type":"Article","@id":"https:\/\/portaltela.pt\/noticias\/2026\/02\/22\/tempo-ruim-eleva-precos-de-frutas-e-horticolas\/#article","isPartOf":{"@id":"https:\/\/portaltela.pt\/noticias\/2026\/02\/22\/tempo-ruim-eleva-precos-de-frutas-e-horticolas\/"},"author":{"name":"Telinha","@id":"https:\/\/portaltela.pt\/#\/schema\/person\/c4278d4a6028830caff9ee44b42d32ed"},"headline":"Tempo ruim eleva pre\u00e7os de frutas e hort\u00edcolas","datePublished":"2026-02-22T17:29:04+00:00","mainEntityOfPage":{"@id":"https:\/\/portaltela.pt\/noticias\/2026\/02\/22\/tempo-ruim-eleva-precos-de-frutas-e-horticolas\/"},"wordCount":243,"image":{"@id":"https:\/\/portaltela.pt\/noticias\/2026\/02\/22\/tempo-ruim-eleva-precos-de-frutas-e-horticolas\/#primaryimage"},"thumbnailUrl":"https:\/\/portaltela.pt\/s.01k8rhncp4jt1\/2026\/02\/img_1500x1000uu2024-02-17-20-37-06-1574289.jpg","keywords":["agricultura","agroalimentar","alimenta\u00e7\u00e3o","economia","horticultura","transporte"],"articleSection":["Economia","Not\u00edcias"],"inLanguage":"pt-PT"},{"@type":"WebPage","@id":"https:\/\/portaltela.pt\/noticias\/2026\/02\/22\/tempo-ruim-eleva-precos-de-frutas-e-horticolas\/","url":"https:\/\/portaltela.pt\/noticias\/2026\/02\/22\/tempo-ruim-eleva-precos-de-frutas-e-horticolas\/","name":"Tempo ruim eleva pre\u00e7os de frutas e hort\u00edcolas - Portal Tela Portugal","isPartOf":{"@id":"https:\/\/portaltela.pt\/#website"},"primaryImageOfPage":{"@id":"https:\/\/portaltela.pt\/noticias\/2026\/02\/22\/tempo-ruim-eleva-precos-de-frutas-e-horticolas\/#primaryimage"},"image":{"@id":"https:\/\/portaltela.pt\/noticias\/2026\/02\/22\/tempo-ruim-eleva-precos-de-frutas-e-horticolas\/#primaryimage"},"thumbnailUrl":"https:\/\/portaltela.pt\/s.01k8rhncp4jt1\/2026\/02\/img_1500x1000uu2024-02-17-20-37-06-1574289.jpg","datePublished":"2026-02-22T17:29:04+00:00","author":{"@id":"https:\/\/portaltela.pt\/#\/schema\/person\/c4278d4a6028830caff9ee44b42d32ed"},"breadcrumb":{"@id":"https:\/\/portaltela.pt\/noticias\/2026\/02\/22\/tempo-ruim-eleva-precos-de-frutas-e-horticolas\/#breadcrumb"},"inLanguage":"pt-PT","potentialAction":[{"@type":"ReadAction","target":["https:\/\/portaltela.pt\/noticias\/2026\/02\/22\/tempo-ruim-eleva-precos-de-frutas-e-horticolas\/"]}]},{"@type":"ImageObject","inLanguage":"pt-PT","@id":"https:\/\/portaltela.pt\/noticias\/2026\/02\/22\/tempo-ruim-eleva-precos-de-frutas-e-horticolas\/#primaryimage","url":"https:\/\/portaltela.pt\/s.01k8rhncp4jt1\/2026\/02\/img_1500x1000uu2024-02-17-20-37-06-1574289.jpg","contentUrl":"https:\/\/portaltela.pt\/s.01k8rhncp4jt1\/2026\/02\/img_1500x1000uu2024-02-17-20-37-06-1574289.jpg","width":796,"height":448,"caption":"supermercado, x"},{"@type":"BreadcrumbList","@id":"https:\/\/portaltela.pt\/noticias\/2026\/02\/22\/tempo-ruim-eleva-precos-de-frutas-e-horticolas\/#breadcrumb","itemListElement":[{"@type":"ListItem","position":1,"name":"In\u00edcio","item":"https:\/\/portaltela.pt\/"},{"@type":"ListItem","position":2,"name":"Tempo ruim eleva pre\u00e7os de frutas e hort\u00edcolas"}]},{"@type":"WebSite","@id":"https:\/\/portaltela.pt\/#website","url":"https:\/\/portaltela.pt\/","name":"Portal Tela Portugal","description":"","potentialAction":[{"@type":"SearchAction","target":{"@type":"EntryPoint","urlTemplate":"https:\/\/portaltela.pt\/?s={search_term_string}"},"query-input":{"@type":"PropertyValueSpecification","valueRequired":true,"valueName":"search_term_string"}}],"inLanguage":"pt-PT"},{"@type":"Person","@id":"https:\/\/portaltela.pt\/#\/schema\/person\/c4278d4a6028830caff9ee44b42d32ed","name":"Telinha","image":{"@type":"ImageObject","inLanguage":"pt-PT","@id":"https:\/\/portaltela.pt\/s.01k8rhncp4jt1\/2025\/11\/talking-bot-125x125.png","url":"https:\/\/portaltela.pt\/s.01k8rhncp4jt1\/2025\/11\/talking-bot-125x125.png","contentUrl":"https:\/\/portaltela.pt\/s.01k8rhncp4jt1\/2025\/11\/talking-bot-125x125.png","caption":"Telinha"},"sameAs":["https:\/\/portaltela.pt\/"],"url":"https:\/\/portaltela.pt\/por\/367410592786\/"}]}},"_links":{"self":[{"href":"https:\/\/portaltela.pt\/api\/wp\/v2\/posts\/221789","targetHints":{"allow":["GET"]}}],"collection":[{"href":"https:\/\/portaltela.pt\/api\/wp\/v2\/posts"}],"about":[{"href":"https:\/\/portaltela.pt\/api\/wp\/v2\/types\/post"}],"author":[{"embeddable":true,"href":"https:\/\/portaltela.pt\/api\/wp\/v2\/users\/2"}],"replies":[{"embeddable":true,"href":"https:\/\/portaltela.pt\/api\/wp\/v2\/comments?post=221789"}],"version-history":[{"count":0,"href":"https:\/\/portaltela.pt\/api\/wp\/v2\/posts\/221789\/revisions"}],"wp:featuredmedia":[{"embeddable":true,"href":"https:\/\/portaltela.pt\/api\/wp\/v2\/media\/221794"}],"wp:attachment":[{"href":"https:\/\/portaltela.pt\/api\/wp\/v2\/media?parent=221789"}],"wp:term":[{"taxonomy":"category","embeddable":true,"href":"https:\/\/portaltela.pt\/api\/wp\/v2\/categories?post=221789"},{"taxonomy":"post_tag","embeddable":true,"href":"https:\/\/portaltela.pt\/api\/wp\/v2\/tags?post=221789"}],"curies":[{"name":"wp","href":"https:\/\/api.w.org\/{rel}","templated":true}]}}