{"id":221779,"date":"2026-02-22T14:12:00","date_gmt":"2026-02-22T17:12:00","guid":{"rendered":"https:\/\/portaltela.pt\/noticias\/2026\/02\/22\/juan-ayuso-vence-no-malhao-e-conquista-a-52-a-edicao-da-volta-ao-algarve\/"},"modified":"2026-02-22T14:12:00","modified_gmt":"2026-02-22T17:12:00","slug":"juan-ayuso-vence-no-malhao-e-conquista-a-52-a-edicao-da-volta-ao-algarve","status":"publish","type":"post","link":"https:\/\/portaltela.pt\/desporto\/2026\/02\/22\/juan-ayuso-vence-no-malhao-e-conquista-a-52-a-edicao-da-volta-ao-algarve\/","title":{"rendered":"Juan Ayuso vence no Malh\u00e3o e conquista a 52.\u00aa edi\u00e7\u00e3o da Volta ao Algarve"},"content":{"rendered":"<p>Juan Ayuso (Lidl-Trek) sagrou-se vencedor da 52.\u00aa Volta ao Algarve, ao vencer a quinta e \u00faltima etapa, no Malh\u00e3o. A prova seguiu 148,5 km entre Faro e o alto do Malh\u00e3o (Loul\u00e9).<\/p>\n<p>Ayuso completou o percurso em 3h20m02s, deixando Oscar Onley (INEOS) e Paul Seixas (Decathlon) empatados na segunda posi\u00e7\u00e3o, tamb\u00e9m com o mesmo tempo. Jo\u00e3o Almeida (UAE Emirates) foi quarto, a quatro segundos.<\/p>\n<p>O espanhol encerrou a prova com o tempo total de 15h51m12s. Seixas ficou em segundo na geral, a 14 segundos, e Almeida foi terceiro, a 59 segundos. A Volta ao Algarve n\u00e3o tinha vencedor espanhol desde 2010, com Alberto Contador.<\/p>\n","protected":false},"excerpt":{"rendered":"<ul>\n<li>Juan Ayuso (Lidl-Trek) venceu a quinta e \u00faltima etapa da 52.\u00aa Volta ao Algarve, no Malh\u00e3o, com 3:20.02 horas para 148,5 quil\u00f3metros entre Faro e o alto do Malh\u00e3o.<\/li>\n<li>O espanhol terminou a prova com tempo total de 15:51.12 horas, sucedendo ao dinamarqu\u00eas Jonas Vingegaard na geral.<\/li>\n<li>Na etapa, Oscar Onley (INEOS) ficou em segundo e Paul Seixas (Decathlon) em terceiro, ambos com o mesmo tempo da ganhadora; Jo\u00e3o Almeida (UAE Emirates) foi quarto, a quatro segundos.<\/li>\n<li>Ayuso manteve a lideran\u00e7a na geral desde o in\u00edcio da tirada, com Seixas em segundo a 14 segundos e Almeida em terceiro a 59 segundos.<\/li>\n<li>A Volta ao Algarve n\u00e3o tinha vencedor espanhol desde 2010, ano em que Alberto Contador venceu pela Astana.<\/li>\n<\/ul>\n","protected":false},"author":2,"featured_media":221783,"comment_status":"closed","ping_status":"closed","sticky":false,"template":"","format":"standard","meta":{"footnotes":""},"categories":[21],"tags":[928,923,2031,992,6083,3997],"class_list":["post-221779","post","type-post","status-publish","format-standard","has-post-thumbnail","hentry","category-desporto","tag-algarve","tag-ciclismo","tag-espanha","tag-faro","tag-lidl-trek","tag-uae-emirates"],"yoast_head":"<!-- This site is optimized with the Yoast SEO plugin v27.2 - https:\/\/yoast.com\/product\/yoast-seo-wordpress\/ -->\n<title>Juan Ayuso vence no Malh\u00e3o e conquista a 52.\u00aa edi\u00e7\u00e3o da Volta ao Algarve - Portal Tela Portugal<\/title>\n<meta name=\"robots\" content=\"index, follow, max-snippet:-1, max-image-preview:large, max-video-preview:-1\" \/>\n<meta property=\"og:locale\" content=\"pt_PT\" \/>\n<meta property=\"og:type\" content=\"article\" \/>\n<meta property=\"og:title\" content=\"Juan Ayuso vence no Malh\u00e3o e conquista a 52.\u00aa edi\u00e7\u00e3o da Volta ao Algarve - Portal Tela Portugal\" \/>\n<meta property=\"og:description\" content=\"Juan Ayuso (Lidl-Trek) venceu a quinta e \u00faltima etapa da 52.\u00aa Volta ao Algarve, no Malh\u00e3o, com 3:20.02 horas para 148,5 quil\u00f3metros entre Faro e o alto do Malh\u00e3o. O espanhol terminou a prova com tempo total de 15:51.12 horas, sucedendo ao dinamarqu\u00eas Jonas Vingegaard na geral. Na etapa, Oscar Onley (INEOS) ficou em segundo e Paul Seixas (Decathlon) em terceiro, ambos com o mesmo tempo da ganhadora; Jo\u00e3o Almeida (UAE Emirates) foi quarto, a quatro segundos. Ayuso manteve a lideran\u00e7a na geral desde o in\u00edcio da tirada, com Seixas em segundo a 14 segundos e Almeida em terceiro a 59 segundos. A Volta ao Algarve n\u00e3o tinha vencedor espanhol desde 2010, ano em que Alberto Contador venceu pela Astana.\" \/>\n<meta property=\"og:url\" content=\"https:\/\/portaltela.pt\/noticias\/2026\/02\/22\/juan-ayuso-vence-no-malhao-e-conquista-a-52-a-edicao-da-volta-ao-algarve\/\" \/>\n<meta property=\"og:site_name\" content=\"Portal Tela Portugal\" \/>\n<meta property=\"article:published_time\" content=\"2026-02-22T17:12:00+00:00\" \/>\n<meta name=\"author\" content=\"Telinha\" \/>\n<meta name=\"twitter:card\" content=\"summary_large_image\" \/>\n<meta name=\"twitter:label1\" content=\"Escrito por\" \/>\n\t<meta name=\"twitter:data1\" content=\"Telinha\" \/>\n\t<meta name=\"twitter:label2\" content=\"Tempo estimado de leitura\" \/>\n\t<meta name=\"twitter:data2\" content=\"1 minuto\" \/>\n<script type=\"application\/ld+json\" class=\"yoast-schema-graph\">{\"@context\":\"https:\/\/schema.org\",\"@graph\":[{\"@type\":\"Article\",\"@id\":\"https:\/\/portaltela.pt\/noticias\/2026\/02\/22\/juan-ayuso-vence-no-malhao-e-conquista-a-52-a-edicao-da-volta-ao-algarve\/#article\",\"isPartOf\":{\"@id\":\"https:\/\/portaltela.pt\/noticias\/2026\/02\/22\/juan-ayuso-vence-no-malhao-e-conquista-a-52-a-edicao-da-volta-ao-algarve\/\"},\"author\":{\"name\":\"Telinha\",\"@id\":\"https:\/\/portaltela.pt\/#\/schema\/person\/c4278d4a6028830caff9ee44b42d32ed\"},\"headline\":\"Juan Ayuso vence no Malh\u00e3o e conquista a 52.\u00aa edi\u00e7\u00e3o da Volta ao Algarve\",\"datePublished\":\"2026-02-22T17:12:00+00:00\",\"mainEntityOfPage\":{\"@id\":\"https:\/\/portaltela.pt\/noticias\/2026\/02\/22\/juan-ayuso-vence-no-malhao-e-conquista-a-52-a-edicao-da-volta-ao-algarve\/\"},\"wordCount\":124,\"image\":{\"@id\":\"https:\/\/portaltela.pt\/noticias\/2026\/02\/22\/juan-ayuso-vence-no-malhao-e-conquista-a-52-a-edicao-da-volta-ao-algarve\/#primaryimage\"},\"thumbnailUrl\":\"https:\/\/portaltela.pt\/s.01k8rhncp4jt1\/2026\/02\/image-1637.jpg\",\"keywords\":[\"Algarve\",\"ciclismo\",\"Espanha\",\"Faro\",\"Lidl-Trek\",\"UAE Emirates\"],\"articleSection\":[\"Desporto\"],\"inLanguage\":\"pt-PT\"},{\"@type\":\"WebPage\",\"@id\":\"https:\/\/portaltela.pt\/noticias\/2026\/02\/22\/juan-ayuso-vence-no-malhao-e-conquista-a-52-a-edicao-da-volta-ao-algarve\/\",\"url\":\"https:\/\/portaltela.pt\/noticias\/2026\/02\/22\/juan-ayuso-vence-no-malhao-e-conquista-a-52-a-edicao-da-volta-ao-algarve\/\",\"name\":\"Juan Ayuso vence no Malh\u00e3o e conquista a 52.\u00aa edi\u00e7\u00e3o da Volta ao Algarve - Portal Tela Portugal\",\"isPartOf\":{\"@id\":\"https:\/\/portaltela.pt\/#website\"},\"primaryImageOfPage\":{\"@id\":\"https:\/\/portaltela.pt\/noticias\/2026\/02\/22\/juan-ayuso-vence-no-malhao-e-conquista-a-52-a-edicao-da-volta-ao-algarve\/#primaryimage\"},\"image\":{\"@id\":\"https:\/\/portaltela.pt\/noticias\/2026\/02\/22\/juan-ayuso-vence-no-malhao-e-conquista-a-52-a-edicao-da-volta-ao-algarve\/#primaryimage\"},\"thumbnailUrl\":\"https:\/\/portaltela.pt\/s.01k8rhncp4jt1\/2026\/02\/image-1637.jpg\",\"datePublished\":\"2026-02-22T17:12:00+00:00\",\"author\":{\"@id\":\"https:\/\/portaltela.pt\/#\/schema\/person\/c4278d4a6028830caff9ee44b42d32ed\"},\"breadcrumb\":{\"@id\":\"https:\/\/portaltela.pt\/noticias\/2026\/02\/22\/juan-ayuso-vence-no-malhao-e-conquista-a-52-a-edicao-da-volta-ao-algarve\/#breadcrumb\"},\"inLanguage\":\"pt-PT\",\"potentialAction\":[{\"@type\":\"ReadAction\",\"target\":[\"https:\/\/portaltela.pt\/noticias\/2026\/02\/22\/juan-ayuso-vence-no-malhao-e-conquista-a-52-a-edicao-da-volta-ao-algarve\/\"]}]},{\"@type\":\"ImageObject\",\"inLanguage\":\"pt-PT\",\"@id\":\"https:\/\/portaltela.pt\/noticias\/2026\/02\/22\/juan-ayuso-vence-no-malhao-e-conquista-a-52-a-edicao-da-volta-ao-algarve\/#primaryimage\",\"url\":\"https:\/\/portaltela.pt\/s.01k8rhncp4jt1\/2026\/02\/image-1637.jpg\",\"contentUrl\":\"https:\/\/portaltela.pt\/s.01k8rhncp4jt1\/2026\/02\/image-1637.jpg\",\"width\":796,\"height\":448,\"caption\":\"Ayuso celebra conquista\"},{\"@type\":\"BreadcrumbList\",\"@id\":\"https:\/\/portaltela.pt\/noticias\/2026\/02\/22\/juan-ayuso-vence-no-malhao-e-conquista-a-52-a-edicao-da-volta-ao-algarve\/#breadcrumb\",\"itemListElement\":[{\"@type\":\"ListItem\",\"position\":1,\"name\":\"In\u00edcio\",\"item\":\"https:\/\/portaltela.pt\/\"},{\"@type\":\"ListItem\",\"position\":2,\"name\":\"Juan Ayuso vence no Malh\u00e3o e conquista a 52.\u00aa edi\u00e7\u00e3o da Volta ao Algarve\"}]},{\"@type\":\"WebSite\",\"@id\":\"https:\/\/portaltela.pt\/#website\",\"url\":\"https:\/\/portaltela.pt\/\",\"name\":\"Portal Tela Portugal\",\"description\":\"\",\"potentialAction\":[{\"@type\":\"SearchAction\",\"target\":{\"@type\":\"EntryPoint\",\"urlTemplate\":\"https:\/\/portaltela.pt\/?s={search_term_string}\"},\"query-input\":{\"@type\":\"PropertyValueSpecification\",\"valueRequired\":true,\"valueName\":\"search_term_string\"}}],\"inLanguage\":\"pt-PT\"},{\"@type\":\"Person\",\"@id\":\"https:\/\/portaltela.pt\/#\/schema\/person\/c4278d4a6028830caff9ee44b42d32ed\",\"name\":\"Telinha\",\"image\":{\"@type\":\"ImageObject\",\"inLanguage\":\"pt-PT\",\"@id\":\"https:\/\/portaltela.pt\/s.01k8rhncp4jt1\/2025\/11\/talking-bot-125x125.png\",\"url\":\"https:\/\/portaltela.pt\/s.01k8rhncp4jt1\/2025\/11\/talking-bot-125x125.png\",\"contentUrl\":\"https:\/\/portaltela.pt\/s.01k8rhncp4jt1\/2025\/11\/talking-bot-125x125.png\",\"caption\":\"Telinha\"},\"sameAs\":[\"https:\/\/portaltela.pt\/\"],\"url\":\"https:\/\/portaltela.pt\/por\/367410592786\/\"}]}<\/script>\n<!-- \/ Yoast SEO plugin. -->","yoast_head_json":{"title":"Juan Ayuso vence no Malh\u00e3o e conquista a 52.\u00aa edi\u00e7\u00e3o da Volta ao Algarve - Portal Tela Portugal","robots":{"index":"index","follow":"follow","max-snippet":"max-snippet:-1","max-image-preview":"max-image-preview:large","max-video-preview":"max-video-preview:-1"},"og_locale":"pt_PT","og_type":"article","og_title":"Juan Ayuso vence no Malh\u00e3o e conquista a 52.\u00aa edi\u00e7\u00e3o da Volta ao Algarve - Portal Tela Portugal","og_description":"Juan Ayuso (Lidl-Trek) venceu a quinta e \u00faltima etapa da 52.\u00aa Volta ao Algarve, no Malh\u00e3o, com 3:20.02 horas para 148,5 quil\u00f3metros entre Faro e o alto do Malh\u00e3o. O espanhol terminou a prova com tempo total de 15:51.12 horas, sucedendo ao dinamarqu\u00eas Jonas Vingegaard na geral. Na etapa, Oscar Onley (INEOS) ficou em segundo e Paul Seixas (Decathlon) em terceiro, ambos com o mesmo tempo da ganhadora; Jo\u00e3o Almeida (UAE Emirates) foi quarto, a quatro segundos. Ayuso manteve a lideran\u00e7a na geral desde o in\u00edcio da tirada, com Seixas em segundo a 14 segundos e Almeida em terceiro a 59 segundos. A Volta ao Algarve n\u00e3o tinha vencedor espanhol desde 2010, ano em que Alberto Contador venceu pela Astana.","og_url":"https:\/\/portaltela.pt\/noticias\/2026\/02\/22\/juan-ayuso-vence-no-malhao-e-conquista-a-52-a-edicao-da-volta-ao-algarve\/","og_site_name":"Portal Tela Portugal","article_published_time":"2026-02-22T17:12:00+00:00","author":"Telinha","twitter_card":"summary_large_image","twitter_misc":{"Escrito por":"Telinha","Tempo estimado de leitura":"1 minuto"},"schema":{"@context":"https:\/\/schema.org","@graph":[{"@type":"Article","@id":"https:\/\/portaltela.pt\/noticias\/2026\/02\/22\/juan-ayuso-vence-no-malhao-e-conquista-a-52-a-edicao-da-volta-ao-algarve\/#article","isPartOf":{"@id":"https:\/\/portaltela.pt\/noticias\/2026\/02\/22\/juan-ayuso-vence-no-malhao-e-conquista-a-52-a-edicao-da-volta-ao-algarve\/"},"author":{"name":"Telinha","@id":"https:\/\/portaltela.pt\/#\/schema\/person\/c4278d4a6028830caff9ee44b42d32ed"},"headline":"Juan Ayuso vence no Malh\u00e3o e conquista a 52.\u00aa edi\u00e7\u00e3o da Volta ao Algarve","datePublished":"2026-02-22T17:12:00+00:00","mainEntityOfPage":{"@id":"https:\/\/portaltela.pt\/noticias\/2026\/02\/22\/juan-ayuso-vence-no-malhao-e-conquista-a-52-a-edicao-da-volta-ao-algarve\/"},"wordCount":124,"image":{"@id":"https:\/\/portaltela.pt\/noticias\/2026\/02\/22\/juan-ayuso-vence-no-malhao-e-conquista-a-52-a-edicao-da-volta-ao-algarve\/#primaryimage"},"thumbnailUrl":"https:\/\/portaltela.pt\/s.01k8rhncp4jt1\/2026\/02\/image-1637.jpg","keywords":["Algarve","ciclismo","Espanha","Faro","Lidl-Trek","UAE Emirates"],"articleSection":["Desporto"],"inLanguage":"pt-PT"},{"@type":"WebPage","@id":"https:\/\/portaltela.pt\/noticias\/2026\/02\/22\/juan-ayuso-vence-no-malhao-e-conquista-a-52-a-edicao-da-volta-ao-algarve\/","url":"https:\/\/portaltela.pt\/noticias\/2026\/02\/22\/juan-ayuso-vence-no-malhao-e-conquista-a-52-a-edicao-da-volta-ao-algarve\/","name":"Juan Ayuso vence no Malh\u00e3o e conquista a 52.\u00aa edi\u00e7\u00e3o da Volta ao Algarve - Portal Tela Portugal","isPartOf":{"@id":"https:\/\/portaltela.pt\/#website"},"primaryImageOfPage":{"@id":"https:\/\/portaltela.pt\/noticias\/2026\/02\/22\/juan-ayuso-vence-no-malhao-e-conquista-a-52-a-edicao-da-volta-ao-algarve\/#primaryimage"},"image":{"@id":"https:\/\/portaltela.pt\/noticias\/2026\/02\/22\/juan-ayuso-vence-no-malhao-e-conquista-a-52-a-edicao-da-volta-ao-algarve\/#primaryimage"},"thumbnailUrl":"https:\/\/portaltela.pt\/s.01k8rhncp4jt1\/2026\/02\/image-1637.jpg","datePublished":"2026-02-22T17:12:00+00:00","author":{"@id":"https:\/\/portaltela.pt\/#\/schema\/person\/c4278d4a6028830caff9ee44b42d32ed"},"breadcrumb":{"@id":"https:\/\/portaltela.pt\/noticias\/2026\/02\/22\/juan-ayuso-vence-no-malhao-e-conquista-a-52-a-edicao-da-volta-ao-algarve\/#breadcrumb"},"inLanguage":"pt-PT","potentialAction":[{"@type":"ReadAction","target":["https:\/\/portaltela.pt\/noticias\/2026\/02\/22\/juan-ayuso-vence-no-malhao-e-conquista-a-52-a-edicao-da-volta-ao-algarve\/"]}]},{"@type":"ImageObject","inLanguage":"pt-PT","@id":"https:\/\/portaltela.pt\/noticias\/2026\/02\/22\/juan-ayuso-vence-no-malhao-e-conquista-a-52-a-edicao-da-volta-ao-algarve\/#primaryimage","url":"https:\/\/portaltela.pt\/s.01k8rhncp4jt1\/2026\/02\/image-1637.jpg","contentUrl":"https:\/\/portaltela.pt\/s.01k8rhncp4jt1\/2026\/02\/image-1637.jpg","width":796,"height":448,"caption":"Ayuso celebra conquista"},{"@type":"BreadcrumbList","@id":"https:\/\/portaltela.pt\/noticias\/2026\/02\/22\/juan-ayuso-vence-no-malhao-e-conquista-a-52-a-edicao-da-volta-ao-algarve\/#breadcrumb","itemListElement":[{"@type":"ListItem","position":1,"name":"In\u00edcio","item":"https:\/\/portaltela.pt\/"},{"@type":"ListItem","position":2,"name":"Juan Ayuso vence no Malh\u00e3o e conquista a 52.\u00aa edi\u00e7\u00e3o da Volta ao Algarve"}]},{"@type":"WebSite","@id":"https:\/\/portaltela.pt\/#website","url":"https:\/\/portaltela.pt\/","name":"Portal Tela Portugal","description":"","potentialAction":[{"@type":"SearchAction","target":{"@type":"EntryPoint","urlTemplate":"https:\/\/portaltela.pt\/?s={search_term_string}"},"query-input":{"@type":"PropertyValueSpecification","valueRequired":true,"valueName":"search_term_string"}}],"inLanguage":"pt-PT"},{"@type":"Person","@id":"https:\/\/portaltela.pt\/#\/schema\/person\/c4278d4a6028830caff9ee44b42d32ed","name":"Telinha","image":{"@type":"ImageObject","inLanguage":"pt-PT","@id":"https:\/\/portaltela.pt\/s.01k8rhncp4jt1\/2025\/11\/talking-bot-125x125.png","url":"https:\/\/portaltela.pt\/s.01k8rhncp4jt1\/2025\/11\/talking-bot-125x125.png","contentUrl":"https:\/\/portaltela.pt\/s.01k8rhncp4jt1\/2025\/11\/talking-bot-125x125.png","caption":"Telinha"},"sameAs":["https:\/\/portaltela.pt\/"],"url":"https:\/\/portaltela.pt\/por\/367410592786\/"}]}},"_links":{"self":[{"href":"https:\/\/portaltela.pt\/api\/wp\/v2\/posts\/221779","targetHints":{"allow":["GET"]}}],"collection":[{"href":"https:\/\/portaltela.pt\/api\/wp\/v2\/posts"}],"about":[{"href":"https:\/\/portaltela.pt\/api\/wp\/v2\/types\/post"}],"author":[{"embeddable":true,"href":"https:\/\/portaltela.pt\/api\/wp\/v2\/users\/2"}],"replies":[{"embeddable":true,"href":"https:\/\/portaltela.pt\/api\/wp\/v2\/comments?post=221779"}],"version-history":[{"count":0,"href":"https:\/\/portaltela.pt\/api\/wp\/v2\/posts\/221779\/revisions"}],"wp:featuredmedia":[{"embeddable":true,"href":"https:\/\/portaltela.pt\/api\/wp\/v2\/media\/221783"}],"wp:attachment":[{"href":"https:\/\/portaltela.pt\/api\/wp\/v2\/media?parent=221779"}],"wp:term":[{"taxonomy":"category","embeddable":true,"href":"https:\/\/portaltela.pt\/api\/wp\/v2\/categories?post=221779"},{"taxonomy":"post_tag","embeddable":true,"href":"https:\/\/portaltela.pt\/api\/wp\/v2\/tags?post=221779"}],"curies":[{"name":"wp","href":"https:\/\/api.w.org\/{rel}","templated":true}]}}