{"id":221769,"date":"2026-02-22T14:02:46","date_gmt":"2026-02-22T17:02:46","guid":{"rendered":"https:\/\/portaltela.pt\/noticias\/2026\/02\/22\/rugby-de-setubal-acusa-crav-de-racismo-e-agressao-crav-processa-por-difamacao\/"},"modified":"2026-02-22T14:02:46","modified_gmt":"2026-02-22T17:02:46","slug":"rugby-de-setubal-acusa-crav-de-racismo-e-agressao-crav-processa-por-difamacao","status":"publish","type":"post","link":"https:\/\/portaltela.pt\/desporto\/2026\/02\/22\/rugby-de-setubal-acusa-crav-de-racismo-e-agressao-crav-processa-por-difamacao\/","title":{"rendered":"Rugby de Set\u00fabal acusa CRAV de racismo e agress\u00e3o; CRAV processa por difama\u00e7\u00e3o"},"content":{"rendered":"<p>O Clube de Rugby de Set\u00fabal acusou adeptos do CRAV, de Arcos de Valdevez, de racismo, xenofobia e agress\u00e3o ocorridos num jogo disputado este s\u00e1bado, no campo do advers\u00e1rio. A institui\u00e7\u00e3o denuncia comportamento que classificou como crime durante a partida.<\/p>\n<p>Segundo o comunicado do Clube de Rugby de Set\u00fabal, os incidentes teriam ocorrido durante o encontro entre as duas equipas, levando a uma queixa que aponta para comportamentos discriminat\u00f3rios por parte de alguns adeptos.<\/p>\n<p>O Clube de Rugby de Set\u00fabal afirma que tomou nota dos factos e ter\u00e1 apresentado queixa formal \u00e0s autoridades competentes. O objetivo \u00e9 apurar responsabilidades e garantir a defesa dos envolvidos, refere o comunicado.<\/p>\n<h3>Resposta do CRAV<\/h3>\n<p>O CRAV negou as acusa\u00e7\u00f5es nas redes sociais, assegurando que n\u00e3o houve racismo nem agress\u00f5es por parte dos adeptos do clube. A institui\u00e7\u00e3o anunciou ainda que decidiu cortar rela\u00e7\u00f5es com o Clube de Rugby de Set\u00fabal.<\/p>\n<p>Al\u00e9m disso, o CRAV informou que vai apresentar no tribunal civil uma queixa por difama\u00e7\u00e3o, deu a entender que o conte\u00fado das acusa\u00e7\u00f5es n\u00e3o corresponde \u00e0 realidade dos acontecimentos. As partes n\u00e3o divulgam novos dados sobre investiga\u00e7\u00f5es em curso.<\/p>\n","protected":false},"excerpt":{"rendered":"<ul>\n<li>O Clube de Rugby de Set\u00fabal acusa adeptos do CRAV (Clube de Rugby de Arcos de Valdevez) de racismo, xenofobia e agress\u00e3o durante o jogo disputado no campo do advers\u00e1rio, no s\u00e1bado.<\/li>\n<li>O assunto surge numa altura em que o tema racismo est\u00e1 em destaque no desporto.<\/li>\n<li>O Clube de Rugby de Set\u00fabal divulgou um comunicado com as acusa\u00e7\u00f5es.<\/li>\n<li>O CRAV respondeu nas redes sociais, negando as acusa\u00e7\u00f5es, anunciando corte de rela\u00e7\u00f5es com Set\u00fabal e a inten\u00e7\u00e3o de apresentar uma queixa por difama\u00e7\u00e3o no tribunal civil.<\/li>\n<\/ul>\n","protected":false},"author":2,"featured_media":221770,"comment_status":"closed","ping_status":"closed","sticky":false,"template":"","format":"standard","meta":{"footnotes":""},"categories":[21],"tags":[1781,152,2442,6032,994,3700],"class_list":["post-221769","post","type-post","status-publish","format-standard","has-post-thumbnail","hentry","category-desporto","tag-arcos-de-valdevez","tag-desporto","tag-difamacao","tag-racismo","tag-setubal","tag-xenofobos"],"yoast_head":"<!-- This site is optimized with the Yoast SEO plugin v27.2 - https:\/\/yoast.com\/product\/yoast-seo-wordpress\/ -->\n<title>Rugby de Set\u00fabal acusa CRAV de racismo e agress\u00e3o; CRAV processa por difama\u00e7\u00e3o - Portal Tela Portugal<\/title>\n<meta name=\"robots\" content=\"index, follow, max-snippet:-1, max-image-preview:large, max-video-preview:-1\" \/>\n<meta property=\"og:locale\" content=\"pt_PT\" \/>\n<meta property=\"og:type\" content=\"article\" \/>\n<meta property=\"og:title\" content=\"Rugby de Set\u00fabal acusa CRAV de racismo e agress\u00e3o; CRAV processa por difama\u00e7\u00e3o - Portal Tela Portugal\" \/>\n<meta property=\"og:description\" content=\"O Clube de Rugby de Set\u00fabal acusa adeptos do CRAV (Clube de Rugby de Arcos de Valdevez) de racismo, xenofobia e agress\u00e3o durante o jogo disputado no campo do advers\u00e1rio, no s\u00e1bado. O assunto surge numa altura em que o tema racismo est\u00e1 em destaque no desporto. O Clube de Rugby de Set\u00fabal divulgou um comunicado com as acusa\u00e7\u00f5es. O CRAV respondeu nas redes sociais, negando as acusa\u00e7\u00f5es, anunciando corte de rela\u00e7\u00f5es com Set\u00fabal e a inten\u00e7\u00e3o de apresentar uma queixa por difama\u00e7\u00e3o no tribunal civil.\" \/>\n<meta property=\"og:url\" content=\"https:\/\/portaltela.pt\/noticias\/2026\/02\/22\/rugby-de-setubal-acusa-crav-de-racismo-e-agressao-crav-processa-por-difamacao\/\" \/>\n<meta property=\"og:site_name\" content=\"Portal Tela Portugal\" \/>\n<meta property=\"article:published_time\" content=\"2026-02-22T17:02:46+00:00\" \/>\n<meta name=\"author\" content=\"Telinha\" \/>\n<meta name=\"twitter:card\" content=\"summary_large_image\" \/>\n<meta name=\"twitter:label1\" content=\"Escrito por\" \/>\n\t<meta name=\"twitter:data1\" content=\"Telinha\" \/>\n\t<meta name=\"twitter:label2\" content=\"Tempo estimado de leitura\" \/>\n\t<meta name=\"twitter:data2\" content=\"1 minuto\" \/>\n<script type=\"application\/ld+json\" class=\"yoast-schema-graph\">{\"@context\":\"https:\/\/schema.org\",\"@graph\":[{\"@type\":\"Article\",\"@id\":\"https:\/\/portaltela.pt\/noticias\/2026\/02\/22\/rugby-de-setubal-acusa-crav-de-racismo-e-agressao-crav-processa-por-difamacao\/#article\",\"isPartOf\":{\"@id\":\"https:\/\/portaltela.pt\/noticias\/2026\/02\/22\/rugby-de-setubal-acusa-crav-de-racismo-e-agressao-crav-processa-por-difamacao\/\"},\"author\":{\"name\":\"Telinha\",\"@id\":\"https:\/\/portaltela.pt\/#\/schema\/person\/c4278d4a6028830caff9ee44b42d32ed\"},\"headline\":\"Rugby de Set\u00fabal acusa CRAV de racismo e agress\u00e3o; CRAV processa por difama\u00e7\u00e3o\",\"datePublished\":\"2026-02-22T17:02:46+00:00\",\"mainEntityOfPage\":{\"@id\":\"https:\/\/portaltela.pt\/noticias\/2026\/02\/22\/rugby-de-setubal-acusa-crav-de-racismo-e-agressao-crav-processa-por-difamacao\/\"},\"wordCount\":221,\"image\":{\"@id\":\"https:\/\/portaltela.pt\/noticias\/2026\/02\/22\/rugby-de-setubal-acusa-crav-de-racismo-e-agressao-crav-processa-por-difamacao\/#primaryimage\"},\"thumbnailUrl\":\"https:\/\/portaltela.pt\/s.01k8rhncp4jt1\/2026\/02\/img_920x518uu2026-02-22-17-02-38-2423117.jpg\",\"keywords\":[\"Arcos de Valdevez\",\"desporto\",\"difama\u00e7\u00e3o\",\"racismo\",\"Set\u00fabal\",\"xen\u00f3fobos\"],\"articleSection\":[\"Desporto\"],\"inLanguage\":\"pt-PT\"},{\"@type\":\"WebPage\",\"@id\":\"https:\/\/portaltela.pt\/noticias\/2026\/02\/22\/rugby-de-setubal-acusa-crav-de-racismo-e-agressao-crav-processa-por-difamacao\/\",\"url\":\"https:\/\/portaltela.pt\/noticias\/2026\/02\/22\/rugby-de-setubal-acusa-crav-de-racismo-e-agressao-crav-processa-por-difamacao\/\",\"name\":\"Rugby de Set\u00fabal acusa CRAV de racismo e agress\u00e3o; CRAV processa por difama\u00e7\u00e3o - Portal Tela Portugal\",\"isPartOf\":{\"@id\":\"https:\/\/portaltela.pt\/#website\"},\"primaryImageOfPage\":{\"@id\":\"https:\/\/portaltela.pt\/noticias\/2026\/02\/22\/rugby-de-setubal-acusa-crav-de-racismo-e-agressao-crav-processa-por-difamacao\/#primaryimage\"},\"image\":{\"@id\":\"https:\/\/portaltela.pt\/noticias\/2026\/02\/22\/rugby-de-setubal-acusa-crav-de-racismo-e-agressao-crav-processa-por-difamacao\/#primaryimage\"},\"thumbnailUrl\":\"https:\/\/portaltela.pt\/s.01k8rhncp4jt1\/2026\/02\/img_920x518uu2026-02-22-17-02-38-2423117.jpg\",\"datePublished\":\"2026-02-22T17:02:46+00:00\",\"author\":{\"@id\":\"https:\/\/portaltela.pt\/#\/schema\/person\/c4278d4a6028830caff9ee44b42d32ed\"},\"breadcrumb\":{\"@id\":\"https:\/\/portaltela.pt\/noticias\/2026\/02\/22\/rugby-de-setubal-acusa-crav-de-racismo-e-agressao-crav-processa-por-difamacao\/#breadcrumb\"},\"inLanguage\":\"pt-PT\",\"potentialAction\":[{\"@type\":\"ReadAction\",\"target\":[\"https:\/\/portaltela.pt\/noticias\/2026\/02\/22\/rugby-de-setubal-acusa-crav-de-racismo-e-agressao-crav-processa-por-difamacao\/\"]}]},{\"@type\":\"ImageObject\",\"inLanguage\":\"pt-PT\",\"@id\":\"https:\/\/portaltela.pt\/noticias\/2026\/02\/22\/rugby-de-setubal-acusa-crav-de-racismo-e-agressao-crav-processa-por-difamacao\/#primaryimage\",\"url\":\"https:\/\/portaltela.pt\/s.01k8rhncp4jt1\/2026\/02\/img_920x518uu2026-02-22-17-02-38-2423117.jpg\",\"contentUrl\":\"https:\/\/portaltela.pt\/s.01k8rhncp4jt1\/2026\/02\/img_920x518uu2026-02-22-17-02-38-2423117.jpg\",\"width\":796,\"height\":448,\"caption\":\"Clube de Rugby de Set\u00fabal\"},{\"@type\":\"BreadcrumbList\",\"@id\":\"https:\/\/portaltela.pt\/noticias\/2026\/02\/22\/rugby-de-setubal-acusa-crav-de-racismo-e-agressao-crav-processa-por-difamacao\/#breadcrumb\",\"itemListElement\":[{\"@type\":\"ListItem\",\"position\":1,\"name\":\"In\u00edcio\",\"item\":\"https:\/\/portaltela.pt\/\"},{\"@type\":\"ListItem\",\"position\":2,\"name\":\"Rugby de Set\u00fabal acusa CRAV de racismo e agress\u00e3o; CRAV processa por difama\u00e7\u00e3o\"}]},{\"@type\":\"WebSite\",\"@id\":\"https:\/\/portaltela.pt\/#website\",\"url\":\"https:\/\/portaltela.pt\/\",\"name\":\"Portal Tela Portugal\",\"description\":\"\",\"potentialAction\":[{\"@type\":\"SearchAction\",\"target\":{\"@type\":\"EntryPoint\",\"urlTemplate\":\"https:\/\/portaltela.pt\/?s={search_term_string}\"},\"query-input\":{\"@type\":\"PropertyValueSpecification\",\"valueRequired\":true,\"valueName\":\"search_term_string\"}}],\"inLanguage\":\"pt-PT\"},{\"@type\":\"Person\",\"@id\":\"https:\/\/portaltela.pt\/#\/schema\/person\/c4278d4a6028830caff9ee44b42d32ed\",\"name\":\"Telinha\",\"image\":{\"@type\":\"ImageObject\",\"inLanguage\":\"pt-PT\",\"@id\":\"https:\/\/portaltela.pt\/s.01k8rhncp4jt1\/2025\/11\/talking-bot-125x125.png\",\"url\":\"https:\/\/portaltela.pt\/s.01k8rhncp4jt1\/2025\/11\/talking-bot-125x125.png\",\"contentUrl\":\"https:\/\/portaltela.pt\/s.01k8rhncp4jt1\/2025\/11\/talking-bot-125x125.png\",\"caption\":\"Telinha\"},\"sameAs\":[\"https:\/\/portaltela.pt\/\"],\"url\":\"https:\/\/portaltela.pt\/por\/367410592786\/\"}]}<\/script>\n<!-- \/ Yoast SEO plugin. -->","yoast_head_json":{"title":"Rugby de Set\u00fabal acusa CRAV de racismo e agress\u00e3o; CRAV processa por difama\u00e7\u00e3o - Portal Tela Portugal","robots":{"index":"index","follow":"follow","max-snippet":"max-snippet:-1","max-image-preview":"max-image-preview:large","max-video-preview":"max-video-preview:-1"},"og_locale":"pt_PT","og_type":"article","og_title":"Rugby de Set\u00fabal acusa CRAV de racismo e agress\u00e3o; CRAV processa por difama\u00e7\u00e3o - Portal Tela Portugal","og_description":"O Clube de Rugby de Set\u00fabal acusa adeptos do CRAV (Clube de Rugby de Arcos de Valdevez) de racismo, xenofobia e agress\u00e3o durante o jogo disputado no campo do advers\u00e1rio, no s\u00e1bado. O assunto surge numa altura em que o tema racismo est\u00e1 em destaque no desporto. O Clube de Rugby de Set\u00fabal divulgou um comunicado com as acusa\u00e7\u00f5es. O CRAV respondeu nas redes sociais, negando as acusa\u00e7\u00f5es, anunciando corte de rela\u00e7\u00f5es com Set\u00fabal e a inten\u00e7\u00e3o de apresentar uma queixa por difama\u00e7\u00e3o no tribunal civil.","og_url":"https:\/\/portaltela.pt\/noticias\/2026\/02\/22\/rugby-de-setubal-acusa-crav-de-racismo-e-agressao-crav-processa-por-difamacao\/","og_site_name":"Portal Tela Portugal","article_published_time":"2026-02-22T17:02:46+00:00","author":"Telinha","twitter_card":"summary_large_image","twitter_misc":{"Escrito por":"Telinha","Tempo estimado de leitura":"1 minuto"},"schema":{"@context":"https:\/\/schema.org","@graph":[{"@type":"Article","@id":"https:\/\/portaltela.pt\/noticias\/2026\/02\/22\/rugby-de-setubal-acusa-crav-de-racismo-e-agressao-crav-processa-por-difamacao\/#article","isPartOf":{"@id":"https:\/\/portaltela.pt\/noticias\/2026\/02\/22\/rugby-de-setubal-acusa-crav-de-racismo-e-agressao-crav-processa-por-difamacao\/"},"author":{"name":"Telinha","@id":"https:\/\/portaltela.pt\/#\/schema\/person\/c4278d4a6028830caff9ee44b42d32ed"},"headline":"Rugby de Set\u00fabal acusa CRAV de racismo e agress\u00e3o; CRAV processa por difama\u00e7\u00e3o","datePublished":"2026-02-22T17:02:46+00:00","mainEntityOfPage":{"@id":"https:\/\/portaltela.pt\/noticias\/2026\/02\/22\/rugby-de-setubal-acusa-crav-de-racismo-e-agressao-crav-processa-por-difamacao\/"},"wordCount":221,"image":{"@id":"https:\/\/portaltela.pt\/noticias\/2026\/02\/22\/rugby-de-setubal-acusa-crav-de-racismo-e-agressao-crav-processa-por-difamacao\/#primaryimage"},"thumbnailUrl":"https:\/\/portaltela.pt\/s.01k8rhncp4jt1\/2026\/02\/img_920x518uu2026-02-22-17-02-38-2423117.jpg","keywords":["Arcos de Valdevez","desporto","difama\u00e7\u00e3o","racismo","Set\u00fabal","xen\u00f3fobos"],"articleSection":["Desporto"],"inLanguage":"pt-PT"},{"@type":"WebPage","@id":"https:\/\/portaltela.pt\/noticias\/2026\/02\/22\/rugby-de-setubal-acusa-crav-de-racismo-e-agressao-crav-processa-por-difamacao\/","url":"https:\/\/portaltela.pt\/noticias\/2026\/02\/22\/rugby-de-setubal-acusa-crav-de-racismo-e-agressao-crav-processa-por-difamacao\/","name":"Rugby de Set\u00fabal acusa CRAV de racismo e agress\u00e3o; CRAV processa por difama\u00e7\u00e3o - Portal Tela Portugal","isPartOf":{"@id":"https:\/\/portaltela.pt\/#website"},"primaryImageOfPage":{"@id":"https:\/\/portaltela.pt\/noticias\/2026\/02\/22\/rugby-de-setubal-acusa-crav-de-racismo-e-agressao-crav-processa-por-difamacao\/#primaryimage"},"image":{"@id":"https:\/\/portaltela.pt\/noticias\/2026\/02\/22\/rugby-de-setubal-acusa-crav-de-racismo-e-agressao-crav-processa-por-difamacao\/#primaryimage"},"thumbnailUrl":"https:\/\/portaltela.pt\/s.01k8rhncp4jt1\/2026\/02\/img_920x518uu2026-02-22-17-02-38-2423117.jpg","datePublished":"2026-02-22T17:02:46+00:00","author":{"@id":"https:\/\/portaltela.pt\/#\/schema\/person\/c4278d4a6028830caff9ee44b42d32ed"},"breadcrumb":{"@id":"https:\/\/portaltela.pt\/noticias\/2026\/02\/22\/rugby-de-setubal-acusa-crav-de-racismo-e-agressao-crav-processa-por-difamacao\/#breadcrumb"},"inLanguage":"pt-PT","potentialAction":[{"@type":"ReadAction","target":["https:\/\/portaltela.pt\/noticias\/2026\/02\/22\/rugby-de-setubal-acusa-crav-de-racismo-e-agressao-crav-processa-por-difamacao\/"]}]},{"@type":"ImageObject","inLanguage":"pt-PT","@id":"https:\/\/portaltela.pt\/noticias\/2026\/02\/22\/rugby-de-setubal-acusa-crav-de-racismo-e-agressao-crav-processa-por-difamacao\/#primaryimage","url":"https:\/\/portaltela.pt\/s.01k8rhncp4jt1\/2026\/02\/img_920x518uu2026-02-22-17-02-38-2423117.jpg","contentUrl":"https:\/\/portaltela.pt\/s.01k8rhncp4jt1\/2026\/02\/img_920x518uu2026-02-22-17-02-38-2423117.jpg","width":796,"height":448,"caption":"Clube de Rugby de Set\u00fabal"},{"@type":"BreadcrumbList","@id":"https:\/\/portaltela.pt\/noticias\/2026\/02\/22\/rugby-de-setubal-acusa-crav-de-racismo-e-agressao-crav-processa-por-difamacao\/#breadcrumb","itemListElement":[{"@type":"ListItem","position":1,"name":"In\u00edcio","item":"https:\/\/portaltela.pt\/"},{"@type":"ListItem","position":2,"name":"Rugby de Set\u00fabal acusa CRAV de racismo e agress\u00e3o; CRAV processa por difama\u00e7\u00e3o"}]},{"@type":"WebSite","@id":"https:\/\/portaltela.pt\/#website","url":"https:\/\/portaltela.pt\/","name":"Portal Tela Portugal","description":"","potentialAction":[{"@type":"SearchAction","target":{"@type":"EntryPoint","urlTemplate":"https:\/\/portaltela.pt\/?s={search_term_string}"},"query-input":{"@type":"PropertyValueSpecification","valueRequired":true,"valueName":"search_term_string"}}],"inLanguage":"pt-PT"},{"@type":"Person","@id":"https:\/\/portaltela.pt\/#\/schema\/person\/c4278d4a6028830caff9ee44b42d32ed","name":"Telinha","image":{"@type":"ImageObject","inLanguage":"pt-PT","@id":"https:\/\/portaltela.pt\/s.01k8rhncp4jt1\/2025\/11\/talking-bot-125x125.png","url":"https:\/\/portaltela.pt\/s.01k8rhncp4jt1\/2025\/11\/talking-bot-125x125.png","contentUrl":"https:\/\/portaltela.pt\/s.01k8rhncp4jt1\/2025\/11\/talking-bot-125x125.png","caption":"Telinha"},"sameAs":["https:\/\/portaltela.pt\/"],"url":"https:\/\/portaltela.pt\/por\/367410592786\/"}]}},"_links":{"self":[{"href":"https:\/\/portaltela.pt\/api\/wp\/v2\/posts\/221769","targetHints":{"allow":["GET"]}}],"collection":[{"href":"https:\/\/portaltela.pt\/api\/wp\/v2\/posts"}],"about":[{"href":"https:\/\/portaltela.pt\/api\/wp\/v2\/types\/post"}],"author":[{"embeddable":true,"href":"https:\/\/portaltela.pt\/api\/wp\/v2\/users\/2"}],"replies":[{"embeddable":true,"href":"https:\/\/portaltela.pt\/api\/wp\/v2\/comments?post=221769"}],"version-history":[{"count":0,"href":"https:\/\/portaltela.pt\/api\/wp\/v2\/posts\/221769\/revisions"}],"wp:featuredmedia":[{"embeddable":true,"href":"https:\/\/portaltela.pt\/api\/wp\/v2\/media\/221770"}],"wp:attachment":[{"href":"https:\/\/portaltela.pt\/api\/wp\/v2\/media?parent=221769"}],"wp:term":[{"taxonomy":"category","embeddable":true,"href":"https:\/\/portaltela.pt\/api\/wp\/v2\/categories?post=221769"},{"taxonomy":"post_tag","embeddable":true,"href":"https:\/\/portaltela.pt\/api\/wp\/v2\/tags?post=221769"}],"curies":[{"name":"wp","href":"https:\/\/api.w.org\/{rel}","templated":true}]}}