{"id":221764,"date":"2026-02-22T13:54:18","date_gmt":"2026-02-22T16:54:18","guid":{"rendered":"https:\/\/portaltela.pt\/noticias\/2026\/02\/22\/paul-seixas-fica-em-2-o-na-geral-do-algarve\/"},"modified":"2026-02-22T13:54:18","modified_gmt":"2026-02-22T16:54:18","slug":"paul-seixas-fica-em-2-o-na-geral-do-algarve","status":"publish","type":"post","link":"https:\/\/portaltela.pt\/desporto\/2026\/02\/22\/paul-seixas-fica-em-2-o-na-geral-do-algarve\/","title":{"rendered":"Paul Seixas fica em 2.\u00ba na geral do Algarve"},"content":{"rendered":"<p>Ao final da Volta ao Algarve, disputada no Algarve, em Portugal, Juan Ayuso (Lidl-Trek) sagrou-se vencedor, com Paul Seixas (Decathlon) a terminar na segunda posi\u00e7\u00e3o, a 14 segundos. O franc\u00eas completou o Malh\u00e3o na terceira posi\u00e7\u00e3o, atr\u00e1s de Ayuso e de Oscar Onley (INEOS).<\/p>\n<p>Seixas, que celebrou a vit\u00f3ria noutra etapa, terminou a prova como o segundo lugar na geral, confirmando uma estreia promissora na Algarvia. O gaul\u00eas com ra\u00edzes portuguesas ficou a 14 segundos do vencedor, ap\u00f3s uma chegada marcada pela superioridade de Ayuso no Malh\u00e3o.<\/p>\n<p>O franc\u00eas, de 19 anos, reconheceu que o sprint final foi menos duro do que a etapa com subida, admitindo ter sido superado por dois rivais mais fortes. No top-5 geral ficou o portugu\u00eas Jo\u00e3o Almeida, 3.\u00ba, a 45 segundos de Seixas, num in\u00edcio de \u00e9poca considerado positivo pela equipa.<\/p>\n<h3>Resultados finais e impactos<\/h3>\n<p>Ayuso consolidou a lideran\u00e7a na geral, com Onley em 2.\u00ba e Seixas em 2.\u00ba lugar na classifica\u00e7\u00e3o final. A conquista confirma o arranque consistente para a temporada por parte do Lidl-Trek e refor\u00e7a o perfil ascendente de Seixas na competi\u00e7\u00e3o portuguesa.<\/p>\n","protected":false},"excerpt":{"rendered":"<ul>\n<li>Paul Seixas, da Decathlon, terminou no 2.\u00ba lugar na Volta ao Algarve, a 14 segundos do vencedor Juan Ayuso.<\/li>\n<li>No Alto do Malh\u00e3o, o franc\u00eas ficou em 3.\u00ba, com Oscar Onley (INEOS) a vencer a etapa e Ayuso a manter a lideran\u00e7a.<\/li>\n<li>Seixas venceu a segunda etapa, ao subir ao topo do Alto da F\u00f3ia, marcando a sua primeira vit\u00f3ria numa etapa da prova.<\/li>\n<li>Jo\u00e3o Almeida ficou em 3.\u00ba na geral, a 45 segundos do 2.\u00ba classificado.<\/li>\n<li>O ciclista de 19 anos afirmou estar satisfeito com o come\u00e7o de \u00e9poca e que ainda h\u00e1 aspetos a trabalhar.<\/li>\n<\/ul>\n","protected":false},"author":2,"featured_media":221765,"comment_status":"closed","ping_status":"closed","sticky":false,"template":"","format":"standard","meta":{"footnotes":""},"categories":[21],"tags":[928,923,152,6148,6083,6236],"class_list":["post-221764","post","type-post","status-publish","format-standard","has-post-thumbnail","hentry","category-desporto","tag-algarve","tag-ciclismo","tag-desporto","tag-joao-almeida","tag-lidl-trek","tag-paul-seixas"],"yoast_head":"<!-- This site is optimized with the Yoast SEO plugin v27.2 - https:\/\/yoast.com\/product\/yoast-seo-wordpress\/ -->\n<title>Paul Seixas fica em 2.\u00ba na geral do Algarve - Portal Tela Portugal<\/title>\n<meta name=\"robots\" content=\"index, follow, max-snippet:-1, max-image-preview:large, max-video-preview:-1\" \/>\n<meta property=\"og:locale\" content=\"pt_PT\" \/>\n<meta property=\"og:type\" content=\"article\" \/>\n<meta property=\"og:title\" content=\"Paul Seixas fica em 2.\u00ba na geral do Algarve - Portal Tela Portugal\" \/>\n<meta property=\"og:description\" content=\"Paul Seixas, da Decathlon, terminou no 2.\u00ba lugar na Volta ao Algarve, a 14 segundos do vencedor Juan Ayuso. No Alto do Malh\u00e3o, o franc\u00eas ficou em 3.\u00ba, com Oscar Onley (INEOS) a vencer a etapa e Ayuso a manter a lideran\u00e7a. Seixas venceu a segunda etapa, ao subir ao topo do Alto da F\u00f3ia, marcando a sua primeira vit\u00f3ria numa etapa da prova. Jo\u00e3o Almeida ficou em 3.\u00ba na geral, a 45 segundos do 2.\u00ba classificado. O ciclista de 19 anos afirmou estar satisfeito com o come\u00e7o de \u00e9poca e que ainda h\u00e1 aspetos a trabalhar.\" \/>\n<meta property=\"og:url\" content=\"https:\/\/portaltela.pt\/noticias\/2026\/02\/22\/paul-seixas-fica-em-2-o-na-geral-do-algarve\/\" \/>\n<meta property=\"og:site_name\" content=\"Portal Tela Portugal\" \/>\n<meta property=\"article:published_time\" content=\"2026-02-22T16:54:18+00:00\" \/>\n<meta name=\"author\" content=\"Telinha\" \/>\n<meta name=\"twitter:card\" content=\"summary_large_image\" \/>\n<meta name=\"twitter:label1\" content=\"Escrito por\" \/>\n\t<meta name=\"twitter:data1\" content=\"Telinha\" \/>\n\t<meta name=\"twitter:label2\" content=\"Tempo estimado de leitura\" \/>\n\t<meta name=\"twitter:data2\" content=\"1 minuto\" \/>\n<script type=\"application\/ld+json\" class=\"yoast-schema-graph\">{\"@context\":\"https:\/\/schema.org\",\"@graph\":[{\"@type\":\"Article\",\"@id\":\"https:\/\/portaltela.pt\/noticias\/2026\/02\/22\/paul-seixas-fica-em-2-o-na-geral-do-algarve\/#article\",\"isPartOf\":{\"@id\":\"https:\/\/portaltela.pt\/noticias\/2026\/02\/22\/paul-seixas-fica-em-2-o-na-geral-do-algarve\/\"},\"author\":{\"name\":\"Telinha\",\"@id\":\"https:\/\/portaltela.pt\/#\/schema\/person\/c4278d4a6028830caff9ee44b42d32ed\"},\"headline\":\"Paul Seixas fica em 2.\u00ba na geral do Algarve\",\"datePublished\":\"2026-02-22T16:54:18+00:00\",\"mainEntityOfPage\":{\"@id\":\"https:\/\/portaltela.pt\/noticias\/2026\/02\/22\/paul-seixas-fica-em-2-o-na-geral-do-algarve\/\"},\"wordCount\":201,\"image\":{\"@id\":\"https:\/\/portaltela.pt\/noticias\/2026\/02\/22\/paul-seixas-fica-em-2-o-na-geral-do-algarve\/#primaryimage\"},\"thumbnailUrl\":\"https:\/\/portaltela.pt\/s.01k8rhncp4jt1\/2026\/02\/img_920x518uu2026-02-22-16-52-54-2423115.jpg\",\"keywords\":[\"Algarve\",\"ciclismo\",\"desporto\",\"Jo\u00e3o Almeida\",\"Lidl-Trek\",\"Paul Seixas\"],\"articleSection\":[\"Desporto\"],\"inLanguage\":\"pt-PT\"},{\"@type\":\"WebPage\",\"@id\":\"https:\/\/portaltela.pt\/noticias\/2026\/02\/22\/paul-seixas-fica-em-2-o-na-geral-do-algarve\/\",\"url\":\"https:\/\/portaltela.pt\/noticias\/2026\/02\/22\/paul-seixas-fica-em-2-o-na-geral-do-algarve\/\",\"name\":\"Paul Seixas fica em 2.\u00ba na geral do Algarve - Portal Tela Portugal\",\"isPartOf\":{\"@id\":\"https:\/\/portaltela.pt\/#website\"},\"primaryImageOfPage\":{\"@id\":\"https:\/\/portaltela.pt\/noticias\/2026\/02\/22\/paul-seixas-fica-em-2-o-na-geral-do-algarve\/#primaryimage\"},\"image\":{\"@id\":\"https:\/\/portaltela.pt\/noticias\/2026\/02\/22\/paul-seixas-fica-em-2-o-na-geral-do-algarve\/#primaryimage\"},\"thumbnailUrl\":\"https:\/\/portaltela.pt\/s.01k8rhncp4jt1\/2026\/02\/img_920x518uu2026-02-22-16-52-54-2423115.jpg\",\"datePublished\":\"2026-02-22T16:54:18+00:00\",\"author\":{\"@id\":\"https:\/\/portaltela.pt\/#\/schema\/person\/c4278d4a6028830caff9ee44b42d32ed\"},\"breadcrumb\":{\"@id\":\"https:\/\/portaltela.pt\/noticias\/2026\/02\/22\/paul-seixas-fica-em-2-o-na-geral-do-algarve\/#breadcrumb\"},\"inLanguage\":\"pt-PT\",\"potentialAction\":[{\"@type\":\"ReadAction\",\"target\":[\"https:\/\/portaltela.pt\/noticias\/2026\/02\/22\/paul-seixas-fica-em-2-o-na-geral-do-algarve\/\"]}]},{\"@type\":\"ImageObject\",\"inLanguage\":\"pt-PT\",\"@id\":\"https:\/\/portaltela.pt\/noticias\/2026\/02\/22\/paul-seixas-fica-em-2-o-na-geral-do-algarve\/#primaryimage\",\"url\":\"https:\/\/portaltela.pt\/s.01k8rhncp4jt1\/2026\/02\/img_920x518uu2026-02-22-16-52-54-2423115.jpg\",\"contentUrl\":\"https:\/\/portaltela.pt\/s.01k8rhncp4jt1\/2026\/02\/img_920x518uu2026-02-22-16-52-54-2423115.jpg\",\"width\":796,\"height\":448,\"caption\":\"Paul Seixas agradado com performance na corrida algarvia\"},{\"@type\":\"BreadcrumbList\",\"@id\":\"https:\/\/portaltela.pt\/noticias\/2026\/02\/22\/paul-seixas-fica-em-2-o-na-geral-do-algarve\/#breadcrumb\",\"itemListElement\":[{\"@type\":\"ListItem\",\"position\":1,\"name\":\"In\u00edcio\",\"item\":\"https:\/\/portaltela.pt\/\"},{\"@type\":\"ListItem\",\"position\":2,\"name\":\"Paul Seixas fica em 2.\u00ba na geral do Algarve\"}]},{\"@type\":\"WebSite\",\"@id\":\"https:\/\/portaltela.pt\/#website\",\"url\":\"https:\/\/portaltela.pt\/\",\"name\":\"Portal Tela Portugal\",\"description\":\"\",\"potentialAction\":[{\"@type\":\"SearchAction\",\"target\":{\"@type\":\"EntryPoint\",\"urlTemplate\":\"https:\/\/portaltela.pt\/?s={search_term_string}\"},\"query-input\":{\"@type\":\"PropertyValueSpecification\",\"valueRequired\":true,\"valueName\":\"search_term_string\"}}],\"inLanguage\":\"pt-PT\"},{\"@type\":\"Person\",\"@id\":\"https:\/\/portaltela.pt\/#\/schema\/person\/c4278d4a6028830caff9ee44b42d32ed\",\"name\":\"Telinha\",\"image\":{\"@type\":\"ImageObject\",\"inLanguage\":\"pt-PT\",\"@id\":\"https:\/\/portaltela.pt\/s.01k8rhncp4jt1\/2025\/11\/talking-bot-125x125.png\",\"url\":\"https:\/\/portaltela.pt\/s.01k8rhncp4jt1\/2025\/11\/talking-bot-125x125.png\",\"contentUrl\":\"https:\/\/portaltela.pt\/s.01k8rhncp4jt1\/2025\/11\/talking-bot-125x125.png\",\"caption\":\"Telinha\"},\"sameAs\":[\"https:\/\/portaltela.pt\/\"],\"url\":\"https:\/\/portaltela.pt\/por\/367410592786\/\"}]}<\/script>\n<!-- \/ Yoast SEO plugin. -->","yoast_head_json":{"title":"Paul Seixas fica em 2.\u00ba na geral do Algarve - Portal Tela Portugal","robots":{"index":"index","follow":"follow","max-snippet":"max-snippet:-1","max-image-preview":"max-image-preview:large","max-video-preview":"max-video-preview:-1"},"og_locale":"pt_PT","og_type":"article","og_title":"Paul Seixas fica em 2.\u00ba na geral do Algarve - Portal Tela Portugal","og_description":"Paul Seixas, da Decathlon, terminou no 2.\u00ba lugar na Volta ao Algarve, a 14 segundos do vencedor Juan Ayuso. No Alto do Malh\u00e3o, o franc\u00eas ficou em 3.\u00ba, com Oscar Onley (INEOS) a vencer a etapa e Ayuso a manter a lideran\u00e7a. Seixas venceu a segunda etapa, ao subir ao topo do Alto da F\u00f3ia, marcando a sua primeira vit\u00f3ria numa etapa da prova. Jo\u00e3o Almeida ficou em 3.\u00ba na geral, a 45 segundos do 2.\u00ba classificado. O ciclista de 19 anos afirmou estar satisfeito com o come\u00e7o de \u00e9poca e que ainda h\u00e1 aspetos a trabalhar.","og_url":"https:\/\/portaltela.pt\/noticias\/2026\/02\/22\/paul-seixas-fica-em-2-o-na-geral-do-algarve\/","og_site_name":"Portal Tela Portugal","article_published_time":"2026-02-22T16:54:18+00:00","author":"Telinha","twitter_card":"summary_large_image","twitter_misc":{"Escrito por":"Telinha","Tempo estimado de leitura":"1 minuto"},"schema":{"@context":"https:\/\/schema.org","@graph":[{"@type":"Article","@id":"https:\/\/portaltela.pt\/noticias\/2026\/02\/22\/paul-seixas-fica-em-2-o-na-geral-do-algarve\/#article","isPartOf":{"@id":"https:\/\/portaltela.pt\/noticias\/2026\/02\/22\/paul-seixas-fica-em-2-o-na-geral-do-algarve\/"},"author":{"name":"Telinha","@id":"https:\/\/portaltela.pt\/#\/schema\/person\/c4278d4a6028830caff9ee44b42d32ed"},"headline":"Paul Seixas fica em 2.\u00ba na geral do Algarve","datePublished":"2026-02-22T16:54:18+00:00","mainEntityOfPage":{"@id":"https:\/\/portaltela.pt\/noticias\/2026\/02\/22\/paul-seixas-fica-em-2-o-na-geral-do-algarve\/"},"wordCount":201,"image":{"@id":"https:\/\/portaltela.pt\/noticias\/2026\/02\/22\/paul-seixas-fica-em-2-o-na-geral-do-algarve\/#primaryimage"},"thumbnailUrl":"https:\/\/portaltela.pt\/s.01k8rhncp4jt1\/2026\/02\/img_920x518uu2026-02-22-16-52-54-2423115.jpg","keywords":["Algarve","ciclismo","desporto","Jo\u00e3o Almeida","Lidl-Trek","Paul Seixas"],"articleSection":["Desporto"],"inLanguage":"pt-PT"},{"@type":"WebPage","@id":"https:\/\/portaltela.pt\/noticias\/2026\/02\/22\/paul-seixas-fica-em-2-o-na-geral-do-algarve\/","url":"https:\/\/portaltela.pt\/noticias\/2026\/02\/22\/paul-seixas-fica-em-2-o-na-geral-do-algarve\/","name":"Paul Seixas fica em 2.\u00ba na geral do Algarve - Portal Tela Portugal","isPartOf":{"@id":"https:\/\/portaltela.pt\/#website"},"primaryImageOfPage":{"@id":"https:\/\/portaltela.pt\/noticias\/2026\/02\/22\/paul-seixas-fica-em-2-o-na-geral-do-algarve\/#primaryimage"},"image":{"@id":"https:\/\/portaltela.pt\/noticias\/2026\/02\/22\/paul-seixas-fica-em-2-o-na-geral-do-algarve\/#primaryimage"},"thumbnailUrl":"https:\/\/portaltela.pt\/s.01k8rhncp4jt1\/2026\/02\/img_920x518uu2026-02-22-16-52-54-2423115.jpg","datePublished":"2026-02-22T16:54:18+00:00","author":{"@id":"https:\/\/portaltela.pt\/#\/schema\/person\/c4278d4a6028830caff9ee44b42d32ed"},"breadcrumb":{"@id":"https:\/\/portaltela.pt\/noticias\/2026\/02\/22\/paul-seixas-fica-em-2-o-na-geral-do-algarve\/#breadcrumb"},"inLanguage":"pt-PT","potentialAction":[{"@type":"ReadAction","target":["https:\/\/portaltela.pt\/noticias\/2026\/02\/22\/paul-seixas-fica-em-2-o-na-geral-do-algarve\/"]}]},{"@type":"ImageObject","inLanguage":"pt-PT","@id":"https:\/\/portaltela.pt\/noticias\/2026\/02\/22\/paul-seixas-fica-em-2-o-na-geral-do-algarve\/#primaryimage","url":"https:\/\/portaltela.pt\/s.01k8rhncp4jt1\/2026\/02\/img_920x518uu2026-02-22-16-52-54-2423115.jpg","contentUrl":"https:\/\/portaltela.pt\/s.01k8rhncp4jt1\/2026\/02\/img_920x518uu2026-02-22-16-52-54-2423115.jpg","width":796,"height":448,"caption":"Paul Seixas agradado com performance na corrida algarvia"},{"@type":"BreadcrumbList","@id":"https:\/\/portaltela.pt\/noticias\/2026\/02\/22\/paul-seixas-fica-em-2-o-na-geral-do-algarve\/#breadcrumb","itemListElement":[{"@type":"ListItem","position":1,"name":"In\u00edcio","item":"https:\/\/portaltela.pt\/"},{"@type":"ListItem","position":2,"name":"Paul Seixas fica em 2.\u00ba na geral do Algarve"}]},{"@type":"WebSite","@id":"https:\/\/portaltela.pt\/#website","url":"https:\/\/portaltela.pt\/","name":"Portal Tela Portugal","description":"","potentialAction":[{"@type":"SearchAction","target":{"@type":"EntryPoint","urlTemplate":"https:\/\/portaltela.pt\/?s={search_term_string}"},"query-input":{"@type":"PropertyValueSpecification","valueRequired":true,"valueName":"search_term_string"}}],"inLanguage":"pt-PT"},{"@type":"Person","@id":"https:\/\/portaltela.pt\/#\/schema\/person\/c4278d4a6028830caff9ee44b42d32ed","name":"Telinha","image":{"@type":"ImageObject","inLanguage":"pt-PT","@id":"https:\/\/portaltela.pt\/s.01k8rhncp4jt1\/2025\/11\/talking-bot-125x125.png","url":"https:\/\/portaltela.pt\/s.01k8rhncp4jt1\/2025\/11\/talking-bot-125x125.png","contentUrl":"https:\/\/portaltela.pt\/s.01k8rhncp4jt1\/2025\/11\/talking-bot-125x125.png","caption":"Telinha"},"sameAs":["https:\/\/portaltela.pt\/"],"url":"https:\/\/portaltela.pt\/por\/367410592786\/"}]}},"_links":{"self":[{"href":"https:\/\/portaltela.pt\/api\/wp\/v2\/posts\/221764","targetHints":{"allow":["GET"]}}],"collection":[{"href":"https:\/\/portaltela.pt\/api\/wp\/v2\/posts"}],"about":[{"href":"https:\/\/portaltela.pt\/api\/wp\/v2\/types\/post"}],"author":[{"embeddable":true,"href":"https:\/\/portaltela.pt\/api\/wp\/v2\/users\/2"}],"replies":[{"embeddable":true,"href":"https:\/\/portaltela.pt\/api\/wp\/v2\/comments?post=221764"}],"version-history":[{"count":0,"href":"https:\/\/portaltela.pt\/api\/wp\/v2\/posts\/221764\/revisions"}],"wp:featuredmedia":[{"embeddable":true,"href":"https:\/\/portaltela.pt\/api\/wp\/v2\/media\/221765"}],"wp:attachment":[{"href":"https:\/\/portaltela.pt\/api\/wp\/v2\/media?parent=221764"}],"wp:term":[{"taxonomy":"category","embeddable":true,"href":"https:\/\/portaltela.pt\/api\/wp\/v2\/categories?post=221764"},{"taxonomy":"post_tag","embeddable":true,"href":"https:\/\/portaltela.pt\/api\/wp\/v2\/tags?post=221764"}],"curies":[{"name":"wp","href":"https:\/\/api.w.org\/{rel}","templated":true}]}}