{"id":221737,"date":"2026-02-22T13:39:40","date_gmt":"2026-02-22T16:39:40","guid":{"rendered":"https:\/\/portaltela.pt\/noticias\/2026\/02\/22\/ayuso-diz-que-terminar-a-frente-da-emirates-e-o-que-interessa\/"},"modified":"2026-02-22T13:39:40","modified_gmt":"2026-02-22T16:39:40","slug":"ayuso-diz-que-terminar-a-frente-da-emirates-e-o-que-interessa","status":"publish","type":"post","link":"https:\/\/portaltela.pt\/desporto\/2026\/02\/22\/ayuso-diz-que-terminar-a-frente-da-emirates-e-o-que-interessa\/","title":{"rendered":"Ayuso diz que terminar \u00e0 frente da Emirates \u00e9 o que interessa"},"content":{"rendered":"<p>Juan Ayuso (Lidl-Trek) confirmou a camisola amarela na 52.\u00aa Volta ao Algarve ao vencer a 5.\u00aa e \u00faltima etapa no Alto do Malh\u00e3o, em Loul\u00e9. A vit\u00f3ria encerrou a prova, assumindo a lideran\u00e7a desde a etapa decisiva.<\/p>\n<p>Foi a estreia de Ayuso com a Lidl-Trek e a primeira vit\u00f3ria da equipa na competi\u00e7\u00e3o. O triunfo na geral refor\u00e7a o bom desempenho da forma\u00e7\u00e3o ao longo da semana, com uma corrida marcada por press\u00f5es elevadas e temperaturas agrad\u00e1veis.<\/p>\n<p>Ayuso descreveu a prova como dura e necess\u00e1ria para o come\u00e7o de \u00e9poca, destacando o papel da equipa na obten\u00e7\u00e3o do resultado. O piloto espanhol mostrou satisfa\u00e7\u00e3o com o desempenho, admitindo possibilidade de regressar \u00e0 prova no futuro.<\/p>\n<h3>Lideran\u00e7a e rea\u00e7\u00e3o \u00e0 rivalidade com a Emirates<\/h3>\n<p>Ayuso afirmou que terminar \u00e0 frente da antiga equipa teve significado especial, mas refor\u00e7ou que o foco esteve em entregar o melhor resultado para a Lidl-Trek. A vit\u00f3ria consolidou a lideran\u00e7a na classifica\u00e7\u00e3o geral da prova.<\/p>\n","protected":false},"excerpt":{"rendered":"<ul>\n<li>Juan Ayuso (Lidl-Trek) confirmou a camisola amarela ao vencer a quinta e \u00faltima etapa no Alto do Malh\u00e3o, em Loul\u00e9.<\/li>\n<li>Com a vit\u00f3ria, assegurou o triunfo na geral da 52.\u00aa Volta ao Algarve, na primeira corrida pela nova equipa.<\/li>\n<li>O piloto espanhol mostrou-se feliz com o come\u00e7o de \u00e9poca, elogiando a prova, a equipa e a prepara\u00e7\u00e3o que a corrida proporcionou.<\/li>\n<li>Admitiu que n\u00e3o ganhou no Alto da F\u00f3ia, mas ficou contente com a vit\u00f3ria e com a possibilidade de regressar \u00e0 prova no futuro.<\/li>\n<li>Sobre terminar \u00e0 frente da Emirates, a ex-equipa, disse tratar-se de um prazer especial, mas sustentou que o foco era obter o melhor resultado para a Lidl-Trek.<\/li>\n<\/ul>\n","protected":false},"author":2,"featured_media":221741,"comment_status":"closed","ping_status":"closed","sticky":false,"template":"","format":"standard","meta":{"footnotes":""},"categories":[21],"tags":[923,3504,6069,6083,1014],"class_list":["post-221737","post","type-post","status-publish","format-standard","has-post-thumbnail","hentry","category-desporto","tag-ciclismo","tag-corridas","tag-emirates","tag-lidl-trek","tag-portugal"],"yoast_head":"<!-- This site is optimized with the Yoast SEO plugin v27.2 - https:\/\/yoast.com\/product\/yoast-seo-wordpress\/ -->\n<title>Ayuso diz que terminar \u00e0 frente da Emirates \u00e9 o que interessa - Portal Tela Portugal<\/title>\n<meta name=\"robots\" content=\"index, follow, max-snippet:-1, max-image-preview:large, max-video-preview:-1\" \/>\n<meta property=\"og:locale\" content=\"pt_PT\" \/>\n<meta property=\"og:type\" content=\"article\" \/>\n<meta property=\"og:title\" content=\"Ayuso diz que terminar \u00e0 frente da Emirates \u00e9 o que interessa - Portal Tela Portugal\" \/>\n<meta property=\"og:description\" content=\"Juan Ayuso (Lidl-Trek) confirmou a camisola amarela ao vencer a quinta e \u00faltima etapa no Alto do Malh\u00e3o, em Loul\u00e9. Com a vit\u00f3ria, assegurou o triunfo na geral da 52.\u00aa Volta ao Algarve, na primeira corrida pela nova equipa. O piloto espanhol mostrou-se feliz com o come\u00e7o de \u00e9poca, elogiando a prova, a equipa e a prepara\u00e7\u00e3o que a corrida proporcionou. Admitiu que n\u00e3o ganhou no Alto da F\u00f3ia, mas ficou contente com a vit\u00f3ria e com a possibilidade de regressar \u00e0 prova no futuro. Sobre terminar \u00e0 frente da Emirates, a ex-equipa, disse tratar-se de um prazer especial, mas sustentou que o foco era obter o melhor resultado para a Lidl-Trek.\" \/>\n<meta property=\"og:url\" content=\"https:\/\/portaltela.pt\/noticias\/2026\/02\/22\/ayuso-diz-que-terminar-a-frente-da-emirates-e-o-que-interessa\/\" \/>\n<meta property=\"og:site_name\" content=\"Portal Tela Portugal\" \/>\n<meta property=\"article:published_time\" content=\"2026-02-22T16:39:40+00:00\" \/>\n<meta name=\"author\" content=\"Telinha\" \/>\n<meta name=\"twitter:card\" content=\"summary_large_image\" \/>\n<meta name=\"twitter:label1\" content=\"Escrito por\" \/>\n\t<meta name=\"twitter:data1\" content=\"Telinha\" \/>\n\t<meta name=\"twitter:label2\" content=\"Tempo estimado de leitura\" \/>\n\t<meta name=\"twitter:data2\" content=\"1 minuto\" \/>\n<script type=\"application\/ld+json\" class=\"yoast-schema-graph\">{\"@context\":\"https:\/\/schema.org\",\"@graph\":[{\"@type\":\"Article\",\"@id\":\"https:\/\/portaltela.pt\/noticias\/2026\/02\/22\/ayuso-diz-que-terminar-a-frente-da-emirates-e-o-que-interessa\/#article\",\"isPartOf\":{\"@id\":\"https:\/\/portaltela.pt\/noticias\/2026\/02\/22\/ayuso-diz-que-terminar-a-frente-da-emirates-e-o-que-interessa\/\"},\"author\":{\"name\":\"Telinha\",\"@id\":\"https:\/\/portaltela.pt\/#\/schema\/person\/c4278d4a6028830caff9ee44b42d32ed\"},\"headline\":\"Ayuso diz que terminar \u00e0 frente da Emirates \u00e9 o que interessa\",\"datePublished\":\"2026-02-22T16:39:40+00:00\",\"mainEntityOfPage\":{\"@id\":\"https:\/\/portaltela.pt\/noticias\/2026\/02\/22\/ayuso-diz-que-terminar-a-frente-da-emirates-e-o-que-interessa\/\"},\"wordCount\":183,\"image\":{\"@id\":\"https:\/\/portaltela.pt\/noticias\/2026\/02\/22\/ayuso-diz-que-terminar-a-frente-da-emirates-e-o-que-interessa\/#primaryimage\"},\"thumbnailUrl\":\"https:\/\/portaltela.pt\/s.01k8rhncp4jt1\/2026\/02\/img_920x518uu2026-02-22-16-34-16-2423110.jpg\",\"keywords\":[\"ciclismo\",\"corridas\",\"Emirates\",\"Lidl-Trek\",\"Portugal\"],\"articleSection\":[\"Desporto\"],\"inLanguage\":\"pt-PT\"},{\"@type\":\"WebPage\",\"@id\":\"https:\/\/portaltela.pt\/noticias\/2026\/02\/22\/ayuso-diz-que-terminar-a-frente-da-emirates-e-o-que-interessa\/\",\"url\":\"https:\/\/portaltela.pt\/noticias\/2026\/02\/22\/ayuso-diz-que-terminar-a-frente-da-emirates-e-o-que-interessa\/\",\"name\":\"Ayuso diz que terminar \u00e0 frente da Emirates \u00e9 o que interessa - Portal Tela Portugal\",\"isPartOf\":{\"@id\":\"https:\/\/portaltela.pt\/#website\"},\"primaryImageOfPage\":{\"@id\":\"https:\/\/portaltela.pt\/noticias\/2026\/02\/22\/ayuso-diz-que-terminar-a-frente-da-emirates-e-o-que-interessa\/#primaryimage\"},\"image\":{\"@id\":\"https:\/\/portaltela.pt\/noticias\/2026\/02\/22\/ayuso-diz-que-terminar-a-frente-da-emirates-e-o-que-interessa\/#primaryimage\"},\"thumbnailUrl\":\"https:\/\/portaltela.pt\/s.01k8rhncp4jt1\/2026\/02\/img_920x518uu2026-02-22-16-34-16-2423110.jpg\",\"datePublished\":\"2026-02-22T16:39:40+00:00\",\"author\":{\"@id\":\"https:\/\/portaltela.pt\/#\/schema\/person\/c4278d4a6028830caff9ee44b42d32ed\"},\"breadcrumb\":{\"@id\":\"https:\/\/portaltela.pt\/noticias\/2026\/02\/22\/ayuso-diz-que-terminar-a-frente-da-emirates-e-o-que-interessa\/#breadcrumb\"},\"inLanguage\":\"pt-PT\",\"potentialAction\":[{\"@type\":\"ReadAction\",\"target\":[\"https:\/\/portaltela.pt\/noticias\/2026\/02\/22\/ayuso-diz-que-terminar-a-frente-da-emirates-e-o-que-interessa\/\"]}]},{\"@type\":\"ImageObject\",\"inLanguage\":\"pt-PT\",\"@id\":\"https:\/\/portaltela.pt\/noticias\/2026\/02\/22\/ayuso-diz-que-terminar-a-frente-da-emirates-e-o-que-interessa\/#primaryimage\",\"url\":\"https:\/\/portaltela.pt\/s.01k8rhncp4jt1\/2026\/02\/img_920x518uu2026-02-22-16-34-16-2423110.jpg\",\"contentUrl\":\"https:\/\/portaltela.pt\/s.01k8rhncp4jt1\/2026\/02\/img_920x518uu2026-02-22-16-34-16-2423110.jpg\",\"width\":796,\"height\":448,\"caption\":\"Juan Ayuso venceu etapa no Malh\u00e3o e confirmou triunfo na geral da Volta ao Algarve\"},{\"@type\":\"BreadcrumbList\",\"@id\":\"https:\/\/portaltela.pt\/noticias\/2026\/02\/22\/ayuso-diz-que-terminar-a-frente-da-emirates-e-o-que-interessa\/#breadcrumb\",\"itemListElement\":[{\"@type\":\"ListItem\",\"position\":1,\"name\":\"In\u00edcio\",\"item\":\"https:\/\/portaltela.pt\/\"},{\"@type\":\"ListItem\",\"position\":2,\"name\":\"Ayuso diz que terminar \u00e0 frente da Emirates \u00e9 o que interessa\"}]},{\"@type\":\"WebSite\",\"@id\":\"https:\/\/portaltela.pt\/#website\",\"url\":\"https:\/\/portaltela.pt\/\",\"name\":\"Portal Tela Portugal\",\"description\":\"\",\"potentialAction\":[{\"@type\":\"SearchAction\",\"target\":{\"@type\":\"EntryPoint\",\"urlTemplate\":\"https:\/\/portaltela.pt\/?s={search_term_string}\"},\"query-input\":{\"@type\":\"PropertyValueSpecification\",\"valueRequired\":true,\"valueName\":\"search_term_string\"}}],\"inLanguage\":\"pt-PT\"},{\"@type\":\"Person\",\"@id\":\"https:\/\/portaltela.pt\/#\/schema\/person\/c4278d4a6028830caff9ee44b42d32ed\",\"name\":\"Telinha\",\"image\":{\"@type\":\"ImageObject\",\"inLanguage\":\"pt-PT\",\"@id\":\"https:\/\/portaltela.pt\/s.01k8rhncp4jt1\/2025\/11\/talking-bot-125x125.png\",\"url\":\"https:\/\/portaltela.pt\/s.01k8rhncp4jt1\/2025\/11\/talking-bot-125x125.png\",\"contentUrl\":\"https:\/\/portaltela.pt\/s.01k8rhncp4jt1\/2025\/11\/talking-bot-125x125.png\",\"caption\":\"Telinha\"},\"sameAs\":[\"https:\/\/portaltela.pt\/\"],\"url\":\"https:\/\/portaltela.pt\/por\/367410592786\/\"}]}<\/script>\n<!-- \/ Yoast SEO plugin. -->","yoast_head_json":{"title":"Ayuso diz que terminar \u00e0 frente da Emirates \u00e9 o que interessa - Portal Tela Portugal","robots":{"index":"index","follow":"follow","max-snippet":"max-snippet:-1","max-image-preview":"max-image-preview:large","max-video-preview":"max-video-preview:-1"},"og_locale":"pt_PT","og_type":"article","og_title":"Ayuso diz que terminar \u00e0 frente da Emirates \u00e9 o que interessa - Portal Tela Portugal","og_description":"Juan Ayuso (Lidl-Trek) confirmou a camisola amarela ao vencer a quinta e \u00faltima etapa no Alto do Malh\u00e3o, em Loul\u00e9. Com a vit\u00f3ria, assegurou o triunfo na geral da 52.\u00aa Volta ao Algarve, na primeira corrida pela nova equipa. O piloto espanhol mostrou-se feliz com o come\u00e7o de \u00e9poca, elogiando a prova, a equipa e a prepara\u00e7\u00e3o que a corrida proporcionou. Admitiu que n\u00e3o ganhou no Alto da F\u00f3ia, mas ficou contente com a vit\u00f3ria e com a possibilidade de regressar \u00e0 prova no futuro. Sobre terminar \u00e0 frente da Emirates, a ex-equipa, disse tratar-se de um prazer especial, mas sustentou que o foco era obter o melhor resultado para a Lidl-Trek.","og_url":"https:\/\/portaltela.pt\/noticias\/2026\/02\/22\/ayuso-diz-que-terminar-a-frente-da-emirates-e-o-que-interessa\/","og_site_name":"Portal Tela Portugal","article_published_time":"2026-02-22T16:39:40+00:00","author":"Telinha","twitter_card":"summary_large_image","twitter_misc":{"Escrito por":"Telinha","Tempo estimado de leitura":"1 minuto"},"schema":{"@context":"https:\/\/schema.org","@graph":[{"@type":"Article","@id":"https:\/\/portaltela.pt\/noticias\/2026\/02\/22\/ayuso-diz-que-terminar-a-frente-da-emirates-e-o-que-interessa\/#article","isPartOf":{"@id":"https:\/\/portaltela.pt\/noticias\/2026\/02\/22\/ayuso-diz-que-terminar-a-frente-da-emirates-e-o-que-interessa\/"},"author":{"name":"Telinha","@id":"https:\/\/portaltela.pt\/#\/schema\/person\/c4278d4a6028830caff9ee44b42d32ed"},"headline":"Ayuso diz que terminar \u00e0 frente da Emirates \u00e9 o que interessa","datePublished":"2026-02-22T16:39:40+00:00","mainEntityOfPage":{"@id":"https:\/\/portaltela.pt\/noticias\/2026\/02\/22\/ayuso-diz-que-terminar-a-frente-da-emirates-e-o-que-interessa\/"},"wordCount":183,"image":{"@id":"https:\/\/portaltela.pt\/noticias\/2026\/02\/22\/ayuso-diz-que-terminar-a-frente-da-emirates-e-o-que-interessa\/#primaryimage"},"thumbnailUrl":"https:\/\/portaltela.pt\/s.01k8rhncp4jt1\/2026\/02\/img_920x518uu2026-02-22-16-34-16-2423110.jpg","keywords":["ciclismo","corridas","Emirates","Lidl-Trek","Portugal"],"articleSection":["Desporto"],"inLanguage":"pt-PT"},{"@type":"WebPage","@id":"https:\/\/portaltela.pt\/noticias\/2026\/02\/22\/ayuso-diz-que-terminar-a-frente-da-emirates-e-o-que-interessa\/","url":"https:\/\/portaltela.pt\/noticias\/2026\/02\/22\/ayuso-diz-que-terminar-a-frente-da-emirates-e-o-que-interessa\/","name":"Ayuso diz que terminar \u00e0 frente da Emirates \u00e9 o que interessa - Portal Tela Portugal","isPartOf":{"@id":"https:\/\/portaltela.pt\/#website"},"primaryImageOfPage":{"@id":"https:\/\/portaltela.pt\/noticias\/2026\/02\/22\/ayuso-diz-que-terminar-a-frente-da-emirates-e-o-que-interessa\/#primaryimage"},"image":{"@id":"https:\/\/portaltela.pt\/noticias\/2026\/02\/22\/ayuso-diz-que-terminar-a-frente-da-emirates-e-o-que-interessa\/#primaryimage"},"thumbnailUrl":"https:\/\/portaltela.pt\/s.01k8rhncp4jt1\/2026\/02\/img_920x518uu2026-02-22-16-34-16-2423110.jpg","datePublished":"2026-02-22T16:39:40+00:00","author":{"@id":"https:\/\/portaltela.pt\/#\/schema\/person\/c4278d4a6028830caff9ee44b42d32ed"},"breadcrumb":{"@id":"https:\/\/portaltela.pt\/noticias\/2026\/02\/22\/ayuso-diz-que-terminar-a-frente-da-emirates-e-o-que-interessa\/#breadcrumb"},"inLanguage":"pt-PT","potentialAction":[{"@type":"ReadAction","target":["https:\/\/portaltela.pt\/noticias\/2026\/02\/22\/ayuso-diz-que-terminar-a-frente-da-emirates-e-o-que-interessa\/"]}]},{"@type":"ImageObject","inLanguage":"pt-PT","@id":"https:\/\/portaltela.pt\/noticias\/2026\/02\/22\/ayuso-diz-que-terminar-a-frente-da-emirates-e-o-que-interessa\/#primaryimage","url":"https:\/\/portaltela.pt\/s.01k8rhncp4jt1\/2026\/02\/img_920x518uu2026-02-22-16-34-16-2423110.jpg","contentUrl":"https:\/\/portaltela.pt\/s.01k8rhncp4jt1\/2026\/02\/img_920x518uu2026-02-22-16-34-16-2423110.jpg","width":796,"height":448,"caption":"Juan Ayuso venceu etapa no Malh\u00e3o e confirmou triunfo na geral da Volta ao Algarve"},{"@type":"BreadcrumbList","@id":"https:\/\/portaltela.pt\/noticias\/2026\/02\/22\/ayuso-diz-que-terminar-a-frente-da-emirates-e-o-que-interessa\/#breadcrumb","itemListElement":[{"@type":"ListItem","position":1,"name":"In\u00edcio","item":"https:\/\/portaltela.pt\/"},{"@type":"ListItem","position":2,"name":"Ayuso diz que terminar \u00e0 frente da Emirates \u00e9 o que interessa"}]},{"@type":"WebSite","@id":"https:\/\/portaltela.pt\/#website","url":"https:\/\/portaltela.pt\/","name":"Portal Tela Portugal","description":"","potentialAction":[{"@type":"SearchAction","target":{"@type":"EntryPoint","urlTemplate":"https:\/\/portaltela.pt\/?s={search_term_string}"},"query-input":{"@type":"PropertyValueSpecification","valueRequired":true,"valueName":"search_term_string"}}],"inLanguage":"pt-PT"},{"@type":"Person","@id":"https:\/\/portaltela.pt\/#\/schema\/person\/c4278d4a6028830caff9ee44b42d32ed","name":"Telinha","image":{"@type":"ImageObject","inLanguage":"pt-PT","@id":"https:\/\/portaltela.pt\/s.01k8rhncp4jt1\/2025\/11\/talking-bot-125x125.png","url":"https:\/\/portaltela.pt\/s.01k8rhncp4jt1\/2025\/11\/talking-bot-125x125.png","contentUrl":"https:\/\/portaltela.pt\/s.01k8rhncp4jt1\/2025\/11\/talking-bot-125x125.png","caption":"Telinha"},"sameAs":["https:\/\/portaltela.pt\/"],"url":"https:\/\/portaltela.pt\/por\/367410592786\/"}]}},"_links":{"self":[{"href":"https:\/\/portaltela.pt\/api\/wp\/v2\/posts\/221737","targetHints":{"allow":["GET"]}}],"collection":[{"href":"https:\/\/portaltela.pt\/api\/wp\/v2\/posts"}],"about":[{"href":"https:\/\/portaltela.pt\/api\/wp\/v2\/types\/post"}],"author":[{"embeddable":true,"href":"https:\/\/portaltela.pt\/api\/wp\/v2\/users\/2"}],"replies":[{"embeddable":true,"href":"https:\/\/portaltela.pt\/api\/wp\/v2\/comments?post=221737"}],"version-history":[{"count":0,"href":"https:\/\/portaltela.pt\/api\/wp\/v2\/posts\/221737\/revisions"}],"wp:featuredmedia":[{"embeddable":true,"href":"https:\/\/portaltela.pt\/api\/wp\/v2\/media\/221741"}],"wp:attachment":[{"href":"https:\/\/portaltela.pt\/api\/wp\/v2\/media?parent=221737"}],"wp:term":[{"taxonomy":"category","embeddable":true,"href":"https:\/\/portaltela.pt\/api\/wp\/v2\/categories?post=221737"},{"taxonomy":"post_tag","embeddable":true,"href":"https:\/\/portaltela.pt\/api\/wp\/v2\/tags?post=221737"}],"curies":[{"name":"wp","href":"https:\/\/api.w.org\/{rel}","templated":true}]}}