{"id":221716,"date":"2026-02-22T12:55:00","date_gmt":"2026-02-22T15:55:00","guid":{"rendered":"https:\/\/portaltela.pt\/noticias\/2026\/02\/22\/ayuso-vence-no-malhao-e-lidera-a-volta-ao-algarve\/"},"modified":"2026-02-22T12:55:00","modified_gmt":"2026-02-22T15:55:00","slug":"ayuso-vence-no-malhao-e-lidera-a-volta-ao-algarve","status":"publish","type":"post","link":"https:\/\/portaltela.pt\/desporto\/2026\/02\/22\/ayuso-vence-no-malhao-e-lidera-a-volta-ao-algarve\/","title":{"rendered":"Ayuso vence no Malh\u00e3o e lidera a Volta ao Algarve"},"content":{"rendered":"<p>O espanhol Juan Ayuso (Lidl Trek) venceu a 52.\u00aa Volta ao Algarve, conquistando a quinta etapa com chegada em alto no Malh\u00e3o, em Loul\u00e9. Aos 22 anos, o antigo colega de Jo\u00e3o Almeida na UAE Team Emirates-XRG triunfou pela primeira vez com a nova equipa.<\/p>\n<p>Jo\u00e3o Almeida terminou a etapa no quarto lugar e manteve-se no p\u00f3dio da classifica\u00e7\u00e3o geral, atr\u00e1s de Ayuso e de Paul Seixas (Decathlon CMA CGM Team). O resultado coloca Ayuso no topo da volta, com Seixas em segundo na geral.<\/p>\n<h3>Fuga do dia e press\u00e3o na classifica\u00e7\u00e3o<\/h3>\n<p>A fuga contou com nomes de relevo do pelot\u00e3o internacional, entre eles Julien Alaphilippe (Tudor Pro Cycling Team). A forma\u00e7\u00e3o portuguesa n\u00e3o teve representantes na fuga. Almeida lan\u00e7ou-se ao ataque na primeira subida ao Malh\u00e3o, ganhando vantagem sobre o grupo.<\/p>\n<p>Na frente, Alaphilippe e Maximilian Schachmann destacaram-se na contagem de montanha, mas uma queda isolou Alaphilippe. O franc\u00eas foi alcan\u00e7ado pelo pelot\u00e3o na aproxima\u00e7\u00e3o ao Malh\u00e3o, antes da segunda ascens\u00e3o.<\/p>\n","protected":false},"excerpt":{"rendered":"<ul>\n<li>Juan Ayuso (Lidl Trek) venceu a quinta etapa da 52.\u00aa Volta ao Algarve, com chegada em alto no Mar\u00e3o (Loul\u00e9), e conquistou a lideran\u00e7a da prova pela primeira vez pela nova equipa.<\/li>\n<li>O espanhol de 22 anos terminou no topo da etapa e subiu ao p\u00f3dio da classifica\u00e7\u00e3o geral, atr\u00e1s de Ayuso e de Paul Seixas (Decathlon CMA CGM Team).<\/li>\n<li>Jo\u00e3o Almeida terminou a etapa no quarto lugar e manteve-se no p\u00f3dio da classifica\u00e7\u00e3o geral final, na terceira posi\u00e7\u00e3o.<\/li>\n<li>A fuga do dia contou com nomes de relevo do pelot\u00e3o internacional, incluindo Julien Alaphilippe (Tudor Pro Cycling Team); nenhuma equipa nacional integrou os fugitivos.<\/li>\n<li>Durante a corrida, Alaphilippe manteve-se subsequente aos ataques, mas acabou por ser ultrapassado pelos perseguidores perto do fim, antes da segunda ascens\u00e3o ao Malh\u00e3o.<\/li>\n<\/ul>\n","protected":false},"author":2,"featured_media":221719,"comment_status":"closed","ping_status":"closed","sticky":false,"template":"","format":"standard","meta":{"footnotes":""},"categories":[21],"tags":[923,152,6236,1014],"class_list":["post-221716","post","type-post","status-publish","format-standard","has-post-thumbnail","hentry","category-desporto","tag-ciclismo","tag-desporto","tag-paul-seixas","tag-portugal"],"yoast_head":"<!-- This site is optimized with the Yoast SEO plugin v27.2 - https:\/\/yoast.com\/product\/yoast-seo-wordpress\/ -->\n<title>Ayuso vence no Malh\u00e3o e lidera a Volta ao Algarve - Portal Tela Portugal<\/title>\n<meta name=\"robots\" content=\"index, follow, max-snippet:-1, max-image-preview:large, max-video-preview:-1\" \/>\n<meta property=\"og:locale\" content=\"pt_PT\" \/>\n<meta property=\"og:type\" content=\"article\" \/>\n<meta property=\"og:title\" content=\"Ayuso vence no Malh\u00e3o e lidera a Volta ao Algarve - Portal Tela Portugal\" \/>\n<meta property=\"og:description\" content=\"Juan Ayuso (Lidl Trek) venceu a quinta etapa da 52.\u00aa Volta ao Algarve, com chegada em alto no Mar\u00e3o (Loul\u00e9), e conquistou a lideran\u00e7a da prova pela primeira vez pela nova equipa. O espanhol de 22 anos terminou no topo da etapa e subiu ao p\u00f3dio da classifica\u00e7\u00e3o geral, atr\u00e1s de Ayuso e de Paul Seixas (Decathlon CMA CGM Team). Jo\u00e3o Almeida terminou a etapa no quarto lugar e manteve-se no p\u00f3dio da classifica\u00e7\u00e3o geral final, na terceira posi\u00e7\u00e3o. A fuga do dia contou com nomes de relevo do pelot\u00e3o internacional, incluindo Julien Alaphilippe (Tudor Pro Cycling Team); nenhuma equipa nacional integrou os fugitivos. Durante a corrida, Alaphilippe manteve-se subsequente aos ataques, mas acabou por ser ultrapassado pelos perseguidores perto do fim, antes da segunda ascens\u00e3o ao Malh\u00e3o.\" \/>\n<meta property=\"og:url\" content=\"https:\/\/portaltela.pt\/noticias\/2026\/02\/22\/ayuso-vence-no-malhao-e-lidera-a-volta-ao-algarve\/\" \/>\n<meta property=\"og:site_name\" content=\"Portal Tela Portugal\" \/>\n<meta property=\"article:published_time\" content=\"2026-02-22T15:55:00+00:00\" \/>\n<meta name=\"author\" content=\"Telinha\" \/>\n<meta name=\"twitter:card\" content=\"summary_large_image\" \/>\n<meta name=\"twitter:label1\" content=\"Escrito por\" \/>\n\t<meta name=\"twitter:data1\" content=\"Telinha\" \/>\n\t<meta name=\"twitter:label2\" content=\"Tempo estimado de leitura\" \/>\n\t<meta name=\"twitter:data2\" content=\"1 minuto\" \/>\n<script type=\"application\/ld+json\" class=\"yoast-schema-graph\">{\"@context\":\"https:\/\/schema.org\",\"@graph\":[{\"@type\":\"Article\",\"@id\":\"https:\/\/portaltela.pt\/noticias\/2026\/02\/22\/ayuso-vence-no-malhao-e-lidera-a-volta-ao-algarve\/#article\",\"isPartOf\":{\"@id\":\"https:\/\/portaltela.pt\/noticias\/2026\/02\/22\/ayuso-vence-no-malhao-e-lidera-a-volta-ao-algarve\/\"},\"author\":{\"name\":\"Telinha\",\"@id\":\"https:\/\/portaltela.pt\/#\/schema\/person\/c4278d4a6028830caff9ee44b42d32ed\"},\"headline\":\"Ayuso vence no Malh\u00e3o e lidera a Volta ao Algarve\",\"datePublished\":\"2026-02-22T15:55:00+00:00\",\"mainEntityOfPage\":{\"@id\":\"https:\/\/portaltela.pt\/noticias\/2026\/02\/22\/ayuso-vence-no-malhao-e-lidera-a-volta-ao-algarve\/\"},\"wordCount\":190,\"image\":{\"@id\":\"https:\/\/portaltela.pt\/noticias\/2026\/02\/22\/ayuso-vence-no-malhao-e-lidera-a-volta-ao-algarve\/#primaryimage\"},\"thumbnailUrl\":\"https:\/\/portaltela.pt\/s.01k8rhncp4jt1\/2026\/02\/2068950.jpg\",\"keywords\":[\"ciclismo\",\"desporto\",\"Paul Seixas\",\"Portugal\"],\"articleSection\":[\"Desporto\"],\"inLanguage\":\"pt-PT\"},{\"@type\":\"WebPage\",\"@id\":\"https:\/\/portaltela.pt\/noticias\/2026\/02\/22\/ayuso-vence-no-malhao-e-lidera-a-volta-ao-algarve\/\",\"url\":\"https:\/\/portaltela.pt\/noticias\/2026\/02\/22\/ayuso-vence-no-malhao-e-lidera-a-volta-ao-algarve\/\",\"name\":\"Ayuso vence no Malh\u00e3o e lidera a Volta ao Algarve - Portal Tela Portugal\",\"isPartOf\":{\"@id\":\"https:\/\/portaltela.pt\/#website\"},\"primaryImageOfPage\":{\"@id\":\"https:\/\/portaltela.pt\/noticias\/2026\/02\/22\/ayuso-vence-no-malhao-e-lidera-a-volta-ao-algarve\/#primaryimage\"},\"image\":{\"@id\":\"https:\/\/portaltela.pt\/noticias\/2026\/02\/22\/ayuso-vence-no-malhao-e-lidera-a-volta-ao-algarve\/#primaryimage\"},\"thumbnailUrl\":\"https:\/\/portaltela.pt\/s.01k8rhncp4jt1\/2026\/02\/2068950.jpg\",\"datePublished\":\"2026-02-22T15:55:00+00:00\",\"author\":{\"@id\":\"https:\/\/portaltela.pt\/#\/schema\/person\/c4278d4a6028830caff9ee44b42d32ed\"},\"breadcrumb\":{\"@id\":\"https:\/\/portaltela.pt\/noticias\/2026\/02\/22\/ayuso-vence-no-malhao-e-lidera-a-volta-ao-algarve\/#breadcrumb\"},\"inLanguage\":\"pt-PT\",\"potentialAction\":[{\"@type\":\"ReadAction\",\"target\":[\"https:\/\/portaltela.pt\/noticias\/2026\/02\/22\/ayuso-vence-no-malhao-e-lidera-a-volta-ao-algarve\/\"]}]},{\"@type\":\"ImageObject\",\"inLanguage\":\"pt-PT\",\"@id\":\"https:\/\/portaltela.pt\/noticias\/2026\/02\/22\/ayuso-vence-no-malhao-e-lidera-a-volta-ao-algarve\/#primaryimage\",\"url\":\"https:\/\/portaltela.pt\/s.01k8rhncp4jt1\/2026\/02\/2068950.jpg\",\"contentUrl\":\"https:\/\/portaltela.pt\/s.01k8rhncp4jt1\/2026\/02\/2068950.jpg\",\"width\":796,\"height\":448,\"caption\":\"Juan Ayuso, da Lidl-Trek, venceu na chegada ao Malh\u00e3o e assegurou a vit\u00f3ria final na Volta ao Algarve\"},{\"@type\":\"BreadcrumbList\",\"@id\":\"https:\/\/portaltela.pt\/noticias\/2026\/02\/22\/ayuso-vence-no-malhao-e-lidera-a-volta-ao-algarve\/#breadcrumb\",\"itemListElement\":[{\"@type\":\"ListItem\",\"position\":1,\"name\":\"In\u00edcio\",\"item\":\"https:\/\/portaltela.pt\/\"},{\"@type\":\"ListItem\",\"position\":2,\"name\":\"Ayuso vence no Malh\u00e3o e lidera a Volta ao Algarve\"}]},{\"@type\":\"WebSite\",\"@id\":\"https:\/\/portaltela.pt\/#website\",\"url\":\"https:\/\/portaltela.pt\/\",\"name\":\"Portal Tela Portugal\",\"description\":\"\",\"potentialAction\":[{\"@type\":\"SearchAction\",\"target\":{\"@type\":\"EntryPoint\",\"urlTemplate\":\"https:\/\/portaltela.pt\/?s={search_term_string}\"},\"query-input\":{\"@type\":\"PropertyValueSpecification\",\"valueRequired\":true,\"valueName\":\"search_term_string\"}}],\"inLanguage\":\"pt-PT\"},{\"@type\":\"Person\",\"@id\":\"https:\/\/portaltela.pt\/#\/schema\/person\/c4278d4a6028830caff9ee44b42d32ed\",\"name\":\"Telinha\",\"image\":{\"@type\":\"ImageObject\",\"inLanguage\":\"pt-PT\",\"@id\":\"https:\/\/portaltela.pt\/s.01k8rhncp4jt1\/2025\/11\/talking-bot-125x125.png\",\"url\":\"https:\/\/portaltela.pt\/s.01k8rhncp4jt1\/2025\/11\/talking-bot-125x125.png\",\"contentUrl\":\"https:\/\/portaltela.pt\/s.01k8rhncp4jt1\/2025\/11\/talking-bot-125x125.png\",\"caption\":\"Telinha\"},\"sameAs\":[\"https:\/\/portaltela.pt\/\"],\"url\":\"https:\/\/portaltela.pt\/por\/367410592786\/\"}]}<\/script>\n<!-- \/ Yoast SEO plugin. -->","yoast_head_json":{"title":"Ayuso vence no Malh\u00e3o e lidera a Volta ao Algarve - Portal Tela Portugal","robots":{"index":"index","follow":"follow","max-snippet":"max-snippet:-1","max-image-preview":"max-image-preview:large","max-video-preview":"max-video-preview:-1"},"og_locale":"pt_PT","og_type":"article","og_title":"Ayuso vence no Malh\u00e3o e lidera a Volta ao Algarve - Portal Tela Portugal","og_description":"Juan Ayuso (Lidl Trek) venceu a quinta etapa da 52.\u00aa Volta ao Algarve, com chegada em alto no Mar\u00e3o (Loul\u00e9), e conquistou a lideran\u00e7a da prova pela primeira vez pela nova equipa. O espanhol de 22 anos terminou no topo da etapa e subiu ao p\u00f3dio da classifica\u00e7\u00e3o geral, atr\u00e1s de Ayuso e de Paul Seixas (Decathlon CMA CGM Team). Jo\u00e3o Almeida terminou a etapa no quarto lugar e manteve-se no p\u00f3dio da classifica\u00e7\u00e3o geral final, na terceira posi\u00e7\u00e3o. A fuga do dia contou com nomes de relevo do pelot\u00e3o internacional, incluindo Julien Alaphilippe (Tudor Pro Cycling Team); nenhuma equipa nacional integrou os fugitivos. Durante a corrida, Alaphilippe manteve-se subsequente aos ataques, mas acabou por ser ultrapassado pelos perseguidores perto do fim, antes da segunda ascens\u00e3o ao Malh\u00e3o.","og_url":"https:\/\/portaltela.pt\/noticias\/2026\/02\/22\/ayuso-vence-no-malhao-e-lidera-a-volta-ao-algarve\/","og_site_name":"Portal Tela Portugal","article_published_time":"2026-02-22T15:55:00+00:00","author":"Telinha","twitter_card":"summary_large_image","twitter_misc":{"Escrito por":"Telinha","Tempo estimado de leitura":"1 minuto"},"schema":{"@context":"https:\/\/schema.org","@graph":[{"@type":"Article","@id":"https:\/\/portaltela.pt\/noticias\/2026\/02\/22\/ayuso-vence-no-malhao-e-lidera-a-volta-ao-algarve\/#article","isPartOf":{"@id":"https:\/\/portaltela.pt\/noticias\/2026\/02\/22\/ayuso-vence-no-malhao-e-lidera-a-volta-ao-algarve\/"},"author":{"name":"Telinha","@id":"https:\/\/portaltela.pt\/#\/schema\/person\/c4278d4a6028830caff9ee44b42d32ed"},"headline":"Ayuso vence no Malh\u00e3o e lidera a Volta ao Algarve","datePublished":"2026-02-22T15:55:00+00:00","mainEntityOfPage":{"@id":"https:\/\/portaltela.pt\/noticias\/2026\/02\/22\/ayuso-vence-no-malhao-e-lidera-a-volta-ao-algarve\/"},"wordCount":190,"image":{"@id":"https:\/\/portaltela.pt\/noticias\/2026\/02\/22\/ayuso-vence-no-malhao-e-lidera-a-volta-ao-algarve\/#primaryimage"},"thumbnailUrl":"https:\/\/portaltela.pt\/s.01k8rhncp4jt1\/2026\/02\/2068950.jpg","keywords":["ciclismo","desporto","Paul Seixas","Portugal"],"articleSection":["Desporto"],"inLanguage":"pt-PT"},{"@type":"WebPage","@id":"https:\/\/portaltela.pt\/noticias\/2026\/02\/22\/ayuso-vence-no-malhao-e-lidera-a-volta-ao-algarve\/","url":"https:\/\/portaltela.pt\/noticias\/2026\/02\/22\/ayuso-vence-no-malhao-e-lidera-a-volta-ao-algarve\/","name":"Ayuso vence no Malh\u00e3o e lidera a Volta ao Algarve - Portal Tela Portugal","isPartOf":{"@id":"https:\/\/portaltela.pt\/#website"},"primaryImageOfPage":{"@id":"https:\/\/portaltela.pt\/noticias\/2026\/02\/22\/ayuso-vence-no-malhao-e-lidera-a-volta-ao-algarve\/#primaryimage"},"image":{"@id":"https:\/\/portaltela.pt\/noticias\/2026\/02\/22\/ayuso-vence-no-malhao-e-lidera-a-volta-ao-algarve\/#primaryimage"},"thumbnailUrl":"https:\/\/portaltela.pt\/s.01k8rhncp4jt1\/2026\/02\/2068950.jpg","datePublished":"2026-02-22T15:55:00+00:00","author":{"@id":"https:\/\/portaltela.pt\/#\/schema\/person\/c4278d4a6028830caff9ee44b42d32ed"},"breadcrumb":{"@id":"https:\/\/portaltela.pt\/noticias\/2026\/02\/22\/ayuso-vence-no-malhao-e-lidera-a-volta-ao-algarve\/#breadcrumb"},"inLanguage":"pt-PT","potentialAction":[{"@type":"ReadAction","target":["https:\/\/portaltela.pt\/noticias\/2026\/02\/22\/ayuso-vence-no-malhao-e-lidera-a-volta-ao-algarve\/"]}]},{"@type":"ImageObject","inLanguage":"pt-PT","@id":"https:\/\/portaltela.pt\/noticias\/2026\/02\/22\/ayuso-vence-no-malhao-e-lidera-a-volta-ao-algarve\/#primaryimage","url":"https:\/\/portaltela.pt\/s.01k8rhncp4jt1\/2026\/02\/2068950.jpg","contentUrl":"https:\/\/portaltela.pt\/s.01k8rhncp4jt1\/2026\/02\/2068950.jpg","width":796,"height":448,"caption":"Juan Ayuso, da Lidl-Trek, venceu na chegada ao Malh\u00e3o e assegurou a vit\u00f3ria final na Volta ao Algarve"},{"@type":"BreadcrumbList","@id":"https:\/\/portaltela.pt\/noticias\/2026\/02\/22\/ayuso-vence-no-malhao-e-lidera-a-volta-ao-algarve\/#breadcrumb","itemListElement":[{"@type":"ListItem","position":1,"name":"In\u00edcio","item":"https:\/\/portaltela.pt\/"},{"@type":"ListItem","position":2,"name":"Ayuso vence no Malh\u00e3o e lidera a Volta ao Algarve"}]},{"@type":"WebSite","@id":"https:\/\/portaltela.pt\/#website","url":"https:\/\/portaltela.pt\/","name":"Portal Tela Portugal","description":"","potentialAction":[{"@type":"SearchAction","target":{"@type":"EntryPoint","urlTemplate":"https:\/\/portaltela.pt\/?s={search_term_string}"},"query-input":{"@type":"PropertyValueSpecification","valueRequired":true,"valueName":"search_term_string"}}],"inLanguage":"pt-PT"},{"@type":"Person","@id":"https:\/\/portaltela.pt\/#\/schema\/person\/c4278d4a6028830caff9ee44b42d32ed","name":"Telinha","image":{"@type":"ImageObject","inLanguage":"pt-PT","@id":"https:\/\/portaltela.pt\/s.01k8rhncp4jt1\/2025\/11\/talking-bot-125x125.png","url":"https:\/\/portaltela.pt\/s.01k8rhncp4jt1\/2025\/11\/talking-bot-125x125.png","contentUrl":"https:\/\/portaltela.pt\/s.01k8rhncp4jt1\/2025\/11\/talking-bot-125x125.png","caption":"Telinha"},"sameAs":["https:\/\/portaltela.pt\/"],"url":"https:\/\/portaltela.pt\/por\/367410592786\/"}]}},"_links":{"self":[{"href":"https:\/\/portaltela.pt\/api\/wp\/v2\/posts\/221716","targetHints":{"allow":["GET"]}}],"collection":[{"href":"https:\/\/portaltela.pt\/api\/wp\/v2\/posts"}],"about":[{"href":"https:\/\/portaltela.pt\/api\/wp\/v2\/types\/post"}],"author":[{"embeddable":true,"href":"https:\/\/portaltela.pt\/api\/wp\/v2\/users\/2"}],"replies":[{"embeddable":true,"href":"https:\/\/portaltela.pt\/api\/wp\/v2\/comments?post=221716"}],"version-history":[{"count":0,"href":"https:\/\/portaltela.pt\/api\/wp\/v2\/posts\/221716\/revisions"}],"wp:featuredmedia":[{"embeddable":true,"href":"https:\/\/portaltela.pt\/api\/wp\/v2\/media\/221719"}],"wp:attachment":[{"href":"https:\/\/portaltela.pt\/api\/wp\/v2\/media?parent=221716"}],"wp:term":[{"taxonomy":"category","embeddable":true,"href":"https:\/\/portaltela.pt\/api\/wp\/v2\/categories?post=221716"},{"taxonomy":"post_tag","embeddable":true,"href":"https:\/\/portaltela.pt\/api\/wp\/v2\/tags?post=221716"}],"curies":[{"name":"wp","href":"https:\/\/api.w.org\/{rel}","templated":true}]}}