{"id":221714,"date":"2026-02-22T13:01:00","date_gmt":"2026-02-22T16:01:00","guid":{"rendered":"https:\/\/portaltela.pt\/noticias\/2026\/02\/22\/embarcacao-encalhada-no-rio-mira-sem-tripulantes-e-alvo-de-investigacao\/"},"modified":"2026-02-22T13:01:00","modified_gmt":"2026-02-22T16:01:00","slug":"embarcacao-encalhada-no-rio-mira-sem-tripulantes-e-alvo-de-investigacao","status":"publish","type":"post","link":"https:\/\/portaltela.pt\/noticias\/2026\/02\/22\/embarcacao-encalhada-no-rio-mira-sem-tripulantes-e-alvo-de-investigacao\/","title":{"rendered":"Embarca\u00e7\u00e3o encalhada no rio Mira sem tripulantes \u00e9 alvo de investiga\u00e7\u00e3o"},"content":{"rendered":"<p>Uma embarca\u00e7\u00e3o de alta velocidade foi encontrada encalhada hoje no rio Mira, na zona de Vila Nova de Milfontes, no concelho de Odemira, Beja. N\u00e3o havia tripulantes a bordo, mas jerric\u00e3s de combust\u00edvel estavam presentes.<\/p>\n<p>A detec\u00e7\u00e3o ocorreu por volta das 10h30, segundo fontes da GNR. A embarca\u00e7\u00e3o foi descrita como abandona e sem sinais de ocupa\u00e7\u00e3o no momento em que foi localizada.<\/p>\n<p>A Pol\u00edcia Judici\u00e1ria foi chamada ao local para investigar o caso, que envolve suspeitas relacionadas ao estado da embarca\u00e7\u00e3o e \u00e0 presen\u00e7a de combust\u00edvel no local. A GNR est\u00e1 a colaborar com a PJ na averigua\u00e7\u00e3o.<\/p>\n<h3>Investiga\u00e7\u00e3o em curso<\/h3>\n<p>As autoridades confirmam que o foco \u00e9 apurar como a embarca\u00e7\u00e3o chegou ao s\u00edtio, quem a operava e as circunst\u00e2ncias que levaram ao abandono.<\/p>\n<p>Ainda n\u00e3o foram divulgados detalhes sobre eventuais consequ\u00eancias ou acionamentos de outras entidades. O inqu\u00e9rito permanece em curso e sem conclus\u00e3o anunciada.<\/p>\n","protected":false},"excerpt":{"rendered":"<ul>\n<li>Embarca\u00e7\u00e3o de alta velocidade foi encontrada encalhada no rio Mira, na zona de Vila Nova de Milfontes, em Odemira (Beja).<\/li>\n<li>N\u00e3o havia tripulantes a bordo; foram detetadas apenas jerric\u00e3s de combust\u00edvel.<\/li>\n<li>A descoberta ocorreu por volta das 10h30, segundo a GNR.<\/li>\n<li>A Pol\u00edcia Judici\u00e1ria foi chamada ao local e est\u00e1 a investigar o caso.<\/li>\n<\/ul>\n","protected":false},"author":2,"featured_media":221720,"comment_status":"closed","ping_status":"closed","sticky":false,"template":"","format":"standard","meta":{"footnotes":""},"categories":[1],"tags":[5487,5859,215,1081,1648,1802],"class_list":["post-221714","post","type-post","status-publish","format-standard","has-post-thumbnail","hentry","category-noticias","tag-acidente","tag-barcos","tag-investigacao","tag-mira","tag-odemira","tag-policia-judiciaria"],"yoast_head":"<!-- This site is optimized with the Yoast SEO plugin v27.2 - https:\/\/yoast.com\/product\/yoast-seo-wordpress\/ -->\n<title>Embarca\u00e7\u00e3o encalhada no rio Mira sem tripulantes \u00e9 alvo de investiga\u00e7\u00e3o - Portal Tela Portugal<\/title>\n<meta name=\"robots\" content=\"index, follow, max-snippet:-1, max-image-preview:large, max-video-preview:-1\" \/>\n<meta property=\"og:locale\" content=\"pt_PT\" \/>\n<meta property=\"og:type\" content=\"article\" \/>\n<meta property=\"og:title\" content=\"Embarca\u00e7\u00e3o encalhada no rio Mira sem tripulantes \u00e9 alvo de investiga\u00e7\u00e3o - Portal Tela Portugal\" \/>\n<meta property=\"og:description\" content=\"Embarca\u00e7\u00e3o de alta velocidade foi encontrada encalhada no rio Mira, na zona de Vila Nova de Milfontes, em Odemira (Beja). N\u00e3o havia tripulantes a bordo; foram detetadas apenas jerric\u00e3s de combust\u00edvel. A descoberta ocorreu por volta das 10h30, segundo a GNR. A Pol\u00edcia Judici\u00e1ria foi chamada ao local e est\u00e1 a investigar o caso.\" \/>\n<meta property=\"og:url\" content=\"https:\/\/portaltela.pt\/noticias\/2026\/02\/22\/embarcacao-encalhada-no-rio-mira-sem-tripulantes-e-alvo-de-investigacao\/\" \/>\n<meta property=\"og:site_name\" content=\"Portal Tela Portugal\" \/>\n<meta property=\"article:published_time\" content=\"2026-02-22T16:01:00+00:00\" \/>\n<meta name=\"author\" content=\"Telinha\" \/>\n<meta name=\"twitter:card\" content=\"summary_large_image\" \/>\n<meta name=\"twitter:label1\" content=\"Escrito por\" \/>\n\t<meta name=\"twitter:data1\" content=\"Telinha\" \/>\n\t<meta name=\"twitter:label2\" content=\"Tempo estimado de leitura\" \/>\n\t<meta name=\"twitter:data2\" content=\"1 minuto\" \/>\n<script type=\"application\/ld+json\" class=\"yoast-schema-graph\">{\"@context\":\"https:\/\/schema.org\",\"@graph\":[{\"@type\":\"Article\",\"@id\":\"https:\/\/portaltela.pt\/noticias\/2026\/02\/22\/embarcacao-encalhada-no-rio-mira-sem-tripulantes-e-alvo-de-investigacao\/#article\",\"isPartOf\":{\"@id\":\"https:\/\/portaltela.pt\/noticias\/2026\/02\/22\/embarcacao-encalhada-no-rio-mira-sem-tripulantes-e-alvo-de-investigacao\/\"},\"author\":{\"name\":\"Telinha\",\"@id\":\"https:\/\/portaltela.pt\/#\/schema\/person\/c4278d4a6028830caff9ee44b42d32ed\"},\"headline\":\"Embarca\u00e7\u00e3o encalhada no rio Mira sem tripulantes \u00e9 alvo de investiga\u00e7\u00e3o\",\"datePublished\":\"2026-02-22T16:01:00+00:00\",\"mainEntityOfPage\":{\"@id\":\"https:\/\/portaltela.pt\/noticias\/2026\/02\/22\/embarcacao-encalhada-no-rio-mira-sem-tripulantes-e-alvo-de-investigacao\/\"},\"wordCount\":179,\"image\":{\"@id\":\"https:\/\/portaltela.pt\/noticias\/2026\/02\/22\/embarcacao-encalhada-no-rio-mira-sem-tripulantes-e-alvo-de-investigacao\/#primaryimage\"},\"thumbnailUrl\":\"https:\/\/portaltela.pt\/s.01k8rhncp4jt1\/2026\/02\/image-1635.jpg\",\"keywords\":[\"acidente\",\"barcos\",\"investiga\u00e7\u00e3o\",\"Mira\",\"Odemira\",\"Pol\u00edcia Judici\u00e1ria\"],\"articleSection\":[\"Not\u00edcias\"],\"inLanguage\":\"pt-PT\"},{\"@type\":\"WebPage\",\"@id\":\"https:\/\/portaltela.pt\/noticias\/2026\/02\/22\/embarcacao-encalhada-no-rio-mira-sem-tripulantes-e-alvo-de-investigacao\/\",\"url\":\"https:\/\/portaltela.pt\/noticias\/2026\/02\/22\/embarcacao-encalhada-no-rio-mira-sem-tripulantes-e-alvo-de-investigacao\/\",\"name\":\"Embarca\u00e7\u00e3o encalhada no rio Mira sem tripulantes \u00e9 alvo de investiga\u00e7\u00e3o - Portal Tela Portugal\",\"isPartOf\":{\"@id\":\"https:\/\/portaltela.pt\/#website\"},\"primaryImageOfPage\":{\"@id\":\"https:\/\/portaltela.pt\/noticias\/2026\/02\/22\/embarcacao-encalhada-no-rio-mira-sem-tripulantes-e-alvo-de-investigacao\/#primaryimage\"},\"image\":{\"@id\":\"https:\/\/portaltela.pt\/noticias\/2026\/02\/22\/embarcacao-encalhada-no-rio-mira-sem-tripulantes-e-alvo-de-investigacao\/#primaryimage\"},\"thumbnailUrl\":\"https:\/\/portaltela.pt\/s.01k8rhncp4jt1\/2026\/02\/image-1635.jpg\",\"datePublished\":\"2026-02-22T16:01:00+00:00\",\"author\":{\"@id\":\"https:\/\/portaltela.pt\/#\/schema\/person\/c4278d4a6028830caff9ee44b42d32ed\"},\"breadcrumb\":{\"@id\":\"https:\/\/portaltela.pt\/noticias\/2026\/02\/22\/embarcacao-encalhada-no-rio-mira-sem-tripulantes-e-alvo-de-investigacao\/#breadcrumb\"},\"inLanguage\":\"pt-PT\",\"potentialAction\":[{\"@type\":\"ReadAction\",\"target\":[\"https:\/\/portaltela.pt\/noticias\/2026\/02\/22\/embarcacao-encalhada-no-rio-mira-sem-tripulantes-e-alvo-de-investigacao\/\"]}]},{\"@type\":\"ImageObject\",\"inLanguage\":\"pt-PT\",\"@id\":\"https:\/\/portaltela.pt\/noticias\/2026\/02\/22\/embarcacao-encalhada-no-rio-mira-sem-tripulantes-e-alvo-de-investigacao\/#primaryimage\",\"url\":\"https:\/\/portaltela.pt\/s.01k8rhncp4jt1\/2026\/02\/image-1635.jpg\",\"contentUrl\":\"https:\/\/portaltela.pt\/s.01k8rhncp4jt1\/2026\/02\/image-1635.jpg\",\"width\":796,\"height\":448,\"caption\":\"A embarca\u00e7\u00e3o tinha apenas jerric\u00e3s de combust\u00edvel\"},{\"@type\":\"BreadcrumbList\",\"@id\":\"https:\/\/portaltela.pt\/noticias\/2026\/02\/22\/embarcacao-encalhada-no-rio-mira-sem-tripulantes-e-alvo-de-investigacao\/#breadcrumb\",\"itemListElement\":[{\"@type\":\"ListItem\",\"position\":1,\"name\":\"In\u00edcio\",\"item\":\"https:\/\/portaltela.pt\/\"},{\"@type\":\"ListItem\",\"position\":2,\"name\":\"Embarca\u00e7\u00e3o encalhada no rio Mira sem tripulantes \u00e9 alvo de investiga\u00e7\u00e3o\"}]},{\"@type\":\"WebSite\",\"@id\":\"https:\/\/portaltela.pt\/#website\",\"url\":\"https:\/\/portaltela.pt\/\",\"name\":\"Portal Tela Portugal\",\"description\":\"\",\"potentialAction\":[{\"@type\":\"SearchAction\",\"target\":{\"@type\":\"EntryPoint\",\"urlTemplate\":\"https:\/\/portaltela.pt\/?s={search_term_string}\"},\"query-input\":{\"@type\":\"PropertyValueSpecification\",\"valueRequired\":true,\"valueName\":\"search_term_string\"}}],\"inLanguage\":\"pt-PT\"},{\"@type\":\"Person\",\"@id\":\"https:\/\/portaltela.pt\/#\/schema\/person\/c4278d4a6028830caff9ee44b42d32ed\",\"name\":\"Telinha\",\"image\":{\"@type\":\"ImageObject\",\"inLanguage\":\"pt-PT\",\"@id\":\"https:\/\/portaltela.pt\/s.01k8rhncp4jt1\/2025\/11\/talking-bot-125x125.png\",\"url\":\"https:\/\/portaltela.pt\/s.01k8rhncp4jt1\/2025\/11\/talking-bot-125x125.png\",\"contentUrl\":\"https:\/\/portaltela.pt\/s.01k8rhncp4jt1\/2025\/11\/talking-bot-125x125.png\",\"caption\":\"Telinha\"},\"sameAs\":[\"https:\/\/portaltela.pt\/\"],\"url\":\"https:\/\/portaltela.pt\/por\/367410592786\/\"}]}<\/script>\n<!-- \/ Yoast SEO plugin. -->","yoast_head_json":{"title":"Embarca\u00e7\u00e3o encalhada no rio Mira sem tripulantes \u00e9 alvo de investiga\u00e7\u00e3o - Portal Tela Portugal","robots":{"index":"index","follow":"follow","max-snippet":"max-snippet:-1","max-image-preview":"max-image-preview:large","max-video-preview":"max-video-preview:-1"},"og_locale":"pt_PT","og_type":"article","og_title":"Embarca\u00e7\u00e3o encalhada no rio Mira sem tripulantes \u00e9 alvo de investiga\u00e7\u00e3o - Portal Tela Portugal","og_description":"Embarca\u00e7\u00e3o de alta velocidade foi encontrada encalhada no rio Mira, na zona de Vila Nova de Milfontes, em Odemira (Beja). N\u00e3o havia tripulantes a bordo; foram detetadas apenas jerric\u00e3s de combust\u00edvel. A descoberta ocorreu por volta das 10h30, segundo a GNR. A Pol\u00edcia Judici\u00e1ria foi chamada ao local e est\u00e1 a investigar o caso.","og_url":"https:\/\/portaltela.pt\/noticias\/2026\/02\/22\/embarcacao-encalhada-no-rio-mira-sem-tripulantes-e-alvo-de-investigacao\/","og_site_name":"Portal Tela Portugal","article_published_time":"2026-02-22T16:01:00+00:00","author":"Telinha","twitter_card":"summary_large_image","twitter_misc":{"Escrito por":"Telinha","Tempo estimado de leitura":"1 minuto"},"schema":{"@context":"https:\/\/schema.org","@graph":[{"@type":"Article","@id":"https:\/\/portaltela.pt\/noticias\/2026\/02\/22\/embarcacao-encalhada-no-rio-mira-sem-tripulantes-e-alvo-de-investigacao\/#article","isPartOf":{"@id":"https:\/\/portaltela.pt\/noticias\/2026\/02\/22\/embarcacao-encalhada-no-rio-mira-sem-tripulantes-e-alvo-de-investigacao\/"},"author":{"name":"Telinha","@id":"https:\/\/portaltela.pt\/#\/schema\/person\/c4278d4a6028830caff9ee44b42d32ed"},"headline":"Embarca\u00e7\u00e3o encalhada no rio Mira sem tripulantes \u00e9 alvo de investiga\u00e7\u00e3o","datePublished":"2026-02-22T16:01:00+00:00","mainEntityOfPage":{"@id":"https:\/\/portaltela.pt\/noticias\/2026\/02\/22\/embarcacao-encalhada-no-rio-mira-sem-tripulantes-e-alvo-de-investigacao\/"},"wordCount":179,"image":{"@id":"https:\/\/portaltela.pt\/noticias\/2026\/02\/22\/embarcacao-encalhada-no-rio-mira-sem-tripulantes-e-alvo-de-investigacao\/#primaryimage"},"thumbnailUrl":"https:\/\/portaltela.pt\/s.01k8rhncp4jt1\/2026\/02\/image-1635.jpg","keywords":["acidente","barcos","investiga\u00e7\u00e3o","Mira","Odemira","Pol\u00edcia Judici\u00e1ria"],"articleSection":["Not\u00edcias"],"inLanguage":"pt-PT"},{"@type":"WebPage","@id":"https:\/\/portaltela.pt\/noticias\/2026\/02\/22\/embarcacao-encalhada-no-rio-mira-sem-tripulantes-e-alvo-de-investigacao\/","url":"https:\/\/portaltela.pt\/noticias\/2026\/02\/22\/embarcacao-encalhada-no-rio-mira-sem-tripulantes-e-alvo-de-investigacao\/","name":"Embarca\u00e7\u00e3o encalhada no rio Mira sem tripulantes \u00e9 alvo de investiga\u00e7\u00e3o - Portal Tela Portugal","isPartOf":{"@id":"https:\/\/portaltela.pt\/#website"},"primaryImageOfPage":{"@id":"https:\/\/portaltela.pt\/noticias\/2026\/02\/22\/embarcacao-encalhada-no-rio-mira-sem-tripulantes-e-alvo-de-investigacao\/#primaryimage"},"image":{"@id":"https:\/\/portaltela.pt\/noticias\/2026\/02\/22\/embarcacao-encalhada-no-rio-mira-sem-tripulantes-e-alvo-de-investigacao\/#primaryimage"},"thumbnailUrl":"https:\/\/portaltela.pt\/s.01k8rhncp4jt1\/2026\/02\/image-1635.jpg","datePublished":"2026-02-22T16:01:00+00:00","author":{"@id":"https:\/\/portaltela.pt\/#\/schema\/person\/c4278d4a6028830caff9ee44b42d32ed"},"breadcrumb":{"@id":"https:\/\/portaltela.pt\/noticias\/2026\/02\/22\/embarcacao-encalhada-no-rio-mira-sem-tripulantes-e-alvo-de-investigacao\/#breadcrumb"},"inLanguage":"pt-PT","potentialAction":[{"@type":"ReadAction","target":["https:\/\/portaltela.pt\/noticias\/2026\/02\/22\/embarcacao-encalhada-no-rio-mira-sem-tripulantes-e-alvo-de-investigacao\/"]}]},{"@type":"ImageObject","inLanguage":"pt-PT","@id":"https:\/\/portaltela.pt\/noticias\/2026\/02\/22\/embarcacao-encalhada-no-rio-mira-sem-tripulantes-e-alvo-de-investigacao\/#primaryimage","url":"https:\/\/portaltela.pt\/s.01k8rhncp4jt1\/2026\/02\/image-1635.jpg","contentUrl":"https:\/\/portaltela.pt\/s.01k8rhncp4jt1\/2026\/02\/image-1635.jpg","width":796,"height":448,"caption":"A embarca\u00e7\u00e3o tinha apenas jerric\u00e3s de combust\u00edvel"},{"@type":"BreadcrumbList","@id":"https:\/\/portaltela.pt\/noticias\/2026\/02\/22\/embarcacao-encalhada-no-rio-mira-sem-tripulantes-e-alvo-de-investigacao\/#breadcrumb","itemListElement":[{"@type":"ListItem","position":1,"name":"In\u00edcio","item":"https:\/\/portaltela.pt\/"},{"@type":"ListItem","position":2,"name":"Embarca\u00e7\u00e3o encalhada no rio Mira sem tripulantes \u00e9 alvo de investiga\u00e7\u00e3o"}]},{"@type":"WebSite","@id":"https:\/\/portaltela.pt\/#website","url":"https:\/\/portaltela.pt\/","name":"Portal Tela Portugal","description":"","potentialAction":[{"@type":"SearchAction","target":{"@type":"EntryPoint","urlTemplate":"https:\/\/portaltela.pt\/?s={search_term_string}"},"query-input":{"@type":"PropertyValueSpecification","valueRequired":true,"valueName":"search_term_string"}}],"inLanguage":"pt-PT"},{"@type":"Person","@id":"https:\/\/portaltela.pt\/#\/schema\/person\/c4278d4a6028830caff9ee44b42d32ed","name":"Telinha","image":{"@type":"ImageObject","inLanguage":"pt-PT","@id":"https:\/\/portaltela.pt\/s.01k8rhncp4jt1\/2025\/11\/talking-bot-125x125.png","url":"https:\/\/portaltela.pt\/s.01k8rhncp4jt1\/2025\/11\/talking-bot-125x125.png","contentUrl":"https:\/\/portaltela.pt\/s.01k8rhncp4jt1\/2025\/11\/talking-bot-125x125.png","caption":"Telinha"},"sameAs":["https:\/\/portaltela.pt\/"],"url":"https:\/\/portaltela.pt\/por\/367410592786\/"}]}},"_links":{"self":[{"href":"https:\/\/portaltela.pt\/api\/wp\/v2\/posts\/221714","targetHints":{"allow":["GET"]}}],"collection":[{"href":"https:\/\/portaltela.pt\/api\/wp\/v2\/posts"}],"about":[{"href":"https:\/\/portaltela.pt\/api\/wp\/v2\/types\/post"}],"author":[{"embeddable":true,"href":"https:\/\/portaltela.pt\/api\/wp\/v2\/users\/2"}],"replies":[{"embeddable":true,"href":"https:\/\/portaltela.pt\/api\/wp\/v2\/comments?post=221714"}],"version-history":[{"count":0,"href":"https:\/\/portaltela.pt\/api\/wp\/v2\/posts\/221714\/revisions"}],"wp:featuredmedia":[{"embeddable":true,"href":"https:\/\/portaltela.pt\/api\/wp\/v2\/media\/221720"}],"wp:attachment":[{"href":"https:\/\/portaltela.pt\/api\/wp\/v2\/media?parent=221714"}],"wp:term":[{"taxonomy":"category","embeddable":true,"href":"https:\/\/portaltela.pt\/api\/wp\/v2\/categories?post=221714"},{"taxonomy":"post_tag","embeddable":true,"href":"https:\/\/portaltela.pt\/api\/wp\/v2\/tags?post=221714"}],"curies":[{"name":"wp","href":"https:\/\/api.w.org\/{rel}","templated":true}]}}