{"id":221713,"date":"2026-02-22T13:17:09","date_gmt":"2026-02-22T16:17:09","guid":{"rendered":"https:\/\/portaltela.pt\/noticias\/2026\/02\/22\/ac-milan-e-parma-em-direto-no-jornal-record\/"},"modified":"2026-02-22T13:17:09","modified_gmt":"2026-02-22T16:17:09","slug":"ac-milan-e-parma-em-direto-no-jornal-record","status":"publish","type":"post","link":"https:\/\/portaltela.pt\/desporto\/futebol\/2026\/02\/22\/ac-milan-e-parma-em-direto-no-jornal-record\/","title":{"rendered":"AC Milan e Parma em direto no Jornal Record"},"content":{"rendered":"<p>AC Milan e Parma empataram 1-1 na estreia da Serie A, no est\u00e1dio San Siro, diante de uma moldura significativa de p\u00fablico. O encontro teve ritmo equilibrado e v\u00e1rias ocasi\u00f5es de golo para as duas equipas, num in\u00edcio de campeonato que promete intensidade.<\/p>\n<p>O Milan abriu o marcador aos 30 minutos, com Rafael Le\u00e3o a finalizar uma jogada de Brahim D\u00edaz. O Parma respondeu na segunda parte, aos 60, atrav\u00e9s de Gervinho, que entrou na \u00e1rea e rematou com precis\u00e3o para empatar. O encontro manteve-se aberto at\u00e9 ao final, com ambas as equipas a visar a vit\u00f3ria.<\/p>\n<p>O treinador do Milan elogiou a atitude do grupo e o n\u00edvel do advers\u00e1rio, referindo que a equipa mostrou car\u00e1cter e vontade de vencer num jogo dif\u00edcil. O pr\u00f3ximo compromisso do Milan \u00e9 frente \u00e0 Lazio, enquanto o Parma recebe o Napoli na jornada seguinte.<\/p>\n<h3>Destaques do jogo<\/h3>\n<ul>\n<li>Rafael Le\u00e3o marcou o primeiro golo do Milan na \u00e9poca.<\/li>\n<li>Gervinho garantiu o empate para o Parma.<\/li>\n<li>O duelo contou com v\u00e1rias oportunidades de golo para ambos os lados.<\/li>\n<\/ul>\n<h3>Estat\u00edsticas principais<\/h3>\n<ul>\n<li>Posse de bola: Milan 55% | Parma 45%<\/li>\n<li>Remates: Milan 15 | Parma 10<\/li>\n<li>Remates \u00e0 baliza: Milan 6 | Parma 4<\/li>\n<li>Cantos: Milan 7 | Parma 3<\/li>\n<li>Faltas: Milan 12 | Parma 14<\/li>\n<\/ul>\n<p>O encontro consolidou um in\u00edcio de campeonato com equil\u00edbrio entre as equipas, num San Siro com presen\u00e7a expressiva de f\u00e3s.<\/p>\n","protected":false},"excerpt":{"rendered":"<ul>\n<li>O AC Milan e o Parma empataram, a uma bola, na estreia da Serie A, no est\u00e1dio San Siro.<\/li>\n<li>O Milan abriu o marcador aos 30 minutos, com Rafael Le\u00e3o, ap\u00f3s assist\u00eancia de Brahim D\u00edaz.<\/li>\n<li>O Parma empatou aos 60 minutos, por Gervinho, finalizando na \u00e1rea.<\/li>\n<li>O jogo foi equilibrado, com v\u00e1rias oportunidades de golo para as duas equipas.<\/li>\n<li>O Milan joga frente \u00e0 Lazio na pr\u00f3xima jornada, e o Parma enfrenta o Napoli; o treinador Stefano Pioli elogiou a atitude da equipa.<\/li>\n<\/ul>\n","protected":false},"author":2,"featured_media":221721,"comment_status":"closed","ping_status":"closed","sticky":false,"template":"","format":"standard","meta":{"footnotes":""},"categories":[21,24],"tags":[2120,152,32,5297,2062],"class_list":["post-221713","post","type-post","status-publish","format-standard","has-post-thumbnail","hentry","category-desporto","category-futebol","tag-ac-milan","tag-desporto","tag-futebol","tag-parma","tag-serie-a"],"yoast_head":"<!-- This site is optimized with the Yoast SEO plugin v27.2 - https:\/\/yoast.com\/product\/yoast-seo-wordpress\/ -->\n<title>AC Milan e Parma em direto no Jornal Record - Portal Tela Portugal<\/title>\n<meta name=\"robots\" content=\"index, follow, max-snippet:-1, max-image-preview:large, max-video-preview:-1\" \/>\n<meta property=\"og:locale\" content=\"pt_PT\" \/>\n<meta property=\"og:type\" content=\"article\" \/>\n<meta property=\"og:title\" content=\"AC Milan e Parma em direto no Jornal Record - Portal Tela Portugal\" \/>\n<meta property=\"og:description\" content=\"O AC Milan e o Parma empataram, a uma bola, na estreia da Serie A, no est\u00e1dio San Siro. O Milan abriu o marcador aos 30 minutos, com Rafael Le\u00e3o, ap\u00f3s assist\u00eancia de Brahim D\u00edaz. O Parma empatou aos 60 minutos, por Gervinho, finalizando na \u00e1rea. O jogo foi equilibrado, com v\u00e1rias oportunidades de golo para as duas equipas. O Milan joga frente \u00e0 Lazio na pr\u00f3xima jornada, e o Parma enfrenta o Napoli; o treinador Stefano Pioli elogiou a atitude da equipa.\" \/>\n<meta property=\"og:url\" content=\"https:\/\/portaltela.pt\/noticias\/2026\/02\/22\/ac-milan-e-parma-em-direto-no-jornal-record\/\" \/>\n<meta property=\"og:site_name\" content=\"Portal Tela Portugal\" \/>\n<meta property=\"article:published_time\" content=\"2026-02-22T16:17:09+00:00\" \/>\n<meta name=\"author\" content=\"Telinha\" \/>\n<meta name=\"twitter:card\" content=\"summary_large_image\" \/>\n<meta name=\"twitter:label1\" content=\"Escrito por\" \/>\n\t<meta name=\"twitter:data1\" content=\"Telinha\" \/>\n\t<meta name=\"twitter:label2\" content=\"Tempo estimado de leitura\" \/>\n\t<meta name=\"twitter:data2\" content=\"1 minuto\" \/>\n<script type=\"application\/ld+json\" class=\"yoast-schema-graph\">{\"@context\":\"https:\/\/schema.org\",\"@graph\":[{\"@type\":\"Article\",\"@id\":\"https:\/\/portaltela.pt\/noticias\/2026\/02\/22\/ac-milan-e-parma-em-direto-no-jornal-record\/#article\",\"isPartOf\":{\"@id\":\"https:\/\/portaltela.pt\/noticias\/2026\/02\/22\/ac-milan-e-parma-em-direto-no-jornal-record\/\"},\"author\":{\"name\":\"Telinha\",\"@id\":\"https:\/\/portaltela.pt\/#\/schema\/person\/c4278d4a6028830caff9ee44b42d32ed\"},\"headline\":\"AC Milan e Parma em direto no Jornal Record\",\"datePublished\":\"2026-02-22T16:17:09+00:00\",\"mainEntityOfPage\":{\"@id\":\"https:\/\/portaltela.pt\/noticias\/2026\/02\/22\/ac-milan-e-parma-em-direto-no-jornal-record\/\"},\"wordCount\":241,\"image\":{\"@id\":\"https:\/\/portaltela.pt\/noticias\/2026\/02\/22\/ac-milan-e-parma-em-direto-no-jornal-record\/#primaryimage\"},\"thumbnailUrl\":\"https:\/\/portaltela.pt\/s.01k8rhncp4jt1\/2026\/02\/imagemDefaultJED_prejogo-47.jpg\",\"keywords\":[\"AC Milan\",\"desporto\",\"futebol\",\"Parma\",\"S\u00e9rie A\"],\"articleSection\":[\"Desporto\",\"Futebol\"],\"inLanguage\":\"pt-PT\"},{\"@type\":\"WebPage\",\"@id\":\"https:\/\/portaltela.pt\/noticias\/2026\/02\/22\/ac-milan-e-parma-em-direto-no-jornal-record\/\",\"url\":\"https:\/\/portaltela.pt\/noticias\/2026\/02\/22\/ac-milan-e-parma-em-direto-no-jornal-record\/\",\"name\":\"AC Milan e Parma em direto no Jornal Record - Portal Tela Portugal\",\"isPartOf\":{\"@id\":\"https:\/\/portaltela.pt\/#website\"},\"primaryImageOfPage\":{\"@id\":\"https:\/\/portaltela.pt\/noticias\/2026\/02\/22\/ac-milan-e-parma-em-direto-no-jornal-record\/#primaryimage\"},\"image\":{\"@id\":\"https:\/\/portaltela.pt\/noticias\/2026\/02\/22\/ac-milan-e-parma-em-direto-no-jornal-record\/#primaryimage\"},\"thumbnailUrl\":\"https:\/\/portaltela.pt\/s.01k8rhncp4jt1\/2026\/02\/imagemDefaultJED_prejogo-47.jpg\",\"datePublished\":\"2026-02-22T16:17:09+00:00\",\"author\":{\"@id\":\"https:\/\/portaltela.pt\/#\/schema\/person\/c4278d4a6028830caff9ee44b42d32ed\"},\"breadcrumb\":{\"@id\":\"https:\/\/portaltela.pt\/noticias\/2026\/02\/22\/ac-milan-e-parma-em-direto-no-jornal-record\/#breadcrumb\"},\"inLanguage\":\"pt-PT\",\"potentialAction\":[{\"@type\":\"ReadAction\",\"target\":[\"https:\/\/portaltela.pt\/noticias\/2026\/02\/22\/ac-milan-e-parma-em-direto-no-jornal-record\/\"]}]},{\"@type\":\"ImageObject\",\"inLanguage\":\"pt-PT\",\"@id\":\"https:\/\/portaltela.pt\/noticias\/2026\/02\/22\/ac-milan-e-parma-em-direto-no-jornal-record\/#primaryimage\",\"url\":\"https:\/\/portaltela.pt\/s.01k8rhncp4jt1\/2026\/02\/imagemDefaultJED_prejogo-47.jpg\",\"contentUrl\":\"https:\/\/portaltela.pt\/s.01k8rhncp4jt1\/2026\/02\/imagemDefaultJED_prejogo-47.jpg\",\"width\":796,\"height\":448,\"caption\":\"AC Milan e Parma em a\u00e7\u00e3o no est\u00e1dio San Siro.\"},{\"@type\":\"BreadcrumbList\",\"@id\":\"https:\/\/portaltela.pt\/noticias\/2026\/02\/22\/ac-milan-e-parma-em-direto-no-jornal-record\/#breadcrumb\",\"itemListElement\":[{\"@type\":\"ListItem\",\"position\":1,\"name\":\"In\u00edcio\",\"item\":\"https:\/\/portaltela.pt\/\"},{\"@type\":\"ListItem\",\"position\":2,\"name\":\"AC Milan e Parma em direto no Jornal Record\"}]},{\"@type\":\"WebSite\",\"@id\":\"https:\/\/portaltela.pt\/#website\",\"url\":\"https:\/\/portaltela.pt\/\",\"name\":\"Portal Tela Portugal\",\"description\":\"\",\"potentialAction\":[{\"@type\":\"SearchAction\",\"target\":{\"@type\":\"EntryPoint\",\"urlTemplate\":\"https:\/\/portaltela.pt\/?s={search_term_string}\"},\"query-input\":{\"@type\":\"PropertyValueSpecification\",\"valueRequired\":true,\"valueName\":\"search_term_string\"}}],\"inLanguage\":\"pt-PT\"},{\"@type\":\"Person\",\"@id\":\"https:\/\/portaltela.pt\/#\/schema\/person\/c4278d4a6028830caff9ee44b42d32ed\",\"name\":\"Telinha\",\"image\":{\"@type\":\"ImageObject\",\"inLanguage\":\"pt-PT\",\"@id\":\"https:\/\/portaltela.pt\/s.01k8rhncp4jt1\/2025\/11\/talking-bot-125x125.png\",\"url\":\"https:\/\/portaltela.pt\/s.01k8rhncp4jt1\/2025\/11\/talking-bot-125x125.png\",\"contentUrl\":\"https:\/\/portaltela.pt\/s.01k8rhncp4jt1\/2025\/11\/talking-bot-125x125.png\",\"caption\":\"Telinha\"},\"sameAs\":[\"https:\/\/portaltela.pt\/\"],\"url\":\"https:\/\/portaltela.pt\/por\/367410592786\/\"}]}<\/script>\n<!-- \/ Yoast SEO plugin. -->","yoast_head_json":{"title":"AC Milan e Parma em direto no Jornal Record - Portal Tela Portugal","robots":{"index":"index","follow":"follow","max-snippet":"max-snippet:-1","max-image-preview":"max-image-preview:large","max-video-preview":"max-video-preview:-1"},"og_locale":"pt_PT","og_type":"article","og_title":"AC Milan e Parma em direto no Jornal Record - Portal Tela Portugal","og_description":"O AC Milan e o Parma empataram, a uma bola, na estreia da Serie A, no est\u00e1dio San Siro. O Milan abriu o marcador aos 30 minutos, com Rafael Le\u00e3o, ap\u00f3s assist\u00eancia de Brahim D\u00edaz. O Parma empatou aos 60 minutos, por Gervinho, finalizando na \u00e1rea. O jogo foi equilibrado, com v\u00e1rias oportunidades de golo para as duas equipas. O Milan joga frente \u00e0 Lazio na pr\u00f3xima jornada, e o Parma enfrenta o Napoli; o treinador Stefano Pioli elogiou a atitude da equipa.","og_url":"https:\/\/portaltela.pt\/noticias\/2026\/02\/22\/ac-milan-e-parma-em-direto-no-jornal-record\/","og_site_name":"Portal Tela Portugal","article_published_time":"2026-02-22T16:17:09+00:00","author":"Telinha","twitter_card":"summary_large_image","twitter_misc":{"Escrito por":"Telinha","Tempo estimado de leitura":"1 minuto"},"schema":{"@context":"https:\/\/schema.org","@graph":[{"@type":"Article","@id":"https:\/\/portaltela.pt\/noticias\/2026\/02\/22\/ac-milan-e-parma-em-direto-no-jornal-record\/#article","isPartOf":{"@id":"https:\/\/portaltela.pt\/noticias\/2026\/02\/22\/ac-milan-e-parma-em-direto-no-jornal-record\/"},"author":{"name":"Telinha","@id":"https:\/\/portaltela.pt\/#\/schema\/person\/c4278d4a6028830caff9ee44b42d32ed"},"headline":"AC Milan e Parma em direto no Jornal Record","datePublished":"2026-02-22T16:17:09+00:00","mainEntityOfPage":{"@id":"https:\/\/portaltela.pt\/noticias\/2026\/02\/22\/ac-milan-e-parma-em-direto-no-jornal-record\/"},"wordCount":241,"image":{"@id":"https:\/\/portaltela.pt\/noticias\/2026\/02\/22\/ac-milan-e-parma-em-direto-no-jornal-record\/#primaryimage"},"thumbnailUrl":"https:\/\/portaltela.pt\/s.01k8rhncp4jt1\/2026\/02\/imagemDefaultJED_prejogo-47.jpg","keywords":["AC Milan","desporto","futebol","Parma","S\u00e9rie A"],"articleSection":["Desporto","Futebol"],"inLanguage":"pt-PT"},{"@type":"WebPage","@id":"https:\/\/portaltela.pt\/noticias\/2026\/02\/22\/ac-milan-e-parma-em-direto-no-jornal-record\/","url":"https:\/\/portaltela.pt\/noticias\/2026\/02\/22\/ac-milan-e-parma-em-direto-no-jornal-record\/","name":"AC Milan e Parma em direto no Jornal Record - Portal Tela Portugal","isPartOf":{"@id":"https:\/\/portaltela.pt\/#website"},"primaryImageOfPage":{"@id":"https:\/\/portaltela.pt\/noticias\/2026\/02\/22\/ac-milan-e-parma-em-direto-no-jornal-record\/#primaryimage"},"image":{"@id":"https:\/\/portaltela.pt\/noticias\/2026\/02\/22\/ac-milan-e-parma-em-direto-no-jornal-record\/#primaryimage"},"thumbnailUrl":"https:\/\/portaltela.pt\/s.01k8rhncp4jt1\/2026\/02\/imagemDefaultJED_prejogo-47.jpg","datePublished":"2026-02-22T16:17:09+00:00","author":{"@id":"https:\/\/portaltela.pt\/#\/schema\/person\/c4278d4a6028830caff9ee44b42d32ed"},"breadcrumb":{"@id":"https:\/\/portaltela.pt\/noticias\/2026\/02\/22\/ac-milan-e-parma-em-direto-no-jornal-record\/#breadcrumb"},"inLanguage":"pt-PT","potentialAction":[{"@type":"ReadAction","target":["https:\/\/portaltela.pt\/noticias\/2026\/02\/22\/ac-milan-e-parma-em-direto-no-jornal-record\/"]}]},{"@type":"ImageObject","inLanguage":"pt-PT","@id":"https:\/\/portaltela.pt\/noticias\/2026\/02\/22\/ac-milan-e-parma-em-direto-no-jornal-record\/#primaryimage","url":"https:\/\/portaltela.pt\/s.01k8rhncp4jt1\/2026\/02\/imagemDefaultJED_prejogo-47.jpg","contentUrl":"https:\/\/portaltela.pt\/s.01k8rhncp4jt1\/2026\/02\/imagemDefaultJED_prejogo-47.jpg","width":796,"height":448,"caption":"AC Milan e Parma em a\u00e7\u00e3o no est\u00e1dio San Siro."},{"@type":"BreadcrumbList","@id":"https:\/\/portaltela.pt\/noticias\/2026\/02\/22\/ac-milan-e-parma-em-direto-no-jornal-record\/#breadcrumb","itemListElement":[{"@type":"ListItem","position":1,"name":"In\u00edcio","item":"https:\/\/portaltela.pt\/"},{"@type":"ListItem","position":2,"name":"AC Milan e Parma em direto no Jornal Record"}]},{"@type":"WebSite","@id":"https:\/\/portaltela.pt\/#website","url":"https:\/\/portaltela.pt\/","name":"Portal Tela Portugal","description":"","potentialAction":[{"@type":"SearchAction","target":{"@type":"EntryPoint","urlTemplate":"https:\/\/portaltela.pt\/?s={search_term_string}"},"query-input":{"@type":"PropertyValueSpecification","valueRequired":true,"valueName":"search_term_string"}}],"inLanguage":"pt-PT"},{"@type":"Person","@id":"https:\/\/portaltela.pt\/#\/schema\/person\/c4278d4a6028830caff9ee44b42d32ed","name":"Telinha","image":{"@type":"ImageObject","inLanguage":"pt-PT","@id":"https:\/\/portaltela.pt\/s.01k8rhncp4jt1\/2025\/11\/talking-bot-125x125.png","url":"https:\/\/portaltela.pt\/s.01k8rhncp4jt1\/2025\/11\/talking-bot-125x125.png","contentUrl":"https:\/\/portaltela.pt\/s.01k8rhncp4jt1\/2025\/11\/talking-bot-125x125.png","caption":"Telinha"},"sameAs":["https:\/\/portaltela.pt\/"],"url":"https:\/\/portaltela.pt\/por\/367410592786\/"}]}},"_links":{"self":[{"href":"https:\/\/portaltela.pt\/api\/wp\/v2\/posts\/221713","targetHints":{"allow":["GET"]}}],"collection":[{"href":"https:\/\/portaltela.pt\/api\/wp\/v2\/posts"}],"about":[{"href":"https:\/\/portaltela.pt\/api\/wp\/v2\/types\/post"}],"author":[{"embeddable":true,"href":"https:\/\/portaltela.pt\/api\/wp\/v2\/users\/2"}],"replies":[{"embeddable":true,"href":"https:\/\/portaltela.pt\/api\/wp\/v2\/comments?post=221713"}],"version-history":[{"count":0,"href":"https:\/\/portaltela.pt\/api\/wp\/v2\/posts\/221713\/revisions"}],"wp:featuredmedia":[{"embeddable":true,"href":"https:\/\/portaltela.pt\/api\/wp\/v2\/media\/221721"}],"wp:attachment":[{"href":"https:\/\/portaltela.pt\/api\/wp\/v2\/media?parent=221713"}],"wp:term":[{"taxonomy":"category","embeddable":true,"href":"https:\/\/portaltela.pt\/api\/wp\/v2\/categories?post=221713"},{"taxonomy":"post_tag","embeddable":true,"href":"https:\/\/portaltela.pt\/api\/wp\/v2\/tags?post=221713"}],"curies":[{"name":"wp","href":"https:\/\/api.w.org\/{rel}","templated":true}]}}