{"id":221703,"date":"2026-02-22T12:57:05","date_gmt":"2026-02-22T15:57:05","guid":{"rendered":"https:\/\/portaltela.pt\/noticias\/2026\/02\/22\/joao-almeida-conquista-3-o-lugar-na-volta-ao-algarve-e-diz-estar-em-forma\/"},"modified":"2026-02-22T12:57:05","modified_gmt":"2026-02-22T15:57:05","slug":"joao-almeida-conquista-3-o-lugar-na-volta-ao-algarve-e-diz-estar-em-forma","status":"publish","type":"post","link":"https:\/\/portaltela.pt\/desporto\/2026\/02\/22\/joao-almeida-conquista-3-o-lugar-na-volta-ao-algarve-e-diz-estar-em-forma\/","title":{"rendered":"Jo\u00e3o Almeida conquista 3.\u00ba lugar na Volta ao Algarve e diz estar em forma"},"content":{"rendered":"<p>Jo\u00e3o Almeida (Emirates) terminou a Volta ao Algarve no 3.\u00ba lugar, numa prova hoje vencida por Juan Ayuso (Lidl-Trek). Na etapa final, a 5.\u00aa, disputada no Algarve, o ciclista portugu\u00eas consolidou o p\u00f3dio e fechou a classifica\u00e7\u00e3o geral atr\u00e1s do espanhol.<\/p>\n<p>Ayuso conquistou a vit\u00f3ria na prova, com Almeida a concluir no p\u00f3dio. O portugu\u00eas afirmou, em rela\u00e7\u00e3o ao resultado, que a posi\u00e7\u00e3o de terceiro n\u00e3o lhe preocupa e que a equipa est\u00e1 empenhada numa boa \u00e9poca \u00e0 frente.<\/p>\n<p>A Volta ao Algarve reuniu equipas de relevo no circuito internacional, servindo de antevis\u00e3o para a temporada. Almeida, de 25 anos, mostrou confian\u00e7a na forma apresentada e refor\u00e7ou a import\u00e2ncia de manter consist\u00eancia nos pr\u00f3ximos compromissos.<\/p>\n","protected":false},"excerpt":{"rendered":"<ul>\n<li>Jo\u00e3o Almeida, da Emirates, terminou a Volta ao Algarve em terceiro lugar.<\/li>\n<li>A vit\u00f3ria ficou a cargo do espanhol Juan Ayuso (Lidl-Trek) na quinta e derradeira etapa, disputada no domingo.<\/li>\n<li>O p\u00f3dio ficou definido com Ayuso no topo e Almeida no terceiro lugar.<\/li>\n<li>O ciclista portugu\u00eas afirmou estar em boa forma para a \u00e9poca e n\u00e3o se preocupa com o terceiro lugar.<\/li>\n<li>O an\u00fancio completa a posi\u00e7\u00e3o final da prova, sem mudan\u00e7as na classifica\u00e7\u00e3o ap\u00f3s a \u00faltima etapa.<\/li>\n<\/ul>\n","protected":false},"author":2,"featured_media":221705,"comment_status":"closed","ping_status":"closed","sticky":false,"template":"","format":"standard","meta":{"footnotes":""},"categories":[21],"tags":[923,6069,1287,6148,6083,1014],"class_list":["post-221703","post","type-post","status-publish","format-standard","has-post-thumbnail","hentry","category-desporto","tag-ciclismo","tag-emirates","tag-equipas","tag-joao-almeida","tag-lidl-trek","tag-portugal"],"yoast_head":"<!-- This site is optimized with the Yoast SEO plugin v27.2 - https:\/\/yoast.com\/product\/yoast-seo-wordpress\/ -->\n<title>Jo\u00e3o Almeida conquista 3.\u00ba lugar na Volta ao Algarve e diz estar em forma - Portal Tela Portugal<\/title>\n<meta name=\"robots\" content=\"index, follow, max-snippet:-1, max-image-preview:large, max-video-preview:-1\" \/>\n<meta property=\"og:locale\" content=\"pt_PT\" \/>\n<meta property=\"og:type\" content=\"article\" \/>\n<meta property=\"og:title\" content=\"Jo\u00e3o Almeida conquista 3.\u00ba lugar na Volta ao Algarve e diz estar em forma - Portal Tela Portugal\" \/>\n<meta property=\"og:description\" content=\"Jo\u00e3o Almeida, da Emirates, terminou a Volta ao Algarve em terceiro lugar. A vit\u00f3ria ficou a cargo do espanhol Juan Ayuso (Lidl-Trek) na quinta e derradeira etapa, disputada no domingo. O p\u00f3dio ficou definido com Ayuso no topo e Almeida no terceiro lugar. O ciclista portugu\u00eas afirmou estar em boa forma para a \u00e9poca e n\u00e3o se preocupa com o terceiro lugar. O an\u00fancio completa a posi\u00e7\u00e3o final da prova, sem mudan\u00e7as na classifica\u00e7\u00e3o ap\u00f3s a \u00faltima etapa.\" \/>\n<meta property=\"og:url\" content=\"https:\/\/portaltela.pt\/noticias\/2026\/02\/22\/joao-almeida-conquista-3-o-lugar-na-volta-ao-algarve-e-diz-estar-em-forma\/\" \/>\n<meta property=\"og:site_name\" content=\"Portal Tela Portugal\" \/>\n<meta property=\"article:published_time\" content=\"2026-02-22T15:57:05+00:00\" \/>\n<meta name=\"author\" content=\"Telinha\" \/>\n<meta name=\"twitter:card\" content=\"summary_large_image\" \/>\n<meta name=\"twitter:label1\" content=\"Escrito por\" \/>\n\t<meta name=\"twitter:data1\" content=\"Telinha\" \/>\n\t<meta name=\"twitter:label2\" content=\"Tempo estimado de leitura\" \/>\n\t<meta name=\"twitter:data2\" content=\"1 minuto\" \/>\n<script type=\"application\/ld+json\" class=\"yoast-schema-graph\">{\"@context\":\"https:\/\/schema.org\",\"@graph\":[{\"@type\":\"Article\",\"@id\":\"https:\/\/portaltela.pt\/noticias\/2026\/02\/22\/joao-almeida-conquista-3-o-lugar-na-volta-ao-algarve-e-diz-estar-em-forma\/#article\",\"isPartOf\":{\"@id\":\"https:\/\/portaltela.pt\/noticias\/2026\/02\/22\/joao-almeida-conquista-3-o-lugar-na-volta-ao-algarve-e-diz-estar-em-forma\/\"},\"author\":{\"name\":\"Telinha\",\"@id\":\"https:\/\/portaltela.pt\/#\/schema\/person\/c4278d4a6028830caff9ee44b42d32ed\"},\"headline\":\"Jo\u00e3o Almeida conquista 3.\u00ba lugar na Volta ao Algarve e diz estar em forma\",\"datePublished\":\"2026-02-22T15:57:05+00:00\",\"mainEntityOfPage\":{\"@id\":\"https:\/\/portaltela.pt\/noticias\/2026\/02\/22\/joao-almeida-conquista-3-o-lugar-na-volta-ao-algarve-e-diz-estar-em-forma\/\"},\"wordCount\":142,\"image\":{\"@id\":\"https:\/\/portaltela.pt\/noticias\/2026\/02\/22\/joao-almeida-conquista-3-o-lugar-na-volta-ao-algarve-e-diz-estar-em-forma\/#primaryimage\"},\"thumbnailUrl\":\"https:\/\/portaltela.pt\/s.01k8rhncp4jt1\/2026\/02\/img_1200x721uu2026-02-22-15-51-35-2423099.jpg\",\"keywords\":[\"ciclismo\",\"Emirates\",\"equipas\",\"Jo\u00e3o Almeida\",\"Lidl-Trek\",\"Portugal\"],\"articleSection\":[\"Desporto\"],\"inLanguage\":\"pt-PT\"},{\"@type\":\"WebPage\",\"@id\":\"https:\/\/portaltela.pt\/noticias\/2026\/02\/22\/joao-almeida-conquista-3-o-lugar-na-volta-ao-algarve-e-diz-estar-em-forma\/\",\"url\":\"https:\/\/portaltela.pt\/noticias\/2026\/02\/22\/joao-almeida-conquista-3-o-lugar-na-volta-ao-algarve-e-diz-estar-em-forma\/\",\"name\":\"Jo\u00e3o Almeida conquista 3.\u00ba lugar na Volta ao Algarve e diz estar em forma - Portal Tela Portugal\",\"isPartOf\":{\"@id\":\"https:\/\/portaltela.pt\/#website\"},\"primaryImageOfPage\":{\"@id\":\"https:\/\/portaltela.pt\/noticias\/2026\/02\/22\/joao-almeida-conquista-3-o-lugar-na-volta-ao-algarve-e-diz-estar-em-forma\/#primaryimage\"},\"image\":{\"@id\":\"https:\/\/portaltela.pt\/noticias\/2026\/02\/22\/joao-almeida-conquista-3-o-lugar-na-volta-ao-algarve-e-diz-estar-em-forma\/#primaryimage\"},\"thumbnailUrl\":\"https:\/\/portaltela.pt\/s.01k8rhncp4jt1\/2026\/02\/img_1200x721uu2026-02-22-15-51-35-2423099.jpg\",\"datePublished\":\"2026-02-22T15:57:05+00:00\",\"author\":{\"@id\":\"https:\/\/portaltela.pt\/#\/schema\/person\/c4278d4a6028830caff9ee44b42d32ed\"},\"breadcrumb\":{\"@id\":\"https:\/\/portaltela.pt\/noticias\/2026\/02\/22\/joao-almeida-conquista-3-o-lugar-na-volta-ao-algarve-e-diz-estar-em-forma\/#breadcrumb\"},\"inLanguage\":\"pt-PT\",\"potentialAction\":[{\"@type\":\"ReadAction\",\"target\":[\"https:\/\/portaltela.pt\/noticias\/2026\/02\/22\/joao-almeida-conquista-3-o-lugar-na-volta-ao-algarve-e-diz-estar-em-forma\/\"]}]},{\"@type\":\"ImageObject\",\"inLanguage\":\"pt-PT\",\"@id\":\"https:\/\/portaltela.pt\/noticias\/2026\/02\/22\/joao-almeida-conquista-3-o-lugar-na-volta-ao-algarve-e-diz-estar-em-forma\/#primaryimage\",\"url\":\"https:\/\/portaltela.pt\/s.01k8rhncp4jt1\/2026\/02\/img_1200x721uu2026-02-22-15-51-35-2423099.jpg\",\"contentUrl\":\"https:\/\/portaltela.pt\/s.01k8rhncp4jt1\/2026\/02\/img_1200x721uu2026-02-22-15-51-35-2423099.jpg\",\"width\":1200,\"height\":721,\"caption\":\"Jo\u00e3o Almeida e o 3.\u00ba lugar na Volta ao Algarve: \u00abEstou em forma\u00bb\"},{\"@type\":\"BreadcrumbList\",\"@id\":\"https:\/\/portaltela.pt\/noticias\/2026\/02\/22\/joao-almeida-conquista-3-o-lugar-na-volta-ao-algarve-e-diz-estar-em-forma\/#breadcrumb\",\"itemListElement\":[{\"@type\":\"ListItem\",\"position\":1,\"name\":\"In\u00edcio\",\"item\":\"https:\/\/portaltela.pt\/\"},{\"@type\":\"ListItem\",\"position\":2,\"name\":\"Jo\u00e3o Almeida conquista 3.\u00ba lugar na Volta ao Algarve e diz estar em forma\"}]},{\"@type\":\"WebSite\",\"@id\":\"https:\/\/portaltela.pt\/#website\",\"url\":\"https:\/\/portaltela.pt\/\",\"name\":\"Portal Tela Portugal\",\"description\":\"\",\"potentialAction\":[{\"@type\":\"SearchAction\",\"target\":{\"@type\":\"EntryPoint\",\"urlTemplate\":\"https:\/\/portaltela.pt\/?s={search_term_string}\"},\"query-input\":{\"@type\":\"PropertyValueSpecification\",\"valueRequired\":true,\"valueName\":\"search_term_string\"}}],\"inLanguage\":\"pt-PT\"},{\"@type\":\"Person\",\"@id\":\"https:\/\/portaltela.pt\/#\/schema\/person\/c4278d4a6028830caff9ee44b42d32ed\",\"name\":\"Telinha\",\"image\":{\"@type\":\"ImageObject\",\"inLanguage\":\"pt-PT\",\"@id\":\"https:\/\/portaltela.pt\/s.01k8rhncp4jt1\/2025\/11\/talking-bot-125x125.png\",\"url\":\"https:\/\/portaltela.pt\/s.01k8rhncp4jt1\/2025\/11\/talking-bot-125x125.png\",\"contentUrl\":\"https:\/\/portaltela.pt\/s.01k8rhncp4jt1\/2025\/11\/talking-bot-125x125.png\",\"caption\":\"Telinha\"},\"sameAs\":[\"https:\/\/portaltela.pt\/\"],\"url\":\"https:\/\/portaltela.pt\/por\/367410592786\/\"}]}<\/script>\n<!-- \/ Yoast SEO plugin. -->","yoast_head_json":{"title":"Jo\u00e3o Almeida conquista 3.\u00ba lugar na Volta ao Algarve e diz estar em forma - Portal Tela Portugal","robots":{"index":"index","follow":"follow","max-snippet":"max-snippet:-1","max-image-preview":"max-image-preview:large","max-video-preview":"max-video-preview:-1"},"og_locale":"pt_PT","og_type":"article","og_title":"Jo\u00e3o Almeida conquista 3.\u00ba lugar na Volta ao Algarve e diz estar em forma - Portal Tela Portugal","og_description":"Jo\u00e3o Almeida, da Emirates, terminou a Volta ao Algarve em terceiro lugar. A vit\u00f3ria ficou a cargo do espanhol Juan Ayuso (Lidl-Trek) na quinta e derradeira etapa, disputada no domingo. O p\u00f3dio ficou definido com Ayuso no topo e Almeida no terceiro lugar. O ciclista portugu\u00eas afirmou estar em boa forma para a \u00e9poca e n\u00e3o se preocupa com o terceiro lugar. O an\u00fancio completa a posi\u00e7\u00e3o final da prova, sem mudan\u00e7as na classifica\u00e7\u00e3o ap\u00f3s a \u00faltima etapa.","og_url":"https:\/\/portaltela.pt\/noticias\/2026\/02\/22\/joao-almeida-conquista-3-o-lugar-na-volta-ao-algarve-e-diz-estar-em-forma\/","og_site_name":"Portal Tela Portugal","article_published_time":"2026-02-22T15:57:05+00:00","author":"Telinha","twitter_card":"summary_large_image","twitter_misc":{"Escrito por":"Telinha","Tempo estimado de leitura":"1 minuto"},"schema":{"@context":"https:\/\/schema.org","@graph":[{"@type":"Article","@id":"https:\/\/portaltela.pt\/noticias\/2026\/02\/22\/joao-almeida-conquista-3-o-lugar-na-volta-ao-algarve-e-diz-estar-em-forma\/#article","isPartOf":{"@id":"https:\/\/portaltela.pt\/noticias\/2026\/02\/22\/joao-almeida-conquista-3-o-lugar-na-volta-ao-algarve-e-diz-estar-em-forma\/"},"author":{"name":"Telinha","@id":"https:\/\/portaltela.pt\/#\/schema\/person\/c4278d4a6028830caff9ee44b42d32ed"},"headline":"Jo\u00e3o Almeida conquista 3.\u00ba lugar na Volta ao Algarve e diz estar em forma","datePublished":"2026-02-22T15:57:05+00:00","mainEntityOfPage":{"@id":"https:\/\/portaltela.pt\/noticias\/2026\/02\/22\/joao-almeida-conquista-3-o-lugar-na-volta-ao-algarve-e-diz-estar-em-forma\/"},"wordCount":142,"image":{"@id":"https:\/\/portaltela.pt\/noticias\/2026\/02\/22\/joao-almeida-conquista-3-o-lugar-na-volta-ao-algarve-e-diz-estar-em-forma\/#primaryimage"},"thumbnailUrl":"https:\/\/portaltela.pt\/s.01k8rhncp4jt1\/2026\/02\/img_1200x721uu2026-02-22-15-51-35-2423099.jpg","keywords":["ciclismo","Emirates","equipas","Jo\u00e3o Almeida","Lidl-Trek","Portugal"],"articleSection":["Desporto"],"inLanguage":"pt-PT"},{"@type":"WebPage","@id":"https:\/\/portaltela.pt\/noticias\/2026\/02\/22\/joao-almeida-conquista-3-o-lugar-na-volta-ao-algarve-e-diz-estar-em-forma\/","url":"https:\/\/portaltela.pt\/noticias\/2026\/02\/22\/joao-almeida-conquista-3-o-lugar-na-volta-ao-algarve-e-diz-estar-em-forma\/","name":"Jo\u00e3o Almeida conquista 3.\u00ba lugar na Volta ao Algarve e diz estar em forma - Portal Tela Portugal","isPartOf":{"@id":"https:\/\/portaltela.pt\/#website"},"primaryImageOfPage":{"@id":"https:\/\/portaltela.pt\/noticias\/2026\/02\/22\/joao-almeida-conquista-3-o-lugar-na-volta-ao-algarve-e-diz-estar-em-forma\/#primaryimage"},"image":{"@id":"https:\/\/portaltela.pt\/noticias\/2026\/02\/22\/joao-almeida-conquista-3-o-lugar-na-volta-ao-algarve-e-diz-estar-em-forma\/#primaryimage"},"thumbnailUrl":"https:\/\/portaltela.pt\/s.01k8rhncp4jt1\/2026\/02\/img_1200x721uu2026-02-22-15-51-35-2423099.jpg","datePublished":"2026-02-22T15:57:05+00:00","author":{"@id":"https:\/\/portaltela.pt\/#\/schema\/person\/c4278d4a6028830caff9ee44b42d32ed"},"breadcrumb":{"@id":"https:\/\/portaltela.pt\/noticias\/2026\/02\/22\/joao-almeida-conquista-3-o-lugar-na-volta-ao-algarve-e-diz-estar-em-forma\/#breadcrumb"},"inLanguage":"pt-PT","potentialAction":[{"@type":"ReadAction","target":["https:\/\/portaltela.pt\/noticias\/2026\/02\/22\/joao-almeida-conquista-3-o-lugar-na-volta-ao-algarve-e-diz-estar-em-forma\/"]}]},{"@type":"ImageObject","inLanguage":"pt-PT","@id":"https:\/\/portaltela.pt\/noticias\/2026\/02\/22\/joao-almeida-conquista-3-o-lugar-na-volta-ao-algarve-e-diz-estar-em-forma\/#primaryimage","url":"https:\/\/portaltela.pt\/s.01k8rhncp4jt1\/2026\/02\/img_1200x721uu2026-02-22-15-51-35-2423099.jpg","contentUrl":"https:\/\/portaltela.pt\/s.01k8rhncp4jt1\/2026\/02\/img_1200x721uu2026-02-22-15-51-35-2423099.jpg","width":1200,"height":721,"caption":"Jo\u00e3o Almeida e o 3.\u00ba lugar na Volta ao Algarve: \u00abEstou em forma\u00bb"},{"@type":"BreadcrumbList","@id":"https:\/\/portaltela.pt\/noticias\/2026\/02\/22\/joao-almeida-conquista-3-o-lugar-na-volta-ao-algarve-e-diz-estar-em-forma\/#breadcrumb","itemListElement":[{"@type":"ListItem","position":1,"name":"In\u00edcio","item":"https:\/\/portaltela.pt\/"},{"@type":"ListItem","position":2,"name":"Jo\u00e3o Almeida conquista 3.\u00ba lugar na Volta ao Algarve e diz estar em forma"}]},{"@type":"WebSite","@id":"https:\/\/portaltela.pt\/#website","url":"https:\/\/portaltela.pt\/","name":"Portal Tela Portugal","description":"","potentialAction":[{"@type":"SearchAction","target":{"@type":"EntryPoint","urlTemplate":"https:\/\/portaltela.pt\/?s={search_term_string}"},"query-input":{"@type":"PropertyValueSpecification","valueRequired":true,"valueName":"search_term_string"}}],"inLanguage":"pt-PT"},{"@type":"Person","@id":"https:\/\/portaltela.pt\/#\/schema\/person\/c4278d4a6028830caff9ee44b42d32ed","name":"Telinha","image":{"@type":"ImageObject","inLanguage":"pt-PT","@id":"https:\/\/portaltela.pt\/s.01k8rhncp4jt1\/2025\/11\/talking-bot-125x125.png","url":"https:\/\/portaltela.pt\/s.01k8rhncp4jt1\/2025\/11\/talking-bot-125x125.png","contentUrl":"https:\/\/portaltela.pt\/s.01k8rhncp4jt1\/2025\/11\/talking-bot-125x125.png","caption":"Telinha"},"sameAs":["https:\/\/portaltela.pt\/"],"url":"https:\/\/portaltela.pt\/por\/367410592786\/"}]}},"_links":{"self":[{"href":"https:\/\/portaltela.pt\/api\/wp\/v2\/posts\/221703","targetHints":{"allow":["GET"]}}],"collection":[{"href":"https:\/\/portaltela.pt\/api\/wp\/v2\/posts"}],"about":[{"href":"https:\/\/portaltela.pt\/api\/wp\/v2\/types\/post"}],"author":[{"embeddable":true,"href":"https:\/\/portaltela.pt\/api\/wp\/v2\/users\/2"}],"replies":[{"embeddable":true,"href":"https:\/\/portaltela.pt\/api\/wp\/v2\/comments?post=221703"}],"version-history":[{"count":0,"href":"https:\/\/portaltela.pt\/api\/wp\/v2\/posts\/221703\/revisions"}],"wp:featuredmedia":[{"embeddable":true,"href":"https:\/\/portaltela.pt\/api\/wp\/v2\/media\/221705"}],"wp:attachment":[{"href":"https:\/\/portaltela.pt\/api\/wp\/v2\/media?parent=221703"}],"wp:term":[{"taxonomy":"category","embeddable":true,"href":"https:\/\/portaltela.pt\/api\/wp\/v2\/categories?post=221703"},{"taxonomy":"post_tag","embeddable":true,"href":"https:\/\/portaltela.pt\/api\/wp\/v2\/tags?post=221703"}],"curies":[{"name":"wp","href":"https:\/\/api.w.org\/{rel}","templated":true}]}}