{"id":221680,"date":"2026-02-22T12:43:06","date_gmt":"2026-02-22T15:43:06","guid":{"rendered":"https:\/\/portaltela.pt\/noticias\/2026\/02\/22\/frederica-lima-pede-afastamento-de-nuno-homem-de-sa-da-sala-de-tribunal\/"},"modified":"2026-02-22T12:43:06","modified_gmt":"2026-02-22T15:43:06","slug":"frederica-lima-pede-afastamento-de-nuno-homem-de-sa-da-sala-de-tribunal","status":"publish","type":"post","link":"https:\/\/portaltela.pt\/noticias\/2026\/02\/22\/frederica-lima-pede-afastamento-de-nuno-homem-de-sa-da-sala-de-tribunal\/","title":{"rendered":"Frederica Lima pede afastamento de Nuno Homem de S\u00e1 da sala de tribunal"},"content":{"rendered":"<p>Nuno Homem de S\u00e1 comparece nesta ter\u00e7a-feira ao tribunal para responder pelos crimes de viol\u00eancia dom\u00e9stica, viola\u00e7\u00e3o de domic\u00edlio e perturba\u00e7\u00e3o da vida privada. Frederica Lima, v\u00edtima, pediu que o ator deixe a sala de audi\u00eancias durante o depoimento.<\/p>\n<p>O requerimento apresentado pela v\u00edtima visa assegurar que o depoimento decorra sem ocorrer com a presen\u00e7a do arguido na sala. A defesa pode contestar ou aceitar a solicita\u00e7\u00e3o, segundo o andamento processual.<\/p>\n<p>O caso envolve acusa\u00e7\u00f5es relativas a rela\u00e7\u00f5es privadas e a condutas durante um per\u00edodo de conviv\u00eancia. O processo prossegue com a audi\u00eancia no local indicado pelo tribunal, ainda sem indica\u00e7\u00e3o de datas adicionais.<\/p>\n<p>At\u00e9 ao momento, as informa\u00e7\u00f5es oficiais n\u00e3o detalham prazos ou consequ\u00eancias legais previstas, apenas confirmam as acusa\u00e7\u00f5es redigidas contra o arguido e a solicita\u00e7\u00e3o da v\u00edtima.<\/p>\n","protected":false},"excerpt":{"rendered":"<ul>\n<li>Frederica Lima teme pela sua seguran\u00e7a e pediu que Nuno Homem de S\u00e1 seja retirado da sala de audi\u00eancias durante o depoimento.<\/li>\n<li>O ator est\u00e1 sentado no banco dos r\u00e9us nesta ter\u00e7a-feira, enfrentando crimes de viol\u00eancia dom\u00e9stica, viola\u00e7\u00e3o de domic\u00edlio e perturba\u00e7\u00e3o da vida privada.<\/li>\n<li>A v\u00edtima apresentou requerimento para que S\u00e1 saia da sala de audi\u00eancias no momento do depoimento.<\/li>\n<li>O caso decorre no tribunal, com a audi\u00eancia a decorrer nesta ter\u00e7a-feira.<\/li>\n<li>A not\u00edcia acompanha a presen\u00e7a de S\u00e1 no tribunal e o pedido feito pela v\u00edtima.<\/li>\n<\/ul>\n","protected":false},"author":2,"featured_media":221685,"comment_status":"closed","ping_status":"closed","sticky":false,"template":"","format":"standard","meta":{"footnotes":""},"categories":[1],"tags":[4197,147,5908,6208,2649,214],"class_list":["post-221680","post","type-post","status-publish","format-standard","has-post-thumbnail","hentry","category-noticias","tag-acusacao-crime","tag-crime","tag-perturbacao-de-vida-privada","tag-tribunais","tag-violacao-de-domicilio","tag-violencia-domestica"],"yoast_head":"<!-- This site is optimized with the Yoast SEO plugin v27.2 - https:\/\/yoast.com\/product\/yoast-seo-wordpress\/ -->\n<title>Frederica Lima pede afastamento de Nuno Homem de S\u00e1 da sala de tribunal - Portal Tela Portugal<\/title>\n<meta name=\"robots\" content=\"index, follow, max-snippet:-1, max-image-preview:large, max-video-preview:-1\" \/>\n<meta property=\"og:locale\" content=\"pt_PT\" \/>\n<meta property=\"og:type\" content=\"article\" \/>\n<meta property=\"og:title\" content=\"Frederica Lima pede afastamento de Nuno Homem de S\u00e1 da sala de tribunal - Portal Tela Portugal\" \/>\n<meta property=\"og:description\" content=\"Frederica Lima teme pela sua seguran\u00e7a e pediu que Nuno Homem de S\u00e1 seja retirado da sala de audi\u00eancias durante o depoimento. O ator est\u00e1 sentado no banco dos r\u00e9us nesta ter\u00e7a-feira, enfrentando crimes de viol\u00eancia dom\u00e9stica, viola\u00e7\u00e3o de domic\u00edlio e perturba\u00e7\u00e3o da vida privada. A v\u00edtima apresentou requerimento para que S\u00e1 saia da sala de audi\u00eancias no momento do depoimento. O caso decorre no tribunal, com a audi\u00eancia a decorrer nesta ter\u00e7a-feira. A not\u00edcia acompanha a presen\u00e7a de S\u00e1 no tribunal e o pedido feito pela v\u00edtima.\" \/>\n<meta property=\"og:url\" content=\"https:\/\/portaltela.pt\/noticias\/2026\/02\/22\/frederica-lima-pede-afastamento-de-nuno-homem-de-sa-da-sala-de-tribunal\/\" \/>\n<meta property=\"og:site_name\" content=\"Portal Tela Portugal\" \/>\n<meta property=\"article:published_time\" content=\"2026-02-22T15:43:06+00:00\" \/>\n<meta name=\"author\" content=\"Telinha\" \/>\n<meta name=\"twitter:card\" content=\"summary_large_image\" \/>\n<meta name=\"twitter:label1\" content=\"Escrito por\" \/>\n\t<meta name=\"twitter:data1\" content=\"Telinha\" \/>\n\t<meta name=\"twitter:label2\" content=\"Tempo estimado de leitura\" \/>\n\t<meta name=\"twitter:data2\" content=\"1 minuto\" \/>\n<script type=\"application\/ld+json\" class=\"yoast-schema-graph\">{\"@context\":\"https:\/\/schema.org\",\"@graph\":[{\"@type\":\"Article\",\"@id\":\"https:\/\/portaltela.pt\/noticias\/2026\/02\/22\/frederica-lima-pede-afastamento-de-nuno-homem-de-sa-da-sala-de-tribunal\/#article\",\"isPartOf\":{\"@id\":\"https:\/\/portaltela.pt\/noticias\/2026\/02\/22\/frederica-lima-pede-afastamento-de-nuno-homem-de-sa-da-sala-de-tribunal\/\"},\"author\":{\"name\":\"Telinha\",\"@id\":\"https:\/\/portaltela.pt\/#\/schema\/person\/c4278d4a6028830caff9ee44b42d32ed\"},\"headline\":\"Frederica Lima pede afastamento de Nuno Homem de S\u00e1 da sala de tribunal\",\"datePublished\":\"2026-02-22T15:43:06+00:00\",\"mainEntityOfPage\":{\"@id\":\"https:\/\/portaltela.pt\/noticias\/2026\/02\/22\/frederica-lima-pede-afastamento-de-nuno-homem-de-sa-da-sala-de-tribunal\/\"},\"wordCount\":166,\"image\":{\"@id\":\"https:\/\/portaltela.pt\/noticias\/2026\/02\/22\/frederica-lima-pede-afastamento-de-nuno-homem-de-sa-da-sala-de-tribunal\/#primaryimage\"},\"thumbnailUrl\":\"https:\/\/portaltela.pt\/s.01k8rhncp4jt1\/2026\/02\/img_1280x722uu2026-02-22-15-42-21-2268326.jpg\",\"keywords\":[\"acusa\u00e7\u00e3o-crime\",\"crime\",\"Perturba\u00e7\u00e3o de vida privada\",\"Tribunais\",\"viola\u00e7\u00e3o de domic\u00edlio\",\"viol\u00eancia dom\u00e9stica\"],\"articleSection\":[\"Not\u00edcias\"],\"inLanguage\":\"pt-PT\"},{\"@type\":\"WebPage\",\"@id\":\"https:\/\/portaltela.pt\/noticias\/2026\/02\/22\/frederica-lima-pede-afastamento-de-nuno-homem-de-sa-da-sala-de-tribunal\/\",\"url\":\"https:\/\/portaltela.pt\/noticias\/2026\/02\/22\/frederica-lima-pede-afastamento-de-nuno-homem-de-sa-da-sala-de-tribunal\/\",\"name\":\"Frederica Lima pede afastamento de Nuno Homem de S\u00e1 da sala de tribunal - Portal Tela Portugal\",\"isPartOf\":{\"@id\":\"https:\/\/portaltela.pt\/#website\"},\"primaryImageOfPage\":{\"@id\":\"https:\/\/portaltela.pt\/noticias\/2026\/02\/22\/frederica-lima-pede-afastamento-de-nuno-homem-de-sa-da-sala-de-tribunal\/#primaryimage\"},\"image\":{\"@id\":\"https:\/\/portaltela.pt\/noticias\/2026\/02\/22\/frederica-lima-pede-afastamento-de-nuno-homem-de-sa-da-sala-de-tribunal\/#primaryimage\"},\"thumbnailUrl\":\"https:\/\/portaltela.pt\/s.01k8rhncp4jt1\/2026\/02\/img_1280x722uu2026-02-22-15-42-21-2268326.jpg\",\"datePublished\":\"2026-02-22T15:43:06+00:00\",\"author\":{\"@id\":\"https:\/\/portaltela.pt\/#\/schema\/person\/c4278d4a6028830caff9ee44b42d32ed\"},\"breadcrumb\":{\"@id\":\"https:\/\/portaltela.pt\/noticias\/2026\/02\/22\/frederica-lima-pede-afastamento-de-nuno-homem-de-sa-da-sala-de-tribunal\/#breadcrumb\"},\"inLanguage\":\"pt-PT\",\"potentialAction\":[{\"@type\":\"ReadAction\",\"target\":[\"https:\/\/portaltela.pt\/noticias\/2026\/02\/22\/frederica-lima-pede-afastamento-de-nuno-homem-de-sa-da-sala-de-tribunal\/\"]}]},{\"@type\":\"ImageObject\",\"inLanguage\":\"pt-PT\",\"@id\":\"https:\/\/portaltela.pt\/noticias\/2026\/02\/22\/frederica-lima-pede-afastamento-de-nuno-homem-de-sa-da-sala-de-tribunal\/#primaryimage\",\"url\":\"https:\/\/portaltela.pt\/s.01k8rhncp4jt1\/2026\/02\/img_1280x722uu2026-02-22-15-42-21-2268326.jpg\",\"contentUrl\":\"https:\/\/portaltela.pt\/s.01k8rhncp4jt1\/2026\/02\/img_1280x722uu2026-02-22-15-42-21-2268326.jpg\",\"width\":796,\"height\":448,\"caption\":\"Frederica Lima com medo quer Nuno Homem de S\u00e1 fora da sala do tribunal\"},{\"@type\":\"BreadcrumbList\",\"@id\":\"https:\/\/portaltela.pt\/noticias\/2026\/02\/22\/frederica-lima-pede-afastamento-de-nuno-homem-de-sa-da-sala-de-tribunal\/#breadcrumb\",\"itemListElement\":[{\"@type\":\"ListItem\",\"position\":1,\"name\":\"In\u00edcio\",\"item\":\"https:\/\/portaltela.pt\/\"},{\"@type\":\"ListItem\",\"position\":2,\"name\":\"Frederica Lima pede afastamento de Nuno Homem de S\u00e1 da sala de tribunal\"}]},{\"@type\":\"WebSite\",\"@id\":\"https:\/\/portaltela.pt\/#website\",\"url\":\"https:\/\/portaltela.pt\/\",\"name\":\"Portal Tela Portugal\",\"description\":\"\",\"potentialAction\":[{\"@type\":\"SearchAction\",\"target\":{\"@type\":\"EntryPoint\",\"urlTemplate\":\"https:\/\/portaltela.pt\/?s={search_term_string}\"},\"query-input\":{\"@type\":\"PropertyValueSpecification\",\"valueRequired\":true,\"valueName\":\"search_term_string\"}}],\"inLanguage\":\"pt-PT\"},{\"@type\":\"Person\",\"@id\":\"https:\/\/portaltela.pt\/#\/schema\/person\/c4278d4a6028830caff9ee44b42d32ed\",\"name\":\"Telinha\",\"image\":{\"@type\":\"ImageObject\",\"inLanguage\":\"pt-PT\",\"@id\":\"https:\/\/portaltela.pt\/s.01k8rhncp4jt1\/2025\/11\/talking-bot-125x125.png\",\"url\":\"https:\/\/portaltela.pt\/s.01k8rhncp4jt1\/2025\/11\/talking-bot-125x125.png\",\"contentUrl\":\"https:\/\/portaltela.pt\/s.01k8rhncp4jt1\/2025\/11\/talking-bot-125x125.png\",\"caption\":\"Telinha\"},\"sameAs\":[\"https:\/\/portaltela.pt\/\"],\"url\":\"https:\/\/portaltela.pt\/por\/367410592786\/\"}]}<\/script>\n<!-- \/ Yoast SEO plugin. -->","yoast_head_json":{"title":"Frederica Lima pede afastamento de Nuno Homem de S\u00e1 da sala de tribunal - Portal Tela Portugal","robots":{"index":"index","follow":"follow","max-snippet":"max-snippet:-1","max-image-preview":"max-image-preview:large","max-video-preview":"max-video-preview:-1"},"og_locale":"pt_PT","og_type":"article","og_title":"Frederica Lima pede afastamento de Nuno Homem de S\u00e1 da sala de tribunal - Portal Tela Portugal","og_description":"Frederica Lima teme pela sua seguran\u00e7a e pediu que Nuno Homem de S\u00e1 seja retirado da sala de audi\u00eancias durante o depoimento. O ator est\u00e1 sentado no banco dos r\u00e9us nesta ter\u00e7a-feira, enfrentando crimes de viol\u00eancia dom\u00e9stica, viola\u00e7\u00e3o de domic\u00edlio e perturba\u00e7\u00e3o da vida privada. A v\u00edtima apresentou requerimento para que S\u00e1 saia da sala de audi\u00eancias no momento do depoimento. O caso decorre no tribunal, com a audi\u00eancia a decorrer nesta ter\u00e7a-feira. A not\u00edcia acompanha a presen\u00e7a de S\u00e1 no tribunal e o pedido feito pela v\u00edtima.","og_url":"https:\/\/portaltela.pt\/noticias\/2026\/02\/22\/frederica-lima-pede-afastamento-de-nuno-homem-de-sa-da-sala-de-tribunal\/","og_site_name":"Portal Tela Portugal","article_published_time":"2026-02-22T15:43:06+00:00","author":"Telinha","twitter_card":"summary_large_image","twitter_misc":{"Escrito por":"Telinha","Tempo estimado de leitura":"1 minuto"},"schema":{"@context":"https:\/\/schema.org","@graph":[{"@type":"Article","@id":"https:\/\/portaltela.pt\/noticias\/2026\/02\/22\/frederica-lima-pede-afastamento-de-nuno-homem-de-sa-da-sala-de-tribunal\/#article","isPartOf":{"@id":"https:\/\/portaltela.pt\/noticias\/2026\/02\/22\/frederica-lima-pede-afastamento-de-nuno-homem-de-sa-da-sala-de-tribunal\/"},"author":{"name":"Telinha","@id":"https:\/\/portaltela.pt\/#\/schema\/person\/c4278d4a6028830caff9ee44b42d32ed"},"headline":"Frederica Lima pede afastamento de Nuno Homem de S\u00e1 da sala de tribunal","datePublished":"2026-02-22T15:43:06+00:00","mainEntityOfPage":{"@id":"https:\/\/portaltela.pt\/noticias\/2026\/02\/22\/frederica-lima-pede-afastamento-de-nuno-homem-de-sa-da-sala-de-tribunal\/"},"wordCount":166,"image":{"@id":"https:\/\/portaltela.pt\/noticias\/2026\/02\/22\/frederica-lima-pede-afastamento-de-nuno-homem-de-sa-da-sala-de-tribunal\/#primaryimage"},"thumbnailUrl":"https:\/\/portaltela.pt\/s.01k8rhncp4jt1\/2026\/02\/img_1280x722uu2026-02-22-15-42-21-2268326.jpg","keywords":["acusa\u00e7\u00e3o-crime","crime","Perturba\u00e7\u00e3o de vida privada","Tribunais","viola\u00e7\u00e3o de domic\u00edlio","viol\u00eancia dom\u00e9stica"],"articleSection":["Not\u00edcias"],"inLanguage":"pt-PT"},{"@type":"WebPage","@id":"https:\/\/portaltela.pt\/noticias\/2026\/02\/22\/frederica-lima-pede-afastamento-de-nuno-homem-de-sa-da-sala-de-tribunal\/","url":"https:\/\/portaltela.pt\/noticias\/2026\/02\/22\/frederica-lima-pede-afastamento-de-nuno-homem-de-sa-da-sala-de-tribunal\/","name":"Frederica Lima pede afastamento de Nuno Homem de S\u00e1 da sala de tribunal - Portal Tela Portugal","isPartOf":{"@id":"https:\/\/portaltela.pt\/#website"},"primaryImageOfPage":{"@id":"https:\/\/portaltela.pt\/noticias\/2026\/02\/22\/frederica-lima-pede-afastamento-de-nuno-homem-de-sa-da-sala-de-tribunal\/#primaryimage"},"image":{"@id":"https:\/\/portaltela.pt\/noticias\/2026\/02\/22\/frederica-lima-pede-afastamento-de-nuno-homem-de-sa-da-sala-de-tribunal\/#primaryimage"},"thumbnailUrl":"https:\/\/portaltela.pt\/s.01k8rhncp4jt1\/2026\/02\/img_1280x722uu2026-02-22-15-42-21-2268326.jpg","datePublished":"2026-02-22T15:43:06+00:00","author":{"@id":"https:\/\/portaltela.pt\/#\/schema\/person\/c4278d4a6028830caff9ee44b42d32ed"},"breadcrumb":{"@id":"https:\/\/portaltela.pt\/noticias\/2026\/02\/22\/frederica-lima-pede-afastamento-de-nuno-homem-de-sa-da-sala-de-tribunal\/#breadcrumb"},"inLanguage":"pt-PT","potentialAction":[{"@type":"ReadAction","target":["https:\/\/portaltela.pt\/noticias\/2026\/02\/22\/frederica-lima-pede-afastamento-de-nuno-homem-de-sa-da-sala-de-tribunal\/"]}]},{"@type":"ImageObject","inLanguage":"pt-PT","@id":"https:\/\/portaltela.pt\/noticias\/2026\/02\/22\/frederica-lima-pede-afastamento-de-nuno-homem-de-sa-da-sala-de-tribunal\/#primaryimage","url":"https:\/\/portaltela.pt\/s.01k8rhncp4jt1\/2026\/02\/img_1280x722uu2026-02-22-15-42-21-2268326.jpg","contentUrl":"https:\/\/portaltela.pt\/s.01k8rhncp4jt1\/2026\/02\/img_1280x722uu2026-02-22-15-42-21-2268326.jpg","width":796,"height":448,"caption":"Frederica Lima com medo quer Nuno Homem de S\u00e1 fora da sala do tribunal"},{"@type":"BreadcrumbList","@id":"https:\/\/portaltela.pt\/noticias\/2026\/02\/22\/frederica-lima-pede-afastamento-de-nuno-homem-de-sa-da-sala-de-tribunal\/#breadcrumb","itemListElement":[{"@type":"ListItem","position":1,"name":"In\u00edcio","item":"https:\/\/portaltela.pt\/"},{"@type":"ListItem","position":2,"name":"Frederica Lima pede afastamento de Nuno Homem de S\u00e1 da sala de tribunal"}]},{"@type":"WebSite","@id":"https:\/\/portaltela.pt\/#website","url":"https:\/\/portaltela.pt\/","name":"Portal Tela Portugal","description":"","potentialAction":[{"@type":"SearchAction","target":{"@type":"EntryPoint","urlTemplate":"https:\/\/portaltela.pt\/?s={search_term_string}"},"query-input":{"@type":"PropertyValueSpecification","valueRequired":true,"valueName":"search_term_string"}}],"inLanguage":"pt-PT"},{"@type":"Person","@id":"https:\/\/portaltela.pt\/#\/schema\/person\/c4278d4a6028830caff9ee44b42d32ed","name":"Telinha","image":{"@type":"ImageObject","inLanguage":"pt-PT","@id":"https:\/\/portaltela.pt\/s.01k8rhncp4jt1\/2025\/11\/talking-bot-125x125.png","url":"https:\/\/portaltela.pt\/s.01k8rhncp4jt1\/2025\/11\/talking-bot-125x125.png","contentUrl":"https:\/\/portaltela.pt\/s.01k8rhncp4jt1\/2025\/11\/talking-bot-125x125.png","caption":"Telinha"},"sameAs":["https:\/\/portaltela.pt\/"],"url":"https:\/\/portaltela.pt\/por\/367410592786\/"}]}},"_links":{"self":[{"href":"https:\/\/portaltela.pt\/api\/wp\/v2\/posts\/221680","targetHints":{"allow":["GET"]}}],"collection":[{"href":"https:\/\/portaltela.pt\/api\/wp\/v2\/posts"}],"about":[{"href":"https:\/\/portaltela.pt\/api\/wp\/v2\/types\/post"}],"author":[{"embeddable":true,"href":"https:\/\/portaltela.pt\/api\/wp\/v2\/users\/2"}],"replies":[{"embeddable":true,"href":"https:\/\/portaltela.pt\/api\/wp\/v2\/comments?post=221680"}],"version-history":[{"count":0,"href":"https:\/\/portaltela.pt\/api\/wp\/v2\/posts\/221680\/revisions"}],"wp:featuredmedia":[{"embeddable":true,"href":"https:\/\/portaltela.pt\/api\/wp\/v2\/media\/221685"}],"wp:attachment":[{"href":"https:\/\/portaltela.pt\/api\/wp\/v2\/media?parent=221680"}],"wp:term":[{"taxonomy":"category","embeddable":true,"href":"https:\/\/portaltela.pt\/api\/wp\/v2\/categories?post=221680"},{"taxonomy":"post_tag","embeddable":true,"href":"https:\/\/portaltela.pt\/api\/wp\/v2\/tags?post=221680"}],"curies":[{"name":"wp","href":"https:\/\/api.w.org\/{rel}","templated":true}]}}