{"id":221672,"date":"2026-02-22T12:12:00","date_gmt":"2026-02-22T15:12:00","guid":{"rendered":"https:\/\/portaltela.pt\/noticias\/2026\/02\/22\/intervencao-concluida-no-dique-que-rompeu-no-mondego-coimbra-2\/"},"modified":"2026-02-22T12:12:00","modified_gmt":"2026-02-22T15:12:00","slug":"intervencao-concluida-no-dique-que-rompeu-no-mondego-coimbra-2","status":"publish","type":"post","link":"https:\/\/portaltela.pt\/noticias\/2026\/02\/22\/intervencao-concluida-no-dique-que-rompeu-no-mondego-coimbra-2\/","title":{"rendered":"Interven\u00e7\u00e3o conclu\u00edda no dique que rompeu no Mondego, Coimbra"},"content":{"rendered":"<p>A interven\u00e7\u00e3o no dique de Casais, na margem direita do Mondego, em Coimbra, junto \u00e0 A1, foi conclu\u00edda neste domingo. A medida rep\u00f5e provisoriamente a estanqueidade e impede a passagem de \u00e1gua do leito central para campos adjacentes, permitindo a drenagem de \u00e1reas ainda inundadas.<\/p>\n<p>O Governo anunciou a a\u00e7\u00e3o, executada pela Ag\u00eancia Portuguesa do Ambiente (APA), com apoio do Minist\u00e9rio do Ambiente e da Energia (MAE). A finalidade \u00e9 ganhar tempo para a repara\u00e7\u00e3o definitiva do dique, do canal condutor geral e da estrada.<\/p>\n<p>A rotura ocorreu no dia 11, associada \u00e0 subida de \u00e1gua no rio Mondego. A interven\u00e7\u00e3o evita novas entradas de \u00e1gua para zonas agr\u00edcolas e prepara o terreno para as obras de restauro que se seguem.<\/p>\n<h3>Contexto e pr\u00f3ximos passos<\/h3>\n<p>As obras de repara\u00e7\u00e3o em curso devem ficar conclu\u00eddas em tr\u00eas semanas. Al\u00e9m do Mondego, a APA atua no rio Lis, em Leiria, onde tamb\u00e9m houve ruptura de dique nas margens e desvio de caudal para campos agr\u00edcolas.<\/p>\n<p>A interven\u00e7\u00e3o atual integra uma resposta a danos causados pela precipita\u00e7\u00e3o extrema registada entre 26 e 27 de janeiro, associada \u00e0s depress\u00f5es Joseph e Kristin, que afetaram v\u00e1rias regi\u00f5es do pa\u00eds.<\/p>\n<h3>Impacto regional<\/h3>\n<p>Dezoito pessoas faleceram em Portugal na sequ\u00eancia do temporal, com centenas de feridos e desalojados. As \u00e1reas mais afetadas abrangem os setores Centro, Lisboa e Vale do Tejo e Alentejo, com destrui\u00e7\u00e3o de habita\u00e7\u00f5es, infraestruturas e servi\u00e7os.<\/p>\n","protected":false},"excerpt":{"rendered":"<ul>\n<li>Interven\u00e7\u00e3o conclu\u00edda no dique de Casais, margem direita do Mondego, em Coimbra, para repor provisoriamente a estanqueidade e impedir a passagem de \u00e1gua.<\/li>\n<li>A opera\u00e7\u00e3o facilita a drenagem dos terrenos ainda inundados e \u00e9 etapa para a repara\u00e7\u00e3o definitiva do dique, do canal condutor geral e da estrada.<\/li>\n<li>O Minist\u00e9rio do Ambiente e da Energia indica que est\u00e3o a decorrer interven\u00e7\u00f5es tamb\u00e9m no rio Lis, em Leiria, ap\u00f3s roturas no dique da margem esquerda sob o Viaduto da A17.<\/li>\n<li>A rotura deveu\u2011se a precipita\u00e7\u00e3o extrema de 26 e 27 de janeiro, associada \u00e0s depress\u00f5es Joseph e Kristin; registaram\u2011se ainda novas falhas a jusante e um rombo no colector de Amor.<\/li>\n<li>As obras devem ficar conclu\u00eddas em tr\u00eas semanas; at\u00e9 agora morreram dezoito pessoas e existem centenas de feridos e desalojados, com maior impacto nas regi\u00f5es Centro, Lisboa e Vale do Tejo e Alentejo.<\/li>\n<\/ul>\n","protected":false},"author":2,"featured_media":221677,"comment_status":"closed","ping_status":"closed","sticky":false,"template":"","format":"standard","meta":{"footnotes":""},"categories":[1],"tags":[1090,167,1070,3004,2051,5045],"class_list":["post-221672","post","type-post","status-publish","format-standard","has-post-thumbnail","hentry","category-noticias","tag-agua","tag-ambiente","tag-coimbra","tag-desalojados","tag-inundacao","tag-precipitacao"],"yoast_head":"<!-- This site is optimized with the Yoast SEO plugin v27.2 - https:\/\/yoast.com\/product\/yoast-seo-wordpress\/ -->\n<title>Interven\u00e7\u00e3o conclu\u00edda no dique que rompeu no Mondego, Coimbra - Portal Tela Portugal<\/title>\n<meta name=\"robots\" content=\"index, follow, max-snippet:-1, max-image-preview:large, max-video-preview:-1\" \/>\n<meta property=\"og:locale\" content=\"pt_PT\" \/>\n<meta property=\"og:type\" content=\"article\" \/>\n<meta property=\"og:title\" content=\"Interven\u00e7\u00e3o conclu\u00edda no dique que rompeu no Mondego, Coimbra - Portal Tela Portugal\" \/>\n<meta property=\"og:description\" content=\"Interven\u00e7\u00e3o conclu\u00edda no dique de Casais, margem direita do Mondego, em Coimbra, para repor provisoriamente a estanqueidade e impedir a passagem de \u00e1gua. A opera\u00e7\u00e3o facilita a drenagem dos terrenos ainda inundados e \u00e9 etapa para a repara\u00e7\u00e3o definitiva do dique, do canal condutor geral e da estrada. O Minist\u00e9rio do Ambiente e da Energia indica que est\u00e3o a decorrer interven\u00e7\u00f5es tamb\u00e9m no rio Lis, em Leiria, ap\u00f3s roturas no dique da margem esquerda sob o Viaduto da A17. A rotura deveu\u2011se a precipita\u00e7\u00e3o extrema de 26 e 27 de janeiro, associada \u00e0s depress\u00f5es Joseph e Kristin; registaram\u2011se ainda novas falhas a jusante e um rombo no colector de Amor. As obras devem ficar conclu\u00eddas em tr\u00eas semanas; at\u00e9 agora morreram dezoito pessoas e existem centenas de feridos e desalojados, com maior impacto nas regi\u00f5es Centro, Lisboa e Vale do Tejo e Alentejo.\" \/>\n<meta property=\"og:url\" content=\"https:\/\/portaltela.pt\/noticias\/2026\/02\/22\/intervencao-concluida-no-dique-que-rompeu-no-mondego-coimbra-2\/\" \/>\n<meta property=\"og:site_name\" content=\"Portal Tela Portugal\" \/>\n<meta property=\"article:published_time\" content=\"2026-02-22T15:12:00+00:00\" \/>\n<meta name=\"author\" content=\"Telinha\" \/>\n<meta name=\"twitter:card\" content=\"summary_large_image\" \/>\n<meta name=\"twitter:label1\" content=\"Escrito por\" \/>\n\t<meta name=\"twitter:data1\" content=\"Telinha\" \/>\n\t<meta name=\"twitter:label2\" content=\"Tempo estimado de leitura\" \/>\n\t<meta name=\"twitter:data2\" content=\"1 minuto\" \/>\n<script type=\"application\/ld+json\" class=\"yoast-schema-graph\">{\"@context\":\"https:\/\/schema.org\",\"@graph\":[{\"@type\":\"Article\",\"@id\":\"https:\/\/portaltela.pt\/noticias\/2026\/02\/22\/intervencao-concluida-no-dique-que-rompeu-no-mondego-coimbra-2\/#article\",\"isPartOf\":{\"@id\":\"https:\/\/portaltela.pt\/noticias\/2026\/02\/22\/intervencao-concluida-no-dique-que-rompeu-no-mondego-coimbra-2\/\"},\"author\":{\"name\":\"Telinha\",\"@id\":\"https:\/\/portaltela.pt\/#\/schema\/person\/c4278d4a6028830caff9ee44b42d32ed\"},\"headline\":\"Interven\u00e7\u00e3o conclu\u00edda no dique que rompeu no Mondego, Coimbra\",\"datePublished\":\"2026-02-22T15:12:00+00:00\",\"mainEntityOfPage\":{\"@id\":\"https:\/\/portaltela.pt\/noticias\/2026\/02\/22\/intervencao-concluida-no-dique-que-rompeu-no-mondego-coimbra-2\/\"},\"wordCount\":264,\"image\":{\"@id\":\"https:\/\/portaltela.pt\/noticias\/2026\/02\/22\/intervencao-concluida-no-dique-que-rompeu-no-mondego-coimbra-2\/#primaryimage\"},\"thumbnailUrl\":\"https:\/\/portaltela.pt\/s.01k8rhncp4jt1\/2026\/02\/2068923.jpg\",\"keywords\":[\"\u00e1gua\",\"ambiente\",\"Coimbra\",\"desalojados\",\"inunda\u00e7\u00e3o\",\"precipita\u00e7\u00e3o\"],\"articleSection\":[\"Not\u00edcias\"],\"inLanguage\":\"pt-PT\"},{\"@type\":\"WebPage\",\"@id\":\"https:\/\/portaltela.pt\/noticias\/2026\/02\/22\/intervencao-concluida-no-dique-que-rompeu-no-mondego-coimbra-2\/\",\"url\":\"https:\/\/portaltela.pt\/noticias\/2026\/02\/22\/intervencao-concluida-no-dique-que-rompeu-no-mondego-coimbra-2\/\",\"name\":\"Interven\u00e7\u00e3o conclu\u00edda no dique que rompeu no Mondego, Coimbra - Portal Tela Portugal\",\"isPartOf\":{\"@id\":\"https:\/\/portaltela.pt\/#website\"},\"primaryImageOfPage\":{\"@id\":\"https:\/\/portaltela.pt\/noticias\/2026\/02\/22\/intervencao-concluida-no-dique-que-rompeu-no-mondego-coimbra-2\/#primaryimage\"},\"image\":{\"@id\":\"https:\/\/portaltela.pt\/noticias\/2026\/02\/22\/intervencao-concluida-no-dique-que-rompeu-no-mondego-coimbra-2\/#primaryimage\"},\"thumbnailUrl\":\"https:\/\/portaltela.pt\/s.01k8rhncp4jt1\/2026\/02\/2068923.jpg\",\"datePublished\":\"2026-02-22T15:12:00+00:00\",\"author\":{\"@id\":\"https:\/\/portaltela.pt\/#\/schema\/person\/c4278d4a6028830caff9ee44b42d32ed\"},\"breadcrumb\":{\"@id\":\"https:\/\/portaltela.pt\/noticias\/2026\/02\/22\/intervencao-concluida-no-dique-que-rompeu-no-mondego-coimbra-2\/#breadcrumb\"},\"inLanguage\":\"pt-PT\",\"potentialAction\":[{\"@type\":\"ReadAction\",\"target\":[\"https:\/\/portaltela.pt\/noticias\/2026\/02\/22\/intervencao-concluida-no-dique-que-rompeu-no-mondego-coimbra-2\/\"]}]},{\"@type\":\"ImageObject\",\"inLanguage\":\"pt-PT\",\"@id\":\"https:\/\/portaltela.pt\/noticias\/2026\/02\/22\/intervencao-concluida-no-dique-que-rompeu-no-mondego-coimbra-2\/#primaryimage\",\"url\":\"https:\/\/portaltela.pt\/s.01k8rhncp4jt1\/2026\/02\/2068923.jpg\",\"contentUrl\":\"https:\/\/portaltela.pt\/s.01k8rhncp4jt1\/2026\/02\/2068923.jpg\",\"width\":796,\"height\":448,\"caption\":\"Zona do dique que rebentou, colapsou e agravou o estado de cheias no baixo Mondego\"},{\"@type\":\"BreadcrumbList\",\"@id\":\"https:\/\/portaltela.pt\/noticias\/2026\/02\/22\/intervencao-concluida-no-dique-que-rompeu-no-mondego-coimbra-2\/#breadcrumb\",\"itemListElement\":[{\"@type\":\"ListItem\",\"position\":1,\"name\":\"In\u00edcio\",\"item\":\"https:\/\/portaltela.pt\/\"},{\"@type\":\"ListItem\",\"position\":2,\"name\":\"Interven\u00e7\u00e3o conclu\u00edda no dique que rompeu no Mondego, Coimbra\"}]},{\"@type\":\"WebSite\",\"@id\":\"https:\/\/portaltela.pt\/#website\",\"url\":\"https:\/\/portaltela.pt\/\",\"name\":\"Portal Tela Portugal\",\"description\":\"\",\"potentialAction\":[{\"@type\":\"SearchAction\",\"target\":{\"@type\":\"EntryPoint\",\"urlTemplate\":\"https:\/\/portaltela.pt\/?s={search_term_string}\"},\"query-input\":{\"@type\":\"PropertyValueSpecification\",\"valueRequired\":true,\"valueName\":\"search_term_string\"}}],\"inLanguage\":\"pt-PT\"},{\"@type\":\"Person\",\"@id\":\"https:\/\/portaltela.pt\/#\/schema\/person\/c4278d4a6028830caff9ee44b42d32ed\",\"name\":\"Telinha\",\"image\":{\"@type\":\"ImageObject\",\"inLanguage\":\"pt-PT\",\"@id\":\"https:\/\/portaltela.pt\/s.01k8rhncp4jt1\/2025\/11\/talking-bot-125x125.png\",\"url\":\"https:\/\/portaltela.pt\/s.01k8rhncp4jt1\/2025\/11\/talking-bot-125x125.png\",\"contentUrl\":\"https:\/\/portaltela.pt\/s.01k8rhncp4jt1\/2025\/11\/talking-bot-125x125.png\",\"caption\":\"Telinha\"},\"sameAs\":[\"https:\/\/portaltela.pt\/\"],\"url\":\"https:\/\/portaltela.pt\/por\/367410592786\/\"}]}<\/script>\n<!-- \/ Yoast SEO plugin. -->","yoast_head_json":{"title":"Interven\u00e7\u00e3o conclu\u00edda no dique que rompeu no Mondego, Coimbra - Portal Tela Portugal","robots":{"index":"index","follow":"follow","max-snippet":"max-snippet:-1","max-image-preview":"max-image-preview:large","max-video-preview":"max-video-preview:-1"},"og_locale":"pt_PT","og_type":"article","og_title":"Interven\u00e7\u00e3o conclu\u00edda no dique que rompeu no Mondego, Coimbra - Portal Tela Portugal","og_description":"Interven\u00e7\u00e3o conclu\u00edda no dique de Casais, margem direita do Mondego, em Coimbra, para repor provisoriamente a estanqueidade e impedir a passagem de \u00e1gua. A opera\u00e7\u00e3o facilita a drenagem dos terrenos ainda inundados e \u00e9 etapa para a repara\u00e7\u00e3o definitiva do dique, do canal condutor geral e da estrada. O Minist\u00e9rio do Ambiente e da Energia indica que est\u00e3o a decorrer interven\u00e7\u00f5es tamb\u00e9m no rio Lis, em Leiria, ap\u00f3s roturas no dique da margem esquerda sob o Viaduto da A17. A rotura deveu\u2011se a precipita\u00e7\u00e3o extrema de 26 e 27 de janeiro, associada \u00e0s depress\u00f5es Joseph e Kristin; registaram\u2011se ainda novas falhas a jusante e um rombo no colector de Amor. As obras devem ficar conclu\u00eddas em tr\u00eas semanas; at\u00e9 agora morreram dezoito pessoas e existem centenas de feridos e desalojados, com maior impacto nas regi\u00f5es Centro, Lisboa e Vale do Tejo e Alentejo.","og_url":"https:\/\/portaltela.pt\/noticias\/2026\/02\/22\/intervencao-concluida-no-dique-que-rompeu-no-mondego-coimbra-2\/","og_site_name":"Portal Tela Portugal","article_published_time":"2026-02-22T15:12:00+00:00","author":"Telinha","twitter_card":"summary_large_image","twitter_misc":{"Escrito por":"Telinha","Tempo estimado de leitura":"1 minuto"},"schema":{"@context":"https:\/\/schema.org","@graph":[{"@type":"Article","@id":"https:\/\/portaltela.pt\/noticias\/2026\/02\/22\/intervencao-concluida-no-dique-que-rompeu-no-mondego-coimbra-2\/#article","isPartOf":{"@id":"https:\/\/portaltela.pt\/noticias\/2026\/02\/22\/intervencao-concluida-no-dique-que-rompeu-no-mondego-coimbra-2\/"},"author":{"name":"Telinha","@id":"https:\/\/portaltela.pt\/#\/schema\/person\/c4278d4a6028830caff9ee44b42d32ed"},"headline":"Interven\u00e7\u00e3o conclu\u00edda no dique que rompeu no Mondego, Coimbra","datePublished":"2026-02-22T15:12:00+00:00","mainEntityOfPage":{"@id":"https:\/\/portaltela.pt\/noticias\/2026\/02\/22\/intervencao-concluida-no-dique-que-rompeu-no-mondego-coimbra-2\/"},"wordCount":264,"image":{"@id":"https:\/\/portaltela.pt\/noticias\/2026\/02\/22\/intervencao-concluida-no-dique-que-rompeu-no-mondego-coimbra-2\/#primaryimage"},"thumbnailUrl":"https:\/\/portaltela.pt\/s.01k8rhncp4jt1\/2026\/02\/2068923.jpg","keywords":["\u00e1gua","ambiente","Coimbra","desalojados","inunda\u00e7\u00e3o","precipita\u00e7\u00e3o"],"articleSection":["Not\u00edcias"],"inLanguage":"pt-PT"},{"@type":"WebPage","@id":"https:\/\/portaltela.pt\/noticias\/2026\/02\/22\/intervencao-concluida-no-dique-que-rompeu-no-mondego-coimbra-2\/","url":"https:\/\/portaltela.pt\/noticias\/2026\/02\/22\/intervencao-concluida-no-dique-que-rompeu-no-mondego-coimbra-2\/","name":"Interven\u00e7\u00e3o conclu\u00edda no dique que rompeu no Mondego, Coimbra - Portal Tela Portugal","isPartOf":{"@id":"https:\/\/portaltela.pt\/#website"},"primaryImageOfPage":{"@id":"https:\/\/portaltela.pt\/noticias\/2026\/02\/22\/intervencao-concluida-no-dique-que-rompeu-no-mondego-coimbra-2\/#primaryimage"},"image":{"@id":"https:\/\/portaltela.pt\/noticias\/2026\/02\/22\/intervencao-concluida-no-dique-que-rompeu-no-mondego-coimbra-2\/#primaryimage"},"thumbnailUrl":"https:\/\/portaltela.pt\/s.01k8rhncp4jt1\/2026\/02\/2068923.jpg","datePublished":"2026-02-22T15:12:00+00:00","author":{"@id":"https:\/\/portaltela.pt\/#\/schema\/person\/c4278d4a6028830caff9ee44b42d32ed"},"breadcrumb":{"@id":"https:\/\/portaltela.pt\/noticias\/2026\/02\/22\/intervencao-concluida-no-dique-que-rompeu-no-mondego-coimbra-2\/#breadcrumb"},"inLanguage":"pt-PT","potentialAction":[{"@type":"ReadAction","target":["https:\/\/portaltela.pt\/noticias\/2026\/02\/22\/intervencao-concluida-no-dique-que-rompeu-no-mondego-coimbra-2\/"]}]},{"@type":"ImageObject","inLanguage":"pt-PT","@id":"https:\/\/portaltela.pt\/noticias\/2026\/02\/22\/intervencao-concluida-no-dique-que-rompeu-no-mondego-coimbra-2\/#primaryimage","url":"https:\/\/portaltela.pt\/s.01k8rhncp4jt1\/2026\/02\/2068923.jpg","contentUrl":"https:\/\/portaltela.pt\/s.01k8rhncp4jt1\/2026\/02\/2068923.jpg","width":796,"height":448,"caption":"Zona do dique que rebentou, colapsou e agravou o estado de cheias no baixo Mondego"},{"@type":"BreadcrumbList","@id":"https:\/\/portaltela.pt\/noticias\/2026\/02\/22\/intervencao-concluida-no-dique-que-rompeu-no-mondego-coimbra-2\/#breadcrumb","itemListElement":[{"@type":"ListItem","position":1,"name":"In\u00edcio","item":"https:\/\/portaltela.pt\/"},{"@type":"ListItem","position":2,"name":"Interven\u00e7\u00e3o conclu\u00edda no dique que rompeu no Mondego, Coimbra"}]},{"@type":"WebSite","@id":"https:\/\/portaltela.pt\/#website","url":"https:\/\/portaltela.pt\/","name":"Portal Tela Portugal","description":"","potentialAction":[{"@type":"SearchAction","target":{"@type":"EntryPoint","urlTemplate":"https:\/\/portaltela.pt\/?s={search_term_string}"},"query-input":{"@type":"PropertyValueSpecification","valueRequired":true,"valueName":"search_term_string"}}],"inLanguage":"pt-PT"},{"@type":"Person","@id":"https:\/\/portaltela.pt\/#\/schema\/person\/c4278d4a6028830caff9ee44b42d32ed","name":"Telinha","image":{"@type":"ImageObject","inLanguage":"pt-PT","@id":"https:\/\/portaltela.pt\/s.01k8rhncp4jt1\/2025\/11\/talking-bot-125x125.png","url":"https:\/\/portaltela.pt\/s.01k8rhncp4jt1\/2025\/11\/talking-bot-125x125.png","contentUrl":"https:\/\/portaltela.pt\/s.01k8rhncp4jt1\/2025\/11\/talking-bot-125x125.png","caption":"Telinha"},"sameAs":["https:\/\/portaltela.pt\/"],"url":"https:\/\/portaltela.pt\/por\/367410592786\/"}]}},"_links":{"self":[{"href":"https:\/\/portaltela.pt\/api\/wp\/v2\/posts\/221672","targetHints":{"allow":["GET"]}}],"collection":[{"href":"https:\/\/portaltela.pt\/api\/wp\/v2\/posts"}],"about":[{"href":"https:\/\/portaltela.pt\/api\/wp\/v2\/types\/post"}],"author":[{"embeddable":true,"href":"https:\/\/portaltela.pt\/api\/wp\/v2\/users\/2"}],"replies":[{"embeddable":true,"href":"https:\/\/portaltela.pt\/api\/wp\/v2\/comments?post=221672"}],"version-history":[{"count":0,"href":"https:\/\/portaltela.pt\/api\/wp\/v2\/posts\/221672\/revisions"}],"wp:featuredmedia":[{"embeddable":true,"href":"https:\/\/portaltela.pt\/api\/wp\/v2\/media\/221677"}],"wp:attachment":[{"href":"https:\/\/portaltela.pt\/api\/wp\/v2\/media?parent=221672"}],"wp:term":[{"taxonomy":"category","embeddable":true,"href":"https:\/\/portaltela.pt\/api\/wp\/v2\/categories?post=221672"},{"taxonomy":"post_tag","embeddable":true,"href":"https:\/\/portaltela.pt\/api\/wp\/v2\/tags?post=221672"}],"curies":[{"name":"wp","href":"https:\/\/api.w.org\/{rel}","templated":true}]}}