{"id":221662,"date":"2026-02-22T12:02:53","date_gmt":"2026-02-22T15:02:53","guid":{"rendered":"https:\/\/portaltela.pt\/noticias\/2026\/02\/22\/descarga-atmosferica-atinge-13-pessoas-em-mocambique-mata-mae-e-quatro-filhos\/"},"modified":"2026-02-22T12:02:53","modified_gmt":"2026-02-22T15:02:53","slug":"descarga-atmosferica-atinge-13-pessoas-em-mocambique-mata-mae-e-quatro-filhos","status":"publish","type":"post","link":"https:\/\/portaltela.pt\/noticias\/2026\/02\/22\/descarga-atmosferica-atinge-13-pessoas-em-mocambique-mata-mae-e-quatro-filhos\/","title":{"rendered":"Descarga atmosf\u00e9rica atinge 13 pessoas em Mo\u00e7ambique, mata m\u00e3e e quatro filhos"},"content":{"rendered":"<p>Onda de trovoadas deixou 13 pessoas feridas e provocou pelo menos cinco mortes no posto administrativo de Chimbunila, na prov\u00edncia de Niassa, norte de Mo\u00e7ambique, no s\u00e1bado. A descarga atmosf\u00e9rica ocorreu durante fortes aguaceiros. O incidente interrompeu atividades locais e gerou danos.<\/p>\n<p>Entre os mortos, h\u00e1 uma m\u00e3e e quatro filhos. Dois feridos graves foram encaminhados ao hospital de Lichinga, enquanto seis tiveram ferimentos ligeiros. Todos os atingidos entraram em socorro devido \u00e0 intensidade da descarga.<\/p>\n<p>Al\u00e9m das v\u00edtimas, o fen\u00f3meno ainda provocou quedas de \u00e1rvores e destrui\u00e7\u00e3o no posto administrativo, acrescentando-se ao mau tempo que se faz sentir na regi\u00e3o. A popula\u00e7\u00e3o ficou surpreendida pela rapidez do evento.<\/p>\n<p>Mo\u00e7ambique atravessa a \u00e9poca das chuvas, uma das mais severas dos \u00faltimos anos, segundo o Instituto Nacional de Gest\u00e3o de Desastres (INGD). O INGD j\u00e1 atualizou o balan\u00e7o da \u00e9poca.<\/p>\n<h3>Balan\u00e7o da \u00e9poca das chuvas<\/h3>\n<p>At\u00e9 ao in\u00edcio da tarde de s\u00e1bado, o INGD registava 230 mortos desde outubro, e quase 863,5 mil pessoas afetadas, em 200.702 fam\u00edlias. Houve ainda 12 desaparecidos e 321 feridos, com v\u00e1rias ocorr\u00eancias associadas a cheias.<\/p>\n<p>As cheias de janeiro provocaram 27 mortos e afetaram 724.131 pessoas. O ciclone Gezani, em Inhambane, deixou mais quatro mortos. O conjunto de dados mostra 15.254 casas parcialmente destru\u00eddas, 6.121 totalmente destru\u00eddas e 183.824 inundadas.<\/p>\n<p>A \u00e9poca das chuvas j\u00e1 afetou 555.040 hectares de \u00e1reas agr\u00edcolas, com 288.016 hectares considerados perdidos. A estimativa aponta 365.784 agricultores afetados. Al\u00e9m disso, morreram 530.998 animais e 7.845 km de estrada foram danificados.<\/p>\n","protected":false},"excerpt":{"rendered":"<ul>\n<li>Uma descarga atmosf\u00e9rica atingiu o posto administrativo de Chimbunila, na prov\u00edncia de Niassa, no norte de Mo\u00e7ambique, no s\u00e1bado, deixando treze pessoas atingidas e pelo menos cinco mortas, incluindo uma m\u00e3e e os seus quatro filhos.<\/li>\n<li>Existem dois feridos graves e seis feridos ligeiros; dois feridos graves foram transportados para o hospital em Lichinga.<\/li>\n<li>O fen\u00f3meno ocorreu acompanhado de fortes chuvas, que provocaram a queda de \u00e1rvores e destrui\u00e7\u00e3o no posto.<\/li>\n<li>Na presente \u00e9poca das chuvas, Mo\u00e7ambique j\u00e1 registra cerca de 230 mortos e aproximadamente 863.433 pessoas afetadas, em 200.702 fam\u00edlias, com 12 desaparecidos e 321 feridos.<\/li>\n<li>Os dados do INGD mostram ainda fortes impactos: 15.254 casas parcialmente destru\u00eddas, 6.121 totalmente destru\u00eddas, 183.824 inundadas, 555.040 hectares de \u00e1reas agr\u00edcolas afetados e 530.998 animais mortos.<\/li>\n<\/ul>\n","protected":false},"author":2,"featured_media":221663,"comment_status":"closed","ping_status":"closed","sticky":false,"template":"","format":"standard","meta":{"footnotes":""},"categories":[1],"tags":[4917,3701,2051,1911,2232,4961],"class_list":["post-221662","post","type-post","status-publish","format-standard","has-post-thumbnail","hentry","category-noticias","tag-aguaceiros","tag-cheias","tag-inundacao","tag-mocambique","tag-niassa","tag-trovoadas"],"yoast_head":"<!-- This site is optimized with the Yoast SEO plugin v27.2 - https:\/\/yoast.com\/product\/yoast-seo-wordpress\/ -->\n<title>Descarga atmosf\u00e9rica atinge 13 pessoas em Mo\u00e7ambique, mata m\u00e3e e quatro filhos - Portal Tela Portugal<\/title>\n<meta name=\"robots\" content=\"index, follow, max-snippet:-1, max-image-preview:large, max-video-preview:-1\" \/>\n<meta property=\"og:locale\" content=\"pt_PT\" \/>\n<meta property=\"og:type\" content=\"article\" \/>\n<meta property=\"og:title\" content=\"Descarga atmosf\u00e9rica atinge 13 pessoas em Mo\u00e7ambique, mata m\u00e3e e quatro filhos - Portal Tela Portugal\" \/>\n<meta property=\"og:description\" content=\"Uma descarga atmosf\u00e9rica atingiu o posto administrativo de Chimbunila, na prov\u00edncia de Niassa, no norte de Mo\u00e7ambique, no s\u00e1bado, deixando treze pessoas atingidas e pelo menos cinco mortas, incluindo uma m\u00e3e e os seus quatro filhos. Existem dois feridos graves e seis feridos ligeiros; dois feridos graves foram transportados para o hospital em Lichinga. O fen\u00f3meno ocorreu acompanhado de fortes chuvas, que provocaram a queda de \u00e1rvores e destrui\u00e7\u00e3o no posto. Na presente \u00e9poca das chuvas, Mo\u00e7ambique j\u00e1 registra cerca de 230 mortos e aproximadamente 863.433 pessoas afetadas, em 200.702 fam\u00edlias, com 12 desaparecidos e 321 feridos. Os dados do INGD mostram ainda fortes impactos: 15.254 casas parcialmente destru\u00eddas, 6.121 totalmente destru\u00eddas, 183.824 inundadas, 555.040 hectares de \u00e1reas agr\u00edcolas afetados e 530.998 animais mortos.\" \/>\n<meta property=\"og:url\" content=\"https:\/\/portaltela.pt\/noticias\/2026\/02\/22\/descarga-atmosferica-atinge-13-pessoas-em-mocambique-mata-mae-e-quatro-filhos\/\" \/>\n<meta property=\"og:site_name\" content=\"Portal Tela Portugal\" \/>\n<meta property=\"article:published_time\" content=\"2026-02-22T15:02:53+00:00\" \/>\n<meta name=\"author\" content=\"Telinha\" \/>\n<meta name=\"twitter:card\" content=\"summary_large_image\" \/>\n<meta name=\"twitter:label1\" content=\"Escrito por\" \/>\n\t<meta name=\"twitter:data1\" content=\"Telinha\" \/>\n\t<meta name=\"twitter:label2\" content=\"Tempo estimado de leitura\" \/>\n\t<meta name=\"twitter:data2\" content=\"1 minuto\" \/>\n<script type=\"application\/ld+json\" class=\"yoast-schema-graph\">{\"@context\":\"https:\/\/schema.org\",\"@graph\":[{\"@type\":\"Article\",\"@id\":\"https:\/\/portaltela.pt\/noticias\/2026\/02\/22\/descarga-atmosferica-atinge-13-pessoas-em-mocambique-mata-mae-e-quatro-filhos\/#article\",\"isPartOf\":{\"@id\":\"https:\/\/portaltela.pt\/noticias\/2026\/02\/22\/descarga-atmosferica-atinge-13-pessoas-em-mocambique-mata-mae-e-quatro-filhos\/\"},\"author\":{\"name\":\"Telinha\",\"@id\":\"https:\/\/portaltela.pt\/#\/schema\/person\/c4278d4a6028830caff9ee44b42d32ed\"},\"headline\":\"Descarga atmosf\u00e9rica atinge 13 pessoas em Mo\u00e7ambique, mata m\u00e3e e quatro filhos\",\"datePublished\":\"2026-02-22T15:02:53+00:00\",\"mainEntityOfPage\":{\"@id\":\"https:\/\/portaltela.pt\/noticias\/2026\/02\/22\/descarga-atmosferica-atinge-13-pessoas-em-mocambique-mata-mae-e-quatro-filhos\/\"},\"wordCount\":270,\"image\":{\"@id\":\"https:\/\/portaltela.pt\/noticias\/2026\/02\/22\/descarga-atmosferica-atinge-13-pessoas-em-mocambique-mata-mae-e-quatro-filhos\/#primaryimage\"},\"thumbnailUrl\":\"https:\/\/portaltela.pt\/s.01k8rhncp4jt1\/2026\/02\/img_1500x1000uu2023-09-12-14-32-40-1441237.jpg\",\"keywords\":[\"aguaceiros\",\"cheias\",\"inunda\u00e7\u00e3o\",\"Mo\u00e7ambique\",\"Niassa\",\"trovoadas\"],\"articleSection\":[\"Not\u00edcias\"],\"inLanguage\":\"pt-PT\"},{\"@type\":\"WebPage\",\"@id\":\"https:\/\/portaltela.pt\/noticias\/2026\/02\/22\/descarga-atmosferica-atinge-13-pessoas-em-mocambique-mata-mae-e-quatro-filhos\/\",\"url\":\"https:\/\/portaltela.pt\/noticias\/2026\/02\/22\/descarga-atmosferica-atinge-13-pessoas-em-mocambique-mata-mae-e-quatro-filhos\/\",\"name\":\"Descarga atmosf\u00e9rica atinge 13 pessoas em Mo\u00e7ambique, mata m\u00e3e e quatro filhos - Portal Tela Portugal\",\"isPartOf\":{\"@id\":\"https:\/\/portaltela.pt\/#website\"},\"primaryImageOfPage\":{\"@id\":\"https:\/\/portaltela.pt\/noticias\/2026\/02\/22\/descarga-atmosferica-atinge-13-pessoas-em-mocambique-mata-mae-e-quatro-filhos\/#primaryimage\"},\"image\":{\"@id\":\"https:\/\/portaltela.pt\/noticias\/2026\/02\/22\/descarga-atmosferica-atinge-13-pessoas-em-mocambique-mata-mae-e-quatro-filhos\/#primaryimage\"},\"thumbnailUrl\":\"https:\/\/portaltela.pt\/s.01k8rhncp4jt1\/2026\/02\/img_1500x1000uu2023-09-12-14-32-40-1441237.jpg\",\"datePublished\":\"2026-02-22T15:02:53+00:00\",\"author\":{\"@id\":\"https:\/\/portaltela.pt\/#\/schema\/person\/c4278d4a6028830caff9ee44b42d32ed\"},\"breadcrumb\":{\"@id\":\"https:\/\/portaltela.pt\/noticias\/2026\/02\/22\/descarga-atmosferica-atinge-13-pessoas-em-mocambique-mata-mae-e-quatro-filhos\/#breadcrumb\"},\"inLanguage\":\"pt-PT\",\"potentialAction\":[{\"@type\":\"ReadAction\",\"target\":[\"https:\/\/portaltela.pt\/noticias\/2026\/02\/22\/descarga-atmosferica-atinge-13-pessoas-em-mocambique-mata-mae-e-quatro-filhos\/\"]}]},{\"@type\":\"ImageObject\",\"inLanguage\":\"pt-PT\",\"@id\":\"https:\/\/portaltela.pt\/noticias\/2026\/02\/22\/descarga-atmosferica-atinge-13-pessoas-em-mocambique-mata-mae-e-quatro-filhos\/#primaryimage\",\"url\":\"https:\/\/portaltela.pt\/s.01k8rhncp4jt1\/2026\/02\/img_1500x1000uu2023-09-12-14-32-40-1441237.jpg\",\"contentUrl\":\"https:\/\/portaltela.pt\/s.01k8rhncp4jt1\/2026\/02\/img_1500x1000uu2023-09-12-14-32-40-1441237.jpg\",\"width\":796,\"height\":448,\"caption\":\"Descarga atmosf\u00e9rica atinge 13 pessoas em Mo\u00e7ambique e mata m\u00e3e e quatro filhos\"},{\"@type\":\"BreadcrumbList\",\"@id\":\"https:\/\/portaltela.pt\/noticias\/2026\/02\/22\/descarga-atmosferica-atinge-13-pessoas-em-mocambique-mata-mae-e-quatro-filhos\/#breadcrumb\",\"itemListElement\":[{\"@type\":\"ListItem\",\"position\":1,\"name\":\"In\u00edcio\",\"item\":\"https:\/\/portaltela.pt\/\"},{\"@type\":\"ListItem\",\"position\":2,\"name\":\"Descarga atmosf\u00e9rica atinge 13 pessoas em Mo\u00e7ambique, mata m\u00e3e e quatro filhos\"}]},{\"@type\":\"WebSite\",\"@id\":\"https:\/\/portaltela.pt\/#website\",\"url\":\"https:\/\/portaltela.pt\/\",\"name\":\"Portal Tela Portugal\",\"description\":\"\",\"potentialAction\":[{\"@type\":\"SearchAction\",\"target\":{\"@type\":\"EntryPoint\",\"urlTemplate\":\"https:\/\/portaltela.pt\/?s={search_term_string}\"},\"query-input\":{\"@type\":\"PropertyValueSpecification\",\"valueRequired\":true,\"valueName\":\"search_term_string\"}}],\"inLanguage\":\"pt-PT\"},{\"@type\":\"Person\",\"@id\":\"https:\/\/portaltela.pt\/#\/schema\/person\/c4278d4a6028830caff9ee44b42d32ed\",\"name\":\"Telinha\",\"image\":{\"@type\":\"ImageObject\",\"inLanguage\":\"pt-PT\",\"@id\":\"https:\/\/portaltela.pt\/s.01k8rhncp4jt1\/2025\/11\/talking-bot-125x125.png\",\"url\":\"https:\/\/portaltela.pt\/s.01k8rhncp4jt1\/2025\/11\/talking-bot-125x125.png\",\"contentUrl\":\"https:\/\/portaltela.pt\/s.01k8rhncp4jt1\/2025\/11\/talking-bot-125x125.png\",\"caption\":\"Telinha\"},\"sameAs\":[\"https:\/\/portaltela.pt\/\"],\"url\":\"https:\/\/portaltela.pt\/por\/367410592786\/\"}]}<\/script>\n<!-- \/ Yoast SEO plugin. -->","yoast_head_json":{"title":"Descarga atmosf\u00e9rica atinge 13 pessoas em Mo\u00e7ambique, mata m\u00e3e e quatro filhos - Portal Tela Portugal","robots":{"index":"index","follow":"follow","max-snippet":"max-snippet:-1","max-image-preview":"max-image-preview:large","max-video-preview":"max-video-preview:-1"},"og_locale":"pt_PT","og_type":"article","og_title":"Descarga atmosf\u00e9rica atinge 13 pessoas em Mo\u00e7ambique, mata m\u00e3e e quatro filhos - Portal Tela Portugal","og_description":"Uma descarga atmosf\u00e9rica atingiu o posto administrativo de Chimbunila, na prov\u00edncia de Niassa, no norte de Mo\u00e7ambique, no s\u00e1bado, deixando treze pessoas atingidas e pelo menos cinco mortas, incluindo uma m\u00e3e e os seus quatro filhos. Existem dois feridos graves e seis feridos ligeiros; dois feridos graves foram transportados para o hospital em Lichinga. O fen\u00f3meno ocorreu acompanhado de fortes chuvas, que provocaram a queda de \u00e1rvores e destrui\u00e7\u00e3o no posto. Na presente \u00e9poca das chuvas, Mo\u00e7ambique j\u00e1 registra cerca de 230 mortos e aproximadamente 863.433 pessoas afetadas, em 200.702 fam\u00edlias, com 12 desaparecidos e 321 feridos. Os dados do INGD mostram ainda fortes impactos: 15.254 casas parcialmente destru\u00eddas, 6.121 totalmente destru\u00eddas, 183.824 inundadas, 555.040 hectares de \u00e1reas agr\u00edcolas afetados e 530.998 animais mortos.","og_url":"https:\/\/portaltela.pt\/noticias\/2026\/02\/22\/descarga-atmosferica-atinge-13-pessoas-em-mocambique-mata-mae-e-quatro-filhos\/","og_site_name":"Portal Tela Portugal","article_published_time":"2026-02-22T15:02:53+00:00","author":"Telinha","twitter_card":"summary_large_image","twitter_misc":{"Escrito por":"Telinha","Tempo estimado de leitura":"1 minuto"},"schema":{"@context":"https:\/\/schema.org","@graph":[{"@type":"Article","@id":"https:\/\/portaltela.pt\/noticias\/2026\/02\/22\/descarga-atmosferica-atinge-13-pessoas-em-mocambique-mata-mae-e-quatro-filhos\/#article","isPartOf":{"@id":"https:\/\/portaltela.pt\/noticias\/2026\/02\/22\/descarga-atmosferica-atinge-13-pessoas-em-mocambique-mata-mae-e-quatro-filhos\/"},"author":{"name":"Telinha","@id":"https:\/\/portaltela.pt\/#\/schema\/person\/c4278d4a6028830caff9ee44b42d32ed"},"headline":"Descarga atmosf\u00e9rica atinge 13 pessoas em Mo\u00e7ambique, mata m\u00e3e e quatro filhos","datePublished":"2026-02-22T15:02:53+00:00","mainEntityOfPage":{"@id":"https:\/\/portaltela.pt\/noticias\/2026\/02\/22\/descarga-atmosferica-atinge-13-pessoas-em-mocambique-mata-mae-e-quatro-filhos\/"},"wordCount":270,"image":{"@id":"https:\/\/portaltela.pt\/noticias\/2026\/02\/22\/descarga-atmosferica-atinge-13-pessoas-em-mocambique-mata-mae-e-quatro-filhos\/#primaryimage"},"thumbnailUrl":"https:\/\/portaltela.pt\/s.01k8rhncp4jt1\/2026\/02\/img_1500x1000uu2023-09-12-14-32-40-1441237.jpg","keywords":["aguaceiros","cheias","inunda\u00e7\u00e3o","Mo\u00e7ambique","Niassa","trovoadas"],"articleSection":["Not\u00edcias"],"inLanguage":"pt-PT"},{"@type":"WebPage","@id":"https:\/\/portaltela.pt\/noticias\/2026\/02\/22\/descarga-atmosferica-atinge-13-pessoas-em-mocambique-mata-mae-e-quatro-filhos\/","url":"https:\/\/portaltela.pt\/noticias\/2026\/02\/22\/descarga-atmosferica-atinge-13-pessoas-em-mocambique-mata-mae-e-quatro-filhos\/","name":"Descarga atmosf\u00e9rica atinge 13 pessoas em Mo\u00e7ambique, mata m\u00e3e e quatro filhos - Portal Tela Portugal","isPartOf":{"@id":"https:\/\/portaltela.pt\/#website"},"primaryImageOfPage":{"@id":"https:\/\/portaltela.pt\/noticias\/2026\/02\/22\/descarga-atmosferica-atinge-13-pessoas-em-mocambique-mata-mae-e-quatro-filhos\/#primaryimage"},"image":{"@id":"https:\/\/portaltela.pt\/noticias\/2026\/02\/22\/descarga-atmosferica-atinge-13-pessoas-em-mocambique-mata-mae-e-quatro-filhos\/#primaryimage"},"thumbnailUrl":"https:\/\/portaltela.pt\/s.01k8rhncp4jt1\/2026\/02\/img_1500x1000uu2023-09-12-14-32-40-1441237.jpg","datePublished":"2026-02-22T15:02:53+00:00","author":{"@id":"https:\/\/portaltela.pt\/#\/schema\/person\/c4278d4a6028830caff9ee44b42d32ed"},"breadcrumb":{"@id":"https:\/\/portaltela.pt\/noticias\/2026\/02\/22\/descarga-atmosferica-atinge-13-pessoas-em-mocambique-mata-mae-e-quatro-filhos\/#breadcrumb"},"inLanguage":"pt-PT","potentialAction":[{"@type":"ReadAction","target":["https:\/\/portaltela.pt\/noticias\/2026\/02\/22\/descarga-atmosferica-atinge-13-pessoas-em-mocambique-mata-mae-e-quatro-filhos\/"]}]},{"@type":"ImageObject","inLanguage":"pt-PT","@id":"https:\/\/portaltela.pt\/noticias\/2026\/02\/22\/descarga-atmosferica-atinge-13-pessoas-em-mocambique-mata-mae-e-quatro-filhos\/#primaryimage","url":"https:\/\/portaltela.pt\/s.01k8rhncp4jt1\/2026\/02\/img_1500x1000uu2023-09-12-14-32-40-1441237.jpg","contentUrl":"https:\/\/portaltela.pt\/s.01k8rhncp4jt1\/2026\/02\/img_1500x1000uu2023-09-12-14-32-40-1441237.jpg","width":796,"height":448,"caption":"Descarga atmosf\u00e9rica atinge 13 pessoas em Mo\u00e7ambique e mata m\u00e3e e quatro filhos"},{"@type":"BreadcrumbList","@id":"https:\/\/portaltela.pt\/noticias\/2026\/02\/22\/descarga-atmosferica-atinge-13-pessoas-em-mocambique-mata-mae-e-quatro-filhos\/#breadcrumb","itemListElement":[{"@type":"ListItem","position":1,"name":"In\u00edcio","item":"https:\/\/portaltela.pt\/"},{"@type":"ListItem","position":2,"name":"Descarga atmosf\u00e9rica atinge 13 pessoas em Mo\u00e7ambique, mata m\u00e3e e quatro filhos"}]},{"@type":"WebSite","@id":"https:\/\/portaltela.pt\/#website","url":"https:\/\/portaltela.pt\/","name":"Portal Tela Portugal","description":"","potentialAction":[{"@type":"SearchAction","target":{"@type":"EntryPoint","urlTemplate":"https:\/\/portaltela.pt\/?s={search_term_string}"},"query-input":{"@type":"PropertyValueSpecification","valueRequired":true,"valueName":"search_term_string"}}],"inLanguage":"pt-PT"},{"@type":"Person","@id":"https:\/\/portaltela.pt\/#\/schema\/person\/c4278d4a6028830caff9ee44b42d32ed","name":"Telinha","image":{"@type":"ImageObject","inLanguage":"pt-PT","@id":"https:\/\/portaltela.pt\/s.01k8rhncp4jt1\/2025\/11\/talking-bot-125x125.png","url":"https:\/\/portaltela.pt\/s.01k8rhncp4jt1\/2025\/11\/talking-bot-125x125.png","contentUrl":"https:\/\/portaltela.pt\/s.01k8rhncp4jt1\/2025\/11\/talking-bot-125x125.png","caption":"Telinha"},"sameAs":["https:\/\/portaltela.pt\/"],"url":"https:\/\/portaltela.pt\/por\/367410592786\/"}]}},"_links":{"self":[{"href":"https:\/\/portaltela.pt\/api\/wp\/v2\/posts\/221662","targetHints":{"allow":["GET"]}}],"collection":[{"href":"https:\/\/portaltela.pt\/api\/wp\/v2\/posts"}],"about":[{"href":"https:\/\/portaltela.pt\/api\/wp\/v2\/types\/post"}],"author":[{"embeddable":true,"href":"https:\/\/portaltela.pt\/api\/wp\/v2\/users\/2"}],"replies":[{"embeddable":true,"href":"https:\/\/portaltela.pt\/api\/wp\/v2\/comments?post=221662"}],"version-history":[{"count":0,"href":"https:\/\/portaltela.pt\/api\/wp\/v2\/posts\/221662\/revisions"}],"wp:featuredmedia":[{"embeddable":true,"href":"https:\/\/portaltela.pt\/api\/wp\/v2\/media\/221663"}],"wp:attachment":[{"href":"https:\/\/portaltela.pt\/api\/wp\/v2\/media?parent=221662"}],"wp:term":[{"taxonomy":"category","embeddable":true,"href":"https:\/\/portaltela.pt\/api\/wp\/v2\/categories?post=221662"},{"taxonomy":"post_tag","embeddable":true,"href":"https:\/\/portaltela.pt\/api\/wp\/v2\/tags?post=221662"}],"curies":[{"name":"wp","href":"https:\/\/api.w.org\/{rel}","templated":true}]}}