{"id":221633,"date":"2026-02-22T11:53:50","date_gmt":"2026-02-22T14:53:50","guid":{"rendered":"https:\/\/portaltela.pt\/noticias\/2026\/02\/22\/procissao-dos-terceiros-candidata-a-patrimonio-imaterial-apos-viola-da-terra\/"},"modified":"2026-02-22T11:53:50","modified_gmt":"2026-02-22T14:53:50","slug":"procissao-dos-terceiros-candidata-a-patrimonio-imaterial-apos-viola-da-terra","status":"publish","type":"post","link":"https:\/\/portaltela.pt\/noticias\/2026\/02\/22\/procissao-dos-terceiros-candidata-a-patrimonio-imaterial-apos-viola-da-terra\/","title":{"rendered":"Prociss\u00e3o dos Terceiros candidata a patrim\u00f3nio imaterial ap\u00f3s Viola da Terra"},"content":{"rendered":"<p>A Prociss\u00e3o dos Terceiros da Ribeira Grande pode entrar no Invent\u00e1rio Nacional do Patrim\u00f3nio Cultural Imaterial, ap\u00f3s a conclus\u00e3o do processo de candidatura da Viola da Terra. O Governo dos A\u00e7ores anunciou o avan\u00e7o prov\u00e1vel ainda antes do ver\u00e3o.<\/p>\n<p>A secret\u00e1ria regional da Educa\u00e7\u00e3o, Cultura e Desporto, Sofia Ribeiro, explicou que o movimento de candidaturas ao patrim\u00f3nio imaterial tem-se intensificado, com o Carnaval da Terceira j\u00e1 inscrito e a Viola da Terra em fase de finaliza\u00e7\u00e3o. A pr\u00f3xima candidatura a ser apresentada \u00e9 a da Prociss\u00e3o dos Terceiros.<\/p>\n<p>A Santa Casa da Miseric\u00f3rdia da Ribeira Grande pretende entregar a candidatura da Prociss\u00e3o dos Terceiros ao Invent\u00e1rio Nacional ainda antes do ver\u00e3o, visto que havia um compromisso p\u00fablico para que estivesse pronta em dezembro de 2024. A aprova\u00e7\u00e3o depende da Secretaria Regional da Educa\u00e7\u00e3o, Cultura e Desporto.<\/p>\n<p>A Dire\u00e7\u00e3o Regional da Cultura coordena o processo, enquanto a C\u00e2mara Municipal da Ribeira Grande e a Santa Casa j\u00e1 conclu\u00edram as etapas iniciais. A governante indicou que a equipa est\u00e1 a trabalhar em conjunto com os promotores da candidatura desde 2023 e que j\u00e1 foram realizadas entrevistas para transcri\u00e7\u00e3o de conte\u00fados relevantes.<\/p>\n<p>O trabalho de transcri\u00e7\u00e3o das entrevistas est\u00e1 na fase final, ap\u00f3s o qual se dever\u00e1 avan\u00e7ar para a etapa de inscri\u00e7\u00e3o. Enquanto isso, o foco tem sido dado ao processo dos saberes e pr\u00e1ticas associados \u00e0 Viola da Terra, que est\u00e1 a ser conclu\u00eddo pela Dire\u00e7\u00e3o Regional da Cultura para permitir a continuidade da candidatura da Prociss\u00e3o dos Terceiros assim que o anterior projeto estiver conclu\u00eddo.<\/p>\n<p>A apresenta\u00e7\u00e3o p\u00fablica da candidatura da Prociss\u00e3o do Senhor dos Terceiros ao patrim\u00f3nio ocorreu a 4 de outubro de 2024, no Museu Vivo do Franciscanismo, com participa\u00e7\u00e3o da Universidade dos A\u00e7ores. A Prociss\u00e3o dos Terceiros realiza-se anualmente no primeiro domingo da Quaresma, na Ribeira Grande, integrada na celebra\u00e7\u00e3o em honra do Senhor Santo Cristo dos Terceiros.<\/p>\n<p>Segundo a Santa Casa da Miseric\u00f3rdia, a cerim\u00f3nia re\u00fane a\u00e7\u00f5es que valorizam o patrim\u00f3nio cultural imaterial e refor\u00e7am a identidade da cidade e dos A\u00e7ores. O ponto alto da festividade est\u00e1 marcado para as 17:00 locais, com a sa\u00edda da prociss\u00e3o da igreja do antigo Convento dos Frades.<\/p>\n","protected":false},"excerpt":{"rendered":"<ul>\n<li>A candidatura da Prociss\u00e3o dos Terceiros da Ribeira Grande ao patrim\u00f3nio imaterial ser\u00e1 apresentada logo que o processo da Viola da Terra esteja conclu\u00eddo.<\/li>\n<li>A Secretaria Regional da Educa\u00e7\u00e3o, Cultura e Desporto est\u00e1 a avan\u00e7ar na fase final da candidatura, ap\u00f3s j\u00e1 ter sido conclu\u00edda a apresenta\u00e7\u00e3o p\u00fablica da Viola da Terra.<\/li>\n<li>A Santa Casa da Miseric\u00f3rdia da Ribeira Grande pretende entregar a candidatura antes do ver\u00e3o, referindo atraso em rela\u00e7\u00e3o ao compromisso de dezembro de 2024.<\/li>\n<li>A Dire\u00e7\u00e3o Regional da Cultura coordena o processo, com envolvimento da Universidade dos A\u00e7ores; a apresenta\u00e7\u00e3o p\u00fablica ocorreu a 4 de outubro de 2024 no Museu Vivo do Franciscanismo.<\/li>\n<li>A Prociss\u00e3o do Senhor dos Terceiros \u00e9 realizada no primeiro domingo da Quaresma, na Ribeira Grande, e \u00e9 descrita como marcada pela identidade dos A\u00e7ores.<\/li>\n<\/ul>\n","protected":false},"author":2,"featured_media":221636,"comment_status":"closed","ping_status":"closed","sticky":false,"template":"","format":"standard","meta":{"footnotes":""},"categories":[1],"tags":[822,1175,6247,4031,6248],"class_list":["post-221633","post","type-post","status-publish","format-standard","has-post-thumbnail","hentry","category-noticias","tag-acores","tag-patrimonio-cultural","tag-patrimonio-cultural-imaterial","tag-procissoes","tag-viola-da-terra"],"yoast_head":"<!-- This site is optimized with the Yoast SEO plugin v27.2 - https:\/\/yoast.com\/product\/yoast-seo-wordpress\/ -->\n<title>Prociss\u00e3o dos Terceiros candidata a patrim\u00f3nio imaterial ap\u00f3s Viola da Terra - Portal Tela Portugal<\/title>\n<meta name=\"robots\" content=\"index, follow, max-snippet:-1, max-image-preview:large, max-video-preview:-1\" \/>\n<meta property=\"og:locale\" content=\"pt_PT\" \/>\n<meta property=\"og:type\" content=\"article\" \/>\n<meta property=\"og:title\" content=\"Prociss\u00e3o dos Terceiros candidata a patrim\u00f3nio imaterial ap\u00f3s Viola da Terra - Portal Tela Portugal\" \/>\n<meta property=\"og:description\" content=\"A candidatura da Prociss\u00e3o dos Terceiros da Ribeira Grande ao patrim\u00f3nio imaterial ser\u00e1 apresentada logo que o processo da Viola da Terra esteja conclu\u00eddo. A Secretaria Regional da Educa\u00e7\u00e3o, Cultura e Desporto est\u00e1 a avan\u00e7ar na fase final da candidatura, ap\u00f3s j\u00e1 ter sido conclu\u00edda a apresenta\u00e7\u00e3o p\u00fablica da Viola da Terra. A Santa Casa da Miseric\u00f3rdia da Ribeira Grande pretende entregar a candidatura antes do ver\u00e3o, referindo atraso em rela\u00e7\u00e3o ao compromisso de dezembro de 2024. A Dire\u00e7\u00e3o Regional da Cultura coordena o processo, com envolvimento da Universidade dos A\u00e7ores; a apresenta\u00e7\u00e3o p\u00fablica ocorreu a 4 de outubro de 2024 no Museu Vivo do Franciscanismo. A Prociss\u00e3o do Senhor dos Terceiros \u00e9 realizada no primeiro domingo da Quaresma, na Ribeira Grande, e \u00e9 descrita como marcada pela identidade dos A\u00e7ores.\" \/>\n<meta property=\"og:url\" content=\"https:\/\/portaltela.pt\/noticias\/2026\/02\/22\/procissao-dos-terceiros-candidata-a-patrimonio-imaterial-apos-viola-da-terra\/\" \/>\n<meta property=\"og:site_name\" content=\"Portal Tela Portugal\" \/>\n<meta property=\"article:published_time\" content=\"2026-02-22T14:53:50+00:00\" \/>\n<meta name=\"author\" content=\"Telinha\" \/>\n<meta name=\"twitter:card\" content=\"summary_large_image\" \/>\n<meta name=\"twitter:label1\" content=\"Escrito por\" \/>\n\t<meta name=\"twitter:data1\" content=\"Telinha\" \/>\n\t<meta name=\"twitter:label2\" content=\"Tempo estimado de leitura\" \/>\n\t<meta name=\"twitter:data2\" content=\"2 minutos\" \/>\n<script type=\"application\/ld+json\" class=\"yoast-schema-graph\">{\"@context\":\"https:\/\/schema.org\",\"@graph\":[{\"@type\":\"Article\",\"@id\":\"https:\/\/portaltela.pt\/noticias\/2026\/02\/22\/procissao-dos-terceiros-candidata-a-patrimonio-imaterial-apos-viola-da-terra\/#article\",\"isPartOf\":{\"@id\":\"https:\/\/portaltela.pt\/noticias\/2026\/02\/22\/procissao-dos-terceiros-candidata-a-patrimonio-imaterial-apos-viola-da-terra\/\"},\"author\":{\"name\":\"Telinha\",\"@id\":\"https:\/\/portaltela.pt\/#\/schema\/person\/c4278d4a6028830caff9ee44b42d32ed\"},\"headline\":\"Prociss\u00e3o dos Terceiros candidata a patrim\u00f3nio imaterial ap\u00f3s Viola da Terra\",\"datePublished\":\"2026-02-22T14:53:50+00:00\",\"mainEntityOfPage\":{\"@id\":\"https:\/\/portaltela.pt\/noticias\/2026\/02\/22\/procissao-dos-terceiros-candidata-a-patrimonio-imaterial-apos-viola-da-terra\/\"},\"wordCount\":419,\"image\":{\"@id\":\"https:\/\/portaltela.pt\/noticias\/2026\/02\/22\/procissao-dos-terceiros-candidata-a-patrimonio-imaterial-apos-viola-da-terra\/#primaryimage\"},\"thumbnailUrl\":\"https:\/\/portaltela.pt\/s.01k8rhncp4jt1\/2026\/02\/img_1500x1000uu2025-08-10-12-00-27-2228300.jpg\",\"keywords\":[\"A\u00e7ores\",\"Patrim\u00f3nio Cultural\",\"Patrim\u00f3nio Cultural Imaterial\",\"prociss\u00f5es\",\"Viola da Terra\"],\"articleSection\":[\"Not\u00edcias\"],\"inLanguage\":\"pt-PT\"},{\"@type\":\"WebPage\",\"@id\":\"https:\/\/portaltela.pt\/noticias\/2026\/02\/22\/procissao-dos-terceiros-candidata-a-patrimonio-imaterial-apos-viola-da-terra\/\",\"url\":\"https:\/\/portaltela.pt\/noticias\/2026\/02\/22\/procissao-dos-terceiros-candidata-a-patrimonio-imaterial-apos-viola-da-terra\/\",\"name\":\"Prociss\u00e3o dos Terceiros candidata a patrim\u00f3nio imaterial ap\u00f3s Viola da Terra - Portal Tela Portugal\",\"isPartOf\":{\"@id\":\"https:\/\/portaltela.pt\/#website\"},\"primaryImageOfPage\":{\"@id\":\"https:\/\/portaltela.pt\/noticias\/2026\/02\/22\/procissao-dos-terceiros-candidata-a-patrimonio-imaterial-apos-viola-da-terra\/#primaryimage\"},\"image\":{\"@id\":\"https:\/\/portaltela.pt\/noticias\/2026\/02\/22\/procissao-dos-terceiros-candidata-a-patrimonio-imaterial-apos-viola-da-terra\/#primaryimage\"},\"thumbnailUrl\":\"https:\/\/portaltela.pt\/s.01k8rhncp4jt1\/2026\/02\/img_1500x1000uu2025-08-10-12-00-27-2228300.jpg\",\"datePublished\":\"2026-02-22T14:53:50+00:00\",\"author\":{\"@id\":\"https:\/\/portaltela.pt\/#\/schema\/person\/c4278d4a6028830caff9ee44b42d32ed\"},\"breadcrumb\":{\"@id\":\"https:\/\/portaltela.pt\/noticias\/2026\/02\/22\/procissao-dos-terceiros-candidata-a-patrimonio-imaterial-apos-viola-da-terra\/#breadcrumb\"},\"inLanguage\":\"pt-PT\",\"potentialAction\":[{\"@type\":\"ReadAction\",\"target\":[\"https:\/\/portaltela.pt\/noticias\/2026\/02\/22\/procissao-dos-terceiros-candidata-a-patrimonio-imaterial-apos-viola-da-terra\/\"]}]},{\"@type\":\"ImageObject\",\"inLanguage\":\"pt-PT\",\"@id\":\"https:\/\/portaltela.pt\/noticias\/2026\/02\/22\/procissao-dos-terceiros-candidata-a-patrimonio-imaterial-apos-viola-da-terra\/#primaryimage\",\"url\":\"https:\/\/portaltela.pt\/s.01k8rhncp4jt1\/2026\/02\/img_1500x1000uu2025-08-10-12-00-27-2228300.jpg\",\"contentUrl\":\"https:\/\/portaltela.pt\/s.01k8rhncp4jt1\/2026\/02\/img_1500x1000uu2025-08-10-12-00-27-2228300.jpg\",\"width\":796,\"height\":448,\"caption\":\"Prociss\u00e3o dos Terceiros candidatada a patrim\u00f3nio imaterial ap\u00f3s processo Viola da Terra\"},{\"@type\":\"BreadcrumbList\",\"@id\":\"https:\/\/portaltela.pt\/noticias\/2026\/02\/22\/procissao-dos-terceiros-candidata-a-patrimonio-imaterial-apos-viola-da-terra\/#breadcrumb\",\"itemListElement\":[{\"@type\":\"ListItem\",\"position\":1,\"name\":\"In\u00edcio\",\"item\":\"https:\/\/portaltela.pt\/\"},{\"@type\":\"ListItem\",\"position\":2,\"name\":\"Prociss\u00e3o dos Terceiros candidata a patrim\u00f3nio imaterial ap\u00f3s Viola da Terra\"}]},{\"@type\":\"WebSite\",\"@id\":\"https:\/\/portaltela.pt\/#website\",\"url\":\"https:\/\/portaltela.pt\/\",\"name\":\"Portal Tela Portugal\",\"description\":\"\",\"potentialAction\":[{\"@type\":\"SearchAction\",\"target\":{\"@type\":\"EntryPoint\",\"urlTemplate\":\"https:\/\/portaltela.pt\/?s={search_term_string}\"},\"query-input\":{\"@type\":\"PropertyValueSpecification\",\"valueRequired\":true,\"valueName\":\"search_term_string\"}}],\"inLanguage\":\"pt-PT\"},{\"@type\":\"Person\",\"@id\":\"https:\/\/portaltela.pt\/#\/schema\/person\/c4278d4a6028830caff9ee44b42d32ed\",\"name\":\"Telinha\",\"image\":{\"@type\":\"ImageObject\",\"inLanguage\":\"pt-PT\",\"@id\":\"https:\/\/portaltela.pt\/s.01k8rhncp4jt1\/2025\/11\/talking-bot-125x125.png\",\"url\":\"https:\/\/portaltela.pt\/s.01k8rhncp4jt1\/2025\/11\/talking-bot-125x125.png\",\"contentUrl\":\"https:\/\/portaltela.pt\/s.01k8rhncp4jt1\/2025\/11\/talking-bot-125x125.png\",\"caption\":\"Telinha\"},\"sameAs\":[\"https:\/\/portaltela.pt\/\"],\"url\":\"https:\/\/portaltela.pt\/por\/367410592786\/\"}]}<\/script>\n<!-- \/ Yoast SEO plugin. -->","yoast_head_json":{"title":"Prociss\u00e3o dos Terceiros candidata a patrim\u00f3nio imaterial ap\u00f3s Viola da Terra - Portal Tela Portugal","robots":{"index":"index","follow":"follow","max-snippet":"max-snippet:-1","max-image-preview":"max-image-preview:large","max-video-preview":"max-video-preview:-1"},"og_locale":"pt_PT","og_type":"article","og_title":"Prociss\u00e3o dos Terceiros candidata a patrim\u00f3nio imaterial ap\u00f3s Viola da Terra - Portal Tela Portugal","og_description":"A candidatura da Prociss\u00e3o dos Terceiros da Ribeira Grande ao patrim\u00f3nio imaterial ser\u00e1 apresentada logo que o processo da Viola da Terra esteja conclu\u00eddo. A Secretaria Regional da Educa\u00e7\u00e3o, Cultura e Desporto est\u00e1 a avan\u00e7ar na fase final da candidatura, ap\u00f3s j\u00e1 ter sido conclu\u00edda a apresenta\u00e7\u00e3o p\u00fablica da Viola da Terra. A Santa Casa da Miseric\u00f3rdia da Ribeira Grande pretende entregar a candidatura antes do ver\u00e3o, referindo atraso em rela\u00e7\u00e3o ao compromisso de dezembro de 2024. A Dire\u00e7\u00e3o Regional da Cultura coordena o processo, com envolvimento da Universidade dos A\u00e7ores; a apresenta\u00e7\u00e3o p\u00fablica ocorreu a 4 de outubro de 2024 no Museu Vivo do Franciscanismo. A Prociss\u00e3o do Senhor dos Terceiros \u00e9 realizada no primeiro domingo da Quaresma, na Ribeira Grande, e \u00e9 descrita como marcada pela identidade dos A\u00e7ores.","og_url":"https:\/\/portaltela.pt\/noticias\/2026\/02\/22\/procissao-dos-terceiros-candidata-a-patrimonio-imaterial-apos-viola-da-terra\/","og_site_name":"Portal Tela Portugal","article_published_time":"2026-02-22T14:53:50+00:00","author":"Telinha","twitter_card":"summary_large_image","twitter_misc":{"Escrito por":"Telinha","Tempo estimado de leitura":"2 minutos"},"schema":{"@context":"https:\/\/schema.org","@graph":[{"@type":"Article","@id":"https:\/\/portaltela.pt\/noticias\/2026\/02\/22\/procissao-dos-terceiros-candidata-a-patrimonio-imaterial-apos-viola-da-terra\/#article","isPartOf":{"@id":"https:\/\/portaltela.pt\/noticias\/2026\/02\/22\/procissao-dos-terceiros-candidata-a-patrimonio-imaterial-apos-viola-da-terra\/"},"author":{"name":"Telinha","@id":"https:\/\/portaltela.pt\/#\/schema\/person\/c4278d4a6028830caff9ee44b42d32ed"},"headline":"Prociss\u00e3o dos Terceiros candidata a patrim\u00f3nio imaterial ap\u00f3s Viola da Terra","datePublished":"2026-02-22T14:53:50+00:00","mainEntityOfPage":{"@id":"https:\/\/portaltela.pt\/noticias\/2026\/02\/22\/procissao-dos-terceiros-candidata-a-patrimonio-imaterial-apos-viola-da-terra\/"},"wordCount":419,"image":{"@id":"https:\/\/portaltela.pt\/noticias\/2026\/02\/22\/procissao-dos-terceiros-candidata-a-patrimonio-imaterial-apos-viola-da-terra\/#primaryimage"},"thumbnailUrl":"https:\/\/portaltela.pt\/s.01k8rhncp4jt1\/2026\/02\/img_1500x1000uu2025-08-10-12-00-27-2228300.jpg","keywords":["A\u00e7ores","Patrim\u00f3nio Cultural","Patrim\u00f3nio Cultural Imaterial","prociss\u00f5es","Viola da Terra"],"articleSection":["Not\u00edcias"],"inLanguage":"pt-PT"},{"@type":"WebPage","@id":"https:\/\/portaltela.pt\/noticias\/2026\/02\/22\/procissao-dos-terceiros-candidata-a-patrimonio-imaterial-apos-viola-da-terra\/","url":"https:\/\/portaltela.pt\/noticias\/2026\/02\/22\/procissao-dos-terceiros-candidata-a-patrimonio-imaterial-apos-viola-da-terra\/","name":"Prociss\u00e3o dos Terceiros candidata a patrim\u00f3nio imaterial ap\u00f3s Viola da Terra - Portal Tela Portugal","isPartOf":{"@id":"https:\/\/portaltela.pt\/#website"},"primaryImageOfPage":{"@id":"https:\/\/portaltela.pt\/noticias\/2026\/02\/22\/procissao-dos-terceiros-candidata-a-patrimonio-imaterial-apos-viola-da-terra\/#primaryimage"},"image":{"@id":"https:\/\/portaltela.pt\/noticias\/2026\/02\/22\/procissao-dos-terceiros-candidata-a-patrimonio-imaterial-apos-viola-da-terra\/#primaryimage"},"thumbnailUrl":"https:\/\/portaltela.pt\/s.01k8rhncp4jt1\/2026\/02\/img_1500x1000uu2025-08-10-12-00-27-2228300.jpg","datePublished":"2026-02-22T14:53:50+00:00","author":{"@id":"https:\/\/portaltela.pt\/#\/schema\/person\/c4278d4a6028830caff9ee44b42d32ed"},"breadcrumb":{"@id":"https:\/\/portaltela.pt\/noticias\/2026\/02\/22\/procissao-dos-terceiros-candidata-a-patrimonio-imaterial-apos-viola-da-terra\/#breadcrumb"},"inLanguage":"pt-PT","potentialAction":[{"@type":"ReadAction","target":["https:\/\/portaltela.pt\/noticias\/2026\/02\/22\/procissao-dos-terceiros-candidata-a-patrimonio-imaterial-apos-viola-da-terra\/"]}]},{"@type":"ImageObject","inLanguage":"pt-PT","@id":"https:\/\/portaltela.pt\/noticias\/2026\/02\/22\/procissao-dos-terceiros-candidata-a-patrimonio-imaterial-apos-viola-da-terra\/#primaryimage","url":"https:\/\/portaltela.pt\/s.01k8rhncp4jt1\/2026\/02\/img_1500x1000uu2025-08-10-12-00-27-2228300.jpg","contentUrl":"https:\/\/portaltela.pt\/s.01k8rhncp4jt1\/2026\/02\/img_1500x1000uu2025-08-10-12-00-27-2228300.jpg","width":796,"height":448,"caption":"Prociss\u00e3o dos Terceiros candidatada a patrim\u00f3nio imaterial ap\u00f3s processo Viola da Terra"},{"@type":"BreadcrumbList","@id":"https:\/\/portaltela.pt\/noticias\/2026\/02\/22\/procissao-dos-terceiros-candidata-a-patrimonio-imaterial-apos-viola-da-terra\/#breadcrumb","itemListElement":[{"@type":"ListItem","position":1,"name":"In\u00edcio","item":"https:\/\/portaltela.pt\/"},{"@type":"ListItem","position":2,"name":"Prociss\u00e3o dos Terceiros candidata a patrim\u00f3nio imaterial ap\u00f3s Viola da Terra"}]},{"@type":"WebSite","@id":"https:\/\/portaltela.pt\/#website","url":"https:\/\/portaltela.pt\/","name":"Portal Tela Portugal","description":"","potentialAction":[{"@type":"SearchAction","target":{"@type":"EntryPoint","urlTemplate":"https:\/\/portaltela.pt\/?s={search_term_string}"},"query-input":{"@type":"PropertyValueSpecification","valueRequired":true,"valueName":"search_term_string"}}],"inLanguage":"pt-PT"},{"@type":"Person","@id":"https:\/\/portaltela.pt\/#\/schema\/person\/c4278d4a6028830caff9ee44b42d32ed","name":"Telinha","image":{"@type":"ImageObject","inLanguage":"pt-PT","@id":"https:\/\/portaltela.pt\/s.01k8rhncp4jt1\/2025\/11\/talking-bot-125x125.png","url":"https:\/\/portaltela.pt\/s.01k8rhncp4jt1\/2025\/11\/talking-bot-125x125.png","contentUrl":"https:\/\/portaltela.pt\/s.01k8rhncp4jt1\/2025\/11\/talking-bot-125x125.png","caption":"Telinha"},"sameAs":["https:\/\/portaltela.pt\/"],"url":"https:\/\/portaltela.pt\/por\/367410592786\/"}]}},"_links":{"self":[{"href":"https:\/\/portaltela.pt\/api\/wp\/v2\/posts\/221633","targetHints":{"allow":["GET"]}}],"collection":[{"href":"https:\/\/portaltela.pt\/api\/wp\/v2\/posts"}],"about":[{"href":"https:\/\/portaltela.pt\/api\/wp\/v2\/types\/post"}],"author":[{"embeddable":true,"href":"https:\/\/portaltela.pt\/api\/wp\/v2\/users\/2"}],"replies":[{"embeddable":true,"href":"https:\/\/portaltela.pt\/api\/wp\/v2\/comments?post=221633"}],"version-history":[{"count":0,"href":"https:\/\/portaltela.pt\/api\/wp\/v2\/posts\/221633\/revisions"}],"wp:featuredmedia":[{"embeddable":true,"href":"https:\/\/portaltela.pt\/api\/wp\/v2\/media\/221636"}],"wp:attachment":[{"href":"https:\/\/portaltela.pt\/api\/wp\/v2\/media?parent=221633"}],"wp:term":[{"taxonomy":"category","embeddable":true,"href":"https:\/\/portaltela.pt\/api\/wp\/v2\/categories?post=221633"},{"taxonomy":"post_tag","embeddable":true,"href":"https:\/\/portaltela.pt\/api\/wp\/v2\/tags?post=221633"}],"curies":[{"name":"wp","href":"https:\/\/api.w.org\/{rel}","templated":true}]}}