{"id":221632,"date":"2026-02-22T11:47:09","date_gmt":"2026-02-22T14:47:09","guid":{"rendered":"https:\/\/portaltela.pt\/noticias\/2026\/02\/22\/luis-neves-toma-posse-como-mai-e-encara-reforma-da-protecao-civil\/"},"modified":"2026-02-22T11:47:09","modified_gmt":"2026-02-22T14:47:09","slug":"luis-neves-toma-posse-como-mai-e-encara-reforma-da-protecao-civil","status":"publish","type":"post","link":"https:\/\/portaltela.pt\/noticias\/politica\/2026\/02\/22\/luis-neves-toma-posse-como-mai-e-encara-reforma-da-protecao-civil\/","title":{"rendered":"Lu\u00eds Neves toma posse como MAI e encara reforma da prote\u00e7\u00e3o civil"},"content":{"rendered":"<p>Lu\u00eds Neves toma posse nesta segunda-feira como ministro da Administra\u00e7\u00e3o Interna (MAI) no Pal\u00e1cio de Bel\u00e9m, Lisboa, num acto marcado para as 10:00. O novo governante chega com a miss\u00e3o de reformar a prote\u00e7\u00e3o civil e refor\u00e7ar a resposta a crises, ap\u00f3s a demiss\u00e3o de Maria L\u00facia Amaral.<\/p>\n<p>Ex-diretor da Pol\u00edcia Judici\u00e1ria (PJ) e com 30 anos de carreira na repress\u00e3o criminal, Neves foi escolhido pelo primeiro-ministro Lu\u00eds Montenegro para liderar o MAI. A nomea\u00e7\u00e3o surge numa altura de cr\u00edticas \u00e0 gest\u00e3o da anterior tutela, sobretudo na comunica\u00e7\u00e3o e na interven\u00e7\u00e3o em situa\u00e7\u00f5es de crise.<\/p>\n<p>A reforma da Prote\u00e7\u00e3o Civil \u00e9 um dos principais objetivos. O Governo prometeu altera\u00e7\u00f5es \u00e0 estrutura, previstas para o final de 2025 e adiadas para depois da \u00e9poca de fogos. A mudan\u00e7a inclui maior profissionaliza\u00e7\u00e3o e integra\u00e7\u00e3o de compet\u00eancias t\u00e9cnicas entre entidades p\u00fablicas.<\/p>\n<h3>O que est\u00e1 em jogo<\/h3>\n<p>O secret\u00e1rio de Estado da Protec\u00e7\u00e3o Civil, Rui Rocha, afirmou que a lei org\u00e2nica da ANEPC j\u00e1 est\u00e1 definida quanto ao trabalho direto do seu gabinete, mas o Governo deixou em aberto se haver\u00e1 altera\u00e7\u00f5es legislativas adicionais. O novo ministro ter\u00e1 de avan\u00e7ar com o planeamento e a coordena\u00e7\u00e3o necess\u00e1rios.<\/p>\n<p>O Governo aponta para uma melhoria do Sistema Integrado de Redes de Emerg\u00eancia e Seguran\u00e7a de Portugal (SIRESP), que voltou a falhar na regi\u00e3o de Leiria durante a depress\u00e3o Kristin. Um grupo de trabalho entregou um relat\u00f3rio no in\u00edcio de fevereiro com sugest\u00f5es para tornar a rede mais robusta e interoper\u00e1vel.<\/p>\n<h3>Desafios operacionais<\/h3>\n<p>Neves encontra ainda a gerir problemas nos aeroportos nacionais, com particular destaque para o de Lisboa, onde persiste a press\u00e3o sobre o controlo de fronteiras europeu e tempos de espera. O sistema permanece sob escrut\u00ednio p\u00fablico e institucional.<\/p>\n<p>No terreno, h\u00e1 tamb\u00e9m quest\u00f5es salariais: sindicatos da PSP e associa\u00e7\u00f5es da GNR reivindicam igual tratamento aos inspetores da PJ, ap\u00f3s aumentos concedidos em 2023. Um acordo com a PSP e a GNR j\u00e1 previa aumentos, mas mant\u00e9m-se pendente.<\/p>\n<h3>Rui e pol\u00edticas de seguran\u00e7a<\/h3>\n<p>O novo ministro tem ainda pela frente a implementa\u00e7\u00e3o da Estrat\u00e9gia Nacional de Seguran\u00e7a Rodovi\u00e1ria, com meta de reduzir em 50% as mortes e feridos graves at\u00e9 2030. O plano tem estado em atraso desde 2021, embora tenha sido apresentado pelo governo anterior.<\/p>\n<p>Neves assumiu uma postura de toler\u00e2ncia zero contra racismo e incita\u00e7\u00e3o ao \u00f3dio, tendo liderado opera\u00e7\u00f5es contra grupos de extrema-direita na PJ. A gest\u00e3o dos direitos humanos e a integridade das for\u00e7as de seguran\u00e7a continuam entre as prioridades.<\/p>\n<h3>Contexto institucional<\/h3>\n<p>O MAI enfrenta ainda o desafio de distribuir as bodycams pelas for\u00e7as de seguran\u00e7a, um processo que se arrasta desde o governo anterior. Al\u00e9m disso, o novo ministro vai gerir o debate sobre condi\u00e7\u00f5es de trabalho, instala\u00e7\u00f5es e equipamento policial.<\/p>\n<p>A tomada de posse decorre no Pal\u00e1cio de Bel\u00e9m, em Lisboa, com a presen\u00e7a de entidades oficiais e representantes das for\u00e7as de seguran\u00e7a, marcando o in\u00edcio de uma prioridade governamental: refor\u00e7ar a prote\u00e7\u00e3o civil e a resposta a emerg\u00eancias.<\/p>\n","protected":false},"excerpt":{"rendered":"<ul>\n<li>Lu\u00eds Neves toma posse como ministro da Administra\u00e7\u00e3o Interna \u00e0s 10:00, no Pal\u00e1cio de Bel\u00e9m, sucedendo Maria L\u00facia Amaral.<\/li>\n<li>O desafio principal \u00e9 reformar a prote\u00e7\u00e3o civil, com foco na profissionaliza\u00e7\u00e3o e na integra\u00e7\u00e3o de compet\u00eancias entre ANEPC, AGIF, IPMA, APA e For\u00e7as Armadas.<\/li>\n<li>A reforma da prote\u00e7\u00e3o civil, prevista para 2025, foi posteriormente adiada pelo Governo para depois dos fogos.<\/li>\n<li>O novo ministro herda o trabalho de rever o SIRESP, com um relat\u00f3rio de um grupo de trabalho j\u00e1 entregue, para tornar a rede mais robusta e interoper\u00e1vel, al\u00e9m de abordar problemas nos aeroportos.<\/li>\n<li>Vai ainda prosseguir negocia\u00e7\u00f5es salariais e de condi\u00e7\u00f5es de trabalho para PSP e GNR, implementar a distribui\u00e7\u00e3o de bodycams e manter a linha de toler\u00e2ncia zero ao racismo, alinhando-se com a Estrat\u00e9gia Nacional de Seguran\u00e7a Rodovi\u00e1ria.<\/li>\n<\/ul>\n","protected":false},"author":2,"featured_media":221635,"comment_status":"closed","ping_status":"closed","sticky":false,"template":"","format":"standard","meta":{"footnotes":""},"categories":[1,5],"tags":[5798,3418,1802,5099,2761,5432],"class_list":["post-221632","post","type-post","status-publish","format-standard","has-post-thumbnail","hentry","category-noticias","category-politica","tag-administracao-interna","tag-policia-de-seguranca-publica","tag-policia-judiciaria","tag-protecao-civil-municipal","tag-seguranca-rodoviaria","tag-siresp"],"yoast_head":"<!-- This site is optimized with the Yoast SEO plugin v27.2 - https:\/\/yoast.com\/product\/yoast-seo-wordpress\/ -->\n<title>Lu\u00eds Neves toma posse como MAI e encara reforma da prote\u00e7\u00e3o civil - Portal Tela Portugal<\/title>\n<meta name=\"robots\" content=\"index, follow, max-snippet:-1, max-image-preview:large, max-video-preview:-1\" \/>\n<meta property=\"og:locale\" content=\"pt_PT\" \/>\n<meta property=\"og:type\" content=\"article\" \/>\n<meta property=\"og:title\" content=\"Lu\u00eds Neves toma posse como MAI e encara reforma da prote\u00e7\u00e3o civil - Portal Tela Portugal\" \/>\n<meta property=\"og:description\" content=\"Lu\u00eds Neves toma posse como ministro da Administra\u00e7\u00e3o Interna \u00e0s 10:00, no Pal\u00e1cio de Bel\u00e9m, sucedendo Maria L\u00facia Amaral. O desafio principal \u00e9 reformar a prote\u00e7\u00e3o civil, com foco na profissionaliza\u00e7\u00e3o e na integra\u00e7\u00e3o de compet\u00eancias entre ANEPC, AGIF, IPMA, APA e For\u00e7as Armadas. A reforma da prote\u00e7\u00e3o civil, prevista para 2025, foi posteriormente adiada pelo Governo para depois dos fogos. O novo ministro herda o trabalho de rever o SIRESP, com um relat\u00f3rio de um grupo de trabalho j\u00e1 entregue, para tornar a rede mais robusta e interoper\u00e1vel, al\u00e9m de abordar problemas nos aeroportos. Vai ainda prosseguir negocia\u00e7\u00f5es salariais e de condi\u00e7\u00f5es de trabalho para PSP e GNR, implementar a distribui\u00e7\u00e3o de bodycams e manter a linha de toler\u00e2ncia zero ao racismo, alinhando-se com a Estrat\u00e9gia Nacional de Seguran\u00e7a Rodovi\u00e1ria.\" \/>\n<meta property=\"og:url\" content=\"https:\/\/portaltela.pt\/noticias\/2026\/02\/22\/luis-neves-toma-posse-como-mai-e-encara-reforma-da-protecao-civil\/\" \/>\n<meta property=\"og:site_name\" content=\"Portal Tela Portugal\" \/>\n<meta property=\"article:published_time\" content=\"2026-02-22T14:47:09+00:00\" \/>\n<meta name=\"author\" content=\"Telinha\" \/>\n<meta name=\"twitter:card\" content=\"summary_large_image\" \/>\n<meta name=\"twitter:label1\" content=\"Escrito por\" \/>\n\t<meta name=\"twitter:data1\" content=\"Telinha\" \/>\n\t<meta name=\"twitter:label2\" content=\"Tempo estimado de leitura\" \/>\n\t<meta name=\"twitter:data2\" content=\"3 minutos\" \/>\n<script type=\"application\/ld+json\" class=\"yoast-schema-graph\">{\"@context\":\"https:\/\/schema.org\",\"@graph\":[{\"@type\":\"Article\",\"@id\":\"https:\/\/portaltela.pt\/noticias\/2026\/02\/22\/luis-neves-toma-posse-como-mai-e-encara-reforma-da-protecao-civil\/#article\",\"isPartOf\":{\"@id\":\"https:\/\/portaltela.pt\/noticias\/2026\/02\/22\/luis-neves-toma-posse-como-mai-e-encara-reforma-da-protecao-civil\/\"},\"author\":{\"name\":\"Telinha\",\"@id\":\"https:\/\/portaltela.pt\/#\/schema\/person\/c4278d4a6028830caff9ee44b42d32ed\"},\"headline\":\"Lu\u00eds Neves toma posse como MAI e encara reforma da prote\u00e7\u00e3o civil\",\"datePublished\":\"2026-02-22T14:47:09+00:00\",\"mainEntityOfPage\":{\"@id\":\"https:\/\/portaltela.pt\/noticias\/2026\/02\/22\/luis-neves-toma-posse-como-mai-e-encara-reforma-da-protecao-civil\/\"},\"wordCount\":571,\"image\":{\"@id\":\"https:\/\/portaltela.pt\/noticias\/2026\/02\/22\/luis-neves-toma-posse-como-mai-e-encara-reforma-da-protecao-civil\/#primaryimage\"},\"thumbnailUrl\":\"https:\/\/portaltela.pt\/s.01k8rhncp4jt1\/2026\/02\/img_1500x1000uu2026-02-21-13-47-14-2268138-1.jpg\",\"keywords\":[\"Administra\u00e7\u00e3o Interna\",\"Pol\u00edcia de Seguran\u00e7a P\u00fablica\",\"Pol\u00edcia Judici\u00e1ria\",\"Prote\u00e7\u00e3o Civil Municipal\",\"seguran\u00e7a rodovi\u00e1ria\",\"SIRESP\"],\"articleSection\":[\"Not\u00edcias\",\"Pol\u00edtica\"],\"inLanguage\":\"pt-PT\"},{\"@type\":\"WebPage\",\"@id\":\"https:\/\/portaltela.pt\/noticias\/2026\/02\/22\/luis-neves-toma-posse-como-mai-e-encara-reforma-da-protecao-civil\/\",\"url\":\"https:\/\/portaltela.pt\/noticias\/2026\/02\/22\/luis-neves-toma-posse-como-mai-e-encara-reforma-da-protecao-civil\/\",\"name\":\"Lu\u00eds Neves toma posse como MAI e encara reforma da prote\u00e7\u00e3o civil - Portal Tela Portugal\",\"isPartOf\":{\"@id\":\"https:\/\/portaltela.pt\/#website\"},\"primaryImageOfPage\":{\"@id\":\"https:\/\/portaltela.pt\/noticias\/2026\/02\/22\/luis-neves-toma-posse-como-mai-e-encara-reforma-da-protecao-civil\/#primaryimage\"},\"image\":{\"@id\":\"https:\/\/portaltela.pt\/noticias\/2026\/02\/22\/luis-neves-toma-posse-como-mai-e-encara-reforma-da-protecao-civil\/#primaryimage\"},\"thumbnailUrl\":\"https:\/\/portaltela.pt\/s.01k8rhncp4jt1\/2026\/02\/img_1500x1000uu2026-02-21-13-47-14-2268138-1.jpg\",\"datePublished\":\"2026-02-22T14:47:09+00:00\",\"author\":{\"@id\":\"https:\/\/portaltela.pt\/#\/schema\/person\/c4278d4a6028830caff9ee44b42d32ed\"},\"breadcrumb\":{\"@id\":\"https:\/\/portaltela.pt\/noticias\/2026\/02\/22\/luis-neves-toma-posse-como-mai-e-encara-reforma-da-protecao-civil\/#breadcrumb\"},\"inLanguage\":\"pt-PT\",\"potentialAction\":[{\"@type\":\"ReadAction\",\"target\":[\"https:\/\/portaltela.pt\/noticias\/2026\/02\/22\/luis-neves-toma-posse-como-mai-e-encara-reforma-da-protecao-civil\/\"]}]},{\"@type\":\"ImageObject\",\"inLanguage\":\"pt-PT\",\"@id\":\"https:\/\/portaltela.pt\/noticias\/2026\/02\/22\/luis-neves-toma-posse-como-mai-e-encara-reforma-da-protecao-civil\/#primaryimage\",\"url\":\"https:\/\/portaltela.pt\/s.01k8rhncp4jt1\/2026\/02\/img_1500x1000uu2026-02-21-13-47-14-2268138-1.jpg\",\"contentUrl\":\"https:\/\/portaltela.pt\/s.01k8rhncp4jt1\/2026\/02\/img_1500x1000uu2026-02-21-13-47-14-2268138-1.jpg\",\"width\":796,\"height\":448,\"caption\":\"Lu\u00eds Neves\"},{\"@type\":\"BreadcrumbList\",\"@id\":\"https:\/\/portaltela.pt\/noticias\/2026\/02\/22\/luis-neves-toma-posse-como-mai-e-encara-reforma-da-protecao-civil\/#breadcrumb\",\"itemListElement\":[{\"@type\":\"ListItem\",\"position\":1,\"name\":\"In\u00edcio\",\"item\":\"https:\/\/portaltela.pt\/\"},{\"@type\":\"ListItem\",\"position\":2,\"name\":\"Lu\u00eds Neves toma posse como MAI e encara reforma da prote\u00e7\u00e3o civil\"}]},{\"@type\":\"WebSite\",\"@id\":\"https:\/\/portaltela.pt\/#website\",\"url\":\"https:\/\/portaltela.pt\/\",\"name\":\"Portal Tela Portugal\",\"description\":\"\",\"potentialAction\":[{\"@type\":\"SearchAction\",\"target\":{\"@type\":\"EntryPoint\",\"urlTemplate\":\"https:\/\/portaltela.pt\/?s={search_term_string}\"},\"query-input\":{\"@type\":\"PropertyValueSpecification\",\"valueRequired\":true,\"valueName\":\"search_term_string\"}}],\"inLanguage\":\"pt-PT\"},{\"@type\":\"Person\",\"@id\":\"https:\/\/portaltela.pt\/#\/schema\/person\/c4278d4a6028830caff9ee44b42d32ed\",\"name\":\"Telinha\",\"image\":{\"@type\":\"ImageObject\",\"inLanguage\":\"pt-PT\",\"@id\":\"https:\/\/portaltela.pt\/s.01k8rhncp4jt1\/2025\/11\/talking-bot-125x125.png\",\"url\":\"https:\/\/portaltela.pt\/s.01k8rhncp4jt1\/2025\/11\/talking-bot-125x125.png\",\"contentUrl\":\"https:\/\/portaltela.pt\/s.01k8rhncp4jt1\/2025\/11\/talking-bot-125x125.png\",\"caption\":\"Telinha\"},\"sameAs\":[\"https:\/\/portaltela.pt\/\"],\"url\":\"https:\/\/portaltela.pt\/por\/367410592786\/\"}]}<\/script>\n<!-- \/ Yoast SEO plugin. -->","yoast_head_json":{"title":"Lu\u00eds Neves toma posse como MAI e encara reforma da prote\u00e7\u00e3o civil - Portal Tela Portugal","robots":{"index":"index","follow":"follow","max-snippet":"max-snippet:-1","max-image-preview":"max-image-preview:large","max-video-preview":"max-video-preview:-1"},"og_locale":"pt_PT","og_type":"article","og_title":"Lu\u00eds Neves toma posse como MAI e encara reforma da prote\u00e7\u00e3o civil - Portal Tela Portugal","og_description":"Lu\u00eds Neves toma posse como ministro da Administra\u00e7\u00e3o Interna \u00e0s 10:00, no Pal\u00e1cio de Bel\u00e9m, sucedendo Maria L\u00facia Amaral. O desafio principal \u00e9 reformar a prote\u00e7\u00e3o civil, com foco na profissionaliza\u00e7\u00e3o e na integra\u00e7\u00e3o de compet\u00eancias entre ANEPC, AGIF, IPMA, APA e For\u00e7as Armadas. A reforma da prote\u00e7\u00e3o civil, prevista para 2025, foi posteriormente adiada pelo Governo para depois dos fogos. O novo ministro herda o trabalho de rever o SIRESP, com um relat\u00f3rio de um grupo de trabalho j\u00e1 entregue, para tornar a rede mais robusta e interoper\u00e1vel, al\u00e9m de abordar problemas nos aeroportos. Vai ainda prosseguir negocia\u00e7\u00f5es salariais e de condi\u00e7\u00f5es de trabalho para PSP e GNR, implementar a distribui\u00e7\u00e3o de bodycams e manter a linha de toler\u00e2ncia zero ao racismo, alinhando-se com a Estrat\u00e9gia Nacional de Seguran\u00e7a Rodovi\u00e1ria.","og_url":"https:\/\/portaltela.pt\/noticias\/2026\/02\/22\/luis-neves-toma-posse-como-mai-e-encara-reforma-da-protecao-civil\/","og_site_name":"Portal Tela Portugal","article_published_time":"2026-02-22T14:47:09+00:00","author":"Telinha","twitter_card":"summary_large_image","twitter_misc":{"Escrito por":"Telinha","Tempo estimado de leitura":"3 minutos"},"schema":{"@context":"https:\/\/schema.org","@graph":[{"@type":"Article","@id":"https:\/\/portaltela.pt\/noticias\/2026\/02\/22\/luis-neves-toma-posse-como-mai-e-encara-reforma-da-protecao-civil\/#article","isPartOf":{"@id":"https:\/\/portaltela.pt\/noticias\/2026\/02\/22\/luis-neves-toma-posse-como-mai-e-encara-reforma-da-protecao-civil\/"},"author":{"name":"Telinha","@id":"https:\/\/portaltela.pt\/#\/schema\/person\/c4278d4a6028830caff9ee44b42d32ed"},"headline":"Lu\u00eds Neves toma posse como MAI e encara reforma da prote\u00e7\u00e3o civil","datePublished":"2026-02-22T14:47:09+00:00","mainEntityOfPage":{"@id":"https:\/\/portaltela.pt\/noticias\/2026\/02\/22\/luis-neves-toma-posse-como-mai-e-encara-reforma-da-protecao-civil\/"},"wordCount":571,"image":{"@id":"https:\/\/portaltela.pt\/noticias\/2026\/02\/22\/luis-neves-toma-posse-como-mai-e-encara-reforma-da-protecao-civil\/#primaryimage"},"thumbnailUrl":"https:\/\/portaltela.pt\/s.01k8rhncp4jt1\/2026\/02\/img_1500x1000uu2026-02-21-13-47-14-2268138-1.jpg","keywords":["Administra\u00e7\u00e3o Interna","Pol\u00edcia de Seguran\u00e7a P\u00fablica","Pol\u00edcia Judici\u00e1ria","Prote\u00e7\u00e3o Civil Municipal","seguran\u00e7a rodovi\u00e1ria","SIRESP"],"articleSection":["Not\u00edcias","Pol\u00edtica"],"inLanguage":"pt-PT"},{"@type":"WebPage","@id":"https:\/\/portaltela.pt\/noticias\/2026\/02\/22\/luis-neves-toma-posse-como-mai-e-encara-reforma-da-protecao-civil\/","url":"https:\/\/portaltela.pt\/noticias\/2026\/02\/22\/luis-neves-toma-posse-como-mai-e-encara-reforma-da-protecao-civil\/","name":"Lu\u00eds Neves toma posse como MAI e encara reforma da prote\u00e7\u00e3o civil - Portal Tela Portugal","isPartOf":{"@id":"https:\/\/portaltela.pt\/#website"},"primaryImageOfPage":{"@id":"https:\/\/portaltela.pt\/noticias\/2026\/02\/22\/luis-neves-toma-posse-como-mai-e-encara-reforma-da-protecao-civil\/#primaryimage"},"image":{"@id":"https:\/\/portaltela.pt\/noticias\/2026\/02\/22\/luis-neves-toma-posse-como-mai-e-encara-reforma-da-protecao-civil\/#primaryimage"},"thumbnailUrl":"https:\/\/portaltela.pt\/s.01k8rhncp4jt1\/2026\/02\/img_1500x1000uu2026-02-21-13-47-14-2268138-1.jpg","datePublished":"2026-02-22T14:47:09+00:00","author":{"@id":"https:\/\/portaltela.pt\/#\/schema\/person\/c4278d4a6028830caff9ee44b42d32ed"},"breadcrumb":{"@id":"https:\/\/portaltela.pt\/noticias\/2026\/02\/22\/luis-neves-toma-posse-como-mai-e-encara-reforma-da-protecao-civil\/#breadcrumb"},"inLanguage":"pt-PT","potentialAction":[{"@type":"ReadAction","target":["https:\/\/portaltela.pt\/noticias\/2026\/02\/22\/luis-neves-toma-posse-como-mai-e-encara-reforma-da-protecao-civil\/"]}]},{"@type":"ImageObject","inLanguage":"pt-PT","@id":"https:\/\/portaltela.pt\/noticias\/2026\/02\/22\/luis-neves-toma-posse-como-mai-e-encara-reforma-da-protecao-civil\/#primaryimage","url":"https:\/\/portaltela.pt\/s.01k8rhncp4jt1\/2026\/02\/img_1500x1000uu2026-02-21-13-47-14-2268138-1.jpg","contentUrl":"https:\/\/portaltela.pt\/s.01k8rhncp4jt1\/2026\/02\/img_1500x1000uu2026-02-21-13-47-14-2268138-1.jpg","width":796,"height":448,"caption":"Lu\u00eds Neves"},{"@type":"BreadcrumbList","@id":"https:\/\/portaltela.pt\/noticias\/2026\/02\/22\/luis-neves-toma-posse-como-mai-e-encara-reforma-da-protecao-civil\/#breadcrumb","itemListElement":[{"@type":"ListItem","position":1,"name":"In\u00edcio","item":"https:\/\/portaltela.pt\/"},{"@type":"ListItem","position":2,"name":"Lu\u00eds Neves toma posse como MAI e encara reforma da prote\u00e7\u00e3o civil"}]},{"@type":"WebSite","@id":"https:\/\/portaltela.pt\/#website","url":"https:\/\/portaltela.pt\/","name":"Portal Tela Portugal","description":"","potentialAction":[{"@type":"SearchAction","target":{"@type":"EntryPoint","urlTemplate":"https:\/\/portaltela.pt\/?s={search_term_string}"},"query-input":{"@type":"PropertyValueSpecification","valueRequired":true,"valueName":"search_term_string"}}],"inLanguage":"pt-PT"},{"@type":"Person","@id":"https:\/\/portaltela.pt\/#\/schema\/person\/c4278d4a6028830caff9ee44b42d32ed","name":"Telinha","image":{"@type":"ImageObject","inLanguage":"pt-PT","@id":"https:\/\/portaltela.pt\/s.01k8rhncp4jt1\/2025\/11\/talking-bot-125x125.png","url":"https:\/\/portaltela.pt\/s.01k8rhncp4jt1\/2025\/11\/talking-bot-125x125.png","contentUrl":"https:\/\/portaltela.pt\/s.01k8rhncp4jt1\/2025\/11\/talking-bot-125x125.png","caption":"Telinha"},"sameAs":["https:\/\/portaltela.pt\/"],"url":"https:\/\/portaltela.pt\/por\/367410592786\/"}]}},"_links":{"self":[{"href":"https:\/\/portaltela.pt\/api\/wp\/v2\/posts\/221632","targetHints":{"allow":["GET"]}}],"collection":[{"href":"https:\/\/portaltela.pt\/api\/wp\/v2\/posts"}],"about":[{"href":"https:\/\/portaltela.pt\/api\/wp\/v2\/types\/post"}],"author":[{"embeddable":true,"href":"https:\/\/portaltela.pt\/api\/wp\/v2\/users\/2"}],"replies":[{"embeddable":true,"href":"https:\/\/portaltela.pt\/api\/wp\/v2\/comments?post=221632"}],"version-history":[{"count":0,"href":"https:\/\/portaltela.pt\/api\/wp\/v2\/posts\/221632\/revisions"}],"wp:featuredmedia":[{"embeddable":true,"href":"https:\/\/portaltela.pt\/api\/wp\/v2\/media\/221635"}],"wp:attachment":[{"href":"https:\/\/portaltela.pt\/api\/wp\/v2\/media?parent=221632"}],"wp:term":[{"taxonomy":"category","embeddable":true,"href":"https:\/\/portaltela.pt\/api\/wp\/v2\/categories?post=221632"},{"taxonomy":"post_tag","embeddable":true,"href":"https:\/\/portaltela.pt\/api\/wp\/v2\/tags?post=221632"}],"curies":[{"name":"wp","href":"https:\/\/api.w.org\/{rel}","templated":true}]}}