{"id":221572,"date":"2026-02-22T10:11:24","date_gmt":"2026-02-22T13:11:24","guid":{"rendered":"https:\/\/portaltela.pt\/noticias\/2026\/02\/22\/discussao-levou-filho-a-agredir-a-mae-mulher-ferida-grave-recebe-apoio\/"},"modified":"2026-02-22T10:11:24","modified_gmt":"2026-02-22T13:11:24","slug":"discussao-levou-filho-a-agredir-a-mae-mulher-ferida-grave-recebe-apoio","status":"publish","type":"post","link":"https:\/\/portaltela.pt\/noticias\/2026\/02\/22\/discussao-levou-filho-a-agredir-a-mae-mulher-ferida-grave-recebe-apoio\/","title":{"rendered":"Discuss\u00e3o levou filho a agredir a m\u00e3e; mulher ferida grave recebe apoio"},"content":{"rendered":"<p>Uma discuss\u00e3o entre familiares terminou com o filho a agredir a m\u00e3e. A mulher sofreu ferimentos graves e est\u00e1 a receber apoio psicol\u00f3gico no hospital.<\/p>\n<p>Pouco depois, o homem cometeu suic\u00eddio, segundo informa\u00e7\u00f5es das autoridades.<\/p>\n<p>As autoridades apontam para um contexto de viol\u00eancia dom\u00e9stica que envolveu a v\u00edtima e o agressor.<\/p>\n<h3>Contexto de viol\u00eancia dom\u00e9stica<\/h3>\n<p>A investiga\u00e7\u00e3o est\u00e1 em curso, com a Pol\u00edcia a recolher testemunhos e a acompanhar a fam\u00edlia. N\u00e3o foram avan\u00e7ados mais detalhes sobre o estado cl\u00ednico da v\u00edtima nem sobre as circunst\u00e2ncias da agress\u00e3o.<\/p>\n","protected":false},"excerpt":{"rendered":"<ul>\n<li>Uma discuss\u00e3o terminou com o filho a agredir a m\u00e3e, que ficou com ferimentos graves e recebe apoio psicol\u00f3gico no hospital.<\/li>\n<li>A v\u00edtima encontra-se est\u00e1vel e a receber tratamento m\u00e9dico e apoio emocional no centro de sa\u00fade.<\/li>\n<li>O agressor acabou por colocar termo \u00e0 pr\u00f3pria vida ap\u00f3s o incidente.<\/li>\n<li>As autoridades apontam para um contexto de viol\u00eancia dom\u00e9stica associada ao acontecimento.<\/li>\n<\/ul>\n","protected":false},"author":2,"featured_media":221576,"comment_status":"closed","ping_status":"closed","sticky":false,"template":"","format":"standard","meta":{"footnotes":""},"categories":[1],"tags":[2079,5926,147,2701,3418,214],"class_list":["post-221572","post","type-post","status-publish","format-standard","has-post-thumbnail","hentry","category-noticias","tag-agressoes","tag-apoio-psicossocial","tag-crime","tag-mulheres","tag-policia-de-seguranca-publica","tag-violencia-domestica"],"yoast_head":"<!-- This site is optimized with the Yoast SEO plugin v27.2 - https:\/\/yoast.com\/product\/yoast-seo-wordpress\/ -->\n<title>Discuss\u00e3o levou filho a agredir a m\u00e3e; mulher ferida grave recebe apoio - Portal Tela Portugal<\/title>\n<meta name=\"robots\" content=\"index, follow, max-snippet:-1, max-image-preview:large, max-video-preview:-1\" \/>\n<meta property=\"og:locale\" content=\"pt_PT\" \/>\n<meta property=\"og:type\" content=\"article\" \/>\n<meta property=\"og:title\" content=\"Discuss\u00e3o levou filho a agredir a m\u00e3e; mulher ferida grave recebe apoio - Portal Tela Portugal\" \/>\n<meta property=\"og:description\" content=\"Uma discuss\u00e3o terminou com o filho a agredir a m\u00e3e, que ficou com ferimentos graves e recebe apoio psicol\u00f3gico no hospital. A v\u00edtima encontra-se est\u00e1vel e a receber tratamento m\u00e9dico e apoio emocional no centro de sa\u00fade. O agressor acabou por colocar termo \u00e0 pr\u00f3pria vida ap\u00f3s o incidente. As autoridades apontam para um contexto de viol\u00eancia dom\u00e9stica associada ao acontecimento.\" \/>\n<meta property=\"og:url\" content=\"https:\/\/portaltela.pt\/noticias\/2026\/02\/22\/discussao-levou-filho-a-agredir-a-mae-mulher-ferida-grave-recebe-apoio\/\" \/>\n<meta property=\"og:site_name\" content=\"Portal Tela Portugal\" \/>\n<meta property=\"article:published_time\" content=\"2026-02-22T13:11:24+00:00\" \/>\n<meta name=\"author\" content=\"Telinha\" \/>\n<meta name=\"twitter:card\" content=\"summary_large_image\" \/>\n<meta name=\"twitter:label1\" content=\"Escrito por\" \/>\n\t<meta name=\"twitter:data1\" content=\"Telinha\" \/>\n\t<meta name=\"twitter:label2\" content=\"Tempo estimado de leitura\" \/>\n\t<meta name=\"twitter:data2\" content=\"1 minuto\" \/>\n<script type=\"application\/ld+json\" class=\"yoast-schema-graph\">{\"@context\":\"https:\/\/schema.org\",\"@graph\":[{\"@type\":\"Article\",\"@id\":\"https:\/\/portaltela.pt\/noticias\/2026\/02\/22\/discussao-levou-filho-a-agredir-a-mae-mulher-ferida-grave-recebe-apoio\/#article\",\"isPartOf\":{\"@id\":\"https:\/\/portaltela.pt\/noticias\/2026\/02\/22\/discussao-levou-filho-a-agredir-a-mae-mulher-ferida-grave-recebe-apoio\/\"},\"author\":{\"name\":\"Telinha\",\"@id\":\"https:\/\/portaltela.pt\/#\/schema\/person\/c4278d4a6028830caff9ee44b42d32ed\"},\"headline\":\"Discuss\u00e3o levou filho a agredir a m\u00e3e; mulher ferida grave recebe apoio\",\"datePublished\":\"2026-02-22T13:11:24+00:00\",\"mainEntityOfPage\":{\"@id\":\"https:\/\/portaltela.pt\/noticias\/2026\/02\/22\/discussao-levou-filho-a-agredir-a-mae-mulher-ferida-grave-recebe-apoio\/\"},\"wordCount\":121,\"image\":{\"@id\":\"https:\/\/portaltela.pt\/noticias\/2026\/02\/22\/discussao-levou-filho-a-agredir-a-mae-mulher-ferida-grave-recebe-apoio\/#primaryimage\"},\"thumbnailUrl\":\"https:\/\/portaltela.pt\/s.01k8rhncp4jt1\/2026\/02\/img_1280x722uu2026-02-22-12-59-57-2268310.jpg\",\"keywords\":[\"agress\u00f5es\",\"apoio psicossocial\",\"crime\",\"Mulheres\",\"Pol\u00edcia de Seguran\u00e7a P\u00fablica\",\"viol\u00eancia dom\u00e9stica\"],\"articleSection\":[\"Not\u00edcias\"],\"inLanguage\":\"pt-PT\"},{\"@type\":\"WebPage\",\"@id\":\"https:\/\/portaltela.pt\/noticias\/2026\/02\/22\/discussao-levou-filho-a-agredir-a-mae-mulher-ferida-grave-recebe-apoio\/\",\"url\":\"https:\/\/portaltela.pt\/noticias\/2026\/02\/22\/discussao-levou-filho-a-agredir-a-mae-mulher-ferida-grave-recebe-apoio\/\",\"name\":\"Discuss\u00e3o levou filho a agredir a m\u00e3e; mulher ferida grave recebe apoio - Portal Tela Portugal\",\"isPartOf\":{\"@id\":\"https:\/\/portaltela.pt\/#website\"},\"primaryImageOfPage\":{\"@id\":\"https:\/\/portaltela.pt\/noticias\/2026\/02\/22\/discussao-levou-filho-a-agredir-a-mae-mulher-ferida-grave-recebe-apoio\/#primaryimage\"},\"image\":{\"@id\":\"https:\/\/portaltela.pt\/noticias\/2026\/02\/22\/discussao-levou-filho-a-agredir-a-mae-mulher-ferida-grave-recebe-apoio\/#primaryimage\"},\"thumbnailUrl\":\"https:\/\/portaltela.pt\/s.01k8rhncp4jt1\/2026\/02\/img_1280x722uu2026-02-22-12-59-57-2268310.jpg\",\"datePublished\":\"2026-02-22T13:11:24+00:00\",\"author\":{\"@id\":\"https:\/\/portaltela.pt\/#\/schema\/person\/c4278d4a6028830caff9ee44b42d32ed\"},\"breadcrumb\":{\"@id\":\"https:\/\/portaltela.pt\/noticias\/2026\/02\/22\/discussao-levou-filho-a-agredir-a-mae-mulher-ferida-grave-recebe-apoio\/#breadcrumb\"},\"inLanguage\":\"pt-PT\",\"potentialAction\":[{\"@type\":\"ReadAction\",\"target\":[\"https:\/\/portaltela.pt\/noticias\/2026\/02\/22\/discussao-levou-filho-a-agredir-a-mae-mulher-ferida-grave-recebe-apoio\/\"]}]},{\"@type\":\"ImageObject\",\"inLanguage\":\"pt-PT\",\"@id\":\"https:\/\/portaltela.pt\/noticias\/2026\/02\/22\/discussao-levou-filho-a-agredir-a-mae-mulher-ferida-grave-recebe-apoio\/#primaryimage\",\"url\":\"https:\/\/portaltela.pt\/s.01k8rhncp4jt1\/2026\/02\/img_1280x722uu2026-02-22-12-59-57-2268310.jpg\",\"contentUrl\":\"https:\/\/portaltela.pt\/s.01k8rhncp4jt1\/2026\/02\/img_1280x722uu2026-02-22-12-59-57-2268310.jpg\",\"width\":796,\"height\":448,\"caption\":\"Discuss\u00e3o leva filho a agredir a m\u00e3e. Mulher ficou com ferimentos graves e est\u00e1 a receber apoio psicol\u00f3gico no hospital\"},{\"@type\":\"BreadcrumbList\",\"@id\":\"https:\/\/portaltela.pt\/noticias\/2026\/02\/22\/discussao-levou-filho-a-agredir-a-mae-mulher-ferida-grave-recebe-apoio\/#breadcrumb\",\"itemListElement\":[{\"@type\":\"ListItem\",\"position\":1,\"name\":\"In\u00edcio\",\"item\":\"https:\/\/portaltela.pt\/\"},{\"@type\":\"ListItem\",\"position\":2,\"name\":\"Discuss\u00e3o levou filho a agredir a m\u00e3e; mulher ferida grave recebe apoio\"}]},{\"@type\":\"WebSite\",\"@id\":\"https:\/\/portaltela.pt\/#website\",\"url\":\"https:\/\/portaltela.pt\/\",\"name\":\"Portal Tela Portugal\",\"description\":\"\",\"potentialAction\":[{\"@type\":\"SearchAction\",\"target\":{\"@type\":\"EntryPoint\",\"urlTemplate\":\"https:\/\/portaltela.pt\/?s={search_term_string}\"},\"query-input\":{\"@type\":\"PropertyValueSpecification\",\"valueRequired\":true,\"valueName\":\"search_term_string\"}}],\"inLanguage\":\"pt-PT\"},{\"@type\":\"Person\",\"@id\":\"https:\/\/portaltela.pt\/#\/schema\/person\/c4278d4a6028830caff9ee44b42d32ed\",\"name\":\"Telinha\",\"image\":{\"@type\":\"ImageObject\",\"inLanguage\":\"pt-PT\",\"@id\":\"https:\/\/portaltela.pt\/s.01k8rhncp4jt1\/2025\/11\/talking-bot-125x125.png\",\"url\":\"https:\/\/portaltela.pt\/s.01k8rhncp4jt1\/2025\/11\/talking-bot-125x125.png\",\"contentUrl\":\"https:\/\/portaltela.pt\/s.01k8rhncp4jt1\/2025\/11\/talking-bot-125x125.png\",\"caption\":\"Telinha\"},\"sameAs\":[\"https:\/\/portaltela.pt\/\"],\"url\":\"https:\/\/portaltela.pt\/por\/367410592786\/\"}]}<\/script>\n<!-- \/ Yoast SEO plugin. -->","yoast_head_json":{"title":"Discuss\u00e3o levou filho a agredir a m\u00e3e; mulher ferida grave recebe apoio - Portal Tela Portugal","robots":{"index":"index","follow":"follow","max-snippet":"max-snippet:-1","max-image-preview":"max-image-preview:large","max-video-preview":"max-video-preview:-1"},"og_locale":"pt_PT","og_type":"article","og_title":"Discuss\u00e3o levou filho a agredir a m\u00e3e; mulher ferida grave recebe apoio - Portal Tela Portugal","og_description":"Uma discuss\u00e3o terminou com o filho a agredir a m\u00e3e, que ficou com ferimentos graves e recebe apoio psicol\u00f3gico no hospital. A v\u00edtima encontra-se est\u00e1vel e a receber tratamento m\u00e9dico e apoio emocional no centro de sa\u00fade. O agressor acabou por colocar termo \u00e0 pr\u00f3pria vida ap\u00f3s o incidente. As autoridades apontam para um contexto de viol\u00eancia dom\u00e9stica associada ao acontecimento.","og_url":"https:\/\/portaltela.pt\/noticias\/2026\/02\/22\/discussao-levou-filho-a-agredir-a-mae-mulher-ferida-grave-recebe-apoio\/","og_site_name":"Portal Tela Portugal","article_published_time":"2026-02-22T13:11:24+00:00","author":"Telinha","twitter_card":"summary_large_image","twitter_misc":{"Escrito por":"Telinha","Tempo estimado de leitura":"1 minuto"},"schema":{"@context":"https:\/\/schema.org","@graph":[{"@type":"Article","@id":"https:\/\/portaltela.pt\/noticias\/2026\/02\/22\/discussao-levou-filho-a-agredir-a-mae-mulher-ferida-grave-recebe-apoio\/#article","isPartOf":{"@id":"https:\/\/portaltela.pt\/noticias\/2026\/02\/22\/discussao-levou-filho-a-agredir-a-mae-mulher-ferida-grave-recebe-apoio\/"},"author":{"name":"Telinha","@id":"https:\/\/portaltela.pt\/#\/schema\/person\/c4278d4a6028830caff9ee44b42d32ed"},"headline":"Discuss\u00e3o levou filho a agredir a m\u00e3e; mulher ferida grave recebe apoio","datePublished":"2026-02-22T13:11:24+00:00","mainEntityOfPage":{"@id":"https:\/\/portaltela.pt\/noticias\/2026\/02\/22\/discussao-levou-filho-a-agredir-a-mae-mulher-ferida-grave-recebe-apoio\/"},"wordCount":121,"image":{"@id":"https:\/\/portaltela.pt\/noticias\/2026\/02\/22\/discussao-levou-filho-a-agredir-a-mae-mulher-ferida-grave-recebe-apoio\/#primaryimage"},"thumbnailUrl":"https:\/\/portaltela.pt\/s.01k8rhncp4jt1\/2026\/02\/img_1280x722uu2026-02-22-12-59-57-2268310.jpg","keywords":["agress\u00f5es","apoio psicossocial","crime","Mulheres","Pol\u00edcia de Seguran\u00e7a P\u00fablica","viol\u00eancia dom\u00e9stica"],"articleSection":["Not\u00edcias"],"inLanguage":"pt-PT"},{"@type":"WebPage","@id":"https:\/\/portaltela.pt\/noticias\/2026\/02\/22\/discussao-levou-filho-a-agredir-a-mae-mulher-ferida-grave-recebe-apoio\/","url":"https:\/\/portaltela.pt\/noticias\/2026\/02\/22\/discussao-levou-filho-a-agredir-a-mae-mulher-ferida-grave-recebe-apoio\/","name":"Discuss\u00e3o levou filho a agredir a m\u00e3e; mulher ferida grave recebe apoio - Portal Tela Portugal","isPartOf":{"@id":"https:\/\/portaltela.pt\/#website"},"primaryImageOfPage":{"@id":"https:\/\/portaltela.pt\/noticias\/2026\/02\/22\/discussao-levou-filho-a-agredir-a-mae-mulher-ferida-grave-recebe-apoio\/#primaryimage"},"image":{"@id":"https:\/\/portaltela.pt\/noticias\/2026\/02\/22\/discussao-levou-filho-a-agredir-a-mae-mulher-ferida-grave-recebe-apoio\/#primaryimage"},"thumbnailUrl":"https:\/\/portaltela.pt\/s.01k8rhncp4jt1\/2026\/02\/img_1280x722uu2026-02-22-12-59-57-2268310.jpg","datePublished":"2026-02-22T13:11:24+00:00","author":{"@id":"https:\/\/portaltela.pt\/#\/schema\/person\/c4278d4a6028830caff9ee44b42d32ed"},"breadcrumb":{"@id":"https:\/\/portaltela.pt\/noticias\/2026\/02\/22\/discussao-levou-filho-a-agredir-a-mae-mulher-ferida-grave-recebe-apoio\/#breadcrumb"},"inLanguage":"pt-PT","potentialAction":[{"@type":"ReadAction","target":["https:\/\/portaltela.pt\/noticias\/2026\/02\/22\/discussao-levou-filho-a-agredir-a-mae-mulher-ferida-grave-recebe-apoio\/"]}]},{"@type":"ImageObject","inLanguage":"pt-PT","@id":"https:\/\/portaltela.pt\/noticias\/2026\/02\/22\/discussao-levou-filho-a-agredir-a-mae-mulher-ferida-grave-recebe-apoio\/#primaryimage","url":"https:\/\/portaltela.pt\/s.01k8rhncp4jt1\/2026\/02\/img_1280x722uu2026-02-22-12-59-57-2268310.jpg","contentUrl":"https:\/\/portaltela.pt\/s.01k8rhncp4jt1\/2026\/02\/img_1280x722uu2026-02-22-12-59-57-2268310.jpg","width":796,"height":448,"caption":"Discuss\u00e3o leva filho a agredir a m\u00e3e. Mulher ficou com ferimentos graves e est\u00e1 a receber apoio psicol\u00f3gico no hospital"},{"@type":"BreadcrumbList","@id":"https:\/\/portaltela.pt\/noticias\/2026\/02\/22\/discussao-levou-filho-a-agredir-a-mae-mulher-ferida-grave-recebe-apoio\/#breadcrumb","itemListElement":[{"@type":"ListItem","position":1,"name":"In\u00edcio","item":"https:\/\/portaltela.pt\/"},{"@type":"ListItem","position":2,"name":"Discuss\u00e3o levou filho a agredir a m\u00e3e; mulher ferida grave recebe apoio"}]},{"@type":"WebSite","@id":"https:\/\/portaltela.pt\/#website","url":"https:\/\/portaltela.pt\/","name":"Portal Tela Portugal","description":"","potentialAction":[{"@type":"SearchAction","target":{"@type":"EntryPoint","urlTemplate":"https:\/\/portaltela.pt\/?s={search_term_string}"},"query-input":{"@type":"PropertyValueSpecification","valueRequired":true,"valueName":"search_term_string"}}],"inLanguage":"pt-PT"},{"@type":"Person","@id":"https:\/\/portaltela.pt\/#\/schema\/person\/c4278d4a6028830caff9ee44b42d32ed","name":"Telinha","image":{"@type":"ImageObject","inLanguage":"pt-PT","@id":"https:\/\/portaltela.pt\/s.01k8rhncp4jt1\/2025\/11\/talking-bot-125x125.png","url":"https:\/\/portaltela.pt\/s.01k8rhncp4jt1\/2025\/11\/talking-bot-125x125.png","contentUrl":"https:\/\/portaltela.pt\/s.01k8rhncp4jt1\/2025\/11\/talking-bot-125x125.png","caption":"Telinha"},"sameAs":["https:\/\/portaltela.pt\/"],"url":"https:\/\/portaltela.pt\/por\/367410592786\/"}]}},"_links":{"self":[{"href":"https:\/\/portaltela.pt\/api\/wp\/v2\/posts\/221572","targetHints":{"allow":["GET"]}}],"collection":[{"href":"https:\/\/portaltela.pt\/api\/wp\/v2\/posts"}],"about":[{"href":"https:\/\/portaltela.pt\/api\/wp\/v2\/types\/post"}],"author":[{"embeddable":true,"href":"https:\/\/portaltela.pt\/api\/wp\/v2\/users\/2"}],"replies":[{"embeddable":true,"href":"https:\/\/portaltela.pt\/api\/wp\/v2\/comments?post=221572"}],"version-history":[{"count":0,"href":"https:\/\/portaltela.pt\/api\/wp\/v2\/posts\/221572\/revisions"}],"wp:featuredmedia":[{"embeddable":true,"href":"https:\/\/portaltela.pt\/api\/wp\/v2\/media\/221576"}],"wp:attachment":[{"href":"https:\/\/portaltela.pt\/api\/wp\/v2\/media?parent=221572"}],"wp:term":[{"taxonomy":"category","embeddable":true,"href":"https:\/\/portaltela.pt\/api\/wp\/v2\/categories?post=221572"},{"taxonomy":"post_tag","embeddable":true,"href":"https:\/\/portaltela.pt\/api\/wp\/v2\/tags?post=221572"}],"curies":[{"name":"wp","href":"https:\/\/api.w.org\/{rel}","templated":true}]}}