{"id":221566,"date":"2026-02-22T09:59:00","date_gmt":"2026-02-22T12:59:00","guid":{"rendered":"https:\/\/portaltela.pt\/noticias\/2026\/02\/22\/avanco-do-mar-em-ovar-expoe-fragilidades-da-costa-nacional\/"},"modified":"2026-02-22T09:59:00","modified_gmt":"2026-02-22T12:59:00","slug":"avanco-do-mar-em-ovar-expoe-fragilidades-da-costa-nacional","status":"publish","type":"post","link":"https:\/\/portaltela.pt\/noticias\/2026\/02\/22\/avanco-do-mar-em-ovar-expoe-fragilidades-da-costa-nacional\/","title":{"rendered":"Avan\u00e7o do mar em Ovar exp\u00f5e fragilidades da costa nacional"},"content":{"rendered":"<p>Ovar est\u00e1 na linha da frente da mais recente vaga de forte agita\u00e7\u00e3o mar\u00edtima que fustigou a costa portuguesa. A eros\u00e3o avan\u00e7a e surge o receio de o mar se aproximar do antigo aterro sanit\u00e1rio desativado de Maceda. O caso enla\u00e7a a frente costeira de Caminha a Vila Real de Santo Ant\u00f3nio.<\/p>\n<p>Perda de areal e dunas fragilizadas repetem-se ao longo do pa\u00eds, com impactos vis\u00edveis desde o Norte at\u00e9 ao Sul. As intemp\u00e9ries recentes agravaram a situa\u00e7\u00e3o, aumentando a vulnerabilidade de zonas costeiras j\u00e1 degradadas.<\/p>\n<p>A Ag\u00eancia Portuguesa do Ambiente prepara-se para apresentar, nos pr\u00f3ximos dias, um balan\u00e7o dos estragos. A \u00e9poca balnear pode ficar condicionada nas \u00e1reas mais cr\u00edticas, enquanto est\u00e3o em avalia\u00e7\u00e3o medidas de mitiga\u00e7\u00e3o.<\/p>\n<h3>Balan\u00e7o da APA e pr\u00f3ximos passos<\/h3>\n<p>A APA dever\u00e1 detalhar, em breve, o alcance dos danos e as zonas mais afetadas. O objetivo \u00e9 mapear riscos, orientar interven\u00e7\u00f5es e apoiar as estrat\u00e9gias de prote\u00e7\u00e3o costeira em curso.<\/p>\n<p>As autoridades reiteram a necessidade de monitoriza\u00e7\u00e3o cont\u00ednua da linha de costa e de medidas preventivas para reduzir a exposi\u00e7\u00e3o a novos eventos de mar\u00e9 alta e tempestades.<\/p>\n","protected":false},"excerpt":{"rendered":"<ul>\n<li>O avan\u00e7o do mar em Ovar revela fragilidades em toda a costa nacional, com perda de areal e dunas fragilizadas.<\/li>\n<li>A eros\u00e3o, intensificada pelas recentes intemp\u00e9ries, preocupa pelo impacto ao longo da frente costeira de norte a sul.<\/li>\n<li>Existem receios de que a \u00e1gua se aproxime do antigo aterro sanit\u00e1rio desativado de Maceda.<\/li>\n<li>A Ag\u00eancia Portuguesa do Ambiente vai apresentar, nos pr\u00f3ximos dias, um balan\u00e7o dos estragos.<\/li>\n<li>A \u00e9poca balnear pode ficar condicionada nas zonas mais cr\u00edticas devido aos danos na costa.<\/li>\n<\/ul>\n","protected":false},"author":2,"featured_media":221573,"comment_status":"closed","ping_status":"closed","sticky":false,"template":"","format":"standard","meta":{"footnotes":""},"categories":[1],"tags":[4802,2665,167,5050,5215,3388],"class_list":["post-221566","post","type-post","status-publish","format-standard","has-post-thumbnail","hentry","category-noticias","tag-agencia-portuguesa-do-ambiente","tag-alteracoes-climaticas","tag-ambiente","tag-calamidades-publicas","tag-catastrofes-naturais","tag-protecao-costeira"],"yoast_head":"<!-- This site is optimized with the Yoast SEO plugin v27.2 - https:\/\/yoast.com\/product\/yoast-seo-wordpress\/ -->\n<title>Avan\u00e7o do mar em Ovar exp\u00f5e fragilidades da costa nacional - Portal Tela Portugal<\/title>\n<meta name=\"robots\" content=\"index, follow, max-snippet:-1, max-image-preview:large, max-video-preview:-1\" \/>\n<meta property=\"og:locale\" content=\"pt_PT\" \/>\n<meta property=\"og:type\" content=\"article\" \/>\n<meta property=\"og:title\" content=\"Avan\u00e7o do mar em Ovar exp\u00f5e fragilidades da costa nacional - Portal Tela Portugal\" \/>\n<meta property=\"og:description\" content=\"O avan\u00e7o do mar em Ovar revela fragilidades em toda a costa nacional, com perda de areal e dunas fragilizadas. A eros\u00e3o, intensificada pelas recentes intemp\u00e9ries, preocupa pelo impacto ao longo da frente costeira de norte a sul. Existem receios de que a \u00e1gua se aproxime do antigo aterro sanit\u00e1rio desativado de Maceda. A Ag\u00eancia Portuguesa do Ambiente vai apresentar, nos pr\u00f3ximos dias, um balan\u00e7o dos estragos. A \u00e9poca balnear pode ficar condicionada nas zonas mais cr\u00edticas devido aos danos na costa.\" \/>\n<meta property=\"og:url\" content=\"https:\/\/portaltela.pt\/noticias\/2026\/02\/22\/avanco-do-mar-em-ovar-expoe-fragilidades-da-costa-nacional\/\" \/>\n<meta property=\"og:site_name\" content=\"Portal Tela Portugal\" \/>\n<meta property=\"article:published_time\" content=\"2026-02-22T12:59:00+00:00\" \/>\n<meta name=\"author\" content=\"Telinha\" \/>\n<meta name=\"twitter:card\" content=\"summary_large_image\" \/>\n<meta name=\"twitter:label1\" content=\"Escrito por\" \/>\n\t<meta name=\"twitter:data1\" content=\"Telinha\" \/>\n\t<meta name=\"twitter:label2\" content=\"Tempo estimado de leitura\" \/>\n\t<meta name=\"twitter:data2\" content=\"1 minuto\" \/>\n<script type=\"application\/ld+json\" class=\"yoast-schema-graph\">{\"@context\":\"https:\/\/schema.org\",\"@graph\":[{\"@type\":\"Article\",\"@id\":\"https:\/\/portaltela.pt\/noticias\/2026\/02\/22\/avanco-do-mar-em-ovar-expoe-fragilidades-da-costa-nacional\/#article\",\"isPartOf\":{\"@id\":\"https:\/\/portaltela.pt\/noticias\/2026\/02\/22\/avanco-do-mar-em-ovar-expoe-fragilidades-da-costa-nacional\/\"},\"author\":{\"name\":\"Telinha\",\"@id\":\"https:\/\/portaltela.pt\/#\/schema\/person\/c4278d4a6028830caff9ee44b42d32ed\"},\"headline\":\"Avan\u00e7o do mar em Ovar exp\u00f5e fragilidades da costa nacional\",\"datePublished\":\"2026-02-22T12:59:00+00:00\",\"mainEntityOfPage\":{\"@id\":\"https:\/\/portaltela.pt\/noticias\/2026\/02\/22\/avanco-do-mar-em-ovar-expoe-fragilidades-da-costa-nacional\/\"},\"wordCount\":220,\"image\":{\"@id\":\"https:\/\/portaltela.pt\/noticias\/2026\/02\/22\/avanco-do-mar-em-ovar-expoe-fragilidades-da-costa-nacional\/#primaryimage\"},\"thumbnailUrl\":\"https:\/\/portaltela.pt\/s.01k8rhncp4jt1\/2026\/02\/image-1628.jpg\",\"keywords\":[\"Ag\u00eancia Portuguesa do Ambiente\",\"Altera\u00e7\u00f5es Clim\u00e1ticas\",\"ambiente\",\"calamidades p\u00fablicas\",\"cat\u00e1strofes naturais\",\"Prote\u00e7\u00e3o costeira\"],\"articleSection\":[\"Not\u00edcias\"],\"inLanguage\":\"pt-PT\"},{\"@type\":\"WebPage\",\"@id\":\"https:\/\/portaltela.pt\/noticias\/2026\/02\/22\/avanco-do-mar-em-ovar-expoe-fragilidades-da-costa-nacional\/\",\"url\":\"https:\/\/portaltela.pt\/noticias\/2026\/02\/22\/avanco-do-mar-em-ovar-expoe-fragilidades-da-costa-nacional\/\",\"name\":\"Avan\u00e7o do mar em Ovar exp\u00f5e fragilidades da costa nacional - Portal Tela Portugal\",\"isPartOf\":{\"@id\":\"https:\/\/portaltela.pt\/#website\"},\"primaryImageOfPage\":{\"@id\":\"https:\/\/portaltela.pt\/noticias\/2026\/02\/22\/avanco-do-mar-em-ovar-expoe-fragilidades-da-costa-nacional\/#primaryimage\"},\"image\":{\"@id\":\"https:\/\/portaltela.pt\/noticias\/2026\/02\/22\/avanco-do-mar-em-ovar-expoe-fragilidades-da-costa-nacional\/#primaryimage\"},\"thumbnailUrl\":\"https:\/\/portaltela.pt\/s.01k8rhncp4jt1\/2026\/02\/image-1628.jpg\",\"datePublished\":\"2026-02-22T12:59:00+00:00\",\"author\":{\"@id\":\"https:\/\/portaltela.pt\/#\/schema\/person\/c4278d4a6028830caff9ee44b42d32ed\"},\"breadcrumb\":{\"@id\":\"https:\/\/portaltela.pt\/noticias\/2026\/02\/22\/avanco-do-mar-em-ovar-expoe-fragilidades-da-costa-nacional\/#breadcrumb\"},\"inLanguage\":\"pt-PT\",\"potentialAction\":[{\"@type\":\"ReadAction\",\"target\":[\"https:\/\/portaltela.pt\/noticias\/2026\/02\/22\/avanco-do-mar-em-ovar-expoe-fragilidades-da-costa-nacional\/\"]}]},{\"@type\":\"ImageObject\",\"inLanguage\":\"pt-PT\",\"@id\":\"https:\/\/portaltela.pt\/noticias\/2026\/02\/22\/avanco-do-mar-em-ovar-expoe-fragilidades-da-costa-nacional\/#primaryimage\",\"url\":\"https:\/\/portaltela.pt\/s.01k8rhncp4jt1\/2026\/02\/image-1628.jpg\",\"contentUrl\":\"https:\/\/portaltela.pt\/s.01k8rhncp4jt1\/2026\/02\/image-1628.jpg\",\"width\":796,\"height\":448,\"caption\":\"Vista para o mar tapada por barreira de areia\"},{\"@type\":\"BreadcrumbList\",\"@id\":\"https:\/\/portaltela.pt\/noticias\/2026\/02\/22\/avanco-do-mar-em-ovar-expoe-fragilidades-da-costa-nacional\/#breadcrumb\",\"itemListElement\":[{\"@type\":\"ListItem\",\"position\":1,\"name\":\"In\u00edcio\",\"item\":\"https:\/\/portaltela.pt\/\"},{\"@type\":\"ListItem\",\"position\":2,\"name\":\"Avan\u00e7o do mar em Ovar exp\u00f5e fragilidades da costa nacional\"}]},{\"@type\":\"WebSite\",\"@id\":\"https:\/\/portaltela.pt\/#website\",\"url\":\"https:\/\/portaltela.pt\/\",\"name\":\"Portal Tela Portugal\",\"description\":\"\",\"potentialAction\":[{\"@type\":\"SearchAction\",\"target\":{\"@type\":\"EntryPoint\",\"urlTemplate\":\"https:\/\/portaltela.pt\/?s={search_term_string}\"},\"query-input\":{\"@type\":\"PropertyValueSpecification\",\"valueRequired\":true,\"valueName\":\"search_term_string\"}}],\"inLanguage\":\"pt-PT\"},{\"@type\":\"Person\",\"@id\":\"https:\/\/portaltela.pt\/#\/schema\/person\/c4278d4a6028830caff9ee44b42d32ed\",\"name\":\"Telinha\",\"image\":{\"@type\":\"ImageObject\",\"inLanguage\":\"pt-PT\",\"@id\":\"https:\/\/portaltela.pt\/s.01k8rhncp4jt1\/2025\/11\/talking-bot-125x125.png\",\"url\":\"https:\/\/portaltela.pt\/s.01k8rhncp4jt1\/2025\/11\/talking-bot-125x125.png\",\"contentUrl\":\"https:\/\/portaltela.pt\/s.01k8rhncp4jt1\/2025\/11\/talking-bot-125x125.png\",\"caption\":\"Telinha\"},\"sameAs\":[\"https:\/\/portaltela.pt\/\"],\"url\":\"https:\/\/portaltela.pt\/por\/367410592786\/\"}]}<\/script>\n<!-- \/ Yoast SEO plugin. -->","yoast_head_json":{"title":"Avan\u00e7o do mar em Ovar exp\u00f5e fragilidades da costa nacional - Portal Tela Portugal","robots":{"index":"index","follow":"follow","max-snippet":"max-snippet:-1","max-image-preview":"max-image-preview:large","max-video-preview":"max-video-preview:-1"},"og_locale":"pt_PT","og_type":"article","og_title":"Avan\u00e7o do mar em Ovar exp\u00f5e fragilidades da costa nacional - Portal Tela Portugal","og_description":"O avan\u00e7o do mar em Ovar revela fragilidades em toda a costa nacional, com perda de areal e dunas fragilizadas. A eros\u00e3o, intensificada pelas recentes intemp\u00e9ries, preocupa pelo impacto ao longo da frente costeira de norte a sul. Existem receios de que a \u00e1gua se aproxime do antigo aterro sanit\u00e1rio desativado de Maceda. A Ag\u00eancia Portuguesa do Ambiente vai apresentar, nos pr\u00f3ximos dias, um balan\u00e7o dos estragos. A \u00e9poca balnear pode ficar condicionada nas zonas mais cr\u00edticas devido aos danos na costa.","og_url":"https:\/\/portaltela.pt\/noticias\/2026\/02\/22\/avanco-do-mar-em-ovar-expoe-fragilidades-da-costa-nacional\/","og_site_name":"Portal Tela Portugal","article_published_time":"2026-02-22T12:59:00+00:00","author":"Telinha","twitter_card":"summary_large_image","twitter_misc":{"Escrito por":"Telinha","Tempo estimado de leitura":"1 minuto"},"schema":{"@context":"https:\/\/schema.org","@graph":[{"@type":"Article","@id":"https:\/\/portaltela.pt\/noticias\/2026\/02\/22\/avanco-do-mar-em-ovar-expoe-fragilidades-da-costa-nacional\/#article","isPartOf":{"@id":"https:\/\/portaltela.pt\/noticias\/2026\/02\/22\/avanco-do-mar-em-ovar-expoe-fragilidades-da-costa-nacional\/"},"author":{"name":"Telinha","@id":"https:\/\/portaltela.pt\/#\/schema\/person\/c4278d4a6028830caff9ee44b42d32ed"},"headline":"Avan\u00e7o do mar em Ovar exp\u00f5e fragilidades da costa nacional","datePublished":"2026-02-22T12:59:00+00:00","mainEntityOfPage":{"@id":"https:\/\/portaltela.pt\/noticias\/2026\/02\/22\/avanco-do-mar-em-ovar-expoe-fragilidades-da-costa-nacional\/"},"wordCount":220,"image":{"@id":"https:\/\/portaltela.pt\/noticias\/2026\/02\/22\/avanco-do-mar-em-ovar-expoe-fragilidades-da-costa-nacional\/#primaryimage"},"thumbnailUrl":"https:\/\/portaltela.pt\/s.01k8rhncp4jt1\/2026\/02\/image-1628.jpg","keywords":["Ag\u00eancia Portuguesa do Ambiente","Altera\u00e7\u00f5es Clim\u00e1ticas","ambiente","calamidades p\u00fablicas","cat\u00e1strofes naturais","Prote\u00e7\u00e3o costeira"],"articleSection":["Not\u00edcias"],"inLanguage":"pt-PT"},{"@type":"WebPage","@id":"https:\/\/portaltela.pt\/noticias\/2026\/02\/22\/avanco-do-mar-em-ovar-expoe-fragilidades-da-costa-nacional\/","url":"https:\/\/portaltela.pt\/noticias\/2026\/02\/22\/avanco-do-mar-em-ovar-expoe-fragilidades-da-costa-nacional\/","name":"Avan\u00e7o do mar em Ovar exp\u00f5e fragilidades da costa nacional - Portal Tela Portugal","isPartOf":{"@id":"https:\/\/portaltela.pt\/#website"},"primaryImageOfPage":{"@id":"https:\/\/portaltela.pt\/noticias\/2026\/02\/22\/avanco-do-mar-em-ovar-expoe-fragilidades-da-costa-nacional\/#primaryimage"},"image":{"@id":"https:\/\/portaltela.pt\/noticias\/2026\/02\/22\/avanco-do-mar-em-ovar-expoe-fragilidades-da-costa-nacional\/#primaryimage"},"thumbnailUrl":"https:\/\/portaltela.pt\/s.01k8rhncp4jt1\/2026\/02\/image-1628.jpg","datePublished":"2026-02-22T12:59:00+00:00","author":{"@id":"https:\/\/portaltela.pt\/#\/schema\/person\/c4278d4a6028830caff9ee44b42d32ed"},"breadcrumb":{"@id":"https:\/\/portaltela.pt\/noticias\/2026\/02\/22\/avanco-do-mar-em-ovar-expoe-fragilidades-da-costa-nacional\/#breadcrumb"},"inLanguage":"pt-PT","potentialAction":[{"@type":"ReadAction","target":["https:\/\/portaltela.pt\/noticias\/2026\/02\/22\/avanco-do-mar-em-ovar-expoe-fragilidades-da-costa-nacional\/"]}]},{"@type":"ImageObject","inLanguage":"pt-PT","@id":"https:\/\/portaltela.pt\/noticias\/2026\/02\/22\/avanco-do-mar-em-ovar-expoe-fragilidades-da-costa-nacional\/#primaryimage","url":"https:\/\/portaltela.pt\/s.01k8rhncp4jt1\/2026\/02\/image-1628.jpg","contentUrl":"https:\/\/portaltela.pt\/s.01k8rhncp4jt1\/2026\/02\/image-1628.jpg","width":796,"height":448,"caption":"Vista para o mar tapada por barreira de areia"},{"@type":"BreadcrumbList","@id":"https:\/\/portaltela.pt\/noticias\/2026\/02\/22\/avanco-do-mar-em-ovar-expoe-fragilidades-da-costa-nacional\/#breadcrumb","itemListElement":[{"@type":"ListItem","position":1,"name":"In\u00edcio","item":"https:\/\/portaltela.pt\/"},{"@type":"ListItem","position":2,"name":"Avan\u00e7o do mar em Ovar exp\u00f5e fragilidades da costa nacional"}]},{"@type":"WebSite","@id":"https:\/\/portaltela.pt\/#website","url":"https:\/\/portaltela.pt\/","name":"Portal Tela Portugal","description":"","potentialAction":[{"@type":"SearchAction","target":{"@type":"EntryPoint","urlTemplate":"https:\/\/portaltela.pt\/?s={search_term_string}"},"query-input":{"@type":"PropertyValueSpecification","valueRequired":true,"valueName":"search_term_string"}}],"inLanguage":"pt-PT"},{"@type":"Person","@id":"https:\/\/portaltela.pt\/#\/schema\/person\/c4278d4a6028830caff9ee44b42d32ed","name":"Telinha","image":{"@type":"ImageObject","inLanguage":"pt-PT","@id":"https:\/\/portaltela.pt\/s.01k8rhncp4jt1\/2025\/11\/talking-bot-125x125.png","url":"https:\/\/portaltela.pt\/s.01k8rhncp4jt1\/2025\/11\/talking-bot-125x125.png","contentUrl":"https:\/\/portaltela.pt\/s.01k8rhncp4jt1\/2025\/11\/talking-bot-125x125.png","caption":"Telinha"},"sameAs":["https:\/\/portaltela.pt\/"],"url":"https:\/\/portaltela.pt\/por\/367410592786\/"}]}},"_links":{"self":[{"href":"https:\/\/portaltela.pt\/api\/wp\/v2\/posts\/221566","targetHints":{"allow":["GET"]}}],"collection":[{"href":"https:\/\/portaltela.pt\/api\/wp\/v2\/posts"}],"about":[{"href":"https:\/\/portaltela.pt\/api\/wp\/v2\/types\/post"}],"author":[{"embeddable":true,"href":"https:\/\/portaltela.pt\/api\/wp\/v2\/users\/2"}],"replies":[{"embeddable":true,"href":"https:\/\/portaltela.pt\/api\/wp\/v2\/comments?post=221566"}],"version-history":[{"count":0,"href":"https:\/\/portaltela.pt\/api\/wp\/v2\/posts\/221566\/revisions"}],"wp:featuredmedia":[{"embeddable":true,"href":"https:\/\/portaltela.pt\/api\/wp\/v2\/media\/221573"}],"wp:attachment":[{"href":"https:\/\/portaltela.pt\/api\/wp\/v2\/media?parent=221566"}],"wp:term":[{"taxonomy":"category","embeddable":true,"href":"https:\/\/portaltela.pt\/api\/wp\/v2\/categories?post=221566"},{"taxonomy":"post_tag","embeddable":true,"href":"https:\/\/portaltela.pt\/api\/wp\/v2\/tags?post=221566"}],"curies":[{"name":"wp","href":"https:\/\/api.w.org\/{rel}","templated":true}]}}