{"id":221558,"date":"2026-02-22T09:36:00","date_gmt":"2026-02-22T12:36:00","guid":{"rendered":"https:\/\/portaltela.pt\/noticias\/2026\/02\/22\/fuzileiro-da-psp-condenado-a-seis-anos-e-meio-por-pancadaria\/"},"modified":"2026-02-22T09:36:00","modified_gmt":"2026-02-22T12:36:00","slug":"fuzileiro-da-psp-condenado-a-seis-anos-e-meio-por-pancadaria","status":"publish","type":"post","link":"https:\/\/portaltela.pt\/noticias\/2026\/02\/22\/fuzileiro-da-psp-condenado-a-seis-anos-e-meio-por-pancadaria\/","title":{"rendered":"Fuzileiro da PSP condenado a seis anos e meio por pancadaria"},"content":{"rendered":"<p>Cl\u00e1udio Coimbra, fuzileiro que j\u00e1 cumpre 20 anos de cadeia pelo homic\u00eddio do agente da PSP F\u00e1bio Guerra \u00e0 porta de uma discoteca em Lisboa, foi condenado pelo Tribunal de Set\u00fabal a seis anos e meio de pris\u00e3o por agress\u00f5es em grupo a dois jovens, ocorridas numa festa em Sesimbra, em 2019.<\/p>\n<p>O veredito aponta que as agress\u00f5es decorreram durante a comemora\u00e7\u00e3o, com um dos jovens a ficar inconsciente ap\u00f3s ser pontapeado na cabe\u00e7a; o estado de sa\u00fade foi observado na ambul\u00e2ncia dos bombeiros. Os incidentes tiveram lugar no concelho de Sesimbra.<\/p>\n<p>Al\u00e9m das agress\u00f5es, o arguido foi condenado por deten\u00e7\u00e3o de arma proibida, na sequ\u00eancia de terem sido encontradas muni\u00e7\u00f5es da espingarda militar G3 em casa, montagem que o pr\u00f3prio reconheceu ter levado sem autoriza\u00e7\u00e3o da Base do Alfeite.<\/p>\n<p>A sentencia inclui ainda uma condena\u00e7\u00e3o por furto simples, relativo ao telem\u00f3vel e a cinco euros pertencentes a uma das v\u00edtimas, de que Coimbra se apropriou durante o incidente.<\/p>\n","protected":false},"excerpt":{"rendered":"<ul>\n<li>Cl\u00e1udio Coimbra, que j\u00e1 cumpre 20 anos de cadeia pelo homic\u00eddio de F\u00e1bio Guerra, foi condenado pelo Tribunal de Set\u00fabal a seis anos e meio de pris\u00e3o por agress\u00f5es em grupo a dois jovens em Sesimbra, em 2019.<\/li>\n<li>Uma das v\u00edtimas ficou inconsciente ap\u00f3s ser pontapeada na cabe\u00e7a e s\u00f3 recuperou os sentidos na ambul\u00e2ncia dos bombeiros.<\/li>\n<li>Coimbra foi ainda condenado pela deten\u00e7\u00e3o de arma proibida, por ter em casa muni\u00e7\u00f5es da espingarda militar G3, que admitiu ter levado sem autoriza\u00e7\u00e3o da Base do Alfeite.<\/li>\n<li>Foi igualmente condenado por furto simples, por ter levado o telem\u00f3vel e cinco euros de uma das v\u00edtimas.<\/li>\n<\/ul>\n","protected":false},"author":2,"featured_media":221559,"comment_status":"closed","ping_status":"closed","sticky":false,"template":"","format":"standard","meta":{"footnotes":""},"categories":[1],"tags":[2079,2660,424,5438,1381,1065],"class_list":["post-221558","post","type-post","status-publish","format-standard","has-post-thumbnail","hentry","category-noticias","tag-agressoes","tag-arma-proibida","tag-furto","tag-fuzileiros","tag-psp","tag-sesimbra"],"yoast_head":"<!-- This site is optimized with the Yoast SEO plugin v27.2 - https:\/\/yoast.com\/product\/yoast-seo-wordpress\/ -->\n<title>Fuzileiro da PSP condenado a seis anos e meio por pancadaria - Portal Tela Portugal<\/title>\n<meta name=\"robots\" content=\"index, follow, max-snippet:-1, max-image-preview:large, max-video-preview:-1\" \/>\n<meta property=\"og:locale\" content=\"pt_PT\" \/>\n<meta property=\"og:type\" content=\"article\" \/>\n<meta property=\"og:title\" content=\"Fuzileiro da PSP condenado a seis anos e meio por pancadaria - Portal Tela Portugal\" \/>\n<meta property=\"og:description\" content=\"Cl\u00e1udio Coimbra, que j\u00e1 cumpre 20 anos de cadeia pelo homic\u00eddio de F\u00e1bio Guerra, foi condenado pelo Tribunal de Set\u00fabal a seis anos e meio de pris\u00e3o por agress\u00f5es em grupo a dois jovens em Sesimbra, em 2019. Uma das v\u00edtimas ficou inconsciente ap\u00f3s ser pontapeada na cabe\u00e7a e s\u00f3 recuperou os sentidos na ambul\u00e2ncia dos bombeiros. Coimbra foi ainda condenado pela deten\u00e7\u00e3o de arma proibida, por ter em casa muni\u00e7\u00f5es da espingarda militar G3, que admitiu ter levado sem autoriza\u00e7\u00e3o da Base do Alfeite. Foi igualmente condenado por furto simples, por ter levado o telem\u00f3vel e cinco euros de uma das v\u00edtimas.\" \/>\n<meta property=\"og:url\" content=\"https:\/\/portaltela.pt\/noticias\/2026\/02\/22\/fuzileiro-da-psp-condenado-a-seis-anos-e-meio-por-pancadaria\/\" \/>\n<meta property=\"og:site_name\" content=\"Portal Tela Portugal\" \/>\n<meta property=\"article:published_time\" content=\"2026-02-22T12:36:00+00:00\" \/>\n<meta name=\"author\" content=\"Telinha\" \/>\n<meta name=\"twitter:card\" content=\"summary_large_image\" \/>\n<meta name=\"twitter:label1\" content=\"Escrito por\" \/>\n\t<meta name=\"twitter:data1\" content=\"Telinha\" \/>\n\t<meta name=\"twitter:label2\" content=\"Tempo estimado de leitura\" \/>\n\t<meta name=\"twitter:data2\" content=\"1 minuto\" \/>\n<script type=\"application\/ld+json\" class=\"yoast-schema-graph\">{\"@context\":\"https:\/\/schema.org\",\"@graph\":[{\"@type\":\"Article\",\"@id\":\"https:\/\/portaltela.pt\/noticias\/2026\/02\/22\/fuzileiro-da-psp-condenado-a-seis-anos-e-meio-por-pancadaria\/#article\",\"isPartOf\":{\"@id\":\"https:\/\/portaltela.pt\/noticias\/2026\/02\/22\/fuzileiro-da-psp-condenado-a-seis-anos-e-meio-por-pancadaria\/\"},\"author\":{\"name\":\"Telinha\",\"@id\":\"https:\/\/portaltela.pt\/#\/schema\/person\/c4278d4a6028830caff9ee44b42d32ed\"},\"headline\":\"Fuzileiro da PSP condenado a seis anos e meio por pancadaria\",\"datePublished\":\"2026-02-22T12:36:00+00:00\",\"mainEntityOfPage\":{\"@id\":\"https:\/\/portaltela.pt\/noticias\/2026\/02\/22\/fuzileiro-da-psp-condenado-a-seis-anos-e-meio-por-pancadaria\/\"},\"wordCount\":189,\"image\":{\"@id\":\"https:\/\/portaltela.pt\/noticias\/2026\/02\/22\/fuzileiro-da-psp-condenado-a-seis-anos-e-meio-por-pancadaria\/#primaryimage\"},\"thumbnailUrl\":\"https:\/\/portaltela.pt\/s.01k8rhncp4jt1\/2026\/02\/image-1627.jpg\",\"keywords\":[\"agress\u00f5es\",\"arma proibida\",\"furto\",\"Fuzileiros\",\"PSP\",\"Sesimbra\"],\"articleSection\":[\"Not\u00edcias\"],\"inLanguage\":\"pt-PT\"},{\"@type\":\"WebPage\",\"@id\":\"https:\/\/portaltela.pt\/noticias\/2026\/02\/22\/fuzileiro-da-psp-condenado-a-seis-anos-e-meio-por-pancadaria\/\",\"url\":\"https:\/\/portaltela.pt\/noticias\/2026\/02\/22\/fuzileiro-da-psp-condenado-a-seis-anos-e-meio-por-pancadaria\/\",\"name\":\"Fuzileiro da PSP condenado a seis anos e meio por pancadaria - Portal Tela Portugal\",\"isPartOf\":{\"@id\":\"https:\/\/portaltela.pt\/#website\"},\"primaryImageOfPage\":{\"@id\":\"https:\/\/portaltela.pt\/noticias\/2026\/02\/22\/fuzileiro-da-psp-condenado-a-seis-anos-e-meio-por-pancadaria\/#primaryimage\"},\"image\":{\"@id\":\"https:\/\/portaltela.pt\/noticias\/2026\/02\/22\/fuzileiro-da-psp-condenado-a-seis-anos-e-meio-por-pancadaria\/#primaryimage\"},\"thumbnailUrl\":\"https:\/\/portaltela.pt\/s.01k8rhncp4jt1\/2026\/02\/image-1627.jpg\",\"datePublished\":\"2026-02-22T12:36:00+00:00\",\"author\":{\"@id\":\"https:\/\/portaltela.pt\/#\/schema\/person\/c4278d4a6028830caff9ee44b42d32ed\"},\"breadcrumb\":{\"@id\":\"https:\/\/portaltela.pt\/noticias\/2026\/02\/22\/fuzileiro-da-psp-condenado-a-seis-anos-e-meio-por-pancadaria\/#breadcrumb\"},\"inLanguage\":\"pt-PT\",\"potentialAction\":[{\"@type\":\"ReadAction\",\"target\":[\"https:\/\/portaltela.pt\/noticias\/2026\/02\/22\/fuzileiro-da-psp-condenado-a-seis-anos-e-meio-por-pancadaria\/\"]}]},{\"@type\":\"ImageObject\",\"inLanguage\":\"pt-PT\",\"@id\":\"https:\/\/portaltela.pt\/noticias\/2026\/02\/22\/fuzileiro-da-psp-condenado-a-seis-anos-e-meio-por-pancadaria\/#primaryimage\",\"url\":\"https:\/\/portaltela.pt\/s.01k8rhncp4jt1\/2026\/02\/image-1627.jpg\",\"contentUrl\":\"https:\/\/portaltela.pt\/s.01k8rhncp4jt1\/2026\/02\/image-1627.jpg\",\"width\":796,\"height\":448,\"caption\":\"Cl\u00e1udio Coimbra cumpre 20 anos de cadeia pelo homic\u00eddio do agente da PSP F\u00e1bio Guerra\"},{\"@type\":\"BreadcrumbList\",\"@id\":\"https:\/\/portaltela.pt\/noticias\/2026\/02\/22\/fuzileiro-da-psp-condenado-a-seis-anos-e-meio-por-pancadaria\/#breadcrumb\",\"itemListElement\":[{\"@type\":\"ListItem\",\"position\":1,\"name\":\"In\u00edcio\",\"item\":\"https:\/\/portaltela.pt\/\"},{\"@type\":\"ListItem\",\"position\":2,\"name\":\"Fuzileiro da PSP condenado a seis anos e meio por pancadaria\"}]},{\"@type\":\"WebSite\",\"@id\":\"https:\/\/portaltela.pt\/#website\",\"url\":\"https:\/\/portaltela.pt\/\",\"name\":\"Portal Tela Portugal\",\"description\":\"\",\"potentialAction\":[{\"@type\":\"SearchAction\",\"target\":{\"@type\":\"EntryPoint\",\"urlTemplate\":\"https:\/\/portaltela.pt\/?s={search_term_string}\"},\"query-input\":{\"@type\":\"PropertyValueSpecification\",\"valueRequired\":true,\"valueName\":\"search_term_string\"}}],\"inLanguage\":\"pt-PT\"},{\"@type\":\"Person\",\"@id\":\"https:\/\/portaltela.pt\/#\/schema\/person\/c4278d4a6028830caff9ee44b42d32ed\",\"name\":\"Telinha\",\"image\":{\"@type\":\"ImageObject\",\"inLanguage\":\"pt-PT\",\"@id\":\"https:\/\/portaltela.pt\/s.01k8rhncp4jt1\/2025\/11\/talking-bot-125x125.png\",\"url\":\"https:\/\/portaltela.pt\/s.01k8rhncp4jt1\/2025\/11\/talking-bot-125x125.png\",\"contentUrl\":\"https:\/\/portaltela.pt\/s.01k8rhncp4jt1\/2025\/11\/talking-bot-125x125.png\",\"caption\":\"Telinha\"},\"sameAs\":[\"https:\/\/portaltela.pt\/\"],\"url\":\"https:\/\/portaltela.pt\/por\/367410592786\/\"}]}<\/script>\n<!-- \/ Yoast SEO plugin. -->","yoast_head_json":{"title":"Fuzileiro da PSP condenado a seis anos e meio por pancadaria - Portal Tela Portugal","robots":{"index":"index","follow":"follow","max-snippet":"max-snippet:-1","max-image-preview":"max-image-preview:large","max-video-preview":"max-video-preview:-1"},"og_locale":"pt_PT","og_type":"article","og_title":"Fuzileiro da PSP condenado a seis anos e meio por pancadaria - Portal Tela Portugal","og_description":"Cl\u00e1udio Coimbra, que j\u00e1 cumpre 20 anos de cadeia pelo homic\u00eddio de F\u00e1bio Guerra, foi condenado pelo Tribunal de Set\u00fabal a seis anos e meio de pris\u00e3o por agress\u00f5es em grupo a dois jovens em Sesimbra, em 2019. Uma das v\u00edtimas ficou inconsciente ap\u00f3s ser pontapeada na cabe\u00e7a e s\u00f3 recuperou os sentidos na ambul\u00e2ncia dos bombeiros. Coimbra foi ainda condenado pela deten\u00e7\u00e3o de arma proibida, por ter em casa muni\u00e7\u00f5es da espingarda militar G3, que admitiu ter levado sem autoriza\u00e7\u00e3o da Base do Alfeite. Foi igualmente condenado por furto simples, por ter levado o telem\u00f3vel e cinco euros de uma das v\u00edtimas.","og_url":"https:\/\/portaltela.pt\/noticias\/2026\/02\/22\/fuzileiro-da-psp-condenado-a-seis-anos-e-meio-por-pancadaria\/","og_site_name":"Portal Tela Portugal","article_published_time":"2026-02-22T12:36:00+00:00","author":"Telinha","twitter_card":"summary_large_image","twitter_misc":{"Escrito por":"Telinha","Tempo estimado de leitura":"1 minuto"},"schema":{"@context":"https:\/\/schema.org","@graph":[{"@type":"Article","@id":"https:\/\/portaltela.pt\/noticias\/2026\/02\/22\/fuzileiro-da-psp-condenado-a-seis-anos-e-meio-por-pancadaria\/#article","isPartOf":{"@id":"https:\/\/portaltela.pt\/noticias\/2026\/02\/22\/fuzileiro-da-psp-condenado-a-seis-anos-e-meio-por-pancadaria\/"},"author":{"name":"Telinha","@id":"https:\/\/portaltela.pt\/#\/schema\/person\/c4278d4a6028830caff9ee44b42d32ed"},"headline":"Fuzileiro da PSP condenado a seis anos e meio por pancadaria","datePublished":"2026-02-22T12:36:00+00:00","mainEntityOfPage":{"@id":"https:\/\/portaltela.pt\/noticias\/2026\/02\/22\/fuzileiro-da-psp-condenado-a-seis-anos-e-meio-por-pancadaria\/"},"wordCount":189,"image":{"@id":"https:\/\/portaltela.pt\/noticias\/2026\/02\/22\/fuzileiro-da-psp-condenado-a-seis-anos-e-meio-por-pancadaria\/#primaryimage"},"thumbnailUrl":"https:\/\/portaltela.pt\/s.01k8rhncp4jt1\/2026\/02\/image-1627.jpg","keywords":["agress\u00f5es","arma proibida","furto","Fuzileiros","PSP","Sesimbra"],"articleSection":["Not\u00edcias"],"inLanguage":"pt-PT"},{"@type":"WebPage","@id":"https:\/\/portaltela.pt\/noticias\/2026\/02\/22\/fuzileiro-da-psp-condenado-a-seis-anos-e-meio-por-pancadaria\/","url":"https:\/\/portaltela.pt\/noticias\/2026\/02\/22\/fuzileiro-da-psp-condenado-a-seis-anos-e-meio-por-pancadaria\/","name":"Fuzileiro da PSP condenado a seis anos e meio por pancadaria - Portal Tela Portugal","isPartOf":{"@id":"https:\/\/portaltela.pt\/#website"},"primaryImageOfPage":{"@id":"https:\/\/portaltela.pt\/noticias\/2026\/02\/22\/fuzileiro-da-psp-condenado-a-seis-anos-e-meio-por-pancadaria\/#primaryimage"},"image":{"@id":"https:\/\/portaltela.pt\/noticias\/2026\/02\/22\/fuzileiro-da-psp-condenado-a-seis-anos-e-meio-por-pancadaria\/#primaryimage"},"thumbnailUrl":"https:\/\/portaltela.pt\/s.01k8rhncp4jt1\/2026\/02\/image-1627.jpg","datePublished":"2026-02-22T12:36:00+00:00","author":{"@id":"https:\/\/portaltela.pt\/#\/schema\/person\/c4278d4a6028830caff9ee44b42d32ed"},"breadcrumb":{"@id":"https:\/\/portaltela.pt\/noticias\/2026\/02\/22\/fuzileiro-da-psp-condenado-a-seis-anos-e-meio-por-pancadaria\/#breadcrumb"},"inLanguage":"pt-PT","potentialAction":[{"@type":"ReadAction","target":["https:\/\/portaltela.pt\/noticias\/2026\/02\/22\/fuzileiro-da-psp-condenado-a-seis-anos-e-meio-por-pancadaria\/"]}]},{"@type":"ImageObject","inLanguage":"pt-PT","@id":"https:\/\/portaltela.pt\/noticias\/2026\/02\/22\/fuzileiro-da-psp-condenado-a-seis-anos-e-meio-por-pancadaria\/#primaryimage","url":"https:\/\/portaltela.pt\/s.01k8rhncp4jt1\/2026\/02\/image-1627.jpg","contentUrl":"https:\/\/portaltela.pt\/s.01k8rhncp4jt1\/2026\/02\/image-1627.jpg","width":796,"height":448,"caption":"Cl\u00e1udio Coimbra cumpre 20 anos de cadeia pelo homic\u00eddio do agente da PSP F\u00e1bio Guerra"},{"@type":"BreadcrumbList","@id":"https:\/\/portaltela.pt\/noticias\/2026\/02\/22\/fuzileiro-da-psp-condenado-a-seis-anos-e-meio-por-pancadaria\/#breadcrumb","itemListElement":[{"@type":"ListItem","position":1,"name":"In\u00edcio","item":"https:\/\/portaltela.pt\/"},{"@type":"ListItem","position":2,"name":"Fuzileiro da PSP condenado a seis anos e meio por pancadaria"}]},{"@type":"WebSite","@id":"https:\/\/portaltela.pt\/#website","url":"https:\/\/portaltela.pt\/","name":"Portal Tela Portugal","description":"","potentialAction":[{"@type":"SearchAction","target":{"@type":"EntryPoint","urlTemplate":"https:\/\/portaltela.pt\/?s={search_term_string}"},"query-input":{"@type":"PropertyValueSpecification","valueRequired":true,"valueName":"search_term_string"}}],"inLanguage":"pt-PT"},{"@type":"Person","@id":"https:\/\/portaltela.pt\/#\/schema\/person\/c4278d4a6028830caff9ee44b42d32ed","name":"Telinha","image":{"@type":"ImageObject","inLanguage":"pt-PT","@id":"https:\/\/portaltela.pt\/s.01k8rhncp4jt1\/2025\/11\/talking-bot-125x125.png","url":"https:\/\/portaltela.pt\/s.01k8rhncp4jt1\/2025\/11\/talking-bot-125x125.png","contentUrl":"https:\/\/portaltela.pt\/s.01k8rhncp4jt1\/2025\/11\/talking-bot-125x125.png","caption":"Telinha"},"sameAs":["https:\/\/portaltela.pt\/"],"url":"https:\/\/portaltela.pt\/por\/367410592786\/"}]}},"_links":{"self":[{"href":"https:\/\/portaltela.pt\/api\/wp\/v2\/posts\/221558","targetHints":{"allow":["GET"]}}],"collection":[{"href":"https:\/\/portaltela.pt\/api\/wp\/v2\/posts"}],"about":[{"href":"https:\/\/portaltela.pt\/api\/wp\/v2\/types\/post"}],"author":[{"embeddable":true,"href":"https:\/\/portaltela.pt\/api\/wp\/v2\/users\/2"}],"replies":[{"embeddable":true,"href":"https:\/\/portaltela.pt\/api\/wp\/v2\/comments?post=221558"}],"version-history":[{"count":0,"href":"https:\/\/portaltela.pt\/api\/wp\/v2\/posts\/221558\/revisions"}],"wp:featuredmedia":[{"embeddable":true,"href":"https:\/\/portaltela.pt\/api\/wp\/v2\/media\/221559"}],"wp:attachment":[{"href":"https:\/\/portaltela.pt\/api\/wp\/v2\/media?parent=221558"}],"wp:term":[{"taxonomy":"category","embeddable":true,"href":"https:\/\/portaltela.pt\/api\/wp\/v2\/categories?post=221558"},{"taxonomy":"post_tag","embeddable":true,"href":"https:\/\/portaltela.pt\/api\/wp\/v2\/tags?post=221558"}],"curies":[{"name":"wp","href":"https:\/\/api.w.org\/{rel}","templated":true}]}}